{"id":9919,"date":"2013-09-11T12:45:50","date_gmt":"2013-09-11T17:45:50","guid":{"rendered":"http:\/\/seecolombia.travel\/blog\/?p=9919"},"modified":"2021-03-16T17:48:38","modified_gmt":"2021-03-16T22:48:38","slug":"el-top-5-de-los-festivales-de-colombia-el-carnaval-de-barranquilla-y-sus-amigos","status":"publish","type":"post","link":"https:\/\/seecolombia.travel\/blog\/2013\/09\/el-top-5-de-los-festivales-de-colombia-el-carnaval-de-barranquilla-y-sus-amigos\/","title":{"rendered":"El Top 5 de los festivales de Colombia: El Carnaval de Barranquilla y sus amigos."},"content":{"rendered":"<p dir=\"ltr\">Bueno no s\u00e9 si saben pero hay <strong>una fiesta muy importante<\/strong> en el pa\u00eds conocida como el <a title=\"The Best Party in Colombia: Barranquilla Carnival\" href=\"http:\/\/seecolombia.travel\/blog\/2012\/02\/the-best-party-in-colombia-barranquilla-carnival\/\" target=\"_blank\" rel=\"noopener\">Carnaval de Barranquilla<\/a>, la cual se lleva a cabo cada a\u00f1o en el mes de Febrero.<\/p>\n<p dir=\"ltr\">Si no la conoc\u00edas, por lo menos ya escuchaste de ella.<\/p>\n<p dir=\"ltr\">Esta es una celebraci\u00f3n masiva en Barranquilla (y por suerte en el resto del pa\u00eds) en la que <strong>uno se desinhibe completamente<\/strong>; y que tambi\u00e9n ha sido catalogada sutilmente como <strong>Obra Maestra del Patrimonio Oral e intangible de la humanidad<\/strong> (La UNESCO tiene una habilidad incre\u00edble para dar con t\u00edtulos atractivos) as\u00ed que aqu\u00ed est\u00e1, en \u00a0nuestro top 5 de las mejores fiestas en Colombia. Espero que ya sepas que a los colombianos les gusta festejar y en grande.<\/p>\n<p>&nbsp;<\/p>\n<figure id=\"attachment_6760\" aria-describedby=\"caption-attachment-6760\" style=\"width: 320px\" class=\"wp-caption aligncenter\"><a href=\"http:\/\/seecolombia.travel\/blog\/2013\/02\/barranquilla-carnival-and-friends-colombias-top-5-festivals\/conchords\/\" rel=\"attachment wp-att-6760\"><img loading=\"lazy\" class=\"size-full wp-image-6760\" src=\"https:\/\/seecolombia.travel\/blog\/wp-content\/uploads\/2013\/02\/conchords.jpg\" alt=\"conchords\" width=\"320\" height=\"180\" srcset=\"https:\/\/seecolombia.travel\/blog\/wp-content\/uploads\/2013\/02\/conchords.jpg 320w, https:\/\/seecolombia.travel\/blog\/wp-content\/uploads\/2013\/02\/conchords-300x169.jpg 300w\" sizes=\"(max-width: 320px) 100vw, 320px\" \/><\/a><figcaption id=\"caption-attachment-6760\" class=\"wp-caption-text\">Incluso m\u00e1s que ellos<\/figcaption><\/figure>\n<h1><\/h1>\n<h2>1. \u00a0\u00a0\u00a0(Por supuesto) Carnaval de Barranquilla<\/h2>\n<h2><\/h2>\n<figure id=\"attachment_4604\" aria-describedby=\"caption-attachment-4604\" style=\"width: 250px\" class=\"wp-caption aligncenter\"><a href=\"http:\/\/seecolombia.travel\/blog\/2012\/08\/colombias-caribbean-coast-in-photos-from-cartagena-to-la-guajira\/barranquillamakeup\/\" rel=\"attachment wp-att-4604\"><img loading=\"lazy\" class=\" wp-image-4604 \" src=\"https:\/\/seecolombia.travel\/blog\/wp-content\/uploads\/2012\/08\/Barranquillamakeup-225x300.jpg\" alt=\"Carnival time in Barranquilla!\" width=\"250\" height=\"325\" \/><\/a><figcaption id=\"caption-attachment-4604\" class=\"wp-caption-text\">Chicos, \u00a1al\u00edstense para el Carnaval! \u00a1Boom!<\/figcaption><\/figure>\n<p dir=\"ltr\">Ok esto es algo muy serio. Tanto, que algunos dicen que es <strong>el segundo carnaval m\u00e1s grande en el mundo<\/strong>, otros que es el m\u00e1s colorido.<\/p>\n<p dir=\"ltr\">Todo lo que sabemos es que en Barranquilla hace un calor abrasador, las personas son trabajadoras, del tipo de una ciudad industrial durante casi todo el a\u00f1o. Pero, por alguna raz\u00f3n misteriosa, m\u00edtica e hist\u00f3rica, de repente, en esa \u00e9poca del a\u00f1o, <strong>sus colores y verdadera esencia salen a la luz.<\/strong><\/p>\n<p>&nbsp;<\/p>\n<figure id=\"attachment_6762\" aria-describedby=\"caption-attachment-6762\" style=\"width: 325px\" class=\"wp-caption aligncenter\"><a href=\"http:\/\/seecolombia.travel\/blog\/2013\/02\/barranquilla-carnival-and-friends-colombias-top-5-festivals\/cynditears\/\" rel=\"attachment wp-att-6762\"><img loading=\"lazy\" class=\" wp-image-6762 \" src=\"https:\/\/seecolombia.travel\/blog\/wp-content\/uploads\/2013\/02\/cynditears-300x225.jpg\" alt=\"cynditears\" width=\"325\" height=\"250\" \/><\/a><figcaption id=\"caption-attachment-6762\" class=\"wp-caption-text\">Cyndi, contemplando la belleza de Barranquilla, despu\u00e9s de una botella de ron.<\/figcaption><\/figure>\n<p dir=\"ltr\">Y se pasa un tiempo animad\u00edsimo. Por si no lo has planeado ya hacia la <strong>primera semana de Febrero<\/strong>, nos parece que se te puede estar acabando el tiempo. El entusiasmo en Barranquilla crece ininterrumpidamente por semanas antes de que el gran evento comience. El fin de semana se realiza una gran variedad de festividades como el sonido magn\u00edfico de la Batalla de las Flores, el gran desfile con comparsas y todo concluye con la triste parodia <strong>del entierro f\u00fanebre del esp\u00edritu de la resaca del carnaval entero, Joselito Carvajal<\/strong>. \u00bfAcaso dijimos guayabo (resaca)? Te lo advertimos: a lo largo de todo el baile, los trajes espectaculares y desfiles, habr\u00e1 ron. Mucho. Ron.<\/p>\n<p dir=\"ltr\">Barranquilla es la fiesta de <strong>Colombia, un pa\u00eds que no oculta su amor por las fiestas<\/strong>. Si no llegas pronto, no habr\u00e1 mucho tiempo. \u00a1Corre!<\/p>\n<p>&nbsp;<\/p>\n<p>&nbsp;<\/p>\n<figure id=\"attachment_6764\" aria-describedby=\"caption-attachment-6764\" style=\"width: 250px\" class=\"wp-caption aligncenter\"><a href=\"http:\/\/seecolombia.travel\/blog\/2013\/02\/barranquilla-carnival-and-friends-colombias-top-5-festivals\/running_man_a\/\" rel=\"attachment wp-att-6764\"><img loading=\"lazy\" class=\"size-full wp-image-6764\" src=\"https:\/\/seecolombia.travel\/blog\/wp-content\/uploads\/2013\/02\/running_man_a.jpg\" alt=\"running_man_a\" width=\"250\" height=\"190\" \/><\/a><figcaption id=\"caption-attachment-6764\" class=\"wp-caption-text\">\u00a1R\u00e1pido! A Barranquilla. \u00a1Yaaa!<\/figcaption><\/figure>\n<h1><\/h1>\n<h2>2. \u00a0\u00a0\u00a0El Carnaval de negros y blancos en Pasto<\/h2>\n<p>&nbsp;<\/p>\n<figure id=\"attachment_6095\" aria-describedby=\"caption-attachment-6095\" style=\"width: 568px\" class=\"wp-caption alignnone\"><a href=\"http:\/\/seecolombia.travel\/blog\/2013\/01\/paul-g-in-pasto-the-black-and-white-carnivals-war-of-powder-paint-and-foam\/bad-arse-devil-float\/\" rel=\"attachment wp-att-6095\"><img loading=\"lazy\" class=\" wp-image-6095 \" src=\"https:\/\/seecolombia.travel\/blog\/wp-content\/uploads\/2013\/01\/bad-arse-devil-float.jpg\" alt=\"pasto devil float\" width=\"568\" height=\"425\" srcset=\"https:\/\/seecolombia.travel\/blog\/wp-content\/uploads\/2013\/01\/bad-arse-devil-float.jpg 3648w, https:\/\/seecolombia.travel\/blog\/wp-content\/uploads\/2013\/01\/bad-arse-devil-float-300x225.jpg 300w, https:\/\/seecolombia.travel\/blog\/wp-content\/uploads\/2013\/01\/bad-arse-devil-float-1024x768.jpg 1024w\" sizes=\"(max-width: 568px) 100vw, 568px\" \/><\/a><figcaption id=\"caption-attachment-6095\" class=\"wp-caption-text\">\u00bfPasto? \u00bfQu\u00e9 demonios?<\/figcaption><\/figure>\n<p dir=\"ltr\">En segundo lugar, para seguir con las festividades de locura, as\u00ed como <strong>la notable transformaci\u00f3n temporal de una ciudad<\/strong>, tenemos a Pasto con el Carnaval de negros y blancos. Como el Carnaval de Barranquilla, Pasto ha sido catalogado como Obra Maestra del Patrimonio Oral e intangible de la humanidad y ambos son reconocidos por una buena raz\u00f3n. Ambos carnavales son incre\u00edblemente ricos en historia, con tesoros culturales y representantes de una fusi\u00f3n encantadora de las culturas, principalmente de <strong>las tradiciones ind\u00edgenas, africanas e hispanas<\/strong>. Habiendo dicho eso, ambos carnavales manifiestan esta fusi\u00f3n en formas sorprendentemente diferentes.<\/p>\n<p>Ambas son festividades enormes, pero Pasto tambi\u00e9n se convierte en <a title=\"Paul G in Pasto. The Black and White Carnival\u2019s war of powder, paint and foam.\" href=\"http:\/\/seecolombia.travel\/blog\/2013\/01\/paul-g-in-pasto-the-black-and-white-carnivals-war-of-powder-paint-and-foam\/\" target=\"_blank\" rel=\"noopener\">una guerra de talcos sin cuartel<\/a>, pintura y espuma. Deja tu mejor ropa en casa porque las cosas se ponen bastante \u201cdesordenadas\u201d. Sin embargo, <strong>es en el nombre de la buena diversi\u00f3n<\/strong>. Al comienzo del a\u00f1o, esta excesiva muestra de la cultura tradicional y contempor\u00e1nea transforma esta ciudad ligeramente so\u00f1olienta, siempre \u00fanica ciudad sure\u00f1a en una m\u00e1quina de fiesta con todos los juguetes.<\/p>\n<p>&nbsp;<\/p>\n<h1><\/h1>\n<h2>3. \u00a0\u00a0\u00a0El Festival de las Flores en Medell\u00edn<\/h2>\n<h2><\/h2>\n<figure id=\"attachment_1144\" aria-describedby=\"caption-attachment-1144\" style=\"width: 461px\" class=\"wp-caption aligncenter\"><a href=\"http:\/\/seecolombia.travel\/blog\/2011\/08\/feria-de-las-flores-2011-a-photo-essay\/tumblr_lptmeufsdm1ql60eyo1_1280\/\" rel=\"attachment wp-att-1144\"><img loading=\"lazy\" class=\"wp-image-1144 \" src=\"https:\/\/seecolombia.travel\/blog\/wp-content\/uploads\/2011\/08\/tumblr_lptmeufsdm1ql60eyo1_1280.jpg\" alt=\"Silleteros Medell\u00edn Fer\u00eda de Las Flores\" width=\"461\" height=\"307\" srcset=\"https:\/\/seecolombia.travel\/blog\/wp-content\/uploads\/2011\/08\/tumblr_lptmeufsdm1ql60eyo1_1280.jpg 1280w, https:\/\/seecolombia.travel\/blog\/wp-content\/uploads\/2011\/08\/tumblr_lptmeufsdm1ql60eyo1_1280-300x199.jpg 300w, https:\/\/seecolombia.travel\/blog\/wp-content\/uploads\/2011\/08\/tumblr_lptmeufsdm1ql60eyo1_1280-1024x682.jpg 1024w\" sizes=\"(max-width: 461px) 100vw, 461px\" \/><\/a><figcaption id=\"caption-attachment-1144\" class=\"wp-caption-text\">Medell\u00edn se pone manos a la obra con las flores.<\/figcaption><\/figure>\n<p dir=\"ltr\">OK, entonces, \u00bfflores? \u00bfEn serio? Esos es un poco\u2026um\u2026floral, no es as\u00ed? No suena mucho como a una fiesta, ?cierto?.<\/p>\n<p dir=\"ltr\">Bueno olvidaron algo. Se trata de <a title=\"The Incredible City of Medell\u00edn, more than just friendly people (plus, vote Medell\u00edn for City of the Year!)\" href=\"http:\/\/seecolombia.travel\/blog\/2012\/10\/medellin-innovation-and-connection\/\" target=\"_blank\" rel=\"noopener\">Medell\u00edn<\/a>. As\u00ed que por supuesto hay un mont\u00f3n de <strong>flores bonitas y carrozas impresionantes<\/strong> lo cual es todo muy agradable y encantador, pero tambi\u00e9n es una gran excusa para ir de fiesta \u2013 al estilo paisa. \u00bfCrees que la ciudad de la eterna primavera es hermosa y acogedora en el curso habitual del a\u00f1o? \u00a0Solo espera hasta las <strong>primeras semanas de Agosto<\/strong> para verla en su mejor atractivo y colorido.<\/p>\n<h1><\/h1>\n<h2>4. \u00a0\u00a0\u00a0Feria de Cali<\/h2>\n<p>&nbsp;<\/p>\n<figure id=\"attachment_3137\" aria-describedby=\"caption-attachment-3137\" style=\"width: 560px\" class=\"wp-caption aligncenter\"><a href=\"http:\/\/seecolombia.travel\/blog\/2012\/03\/10-useful-tips-for-your-colombia-vacation\/salsacali\/\" rel=\"attachment wp-att-3137\"><img loading=\"lazy\" class=\" wp-image-3137 \" src=\"https:\/\/seecolombia.travel\/blog\/wp-content\/uploads\/2012\/03\/SalsaCali-e1343409627860.jpg\" alt=\"Salsa,Cali\" width=\"560\" height=\"400\" \/><\/a><figcaption id=\"caption-attachment-3137\" class=\"wp-caption-text\">Sacud\u00e9lo, Cali<\/figcaption><\/figure>\n<p dir=\"ltr\"><a title=\"FROM THE ARCHIVES: Cali \u2013 Colombia\u2019s Sizzling Salsa Capital\" href=\"http:\/\/seecolombia.travel\/blog\/2011\/11\/from-the-archives-cali-colombias-sizzling-salsa-capital\/\">Cali es la capital de la Salsa en el mundo<\/a>.\u00a0Vamos a meditarlo un rato\u2026.<\/p>\n<p dir=\"ltr\">Bien eso deber\u00eda ser suficiente.<\/p>\n<p>Si tienes alg\u00fan amor por la m\u00fasica latina y el baile, probablemente ser\u00eda un descuido de tu parte no ir a Cali a pasar Navidad y A\u00f1o Nuevo, por lo menos una vez en tu vida. Porque es ah\u00ed cuando Cali \u2013 que le gusta aventurarse en la salsa \u201cun poco\u201d \u2013 estalla en una explosi\u00f3n de tambores, cornetas y caderas que se agitan. <strong>En ning\u00fan lugar se festeja como en Cali, <\/strong>y se celebra en grande durante toda la feria.<\/p>\n<p><strong>\u00a0<\/strong><\/p>\n<figure id=\"attachment_6769\" aria-describedby=\"caption-attachment-6769\" style=\"width: 432px\" class=\"wp-caption aligncenter\"><a href=\"http:\/\/seecolombia.travel\/blog\/2013\/02\/barranquilla-carnival-and-friends-colombias-top-5-festivals\/salsa-chips\/\" rel=\"attachment wp-att-6769\"><img loading=\"lazy\" class=\" wp-image-6769 \" src=\"https:\/\/seecolombia.travel\/blog\/wp-content\/uploads\/2013\/02\/salsa-chips.jpg\" alt=\"salsa chips\" width=\"432\" height=\"287\" srcset=\"https:\/\/seecolombia.travel\/blog\/wp-content\/uploads\/2013\/02\/salsa-chips.jpg 540w, https:\/\/seecolombia.travel\/blog\/wp-content\/uploads\/2013\/02\/salsa-chips-300x199.jpg 300w\" sizes=\"(max-width: 432px) 100vw, 432px\" \/><\/a><figcaption id=\"caption-attachment-6769\" class=\"wp-caption-text\">Solo amo la \u201csalsa\u201d<\/figcaption><\/figure>\n<h1><\/h1>\n<h2>5. \u00a0\u00a0\u00a0Festival de Teatro Iberoamericano en Bogot\u00e1<\/h2>\n<p>&nbsp;<\/p>\n<figure id=\"attachment_2316\" aria-describedby=\"caption-attachment-2316\" style=\"width: 244px\" class=\"wp-caption aligncenter\"><a href=\"http:\/\/seecolombia.travel\/blog\/2012\/01\/5-upcoming-events-in-colombia-in-2012-you-shouldnt-miss-start-getting-excited\/hecuba-1\/\" rel=\"attachment wp-att-2316\"><img loading=\"lazy\" class=\" wp-image-2316 \" src=\"https:\/\/seecolombia.travel\/blog\/wp-content\/uploads\/2012\/01\/hecuba-1.jpg\" alt=\"Action from the Theatre Festival in Bogota (Photo courtesy of www.off2colombia)\" width=\"244\" height=\"423\" \/><\/a><figcaption id=\"caption-attachment-2316\" class=\"wp-caption-text\">Chicos\u2026la ducha se da\u00f1o. \u00a1Otra vez!.<br \/>(Photo courtesy of www.off2colombia)<\/figcaption><\/figure>\n<p dir=\"ltr\">Cada dos a\u00f1os, todo el mundo de habla hispana (y los otros tambi\u00e9n) viene a la capital del pa\u00eds para dar rienda suelta a <strong>una verdadera tempestad de todo lo que tiene que ver con artes esc\u00e9nicas<\/strong> \u2013 incluyendo teatro, danza, actos circenses, arte en vivo, pantomima y marionetas. Es el mayor festival de teatro en el mundo y a mitad del mes de Marzo (el proximo es en 2014) \u00a0<strong>el teatro se apodera de la ciudad entera<\/strong>. Ven y qu\u00e9date en medio de esta fiesta.<\/p>\n<p dir=\"ltr\">Bien, as\u00ed que este es el top 5.<strong> Pero solo son cinco. Colombia tiene literalmente cientos de festivales<\/strong> que se extienden durante todo el a\u00f1o y todo el territorio. \u00bfQu\u00e9 podemos decir? Colombia busca cualquier excusa para celebrar. Pensamos que deber\u00edas venir y \u00a0encontrar algunas excusas por tu cuenta.<\/p>\n<p>&nbsp;<\/p>\n<p dir=\"ltr\"><strong>Escrito por: Paul Giles<\/strong><\/p>\n<p><strong>Traducido por: Carolina Parra<\/strong><\/p>\n<p>&nbsp;<\/p>\n","protected":false},"excerpt":{"rendered":"<p>Bueno no s\u00e9 si saben pero hay una fiesta muy importante en el pa\u00eds conocida como el Carnaval de Barranquilla, la cual se lleva a cabo cada a\u00f1o en el mes de Febrero. Si no la conoc\u00edas, por lo menos ya escuchaste de ella. Esta es una celebraci\u00f3n masiva en Barranquilla (y por suerte en [&hellip;]<\/p>\n","protected":false},"author":88892,"featured_media":23532,"comment_status":"open","ping_status":"open","sticky":false,"template":"","format":"standard","meta":{"ngg_post_thumbnail":0},"categories":[1423,1422,111,35,102,3,115,626,97,92,623,865,12,73,1346,1786,1519,1521,1579,1],"tags":[2973,58,142,1605,2990],"yoast_head":"<!-- This site is optimized with the Yoast SEO Premium plugin v18.4 (Yoast SEO v18.9) - https:\/\/yoast.com\/wordpress\/plugins\/seo\/ -->\n<title>El Top 5 de los festivales de Colombia: El Carnaval de Barranquilla y sus amigos. - Colombia Travel Blog by See Colombia Travel<\/title>\n<meta name=\"robots\" content=\"index, follow, max-snippet:-1, max-image-preview:large, max-video-preview:-1\" \/>\n<link rel=\"canonical\" href=\"https:\/\/seecolombia.travel\/blog\/2013\/09\/el-top-5-de-los-festivales-de-colombia-el-carnaval-de-barranquilla-y-sus-amigos\/\" \/>\n<meta property=\"og:locale\" content=\"en_US\" \/>\n<meta property=\"og:type\" content=\"article\" \/>\n<meta property=\"og:title\" content=\"El Top 5 de los festivales de Colombia: El Carnaval de Barranquilla y sus amigos.\" \/>\n<meta property=\"og:description\" content=\"Bueno no s\u00e9 si saben pero hay una fiesta muy importante en el pa\u00eds conocida como el Carnaval de Barranquilla, la cual se lleva a cabo cada a\u00f1o en el mes de Febrero. Si no la conoc\u00edas, por lo menos ya escuchaste de ella. Esta es una celebraci\u00f3n masiva en Barranquilla (y por suerte en [&hellip;]\" \/>\n<meta property=\"og:url\" content=\"https:\/\/seecolombia.travel\/blog\/2013\/09\/el-top-5-de-los-festivales-de-colombia-el-carnaval-de-barranquilla-y-sus-amigos\/\" \/>\n<meta property=\"og:site_name\" content=\"Colombia Travel Blog by See Colombia Travel\" \/>\n<meta property=\"article:published_time\" content=\"2013-09-11T17:45:50+00:00\" \/>\n<meta property=\"article:modified_time\" content=\"2021-03-16T22:48:38+00:00\" \/>\n<meta property=\"og:image\" content=\"https:\/\/seecolombia.travel\/blog\/wp-content\/uploads\/2013\/09\/carnival-of-barranquilla-blue-girl1.jpg\" \/>\n\t<meta property=\"og:image:width\" content=\"800\" \/>\n\t<meta property=\"og:image:height\" content=\"685\" \/>\n\t<meta property=\"og:image:type\" content=\"image\/jpeg\" \/>\n<meta name=\"twitter:card\" content=\"summary\" \/>\n<meta name=\"twitter:label1\" content=\"Written by\" \/>\n\t<meta name=\"twitter:data1\" content=\"Carolina Parra\" \/>\n\t<meta name=\"twitter:label2\" content=\"Est. reading time\" \/>\n\t<meta name=\"twitter:data2\" content=\"5 minutes\" \/>\n<script type=\"application\/ld+json\" class=\"yoast-schema-graph\">{\"@context\":\"https:\/\/schema.org\",\"@graph\":[{\"@type\":\"WebSite\",\"@id\":\"https:\/\/seecolombia.travel\/blog\/#website\",\"url\":\"https:\/\/seecolombia.travel\/blog\/\",\"name\":\"Colombia Travel Blog by See Colombia Travel\",\"description\":\"Colombia Travel Blog: An international perspective on travelling in Colombia by world travellers.\",\"potentialAction\":[{\"@type\":\"SearchAction\",\"target\":{\"@type\":\"EntryPoint\",\"urlTemplate\":\"https:\/\/seecolombia.travel\/blog\/?s={search_term_string}\"},\"query-input\":\"required name=search_term_string\"}],\"inLanguage\":\"en-US\"},{\"@type\":\"ImageObject\",\"inLanguage\":\"en-US\",\"@id\":\"https:\/\/seecolombia.travel\/blog\/2013\/09\/el-top-5-de-los-festivales-de-colombia-el-carnaval-de-barranquilla-y-sus-amigos\/#primaryimage\",\"url\":\"https:\/\/seecolombia.travel\/blog\/wp-content\/uploads\/2013\/09\/carnival-of-barranquilla-blue-girl1.jpg\",\"contentUrl\":\"https:\/\/seecolombia.travel\/blog\/wp-content\/uploads\/2013\/09\/carnival-of-barranquilla-blue-girl1.jpg\",\"width\":800,\"height\":685,\"caption\":\"carnival-of-barranquilla-blue-girl1\"},{\"@type\":\"WebPage\",\"@id\":\"https:\/\/seecolombia.travel\/blog\/2013\/09\/el-top-5-de-los-festivales-de-colombia-el-carnaval-de-barranquilla-y-sus-amigos\/#webpage\",\"url\":\"https:\/\/seecolombia.travel\/blog\/2013\/09\/el-top-5-de-los-festivales-de-colombia-el-carnaval-de-barranquilla-y-sus-amigos\/\",\"name\":\"El Top 5 de los festivales de Colombia: El Carnaval de Barranquilla y sus amigos. - Colombia Travel Blog by See Colombia Travel\",\"isPartOf\":{\"@id\":\"https:\/\/seecolombia.travel\/blog\/#website\"},\"primaryImageOfPage\":{\"@id\":\"https:\/\/seecolombia.travel\/blog\/2013\/09\/el-top-5-de-los-festivales-de-colombia-el-carnaval-de-barranquilla-y-sus-amigos\/#primaryimage\"},\"datePublished\":\"2013-09-11T17:45:50+00:00\",\"dateModified\":\"2021-03-16T22:48:38+00:00\",\"author\":{\"@id\":\"https:\/\/seecolombia.travel\/blog\/#\/schema\/person\/1a8dfc8e32bef464a17d083ff793fab8\"},\"breadcrumb\":{\"@id\":\"https:\/\/seecolombia.travel\/blog\/2013\/09\/el-top-5-de-los-festivales-de-colombia-el-carnaval-de-barranquilla-y-sus-amigos\/#breadcrumb\"},\"inLanguage\":\"en-US\",\"potentialAction\":[{\"@type\":\"ReadAction\",\"target\":[\"https:\/\/seecolombia.travel\/blog\/2013\/09\/el-top-5-de-los-festivales-de-colombia-el-carnaval-de-barranquilla-y-sus-amigos\/\"]}]},{\"@type\":\"BreadcrumbList\",\"@id\":\"https:\/\/seecolombia.travel\/blog\/2013\/09\/el-top-5-de-los-festivales-de-colombia-el-carnaval-de-barranquilla-y-sus-amigos\/#breadcrumb\",\"itemListElement\":[{\"@type\":\"ListItem\",\"position\":1,\"name\":\"Home\",\"item\":\"https:\/\/seecolombia.travel\/blog\/\"},{\"@type\":\"ListItem\",\"position\":2,\"name\":\"El Top 5 de los festivales de Colombia: El Carnaval de Barranquilla y sus amigos.\"}]},{\"@type\":\"Person\",\"@id\":\"https:\/\/seecolombia.travel\/blog\/#\/schema\/person\/1a8dfc8e32bef464a17d083ff793fab8\",\"name\":\"Carolina Parra\",\"image\":{\"@type\":\"ImageObject\",\"inLanguage\":\"en-US\",\"@id\":\"https:\/\/seecolombia.travel\/blog\/#\/schema\/person\/image\/\",\"url\":\"https:\/\/secure.gravatar.com\/avatar\/c9e6563d7aebe647ff6f6ec529984132?s=96&d=retro&r=g\",\"contentUrl\":\"https:\/\/secure.gravatar.com\/avatar\/c9e6563d7aebe647ff6f6ec529984132?s=96&d=retro&r=g\",\"caption\":\"Carolina Parra\"},\"description\":\"Hola! Soy una rolita apasionada por mostrar los lugares mas ch\u00e9veres que puede ofrecer mi pa\u00eds al resto del mundo . Me divierto escuchando las historias contadas por extranjeros y de hecho he disfrutado traducir los posts m\u00e1s populares, siempre busco mantener la chispa y el estilo de cada autor. Creo que puedes llevar mucho tiempo viviendo en un lugar y no conocerlo por eso he decidido emprender un viaje por el pa\u00eds el cual estar\u00e9 compartiendo con ustedes.\",\"url\":\"https:\/\/seecolombia.travel\/blog\/author\/carolina\/\"}]}<\/script>\n<!-- \/ Yoast SEO Premium plugin. -->","yoast_head_json":{"title":"El Top 5 de los festivales de Colombia: El Carnaval de Barranquilla y sus amigos. - Colombia Travel Blog by See Colombia Travel","robots":{"index":"index","follow":"follow","max-snippet":"max-snippet:-1","max-image-preview":"max-image-preview:large","max-video-preview":"max-video-preview:-1"},"canonical":"https:\/\/seecolombia.travel\/blog\/2013\/09\/el-top-5-de-los-festivales-de-colombia-el-carnaval-de-barranquilla-y-sus-amigos\/","og_locale":"en_US","og_type":"article","og_title":"El Top 5 de los festivales de Colombia: El Carnaval de Barranquilla y sus amigos.","og_description":"Bueno no s\u00e9 si saben pero hay una fiesta muy importante en el pa\u00eds conocida como el Carnaval de Barranquilla, la cual se lleva a cabo cada a\u00f1o en el mes de Febrero. Si no la conoc\u00edas, por lo menos ya escuchaste de ella. Esta es una celebraci\u00f3n masiva en Barranquilla (y por suerte en [&hellip;]","og_url":"https:\/\/seecolombia.travel\/blog\/2013\/09\/el-top-5-de-los-festivales-de-colombia-el-carnaval-de-barranquilla-y-sus-amigos\/","og_site_name":"Colombia Travel Blog by See Colombia Travel","article_published_time":"2013-09-11T17:45:50+00:00","article_modified_time":"2021-03-16T22:48:38+00:00","og_image":[{"width":800,"height":685,"url":"https:\/\/seecolombia.travel\/blog\/wp-content\/uploads\/2013\/09\/carnival-of-barranquilla-blue-girl1.jpg","type":"image\/jpeg"}],"twitter_card":"summary","twitter_misc":{"Written by":"Carolina Parra","Est. reading time":"5 minutes"},"schema":{"@context":"https:\/\/schema.org","@graph":[{"@type":"WebSite","@id":"https:\/\/seecolombia.travel\/blog\/#website","url":"https:\/\/seecolombia.travel\/blog\/","name":"Colombia Travel Blog by See Colombia Travel","description":"Colombia Travel Blog: An international perspective on travelling in Colombia by world travellers.","potentialAction":[{"@type":"SearchAction","target":{"@type":"EntryPoint","urlTemplate":"https:\/\/seecolombia.travel\/blog\/?s={search_term_string}"},"query-input":"required name=search_term_string"}],"inLanguage":"en-US"},{"@type":"ImageObject","inLanguage":"en-US","@id":"https:\/\/seecolombia.travel\/blog\/2013\/09\/el-top-5-de-los-festivales-de-colombia-el-carnaval-de-barranquilla-y-sus-amigos\/#primaryimage","url":"https:\/\/seecolombia.travel\/blog\/wp-content\/uploads\/2013\/09\/carnival-of-barranquilla-blue-girl1.jpg","contentUrl":"https:\/\/seecolombia.travel\/blog\/wp-content\/uploads\/2013\/09\/carnival-of-barranquilla-blue-girl1.jpg","width":800,"height":685,"caption":"carnival-of-barranquilla-blue-girl1"},{"@type":"WebPage","@id":"https:\/\/seecolombia.travel\/blog\/2013\/09\/el-top-5-de-los-festivales-de-colombia-el-carnaval-de-barranquilla-y-sus-amigos\/#webpage","url":"https:\/\/seecolombia.travel\/blog\/2013\/09\/el-top-5-de-los-festivales-de-colombia-el-carnaval-de-barranquilla-y-sus-amigos\/","name":"El Top 5 de los festivales de Colombia: El Carnaval de Barranquilla y sus amigos. - Colombia Travel Blog by See Colombia Travel","isPartOf":{"@id":"https:\/\/seecolombia.travel\/blog\/#website"},"primaryImageOfPage":{"@id":"https:\/\/seecolombia.travel\/blog\/2013\/09\/el-top-5-de-los-festivales-de-colombia-el-carnaval-de-barranquilla-y-sus-amigos\/#primaryimage"},"datePublished":"2013-09-11T17:45:50+00:00","dateModified":"2021-03-16T22:48:38+00:00","author":{"@id":"https:\/\/seecolombia.travel\/blog\/#\/schema\/person\/1a8dfc8e32bef464a17d083ff793fab8"},"breadcrumb":{"@id":"https:\/\/seecolombia.travel\/blog\/2013\/09\/el-top-5-de-los-festivales-de-colombia-el-carnaval-de-barranquilla-y-sus-amigos\/#breadcrumb"},"inLanguage":"en-US","potentialAction":[{"@type":"ReadAction","target":["https:\/\/seecolombia.travel\/blog\/2013\/09\/el-top-5-de-los-festivales-de-colombia-el-carnaval-de-barranquilla-y-sus-amigos\/"]}]},{"@type":"BreadcrumbList","@id":"https:\/\/seecolombia.travel\/blog\/2013\/09\/el-top-5-de-los-festivales-de-colombia-el-carnaval-de-barranquilla-y-sus-amigos\/#breadcrumb","itemListElement":[{"@type":"ListItem","position":1,"name":"Home","item":"https:\/\/seecolombia.travel\/blog\/"},{"@type":"ListItem","position":2,"name":"El Top 5 de los festivales de Colombia: El Carnaval de Barranquilla y sus amigos."}]},{"@type":"Person","@id":"https:\/\/seecolombia.travel\/blog\/#\/schema\/person\/1a8dfc8e32bef464a17d083ff793fab8","name":"Carolina Parra","image":{"@type":"ImageObject","inLanguage":"en-US","@id":"https:\/\/seecolombia.travel\/blog\/#\/schema\/person\/image\/","url":"https:\/\/secure.gravatar.com\/avatar\/c9e6563d7aebe647ff6f6ec529984132?s=96&d=retro&r=g","contentUrl":"https:\/\/secure.gravatar.com\/avatar\/c9e6563d7aebe647ff6f6ec529984132?s=96&d=retro&r=g","caption":"Carolina Parra"},"description":"Hola! Soy una rolita apasionada por mostrar los lugares mas ch\u00e9veres que puede ofrecer mi pa\u00eds al resto del mundo . Me divierto escuchando las historias contadas por extranjeros y de hecho he disfrutado traducir los posts m\u00e1s populares, siempre busco mantener la chispa y el estilo de cada autor. Creo que puedes llevar mucho tiempo viviendo en un lugar y no conocerlo por eso he decidido emprender un viaje por el pa\u00eds el cual estar\u00e9 compartiendo con ustedes.","url":"https:\/\/seecolombia.travel\/blog\/author\/carolina\/"}]}},"amp_enabled":true,"_links":{"self":[{"href":"https:\/\/seecolombia.travel\/blog\/wp-json\/wp\/v2\/posts\/9919"}],"collection":[{"href":"https:\/\/seecolombia.travel\/blog\/wp-json\/wp\/v2\/posts"}],"about":[{"href":"https:\/\/seecolombia.travel\/blog\/wp-json\/wp\/v2\/types\/post"}],"author":[{"embeddable":true,"href":"https:\/\/seecolombia.travel\/blog\/wp-json\/wp\/v2\/users\/88892"}],"replies":[{"embeddable":true,"href":"https:\/\/seecolombia.travel\/blog\/wp-json\/wp\/v2\/comments?post=9919"}],"version-history":[{"count":20,"href":"https:\/\/seecolombia.travel\/blog\/wp-json\/wp\/v2\/posts\/9919\/revisions"}],"predecessor-version":[{"id":26380,"href":"https:\/\/seecolombia.travel\/blog\/wp-json\/wp\/v2\/posts\/9919\/revisions\/26380"}],"wp:featuredmedia":[{"embeddable":true,"href":"https:\/\/seecolombia.travel\/blog\/wp-json\/wp\/v2\/media\/23532"}],"wp:attachment":[{"href":"https:\/\/seecolombia.travel\/blog\/wp-json\/wp\/v2\/media?parent=9919"}],"wp:term":[{"taxonomy":"category","embeddable":true,"href":"https:\/\/seecolombia.travel\/blog\/wp-json\/wp\/v2\/categories?post=9919"},{"taxonomy":"post_tag","embeddable":true,"href":"https:\/\/seecolombia.travel\/blog\/wp-json\/wp\/v2\/tags?post=9919"}],"curies":[{"name":"wp","href":"https:\/\/api.w.org\/{rel}","templated":true}]}}