{"id":9797,"date":"2013-09-04T16:03:11","date_gmt":"2013-09-04T21:03:11","guid":{"rendered":"http:\/\/seecolombia.travel\/blog\/?p=9797"},"modified":"2016-05-12T14:38:27","modified_gmt":"2016-05-12T19:38:27","slug":"mejores-blogs-de-viajes-de-colombia","status":"publish","type":"post","link":"https:\/\/seecolombia.travel\/blog\/2013\/09\/mejores-blogs-de-viajes-de-colombia\/","title":{"rendered":"Terra, Colombia de Una y See Colombia Travel unidos para llevar nuestro mensaje a muchos m\u00e1s lectores."},"content":{"rendered":"<p><center><iframe loading=\"lazy\" src=\"http:\/\/sdp.terra.com\/preplayer\/default.aspx?profile=iframe&amp;country=co&amp;contentid=494240\" width=\"660\" height=\"373\" frameborder=\"0\"><\/iframe><\/center>&nbsp;<\/p>\n<p>Cuando en 2009 Marcela empez\u00f3 la primera versi\u00f3n de este blog\u00a0 su objetivo era \u00a0simplemente empezar a <strong>escribir sobre la cara positiva de Colombia<\/strong> ya que despu\u00e9s de a\u00f1os de ser gu\u00eda por toda Sudam\u00e9rica no aguantaba m\u00e1s que en todos los tours de la agencia inglesa para la que trabajaba (y en casi todas las dem\u00e1s)\u00a0<strong>su pa\u00eds natal fuera saltado de todos los itinerarios<\/strong> y que lo \u00fanico que se escuchara de su querida Colombia fueran cosas negativas.<\/p>\n<figure id=\"attachment_3778\" aria-describedby=\"caption-attachment-3778\" style=\"width: 371px\" class=\"wp-caption alignleft\"><a href=\"http:\/\/seecolombia.travel\/blog\/2012\/05\/contra-la-corriente-como-mi-regreso-a-colombia-cambio-mi-vida-por-completo-o-una-historia-de-amor-por-colombia\/portada-original-del-marcela-colombia-travel-blog\/\" rel=\"attachment wp-att-3778\"><img loading=\"lazy\" class=\"size-full wp-image-3778\" src=\"http:\/\/seecolombia.travel\/blog\/wp-content\/uploads\/2012\/05\/Portada-Original-del-Marcela-Colombia-Travel-Blog.jpg\" alt=\"La portada de la primera version de mi Blog\" width=\"371\" height=\"252\" srcset=\"https:\/\/seecolombia.travel\/blog\/wp-content\/uploads\/2012\/05\/Portada-Original-del-Marcela-Colombia-Travel-Blog.jpg 371w, https:\/\/seecolombia.travel\/blog\/wp-content\/uploads\/2012\/05\/Portada-Original-del-Marcela-Colombia-Travel-Blog-300x203.jpg 300w\" sizes=\"(max-width: 371px) 100vw, 371px\" \/><\/a><figcaption id=\"caption-attachment-3778\" class=\"wp-caption-text\">La portada de la primera version del blog<\/figcaption><\/figure>\n<p>En corto tiempo \u00a0con mucha dedicaci\u00f3n y pasi\u00f3n, nuestro blog de viajes de Colombia se fue convirtiendo poco a poco en el<strong> mayor referente independiente en \u00a0ingles de internet sobre Colombia<\/strong> como destino de viajes y poco a poco lo que fue un sue\u00f1o particular de Marce se convirti\u00f3 en este blog colaborativo escrito por ella y <strong>un equipo de extranjeros que vivimos\u00a0 y amamos Colombia<\/strong> y que dejamos atr\u00e1s \u00a0nuestro pa\u00edses encantados por la amabilidad de los colombianos.<\/p>\n<p>&nbsp;<\/p>\n<p>Ni Marce ni el resto del equipo pensamos jam\u00e1s que esta peque\u00f1a iniciativa iba\u00a0 a crecer tanto y que llegar\u00edamos con nuestro mensaje positivo a <strong>medios y p\u00fablicos que nunca nos imaginamos alcanzar<\/strong>. En los \u00faltimos tiempos no solo hemos aparecido en medios como <strong>NBC, The Huffington Post , The Guardian<\/strong> o <strong>New York Times<\/strong> adem\u00e1s de haber sido nombrados como el <strong>mejor blog de Latinoamerica<\/strong> en la edici\u00f3n 2013 de los premios Bloggie, sino que nos hemos dado cuenta del <strong>enorme poder de las redes sociales y el blogging<\/strong> \u00a0al ayudar a una persona <strong>a encontrar a su familia despu\u00e9s de 36 a\u00f1os<\/strong>, algo que por supuesto, es para nosotros impagable y sumamente emocionante.<\/p>\n<figure id=\"attachment_9809\" aria-describedby=\"caption-attachment-9809\" style=\"width: 500px\" class=\"wp-caption alignright\"><a href=\"http:\/\/seecolombia.travel\/blog\/2013\/09\/terra-y-los-dos-mejores-blogs-de-viajes-de-colombia-unidos-para-llevar-nuestro-mensaje-a-muchos-mas-lectores\/colombia-travel-blog-equipo\/\" rel=\"attachment wp-att-9809\"><img loading=\"lazy\" class=\"size-full wp-image-9809\" src=\"http:\/\/seecolombia.travel\/blog\/wp-content\/uploads\/2013\/09\/Colombia-Travel-Blog-equipo.jpg\" alt=\"equipo colombia travel blog\" width=\"500\" height=\"333\" srcset=\"https:\/\/seecolombia.travel\/blog\/wp-content\/uploads\/2013\/09\/Colombia-Travel-Blog-equipo.jpg 500w, https:\/\/seecolombia.travel\/blog\/wp-content\/uploads\/2013\/09\/Colombia-Travel-Blog-equipo-300x199.jpg 300w\" sizes=\"(max-width: 500px) 100vw, 500px\" \/><\/a><figcaption id=\"caption-attachment-9809\" class=\"wp-caption-text\">(Casi) todo el equipo del Blog y Toya rumbo a una de nuestras aventuras<\/figcaption><\/figure>\n<p>Por eso es tan importante para nosotros anunciar que desde hoy \u00a0<strong>junto con nuestra socia, bloguera\u00a0<\/strong><strong style=\"line-height: 1.6em;\">y sobre todo amiga Toya Viudes<\/strong>\u00a0 de <a href=\"http:\/\/colombiadeuna.com\/nueva-bloguera-de-terra\/\" target=\"_blank\">Colombia de Una<\/a> , unidos a <a title=\"See Colombia en Terra\" href=\"http:\/\/vidayestilo.terra.com.co\/turismo\/colombia-de-una-y-see-colombia-travel-los-aliados-de-terrra,ce42bfc43bae0410VgnVCM4000009bcceb0aRCRD.html\" target=\"_blank\"><strong style=\"line-height: 1.6em;\">Terra Colombia<\/strong> <\/a>estaremos llegando con nuestros posts biling\u00fces sobre Colombia\u00a0 a <strong style=\"line-height: 1.6em;\">potencialmente 5 millones de personas<\/strong> que podr\u00e1n leer a trav\u00e9s de los \u00a0ojos de extranjeros enamorados, historias sobre Colombia, nuestro pa\u00eds adoptivo.<\/p>\n<p>Creemos que\u00a0 para tener un buen blog se necesitan 4 cosas inseparables:<strong> pasi\u00f3n, honestidad, contenidos interesantes y perseverancia al escribir<\/strong> y es con esos elementos y con mucho amor por la tierra donde ahora vivimos que les damos la bienvenida a nuestros nuevos lectores y nuestros enormes agradecimientos a los que nos siguen desde siempre.<\/p>\n<p>Un gran abrazo de todos nosotros!<\/p>\n<p><strong>Aqui algunos posts emblematicos de nuestro blog:<\/strong><\/p>\n<ul>\n<li><span style=\"line-height: 1.6em;\">Como naci\u00f3 nuestro <\/span><a style=\"line-height: 1.6em;\" title=\"Blog de Viajes de Colombia\" href=\"http:\/\/seecolombia.travel\/blog\/2012\/05\/contra-la-corriente-como-mi-regreso-a-colombia-cambio-mi-vida-por-completo-o-una-historia-de-amor-por-colombia\/\" target=\"_blank\">blog de viajes de Colombia<\/a><span style=\"line-height: 1.6em;\"> (con propuesta de matrimonio incluida)<\/span><\/li>\n<li><span style=\"line-height: 1.6em;\">La historia de <\/span><a style=\"line-height: 1.6em;\" title=\"Aencontramos a secuestrada en Colombia\" href=\"http:\/\/seecolombia.travel\/blog\/2012\/08\/nicole-encontro-a-su-familia-la-historia-completa-y-un-video-por-marcela\/\" target=\"_blank\">c\u00f3mo encontramos a la familia de Nicole<\/a><span style=\"line-height: 1.6em;\"> despu\u00e9s de 36 a\u00f1os<\/span><\/li>\n<li><span style=\"line-height: 1.6em;\">JL nos cuenta <\/span><a style=\"line-height: 1.6em;\" title=\"porque elegi vivir en Colombia\" href=\"http:\/\/seecolombia.travel\/blog\/2011\/05\/%C2%BF-por-que-elegi-vivir-en-colombia\/\" target=\"_blank\">porque eligi\u00f3 vivir en Colombia<\/a><\/li>\n<\/ul>\n<p><strong>JL y el equipo de Colombia Travel Blog<\/strong><\/p>\n","protected":false},"excerpt":{"rendered":"<p>&nbsp; Cuando en 2009 Marcela empez\u00f3 la primera versi\u00f3n de este blog\u00a0 su objetivo era \u00a0simplemente empezar a escribir sobre la cara positiva de Colombia ya que despu\u00e9s de a\u00f1os de ser gu\u00eda por toda Sudam\u00e9rica no aguantaba m\u00e1s que en todos los tours de la agencia inglesa para la que trabajaba (y en casi [&hellip;]<\/p>\n","protected":false},"author":3,"featured_media":9800,"comment_status":"open","ping_status":"open","sticky":false,"template":"","format":"standard","meta":{"ngg_post_thumbnail":0},"categories":[4,865],"tags":[2973,1605],"yoast_head":"<!-- This site is optimized with the Yoast SEO Premium plugin v18.4 (Yoast SEO v18.9) - https:\/\/yoast.com\/wordpress\/plugins\/seo\/ -->\n<title>Terra, Colombia de Una y See Colombia Travel unidos para llevar nuestro mensaje a muchos m\u00e1s lectores. - Colombia Travel Blog by See Colombia Travel<\/title>\n<meta name=\"robots\" content=\"index, follow, max-snippet:-1, max-image-preview:large, max-video-preview:-1\" \/>\n<link rel=\"canonical\" href=\"https:\/\/seecolombia.travel\/blog\/2013\/09\/mejores-blogs-de-viajes-de-colombia\/\" \/>\n<meta property=\"og:locale\" content=\"en_US\" \/>\n<meta property=\"og:type\" content=\"article\" \/>\n<meta property=\"og:title\" content=\"Terra, Colombia de Una y See Colombia Travel unidos para llevar nuestro mensaje a muchos m\u00e1s lectores.\" \/>\n<meta property=\"og:description\" content=\"&nbsp; Cuando en 2009 Marcela empez\u00f3 la primera versi\u00f3n de este blog\u00a0 su objetivo era \u00a0simplemente empezar a escribir sobre la cara positiva de Colombia ya que despu\u00e9s de a\u00f1os de ser gu\u00eda por toda Sudam\u00e9rica no aguantaba m\u00e1s que en todos los tours de la agencia inglesa para la que trabajaba (y en casi [&hellip;]\" \/>\n<meta property=\"og:url\" content=\"https:\/\/seecolombia.travel\/blog\/2013\/09\/mejores-blogs-de-viajes-de-colombia\/\" \/>\n<meta property=\"og:site_name\" content=\"Colombia Travel Blog by See Colombia Travel\" \/>\n<meta property=\"article:published_time\" content=\"2013-09-04T21:03:11+00:00\" \/>\n<meta property=\"article:modified_time\" content=\"2016-05-12T19:38:27+00:00\" \/>\n<meta property=\"og:image\" content=\"https:\/\/seecolombia.travel\/blog\/wp-content\/uploads\/2013\/09\/Mejores-blogs-de-Colombia-See-Colombia-Travel.jpg\" \/>\n\t<meta property=\"og:image:width\" content=\"1920\" \/>\n\t<meta property=\"og:image:height\" content=\"1080\" \/>\n\t<meta property=\"og:image:type\" content=\"image\/jpeg\" \/>\n<meta name=\"twitter:card\" content=\"summary\" \/>\n<meta name=\"twitter:label1\" content=\"Written by\" \/>\n\t<meta name=\"twitter:data1\" content=\"JL\" \/>\n\t<meta name=\"twitter:label2\" content=\"Est. reading time\" \/>\n\t<meta name=\"twitter:data2\" content=\"3 minutes\" \/>\n<script type=\"application\/ld+json\" class=\"yoast-schema-graph\">{\"@context\":\"https:\/\/schema.org\",\"@graph\":[{\"@type\":\"WebSite\",\"@id\":\"https:\/\/seecolombia.travel\/blog\/#website\",\"url\":\"https:\/\/seecolombia.travel\/blog\/\",\"name\":\"Colombia Travel Blog by See Colombia Travel\",\"description\":\"Colombia Travel Blog: An international perspective on travelling in Colombia by world travellers.\",\"potentialAction\":[{\"@type\":\"SearchAction\",\"target\":{\"@type\":\"EntryPoint\",\"urlTemplate\":\"https:\/\/seecolombia.travel\/blog\/?s={search_term_string}\"},\"query-input\":\"required name=search_term_string\"}],\"inLanguage\":\"en-US\"},{\"@type\":\"ImageObject\",\"inLanguage\":\"en-US\",\"@id\":\"https:\/\/seecolombia.travel\/blog\/2013\/09\/mejores-blogs-de-viajes-de-colombia\/#primaryimage\",\"url\":\"https:\/\/seecolombia.travel\/blog\/wp-content\/uploads\/2013\/09\/Mejores-blogs-de-Colombia-See-Colombia-Travel.jpg\",\"contentUrl\":\"https:\/\/seecolombia.travel\/blog\/wp-content\/uploads\/2013\/09\/Mejores-blogs-de-Colombia-See-Colombia-Travel.jpg\",\"width\":1920,\"height\":1080,\"caption\":\"Mejores blogs de Colombia\"},{\"@type\":\"WebPage\",\"@id\":\"https:\/\/seecolombia.travel\/blog\/2013\/09\/mejores-blogs-de-viajes-de-colombia\/#webpage\",\"url\":\"https:\/\/seecolombia.travel\/blog\/2013\/09\/mejores-blogs-de-viajes-de-colombia\/\",\"name\":\"Terra, Colombia de Una y See Colombia Travel unidos para llevar nuestro mensaje a muchos m\u00e1s lectores. - Colombia Travel Blog by See Colombia Travel\",\"isPartOf\":{\"@id\":\"https:\/\/seecolombia.travel\/blog\/#website\"},\"primaryImageOfPage\":{\"@id\":\"https:\/\/seecolombia.travel\/blog\/2013\/09\/mejores-blogs-de-viajes-de-colombia\/#primaryimage\"},\"datePublished\":\"2013-09-04T21:03:11+00:00\",\"dateModified\":\"2016-05-12T19:38:27+00:00\",\"author\":{\"@id\":\"https:\/\/seecolombia.travel\/blog\/#\/schema\/person\/d83df03ea54d1f0911d7098ebe26db49\"},\"breadcrumb\":{\"@id\":\"https:\/\/seecolombia.travel\/blog\/2013\/09\/mejores-blogs-de-viajes-de-colombia\/#breadcrumb\"},\"inLanguage\":\"en-US\",\"potentialAction\":[{\"@type\":\"ReadAction\",\"target\":[\"https:\/\/seecolombia.travel\/blog\/2013\/09\/mejores-blogs-de-viajes-de-colombia\/\"]}]},{\"@type\":\"BreadcrumbList\",\"@id\":\"https:\/\/seecolombia.travel\/blog\/2013\/09\/mejores-blogs-de-viajes-de-colombia\/#breadcrumb\",\"itemListElement\":[{\"@type\":\"ListItem\",\"position\":1,\"name\":\"Home\",\"item\":\"https:\/\/seecolombia.travel\/blog\/\"},{\"@type\":\"ListItem\",\"position\":2,\"name\":\"Terra, Colombia de Una y See Colombia Travel unidos para llevar nuestro mensaje a muchos m\u00e1s lectores.\"}]},{\"@type\":\"Person\",\"@id\":\"https:\/\/seecolombia.travel\/blog\/#\/schema\/person\/d83df03ea54d1f0911d7098ebe26db49\",\"name\":\"JL\",\"image\":{\"@type\":\"ImageObject\",\"inLanguage\":\"en-US\",\"@id\":\"https:\/\/seecolombia.travel\/blog\/#\/schema\/person\/image\/\",\"url\":\"https:\/\/secure.gravatar.com\/avatar\/68a3ba6dc377250ef6eb8cd56865210e?s=96&d=retro&r=g\",\"contentUrl\":\"https:\/\/secure.gravatar.com\/avatar\/68a3ba6dc377250ef6eb8cd56865210e?s=96&d=retro&r=g\",\"caption\":\"JL\"},\"description\":\"Ciudadano del mundo, nuestro Gerente de Marketing y comunicaciones se define como viajero, pap\u00e1, esposo y empresario. Es co-creador de Colombia Travel Blog junto a su esposa Marcela y creador de Fogg, la agencia de contenidos que produce el popular programa 3 Travel Bloggers. ----------- Our Marketing and Communications Manager, a self proclaimed citizen of the world, was born in Peru and raised in a number of different countries \u2013 including Angola, Thailand and Iceland \u2013 which instilled a deep love of travel and cultural diversity within him. With an extensive education in Marketing and Communications and after leaving a successful corporate career in the Telecom Industry, JL is now advocated to professionalize travel blogging in Latin America.\",\"sameAs\":[\"http:\/\/www.seecolombia.travel\"],\"url\":\"https:\/\/seecolombia.travel\/blog\/author\/jl\/\"}]}<\/script>\n<!-- \/ Yoast SEO Premium plugin. -->","yoast_head_json":{"title":"Terra, Colombia de Una y See Colombia Travel unidos para llevar nuestro mensaje a muchos m\u00e1s lectores. - Colombia Travel Blog by See Colombia Travel","robots":{"index":"index","follow":"follow","max-snippet":"max-snippet:-1","max-image-preview":"max-image-preview:large","max-video-preview":"max-video-preview:-1"},"canonical":"https:\/\/seecolombia.travel\/blog\/2013\/09\/mejores-blogs-de-viajes-de-colombia\/","og_locale":"en_US","og_type":"article","og_title":"Terra, Colombia de Una y See Colombia Travel unidos para llevar nuestro mensaje a muchos m\u00e1s lectores.","og_description":"&nbsp; Cuando en 2009 Marcela empez\u00f3 la primera versi\u00f3n de este blog\u00a0 su objetivo era \u00a0simplemente empezar a escribir sobre la cara positiva de Colombia ya que despu\u00e9s de a\u00f1os de ser gu\u00eda por toda Sudam\u00e9rica no aguantaba m\u00e1s que en todos los tours de la agencia inglesa para la que trabajaba (y en casi [&hellip;]","og_url":"https:\/\/seecolombia.travel\/blog\/2013\/09\/mejores-blogs-de-viajes-de-colombia\/","og_site_name":"Colombia Travel Blog by See Colombia Travel","article_published_time":"2013-09-04T21:03:11+00:00","article_modified_time":"2016-05-12T19:38:27+00:00","og_image":[{"width":1920,"height":1080,"url":"https:\/\/seecolombia.travel\/blog\/wp-content\/uploads\/2013\/09\/Mejores-blogs-de-Colombia-See-Colombia-Travel.jpg","type":"image\/jpeg"}],"twitter_card":"summary","twitter_misc":{"Written by":"JL","Est. reading time":"3 minutes"},"schema":{"@context":"https:\/\/schema.org","@graph":[{"@type":"WebSite","@id":"https:\/\/seecolombia.travel\/blog\/#website","url":"https:\/\/seecolombia.travel\/blog\/","name":"Colombia Travel Blog by See Colombia Travel","description":"Colombia Travel Blog: An international perspective on travelling in Colombia by world travellers.","potentialAction":[{"@type":"SearchAction","target":{"@type":"EntryPoint","urlTemplate":"https:\/\/seecolombia.travel\/blog\/?s={search_term_string}"},"query-input":"required name=search_term_string"}],"inLanguage":"en-US"},{"@type":"ImageObject","inLanguage":"en-US","@id":"https:\/\/seecolombia.travel\/blog\/2013\/09\/mejores-blogs-de-viajes-de-colombia\/#primaryimage","url":"https:\/\/seecolombia.travel\/blog\/wp-content\/uploads\/2013\/09\/Mejores-blogs-de-Colombia-See-Colombia-Travel.jpg","contentUrl":"https:\/\/seecolombia.travel\/blog\/wp-content\/uploads\/2013\/09\/Mejores-blogs-de-Colombia-See-Colombia-Travel.jpg","width":1920,"height":1080,"caption":"Mejores blogs de Colombia"},{"@type":"WebPage","@id":"https:\/\/seecolombia.travel\/blog\/2013\/09\/mejores-blogs-de-viajes-de-colombia\/#webpage","url":"https:\/\/seecolombia.travel\/blog\/2013\/09\/mejores-blogs-de-viajes-de-colombia\/","name":"Terra, Colombia de Una y See Colombia Travel unidos para llevar nuestro mensaje a muchos m\u00e1s lectores. - Colombia Travel Blog by See Colombia Travel","isPartOf":{"@id":"https:\/\/seecolombia.travel\/blog\/#website"},"primaryImageOfPage":{"@id":"https:\/\/seecolombia.travel\/blog\/2013\/09\/mejores-blogs-de-viajes-de-colombia\/#primaryimage"},"datePublished":"2013-09-04T21:03:11+00:00","dateModified":"2016-05-12T19:38:27+00:00","author":{"@id":"https:\/\/seecolombia.travel\/blog\/#\/schema\/person\/d83df03ea54d1f0911d7098ebe26db49"},"breadcrumb":{"@id":"https:\/\/seecolombia.travel\/blog\/2013\/09\/mejores-blogs-de-viajes-de-colombia\/#breadcrumb"},"inLanguage":"en-US","potentialAction":[{"@type":"ReadAction","target":["https:\/\/seecolombia.travel\/blog\/2013\/09\/mejores-blogs-de-viajes-de-colombia\/"]}]},{"@type":"BreadcrumbList","@id":"https:\/\/seecolombia.travel\/blog\/2013\/09\/mejores-blogs-de-viajes-de-colombia\/#breadcrumb","itemListElement":[{"@type":"ListItem","position":1,"name":"Home","item":"https:\/\/seecolombia.travel\/blog\/"},{"@type":"ListItem","position":2,"name":"Terra, Colombia de Una y See Colombia Travel unidos para llevar nuestro mensaje a muchos m\u00e1s lectores."}]},{"@type":"Person","@id":"https:\/\/seecolombia.travel\/blog\/#\/schema\/person\/d83df03ea54d1f0911d7098ebe26db49","name":"JL","image":{"@type":"ImageObject","inLanguage":"en-US","@id":"https:\/\/seecolombia.travel\/blog\/#\/schema\/person\/image\/","url":"https:\/\/secure.gravatar.com\/avatar\/68a3ba6dc377250ef6eb8cd56865210e?s=96&d=retro&r=g","contentUrl":"https:\/\/secure.gravatar.com\/avatar\/68a3ba6dc377250ef6eb8cd56865210e?s=96&d=retro&r=g","caption":"JL"},"description":"Ciudadano del mundo, nuestro Gerente de Marketing y comunicaciones se define como viajero, pap\u00e1, esposo y empresario. Es co-creador de Colombia Travel Blog junto a su esposa Marcela y creador de Fogg, la agencia de contenidos que produce el popular programa 3 Travel Bloggers. ----------- Our Marketing and Communications Manager, a self proclaimed citizen of the world, was born in Peru and raised in a number of different countries \u2013 including Angola, Thailand and Iceland \u2013 which instilled a deep love of travel and cultural diversity within him. With an extensive education in Marketing and Communications and after leaving a successful corporate career in the Telecom Industry, JL is now advocated to professionalize travel blogging in Latin America.","sameAs":["http:\/\/www.seecolombia.travel"],"url":"https:\/\/seecolombia.travel\/blog\/author\/jl\/"}]}},"amp_enabled":true,"_links":{"self":[{"href":"https:\/\/seecolombia.travel\/blog\/wp-json\/wp\/v2\/posts\/9797"}],"collection":[{"href":"https:\/\/seecolombia.travel\/blog\/wp-json\/wp\/v2\/posts"}],"about":[{"href":"https:\/\/seecolombia.travel\/blog\/wp-json\/wp\/v2\/types\/post"}],"author":[{"embeddable":true,"href":"https:\/\/seecolombia.travel\/blog\/wp-json\/wp\/v2\/users\/3"}],"replies":[{"embeddable":true,"href":"https:\/\/seecolombia.travel\/blog\/wp-json\/wp\/v2\/comments?post=9797"}],"version-history":[{"count":35,"href":"https:\/\/seecolombia.travel\/blog\/wp-json\/wp\/v2\/posts\/9797\/revisions"}],"predecessor-version":[{"id":22670,"href":"https:\/\/seecolombia.travel\/blog\/wp-json\/wp\/v2\/posts\/9797\/revisions\/22670"}],"wp:featuredmedia":[{"embeddable":true,"href":"https:\/\/seecolombia.travel\/blog\/wp-json\/wp\/v2\/media\/9800"}],"wp:attachment":[{"href":"https:\/\/seecolombia.travel\/blog\/wp-json\/wp\/v2\/media?parent=9797"}],"wp:term":[{"taxonomy":"category","embeddable":true,"href":"https:\/\/seecolombia.travel\/blog\/wp-json\/wp\/v2\/categories?post=9797"},{"taxonomy":"post_tag","embeddable":true,"href":"https:\/\/seecolombia.travel\/blog\/wp-json\/wp\/v2\/tags?post=9797"}],"curies":[{"name":"wp","href":"https:\/\/api.w.org\/{rel}","templated":true}]}}