{"id":9772,"date":"2013-09-03T11:30:12","date_gmt":"2013-09-03T16:30:12","guid":{"rendered":"http:\/\/seecolombia.travel\/blog\/?p=9772"},"modified":"2016-05-12T14:39:19","modified_gmt":"2016-05-12T19:39:19","slug":"vive-paz-ifico-choco-un-destino-fuera-de-lo-comun-en-colombia","status":"publish","type":"post","link":"https:\/\/seecolombia.travel\/blog\/2013\/09\/vive-paz-ifico-choco-un-destino-fuera-de-lo-comun-en-colombia\/","title":{"rendered":"\u00a1Vive PAZ-ifico! Choc\u00f3 un destino fuera de lo com\u00fan en Colombia."},"content":{"rendered":"<p>En ocasiones anteriores escribimos acerca de <a title=\"Capurgan\u00e1: Where South America meets Central \u2013 Information and Photos\" href=\"http:\/\/seecolombia.travel\/blog\/2012\/05\/capurgana-where-south-america-meets-central-information-and-photos\/\" target=\"_blank\">Capurgan\u00e1<\/a> ubicada en el Caribe colombiano en el departamento del Choc\u00f3:<\/p>\n<p>Hoy estamos en este departamento pero dirigi\u00e9ndonos al sur hacia la costa pac\u00edfica, <strong>una de las \u00e1reas menos visitadas en Colombia<\/strong>, y se podr\u00eda decir que es el tramo menos visitado de la costa.<\/p>\n<p>Para comenzar <strong>la costa pac\u00edfica del Choc\u00f3 es enorme<\/strong>, tan grande, que el intento de cubrir todo en un post de Colombia Travel Blog ser\u00eda algo completamente irresponsable. Por eso simplemente voy a describir el viaje que hice en septiembre del a\u00f1o pasado a Playa Guachalito cerca de Nuqui.<\/p>\n<p>&nbsp;<\/p>\n<figure id=\"attachment_3938\" aria-describedby=\"caption-attachment-3938\" style=\"width: 800px\" class=\"wp-caption aligncenter\"><a href=\"http:\/\/seecolombia.travel\/blog\/2012\/05\/vive-pazifico-travel-in-colombia-off-the-beaten-track-in-el-choco\/new_1_809\/\" rel=\"attachment wp-att-3938\"><img loading=\"lazy\" class=\"size-full wp-image-3938\" src=\"http:\/\/seecolombia.travel\/blog\/wp-content\/uploads\/2012\/05\/New_1_809-e1368033135698.jpg\" alt=\"Nuqui's airport - seriously, move the wrecked plane!\" width=\"800\" height=\"482\" \/><\/a><figcaption id=\"caption-attachment-3938\" class=\"wp-caption-text\">El aeropuerto de Nuqu\u00ed \u2013 en serio, retiren los restos del avi\u00f3n.<\/figcaption><\/figure>\n<p dir=\"ltr\">Aterrice en el aeropuerto de Nuqui despu\u00e9s de <strong>un emocionante vuelo en un avi\u00f3n liviano<\/strong> desde Medell\u00edn sobre gran parte de<strong> las impenetrables selvas<\/strong> en el interior del Choc\u00f3, que se uni\u00f3 con una imagen no muy reconfortante, un avi\u00f3n id\u00e9ntico al m\u00edo, antiguo, cubierto con plantas y claramente hecho pedazos. No es la primera vez que he sido recibido por una imagen como esta en un aeropuerto peque\u00f1o \u2013 \u00bfPor qu\u00e9 a nadie se le ha ocurrido quitar estos aviones?<\/p>\n<p>De cualquier forma, me encontr\u00e9 con el lanchero del hotel, donde voy a hospedarme el fin de semana, y me gu\u00eda hacia el puerto de Nuqui. Mientras nos mov\u00edamos r\u00e1pidamente a trav\u00e9s de los canales que conectan la ciudad con el oc\u00e9ano <strong>me sent\u00eda como si fuera un extra no remunerado en una pel\u00edcula de guerra que se desarrolla en Vietnam<\/strong>. \u2013 Todo estaba lleno de sacos de arena y torretas de ametralladoras, pero todo es por el bien de la seguridad, que por cierto ha sido efectiva en la <strong>eliminaci\u00f3n de la amenaza guerrillera,<\/strong> que alguna vez hizo de esta zona un lugar prohibido.<\/p>\n<p>Despu\u00e9s de media hora el bote llego a Playa Guachalito donde pasar\u00eda las pr\u00f3ximas dos noches en el fant\u00e1stico El Cantil Ecolodge.<\/p>\n<figure id=\"attachment_3939\" aria-describedby=\"caption-attachment-3939\" style=\"width: 600px\" class=\"wp-caption aligncenter\"><a href=\"http:\/\/seecolombia.travel\/blog\/2012\/05\/vive-pazifico-travel-in-colombia-off-the-beaten-track-in-el-choco\/new_1_765\/\" rel=\"attachment wp-att-3939\"><img loading=\"lazy\" class=\"size-full wp-image-3939\" src=\"http:\/\/seecolombia.travel\/blog\/wp-content\/uploads\/2012\/05\/New_1_765-e1341519752675.jpg\" alt=\"Playa Guachalito in the early morning\" width=\"600\" height=\"440\" \/><\/a><figcaption id=\"caption-attachment-3939\" class=\"wp-caption-text\">Playa Guachalito a primera hora del d\u00eda.<\/figcaption><\/figure>\n<p dir=\"ltr\">El escenario es simplemente extraordinario, una gran y sinuosa playa, bordeada de palmas junto con una asombrosa variedad de orqu\u00eddeas, detr\u00e1s de todo esto yace la selva del Choc\u00f3, cubierta por un velo aparente de niebla. <strong>Todo es muy al estilo \u201cJurassic Park\u201d<\/strong> para ser honesto, hasta esperaba que una cabeza medio escamosa apareciera de repente entre las hojas de las palmas, con gru\u00f1idos de sorpresa ante mi presencia. Bueno no tuve tanta suerte!<\/p>\n<p>Quer\u00eda ver gigantes. Sin embargo, no sal\u00ed decepcionado ya que este trayecto de costa es <strong>el hogar de cr\u00edas de ballenas jorobadas<\/strong> desde julio hasta octubre y Playa Guachalito es un sitio espectacular para el avistamiento de estos mam\u00edferos, que de hecho son el prop\u00f3sito de mi visita.<\/p>\n<p>El Cantil es el hogar de un grupo de gu\u00edas conocedores, por eso mientras nos vamos alejando de la orilla me siento muy optimista.<\/p>\n<figure id=\"attachment_3574\" aria-describedby=\"caption-attachment-3574\" style=\"width: 700px\" class=\"wp-caption aligncenter\"><a href=\"http:\/\/seecolombia.travel\/blog\/2012\/04\/top-5-natural-spectacles-in-colombia\/new_1_383\/\" rel=\"attachment wp-att-3574\"><img loading=\"lazy\" class=\"size-full wp-image-3574\" src=\"http:\/\/seecolombia.travel\/blog\/wp-content\/uploads\/2012\/04\/New_1_383-e1341519244545.jpg\" alt=\"Humpback whale in the Choc\u00f3\" width=\"700\" height=\"464\" \/><\/a><figcaption id=\"caption-attachment-3574\" class=\"wp-caption-text\">Ballena jorobada en el Choc\u00f3 saliendo a la superficie.<\/figcaption><\/figure>\n<p dir=\"ltr\">Como resultado mi optimismo estaba bien fundamentado pues durante tres horas (y tres m\u00e1s despu\u00e9s del almuerzo), nuestro peque\u00f1o grupo de cuatro es <strong>sorprendido por la majestuosa vista de varios grupos de ballenas saliendo a la superficie<\/strong> (cuando saltan fuera del agua) coletazo (haciendo un movimiento con la cola), aleteo pectoral (golpeando sus aletas en el agua), \u00a0y en general mostrando el porqu\u00e9 tantas culturas alrededor del mundo las han venerado desde hace miles de a\u00f1os, pero <strong>nunca hab\u00eda tenido un avistamiento m\u00e1s \u00edntimo y espectacular que esta experiencia en las aguas del Choc\u00f3<\/strong> \u2013 no hab\u00eda m\u00e1s barcos solo nuestra peque\u00f1a lancha, las ballenas y en el fondo nada diferente a las junglas, niebla y de vez en cuando se ve\u00eda el pueblo pesquero. Es sin duda uno de los mejores espect\u00e1culos en Colombia.<\/p>\n<p>El resto del viaje consiste en caminar por la playa (y observar cientos de especies de aves mientras avanzas) hasta llegar a dos cascadas escondidas en la jungla, pasear por la costa rocosa y a trav\u00e9s de la selva un grupo de aguas termales (la mejor forma de relajarse despu\u00e9s de haber tenido un viaje agitado en bote), <strong>acostado en mi hamaca afuera de mi peque\u00f1a caba\u00f1a mientras observ\u00f3 un colibr\u00ed luchando persistentemente por la supremac\u00eda de n\u00e9ctar<\/strong> con su tocayo igualmente de incansable, despues le hago espacio a la gran variedad de deliciosos platos a base de pescado en El Cantil , todos servidos en un restaurante con vista al <a title=\"Colombia\u2019s Pacific coast \u2013 a diamond in the rough\" href=\"http:\/\/seecolombia.travel\/blog\/2013\/04\/colombias-pacific-coast-a-diamond-in-the-rough\/\">oc\u00e9ano pac\u00edfico<\/a>. En pocas palabras, <strong>Playa Guachalito es un para\u00edso<\/strong>; uno que tristemente es poco visitado y que debe convertirse en uno de los principales destinos en ecoturismo de Suram\u00e9rica en los pr\u00f3ximos diez a\u00f1os. Por eso les <strong>recomiendo muy seriamente visitarlo mientras sigue siendo un secreto intacto.<\/strong><\/p>\n<figure id=\"attachment_3941\" aria-describedby=\"caption-attachment-3941\" style=\"width: 800px\" class=\"wp-caption aligncenter\"><a href=\"http:\/\/seecolombia.travel\/blog\/2012\/05\/vive-pazifico-travel-in-colombia-off-the-beaten-track-in-el-choco\/new_1_830\/\" rel=\"attachment wp-att-3941\"><img loading=\"lazy\" class=\"size-full wp-image-3941\" src=\"http:\/\/seecolombia.travel\/blog\/wp-content\/uploads\/2012\/05\/New_1_830-e1341519808450.jpg\" alt=\"El Choco from the air...\" width=\"800\" height=\"600\" \/><\/a><figcaption id=\"caption-attachment-3941\" class=\"wp-caption-text\">Choc\u00f3 desde el aire.<\/figcaption><\/figure>\n<p dir=\"ltr\"><strong>C\u00f3mo llegar:<\/strong> Hay varios vuelos semanales que van de Medell\u00edn a Nuqui con Satena o ADA \u2013 llama con antelaci\u00f3n para confirmar qu\u00e9 d\u00edas viajan. Reserva un hotel en playa Guachalito \u2013 me hospede en El cantil, pero hay por lo menos cinco opciones de alojamiento en la playa \u2013 ellos te van a recibir en el aeropuerto y despu\u00e9s te llevan a la playa en una lancha con motor. Compra repelente para insectos y que pueden molestarte antes del anochecer.<\/p>\n<p dir=\"ltr\">Si estas interesado en visitar esta parte de Colombia o tienes algunas preguntas, por favor ponte en contacto con nosotros y estaremos encantados de poder colaborarte.<\/p>\n<p><strong style=\"line-height: 1.6em;\">Escrito por: Chris Bell<\/strong><\/p>\n<p><strong>Traducido por: Carolina Parra<\/strong><\/p>\n","protected":false},"excerpt":{"rendered":"<p>En ocasiones anteriores escribimos acerca de Capurgan\u00e1 ubicada en el Caribe colombiano en el departamento del Choc\u00f3: Hoy estamos en este departamento pero dirigi\u00e9ndonos al sur hacia la costa pac\u00edfica, una de las \u00e1reas menos visitadas en Colombia, y se podr\u00eda decir que es el tramo menos visitado de la costa. Para comenzar la costa [&hellip;]<\/p>\n","protected":false},"author":88892,"featured_media":3937,"comment_status":"open","ping_status":"open","sticky":false,"template":"","format":"standard","meta":{"ngg_post_thumbnail":0},"categories":[71,3,115,116,128,624,626,4,1667,70,75,865,107],"tags":[2887,2973,1605,2917],"yoast_head":"<!-- This site is optimized with the Yoast SEO Premium plugin v18.4 (Yoast SEO v18.9) - https:\/\/yoast.com\/wordpress\/plugins\/seo\/ -->\n<title>\u00a1Vive PAZ-ifico! Choc\u00f3 un destino fuera de lo com\u00fan en Colombia. - Colombia Travel Blog by See Colombia Travel<\/title>\n<meta name=\"robots\" content=\"index, follow, max-snippet:-1, max-image-preview:large, max-video-preview:-1\" \/>\n<link rel=\"canonical\" href=\"https:\/\/seecolombia.travel\/blog\/2013\/09\/vive-paz-ifico-choco-un-destino-fuera-de-lo-comun-en-colombia\/\" \/>\n<meta property=\"og:locale\" content=\"en_US\" \/>\n<meta property=\"og:type\" content=\"article\" \/>\n<meta property=\"og:title\" content=\"\u00a1Vive PAZ-ifico! Choc\u00f3 un destino fuera de lo com\u00fan en Colombia.\" \/>\n<meta property=\"og:description\" content=\"En ocasiones anteriores escribimos acerca de Capurgan\u00e1 ubicada en el Caribe colombiano en el departamento del Choc\u00f3: Hoy estamos en este departamento pero dirigi\u00e9ndonos al sur hacia la costa pac\u00edfica, una de las \u00e1reas menos visitadas en Colombia, y se podr\u00eda decir que es el tramo menos visitado de la costa. Para comenzar la costa [&hellip;]\" \/>\n<meta property=\"og:url\" content=\"https:\/\/seecolombia.travel\/blog\/2013\/09\/vive-paz-ifico-choco-un-destino-fuera-de-lo-comun-en-colombia\/\" \/>\n<meta property=\"og:site_name\" content=\"Colombia Travel Blog by See Colombia Travel\" \/>\n<meta property=\"article:published_time\" content=\"2013-09-03T16:30:12+00:00\" \/>\n<meta property=\"article:modified_time\" content=\"2016-05-12T19:39:19+00:00\" \/>\n<meta property=\"og:image\" content=\"https:\/\/seecolombia.travel\/blog\/wp-content\/uploads\/2012\/05\/381-1024x698.jpg\" \/>\n\t<meta property=\"og:image:width\" content=\"1024\" \/>\n\t<meta property=\"og:image:height\" content=\"698\" \/>\n\t<meta property=\"og:image:type\" content=\"image\/jpeg\" \/>\n<meta name=\"twitter:card\" content=\"summary\" \/>\n<meta name=\"twitter:label1\" content=\"Written by\" \/>\n\t<meta name=\"twitter:data1\" content=\"Carolina Parra\" \/>\n\t<meta name=\"twitter:label2\" content=\"Est. reading time\" \/>\n\t<meta name=\"twitter:data2\" content=\"5 minutes\" \/>\n<script type=\"application\/ld+json\" class=\"yoast-schema-graph\">{\"@context\":\"https:\/\/schema.org\",\"@graph\":[{\"@type\":\"WebSite\",\"@id\":\"https:\/\/seecolombia.travel\/blog\/#website\",\"url\":\"https:\/\/seecolombia.travel\/blog\/\",\"name\":\"Colombia Travel Blog by See Colombia Travel\",\"description\":\"Colombia Travel Blog: An international perspective on travelling in Colombia by world travellers.\",\"potentialAction\":[{\"@type\":\"SearchAction\",\"target\":{\"@type\":\"EntryPoint\",\"urlTemplate\":\"https:\/\/seecolombia.travel\/blog\/?s={search_term_string}\"},\"query-input\":\"required name=search_term_string\"}],\"inLanguage\":\"en-US\"},{\"@type\":\"ImageObject\",\"inLanguage\":\"en-US\",\"@id\":\"https:\/\/seecolombia.travel\/blog\/2013\/09\/vive-paz-ifico-choco-un-destino-fuera-de-lo-comun-en-colombia\/#primaryimage\",\"url\":\"https:\/\/seecolombia.travel\/blog\/wp-content\/uploads\/2012\/05\/381.jpg\",\"contentUrl\":\"https:\/\/seecolombia.travel\/blog\/wp-content\/uploads\/2012\/05\/381.jpg\",\"width\":\"3641\",\"height\":\"2483\",\"caption\":\"Vive PAZifico!\"},{\"@type\":\"WebPage\",\"@id\":\"https:\/\/seecolombia.travel\/blog\/2013\/09\/vive-paz-ifico-choco-un-destino-fuera-de-lo-comun-en-colombia\/#webpage\",\"url\":\"https:\/\/seecolombia.travel\/blog\/2013\/09\/vive-paz-ifico-choco-un-destino-fuera-de-lo-comun-en-colombia\/\",\"name\":\"\u00a1Vive PAZ-ifico! Choc\u00f3 un destino fuera de lo com\u00fan en Colombia. - Colombia Travel Blog by See Colombia Travel\",\"isPartOf\":{\"@id\":\"https:\/\/seecolombia.travel\/blog\/#website\"},\"primaryImageOfPage\":{\"@id\":\"https:\/\/seecolombia.travel\/blog\/2013\/09\/vive-paz-ifico-choco-un-destino-fuera-de-lo-comun-en-colombia\/#primaryimage\"},\"datePublished\":\"2013-09-03T16:30:12+00:00\",\"dateModified\":\"2016-05-12T19:39:19+00:00\",\"author\":{\"@id\":\"https:\/\/seecolombia.travel\/blog\/#\/schema\/person\/1a8dfc8e32bef464a17d083ff793fab8\"},\"breadcrumb\":{\"@id\":\"https:\/\/seecolombia.travel\/blog\/2013\/09\/vive-paz-ifico-choco-un-destino-fuera-de-lo-comun-en-colombia\/#breadcrumb\"},\"inLanguage\":\"en-US\",\"potentialAction\":[{\"@type\":\"ReadAction\",\"target\":[\"https:\/\/seecolombia.travel\/blog\/2013\/09\/vive-paz-ifico-choco-un-destino-fuera-de-lo-comun-en-colombia\/\"]}]},{\"@type\":\"BreadcrumbList\",\"@id\":\"https:\/\/seecolombia.travel\/blog\/2013\/09\/vive-paz-ifico-choco-un-destino-fuera-de-lo-comun-en-colombia\/#breadcrumb\",\"itemListElement\":[{\"@type\":\"ListItem\",\"position\":1,\"name\":\"Home\",\"item\":\"https:\/\/seecolombia.travel\/blog\/\"},{\"@type\":\"ListItem\",\"position\":2,\"name\":\"\u00a1Vive PAZ-ifico! Choc\u00f3 un destino fuera de lo com\u00fan en Colombia.\"}]},{\"@type\":\"Person\",\"@id\":\"https:\/\/seecolombia.travel\/blog\/#\/schema\/person\/1a8dfc8e32bef464a17d083ff793fab8\",\"name\":\"Carolina Parra\",\"image\":{\"@type\":\"ImageObject\",\"inLanguage\":\"en-US\",\"@id\":\"https:\/\/seecolombia.travel\/blog\/#\/schema\/person\/image\/\",\"url\":\"https:\/\/secure.gravatar.com\/avatar\/c9e6563d7aebe647ff6f6ec529984132?s=96&d=retro&r=g\",\"contentUrl\":\"https:\/\/secure.gravatar.com\/avatar\/c9e6563d7aebe647ff6f6ec529984132?s=96&d=retro&r=g\",\"caption\":\"Carolina Parra\"},\"description\":\"Hola! Soy una rolita apasionada por mostrar los lugares mas ch\u00e9veres que puede ofrecer mi pa\u00eds al resto del mundo . Me divierto escuchando las historias contadas por extranjeros y de hecho he disfrutado traducir los posts m\u00e1s populares, siempre busco mantener la chispa y el estilo de cada autor. Creo que puedes llevar mucho tiempo viviendo en un lugar y no conocerlo por eso he decidido emprender un viaje por el pa\u00eds el cual estar\u00e9 compartiendo con ustedes.\",\"url\":\"https:\/\/seecolombia.travel\/blog\/author\/carolina\/\"}]}<\/script>\n<!-- \/ Yoast SEO Premium plugin. -->","yoast_head_json":{"title":"\u00a1Vive PAZ-ifico! Choc\u00f3 un destino fuera de lo com\u00fan en Colombia. - Colombia Travel Blog by See Colombia Travel","robots":{"index":"index","follow":"follow","max-snippet":"max-snippet:-1","max-image-preview":"max-image-preview:large","max-video-preview":"max-video-preview:-1"},"canonical":"https:\/\/seecolombia.travel\/blog\/2013\/09\/vive-paz-ifico-choco-un-destino-fuera-de-lo-comun-en-colombia\/","og_locale":"en_US","og_type":"article","og_title":"\u00a1Vive PAZ-ifico! Choc\u00f3 un destino fuera de lo com\u00fan en Colombia.","og_description":"En ocasiones anteriores escribimos acerca de Capurgan\u00e1 ubicada en el Caribe colombiano en el departamento del Choc\u00f3: Hoy estamos en este departamento pero dirigi\u00e9ndonos al sur hacia la costa pac\u00edfica, una de las \u00e1reas menos visitadas en Colombia, y se podr\u00eda decir que es el tramo menos visitado de la costa. Para comenzar la costa [&hellip;]","og_url":"https:\/\/seecolombia.travel\/blog\/2013\/09\/vive-paz-ifico-choco-un-destino-fuera-de-lo-comun-en-colombia\/","og_site_name":"Colombia Travel Blog by See Colombia Travel","article_published_time":"2013-09-03T16:30:12+00:00","article_modified_time":"2016-05-12T19:39:19+00:00","og_image":[{"width":"1024","height":"698","url":"https:\/\/seecolombia.travel\/blog\/wp-content\/uploads\/2012\/05\/381-1024x698.jpg","type":"image\/jpeg"}],"twitter_card":"summary","twitter_misc":{"Written by":"Carolina Parra","Est. reading time":"5 minutes"},"schema":{"@context":"https:\/\/schema.org","@graph":[{"@type":"WebSite","@id":"https:\/\/seecolombia.travel\/blog\/#website","url":"https:\/\/seecolombia.travel\/blog\/","name":"Colombia Travel Blog by See Colombia Travel","description":"Colombia Travel Blog: An international perspective on travelling in Colombia by world travellers.","potentialAction":[{"@type":"SearchAction","target":{"@type":"EntryPoint","urlTemplate":"https:\/\/seecolombia.travel\/blog\/?s={search_term_string}"},"query-input":"required name=search_term_string"}],"inLanguage":"en-US"},{"@type":"ImageObject","inLanguage":"en-US","@id":"https:\/\/seecolombia.travel\/blog\/2013\/09\/vive-paz-ifico-choco-un-destino-fuera-de-lo-comun-en-colombia\/#primaryimage","url":"https:\/\/seecolombia.travel\/blog\/wp-content\/uploads\/2012\/05\/381.jpg","contentUrl":"https:\/\/seecolombia.travel\/blog\/wp-content\/uploads\/2012\/05\/381.jpg","width":"3641","height":"2483","caption":"Vive PAZifico!"},{"@type":"WebPage","@id":"https:\/\/seecolombia.travel\/blog\/2013\/09\/vive-paz-ifico-choco-un-destino-fuera-de-lo-comun-en-colombia\/#webpage","url":"https:\/\/seecolombia.travel\/blog\/2013\/09\/vive-paz-ifico-choco-un-destino-fuera-de-lo-comun-en-colombia\/","name":"\u00a1Vive PAZ-ifico! Choc\u00f3 un destino fuera de lo com\u00fan en Colombia. - Colombia Travel Blog by See Colombia Travel","isPartOf":{"@id":"https:\/\/seecolombia.travel\/blog\/#website"},"primaryImageOfPage":{"@id":"https:\/\/seecolombia.travel\/blog\/2013\/09\/vive-paz-ifico-choco-un-destino-fuera-de-lo-comun-en-colombia\/#primaryimage"},"datePublished":"2013-09-03T16:30:12+00:00","dateModified":"2016-05-12T19:39:19+00:00","author":{"@id":"https:\/\/seecolombia.travel\/blog\/#\/schema\/person\/1a8dfc8e32bef464a17d083ff793fab8"},"breadcrumb":{"@id":"https:\/\/seecolombia.travel\/blog\/2013\/09\/vive-paz-ifico-choco-un-destino-fuera-de-lo-comun-en-colombia\/#breadcrumb"},"inLanguage":"en-US","potentialAction":[{"@type":"ReadAction","target":["https:\/\/seecolombia.travel\/blog\/2013\/09\/vive-paz-ifico-choco-un-destino-fuera-de-lo-comun-en-colombia\/"]}]},{"@type":"BreadcrumbList","@id":"https:\/\/seecolombia.travel\/blog\/2013\/09\/vive-paz-ifico-choco-un-destino-fuera-de-lo-comun-en-colombia\/#breadcrumb","itemListElement":[{"@type":"ListItem","position":1,"name":"Home","item":"https:\/\/seecolombia.travel\/blog\/"},{"@type":"ListItem","position":2,"name":"\u00a1Vive PAZ-ifico! Choc\u00f3 un destino fuera de lo com\u00fan en Colombia."}]},{"@type":"Person","@id":"https:\/\/seecolombia.travel\/blog\/#\/schema\/person\/1a8dfc8e32bef464a17d083ff793fab8","name":"Carolina Parra","image":{"@type":"ImageObject","inLanguage":"en-US","@id":"https:\/\/seecolombia.travel\/blog\/#\/schema\/person\/image\/","url":"https:\/\/secure.gravatar.com\/avatar\/c9e6563d7aebe647ff6f6ec529984132?s=96&d=retro&r=g","contentUrl":"https:\/\/secure.gravatar.com\/avatar\/c9e6563d7aebe647ff6f6ec529984132?s=96&d=retro&r=g","caption":"Carolina Parra"},"description":"Hola! Soy una rolita apasionada por mostrar los lugares mas ch\u00e9veres que puede ofrecer mi pa\u00eds al resto del mundo . Me divierto escuchando las historias contadas por extranjeros y de hecho he disfrutado traducir los posts m\u00e1s populares, siempre busco mantener la chispa y el estilo de cada autor. Creo que puedes llevar mucho tiempo viviendo en un lugar y no conocerlo por eso he decidido emprender un viaje por el pa\u00eds el cual estar\u00e9 compartiendo con ustedes.","url":"https:\/\/seecolombia.travel\/blog\/author\/carolina\/"}]}},"amp_enabled":true,"_links":{"self":[{"href":"https:\/\/seecolombia.travel\/blog\/wp-json\/wp\/v2\/posts\/9772"}],"collection":[{"href":"https:\/\/seecolombia.travel\/blog\/wp-json\/wp\/v2\/posts"}],"about":[{"href":"https:\/\/seecolombia.travel\/blog\/wp-json\/wp\/v2\/types\/post"}],"author":[{"embeddable":true,"href":"https:\/\/seecolombia.travel\/blog\/wp-json\/wp\/v2\/users\/88892"}],"replies":[{"embeddable":true,"href":"https:\/\/seecolombia.travel\/blog\/wp-json\/wp\/v2\/comments?post=9772"}],"version-history":[{"count":14,"href":"https:\/\/seecolombia.travel\/blog\/wp-json\/wp\/v2\/posts\/9772\/revisions"}],"predecessor-version":[{"id":22674,"href":"https:\/\/seecolombia.travel\/blog\/wp-json\/wp\/v2\/posts\/9772\/revisions\/22674"}],"wp:featuredmedia":[{"embeddable":true,"href":"https:\/\/seecolombia.travel\/blog\/wp-json\/wp\/v2\/media\/3937"}],"wp:attachment":[{"href":"https:\/\/seecolombia.travel\/blog\/wp-json\/wp\/v2\/media?parent=9772"}],"wp:term":[{"taxonomy":"category","embeddable":true,"href":"https:\/\/seecolombia.travel\/blog\/wp-json\/wp\/v2\/categories?post=9772"},{"taxonomy":"post_tag","embeddable":true,"href":"https:\/\/seecolombia.travel\/blog\/wp-json\/wp\/v2\/tags?post=9772"}],"curies":[{"name":"wp","href":"https:\/\/api.w.org\/{rel}","templated":true}]}}