{"id":9395,"date":"2013-08-02T12:05:50","date_gmt":"2013-08-02T17:05:50","guid":{"rendered":"http:\/\/seecolombia.travel\/blog\/?p=9395"},"modified":"2016-05-04T16:44:27","modified_gmt":"2016-05-04T21:44:27","slug":"ultimate-guide-how-to-be-a-backpacker-at-the-medellin-flower-festival","status":"publish","type":"post","link":"https:\/\/seecolombia.travel\/blog\/2013\/08\/ultimate-guide-how-to-be-a-backpacker-at-the-medellin-flower-festival\/","title":{"rendered":"Ultimate Guide: How to be a Backpacker at the Medell\u00edn Flower Festival."},"content":{"rendered":"<p>&nbsp;<\/p>\n<p>As we keep on telling you, Medell\u00edn is awesome. Especially during the Flower Festival. It\u00b4s a funny coincidence, but it just so happens that official precedings kick off today. Don\u00b4t panic, though: if you haven\u00b4t lugged your pack to the City of Eternal Spring (and partays), you haven\u00b4t missed out on everything. There\u00b4s still plenty of time to see Medell\u00edn at its best, as the partays get serious later on next week.<\/p>\n<p>Thus, the following guide should help you have the best time possible.<\/p>\n<p>&nbsp;<\/p>\n<h2>Stay.<\/h2>\n<p>&nbsp;<\/p>\n<figure id=\"attachment_9397\" aria-describedby=\"caption-attachment-9397\" style=\"width: 720px\" class=\"wp-caption aligncenter\"><a href=\"http:\/\/seecolombia.travel\/blog\/2013\/08\/ultimate-guide-how-to-be-a-backpacker-at-the-medellin-flower-festival\/wandering-paisa-medellin\/\" rel=\"attachment wp-att-9397\"><img loading=\"lazy\" class=\"size-full wp-image-9397\" src=\"http:\/\/seecolombia.travel\/blog\/wp-content\/uploads\/2013\/08\/wandering-paisa-medellin.jpg\" alt=\"You *still* haven\u00b4t called them? \" width=\"720\" height=\"480\" srcset=\"https:\/\/seecolombia.travel\/blog\/wp-content\/uploads\/2013\/08\/wandering-paisa-medellin.jpg 720w, https:\/\/seecolombia.travel\/blog\/wp-content\/uploads\/2013\/08\/wandering-paisa-medellin-300x200.jpg 300w\" sizes=\"(max-width: 720px) 100vw, 720px\" \/><\/a><figcaption id=\"caption-attachment-9397\" class=\"wp-caption-text\">You *still* haven\u00b4t called them?<\/figcaption><\/figure>\n<p>&nbsp;<\/p>\n<p>Call <a href=\"http:\/\/www.tripadvisor.com.au\/Search?q=wandering+paisa+medellin&amp;sub-search=SEARCH&amp;geo=&amp;pid=3826&amp;returnTo=http%253A__2F____2F__www__2E__tripadvisor__2E__com__2E__au__2F__\" target=\"_blank\">The Wandering Paisa<\/a>. Now. Why are you still at the computer screen, bud? I\u00b4m usually wary of places claiming to be \u00a8the best blah blah in blah blah,\u00a8 because, if you are actually the best, you probably don\u00b4t need to go on claiming to be. Still, we haven\u00b4t come across a better hostel in the Paisa Capital. A great location, friendly and knowledgable staff, and, of course, hammocks. If you didn\u00b4t roll into town with your crew, this is the best spot to find some Flower Buddies.<\/p>\n<p>&nbsp;<\/p>\n<h2>Drink.<\/h2>\n<p>&nbsp;<\/p>\n<figure id=\"attachment_1824\" aria-describedby=\"caption-attachment-1824\" style=\"width: 359px\" class=\"wp-caption aligncenter\"><a href=\"http:\/\/seecolombia.travel\/blog\/2011\/11\/10-gifts-to-bring-back-from-colombia-ideas-for-christmas\/4539299464_37456b69e6\/\" rel=\"attachment wp-att-1824\"><img loading=\"lazy\" class=\"size-full wp-image-1824\" src=\"http:\/\/seecolombia.travel\/blog\/wp-content\/uploads\/2011\/11\/4539299464_37456b69e6.jpg\" alt=\"Aguardiente\" width=\"359\" height=\"359\" srcset=\"https:\/\/seecolombia.travel\/blog\/wp-content\/uploads\/2011\/11\/4539299464_37456b69e6.jpg 359w, https:\/\/seecolombia.travel\/blog\/wp-content\/uploads\/2011\/11\/4539299464_37456b69e6-150x150.jpg 150w, https:\/\/seecolombia.travel\/blog\/wp-content\/uploads\/2011\/11\/4539299464_37456b69e6-300x300.jpg 300w\" sizes=\"(max-width: 359px) 100vw, 359px\" \/><\/a><figcaption id=\"caption-attachment-1824\" class=\"wp-caption-text\">I\u00b4m afraid it has to be done.<\/figcaption><\/figure>\n<p>&nbsp;<\/p>\n<p>The people of Medell\u00edn are (understandably) proud of all things Medell\u00edn &#8211; from their metro, their mullets, to their guaro. They claim that Antioque\u00f1o aguardiente is the best in the world. Even if this were true, it would still be aguardiente, which means that it is, by definition, terrible. OK, I\u00b4ll have another shot. Why not?<\/p>\n<p>Also, a brand of beer called Pilsen seems to be favoured in these parts. Just a heads up, guys.<\/p>\n<p>&nbsp;<\/p>\n<h2>Eat.<\/h2>\n<p>&nbsp;<\/p>\n<figure id=\"attachment_7135\" aria-describedby=\"caption-attachment-7135\" style=\"width: 640px\" class=\"wp-caption aligncenter\"><a href=\"http:\/\/seecolombia.travel\/blog\/2013\/03\/brothers-and-sisters-the-odd-similarity-between-colombian-and-british-food\/bandeja-paisa\/\" rel=\"attachment wp-att-7135\"><img loading=\"lazy\" class=\"size-full wp-image-7135\" src=\"http:\/\/seecolombia.travel\/blog\/wp-content\/uploads\/2013\/03\/bandeja-paisa.jpg\" alt=\"Bandeja Paisa\" width=\"640\" height=\"480\" srcset=\"https:\/\/seecolombia.travel\/blog\/wp-content\/uploads\/2013\/03\/bandeja-paisa.jpg 640w, https:\/\/seecolombia.travel\/blog\/wp-content\/uploads\/2013\/03\/bandeja-paisa-300x225.jpg 300w\" sizes=\"(max-width: 640px) 100vw, 640px\" \/><\/a><figcaption id=\"caption-attachment-7135\" class=\"wp-caption-text\">Bandeja Paisa, image courtesy of<\/figcaption><\/figure>\n<p>&nbsp;<\/p>\n<p><a href=\"http:\/\/seecolombia.travel\/blog\/2011\/03\/my-everest-the-bandeja-paisa\/\" target=\"_blank\">Bandeja Paisa<\/a>. Get into it. \u00b4Nuff said.<\/p>\n<p>Also, the burgers at <a href=\"http:\/\/seecolombia.travel\/blog\/2013\/05\/burgers-everywhere-colombias-national-dish\/\" target=\"_blank\">Chef Burger<\/a>, in Poblado, are pretty bangin.<\/p>\n<p>&nbsp;<\/p>\n<h2>Party.<a href=\"http:\/\/seecolombia.travel\/blog\/2013\/05\/burgers-everywhere-colombias-national-dish\/\">.<\/a><\/h2>\n<p>&nbsp;<\/p>\n<figure id=\"attachment_9396\" aria-describedby=\"caption-attachment-9396\" style=\"width: 700px\" class=\"wp-caption aligncenter\"><a href=\"http:\/\/seecolombia.travel\/blog\/2013\/08\/ultimate-guide-how-to-be-a-backpacker-at-the-medellin-flower-festival\/mangos-medellin-sarah-duncan\/\" rel=\"attachment wp-att-9396\"><img loading=\"lazy\" class=\"size-full wp-image-9396\" src=\"http:\/\/seecolombia.travel\/blog\/wp-content\/uploads\/2013\/08\/Mangos-Medellin-Sarah-Duncan.jpg\" alt=\"This sort of thing is the norm at Mangos. Just so you\u00b4re prepared. \" width=\"700\" height=\"525\" srcset=\"https:\/\/seecolombia.travel\/blog\/wp-content\/uploads\/2013\/08\/Mangos-Medellin-Sarah-Duncan.jpg 700w, https:\/\/seecolombia.travel\/blog\/wp-content\/uploads\/2013\/08\/Mangos-Medellin-Sarah-Duncan-300x225.jpg 300w\" sizes=\"(max-width: 700px) 100vw, 700px\" \/><\/a><figcaption id=\"caption-attachment-9396\" class=\"wp-caption-text\">This sort of thing is the norm at Mangos. Just so you\u00b4re prepared.<\/figcaption><\/figure>\n<p>&nbsp;<\/p>\n<p>After you\u00b4ve filled your face at Chef Burger, there are plenty of party options around Poblado, which is Paisa Party Central, However, if you head down the road to\u00a0Itag\u00fc\u00ed (Carrera 42 No. 67A \u2013 151), you\u00b4ll discover probably the most (in)famous club in town, <a href=\"http:\/\/thecolombiatravelguide.com\/bars-and-clubs\/mangos-discoteca-medellin\/\" target=\"_blank\">Mangos<\/a>. Allegedly, it\u00b4s so popular, because the proprietor did a deal with the devil. I think he can play a pretty mean guitar, too.<\/p>\n<p>Of course, being the biggest time of the year, there are plenty of concerts, and just general shenanigans on the street all through Medell\u00edn. It\u00b4s going to be difficult to\u00a0<em style=\"line-height: 1.6em;\">not\u00a0<\/em>have a good time. Why would you even want to prove me wrong, though?<\/p>\n<p>&nbsp;<\/p>\n<h2>Oh yeah; there just happens to be a Flower Festival going on.<\/h2>\n<p>&nbsp;<\/p>\n<figure id=\"attachment_2319\" aria-describedby=\"caption-attachment-2319\" style=\"width: 480px\" class=\"wp-caption aligncenter\"><a href=\"http:\/\/seecolombia.travel\/blog\/2012\/01\/5-upcoming-events-in-colombia-in-2012-you-shouldnt-miss-start-getting-excited\/252008_205440542845023_150402541682157_530775_2935612_n-1-3\/\" rel=\"attachment wp-att-2319\"><img loading=\"lazy\" class=\"size-full wp-image-2319\" src=\"http:\/\/seecolombia.travel\/blog\/wp-content\/uploads\/2012\/01\/252008_205440542845023_150402541682157_530775_2935612_n-1.jpg\" alt=\"Colorful costumes at Feria de Las Flores\" width=\"480\" height=\"720\" srcset=\"https:\/\/seecolombia.travel\/blog\/wp-content\/uploads\/2012\/01\/252008_205440542845023_150402541682157_530775_2935612_n-1.jpg 480w, https:\/\/seecolombia.travel\/blog\/wp-content\/uploads\/2012\/01\/252008_205440542845023_150402541682157_530775_2935612_n-1-200x300.jpg 200w\" sizes=\"(max-width: 480px) 100vw, 480px\" \/><\/a><figcaption id=\"caption-attachment-2319\" class=\"wp-caption-text\">Colorful costumes at Feria de Las Flores<\/figcaption><\/figure>\n<p>&nbsp;<\/p>\n<p>Oops: I almost forgot.I was writing this post because of the flower festival, right? Check out the intricate and spectacular flower dislays. They even beat those at the Royal Easter Show back in Sydney, impossible to believe as that is. Marvel at the feats of strength of the\u00a0<em>stileteros<\/em>, guys carrying massive floral displays on their backs. Flowers can get heavy, believe you me. There\u00b4s also a vintage car display, and plenty more. Check out here for what we\u00b4ve said about former years <a title=\"Top 5 Moments From Last Year\u2019s Medellin Feria de Las Flores\" href=\"http:\/\/seecolombia.travel\/blog\/2012\/08\/top-5-moments-from-last-years-medellin-feria-de-las-flores\/\">here<\/a>.<\/p>\n<p>And check out the official site <a href=\"http:\/\/www.feriadelasfloresmedellin.gov.co\/en\/category\/programacion\/\" target=\"_blank\">here<\/a>, so you can check the full program.<\/p>\n","protected":false},"excerpt":{"rendered":"<p>&nbsp; As we keep on telling you, Medell\u00edn is awesome. Especially during the Flower Festival. It\u00b4s a funny coincidence, but it just so happens that official precedings kick off today. Don\u00b4t panic, though: if you haven\u00b4t lugged your pack to the City of Eternal Spring (and partays), you haven\u00b4t missed out on everything. There\u00b4s still [&hellip;]<\/p>\n","protected":false},"author":88889,"featured_media":1153,"comment_status":"open","ping_status":"open","sticky":false,"template":"","format":"standard","meta":{"ngg_post_thumbnail":0},"categories":[4,1667,12,1521],"tags":[2875,58,142,2974,2864],"yoast_head":"<!-- This site is optimized with the Yoast SEO Premium plugin v18.4 (Yoast SEO v18.9) - https:\/\/yoast.com\/wordpress\/plugins\/seo\/ -->\n<title>Ultimate Guide: How to be a Backpacker at the Medell\u00edn Flower Festival. - Colombia Travel Blog by See Colombia Travel<\/title>\n<meta name=\"robots\" content=\"index, follow, max-snippet:-1, max-image-preview:large, max-video-preview:-1\" \/>\n<link rel=\"canonical\" href=\"https:\/\/seecolombia.travel\/blog\/2013\/08\/ultimate-guide-how-to-be-a-backpacker-at-the-medellin-flower-festival\/\" \/>\n<meta property=\"og:locale\" content=\"en_US\" \/>\n<meta property=\"og:type\" content=\"article\" \/>\n<meta property=\"og:title\" content=\"Ultimate Guide: How to be a Backpacker at the Medell\u00edn Flower Festival.\" \/>\n<meta property=\"og:description\" content=\"&nbsp; As we keep on telling you, Medell\u00edn is awesome. Especially during the Flower Festival. It\u00b4s a funny coincidence, but it just so happens that official precedings kick off today. Don\u00b4t panic, though: if you haven\u00b4t lugged your pack to the City of Eternal Spring (and partays), you haven\u00b4t missed out on everything. There\u00b4s still [&hellip;]\" \/>\n<meta property=\"og:url\" content=\"https:\/\/seecolombia.travel\/blog\/2013\/08\/ultimate-guide-how-to-be-a-backpacker-at-the-medellin-flower-festival\/\" \/>\n<meta property=\"og:site_name\" content=\"Colombia Travel Blog by See Colombia Travel\" \/>\n<meta property=\"article:published_time\" content=\"2013-08-02T17:05:50+00:00\" \/>\n<meta property=\"article:modified_time\" content=\"2016-05-04T21:44:27+00:00\" \/>\n<meta property=\"og:image\" content=\"https:\/\/seecolombia.travel\/blog\/wp-content\/uploads\/2011\/08\/184015_205441076178303_150402541682157_530781_8164393_n.jpg\" \/>\n\t<meta property=\"og:image:width\" content=\"720\" \/>\n\t<meta property=\"og:image:height\" content=\"480\" \/>\n\t<meta property=\"og:image:type\" content=\"image\/jpeg\" \/>\n<meta name=\"twitter:card\" content=\"summary\" \/>\n<meta name=\"twitter:label1\" content=\"Written by\" \/>\n\t<meta name=\"twitter:data1\" content=\"Paul Giles\" \/>\n\t<meta name=\"twitter:label2\" content=\"Est. reading time\" \/>\n\t<meta name=\"twitter:data2\" content=\"3 minutes\" \/>\n<script type=\"application\/ld+json\" class=\"yoast-schema-graph\">{\"@context\":\"https:\/\/schema.org\",\"@graph\":[{\"@type\":\"WebSite\",\"@id\":\"https:\/\/seecolombia.travel\/blog\/#website\",\"url\":\"https:\/\/seecolombia.travel\/blog\/\",\"name\":\"Colombia Travel Blog by See Colombia Travel\",\"description\":\"Colombia Travel Blog: An international perspective on travelling in Colombia by world travellers.\",\"potentialAction\":[{\"@type\":\"SearchAction\",\"target\":{\"@type\":\"EntryPoint\",\"urlTemplate\":\"https:\/\/seecolombia.travel\/blog\/?s={search_term_string}\"},\"query-input\":\"required name=search_term_string\"}],\"inLanguage\":\"en-US\"},{\"@type\":\"ImageObject\",\"inLanguage\":\"en-US\",\"@id\":\"https:\/\/seecolombia.travel\/blog\/2013\/08\/ultimate-guide-how-to-be-a-backpacker-at-the-medellin-flower-festival\/#primaryimage\",\"url\":\"https:\/\/seecolombia.travel\/blog\/wp-content\/uploads\/2011\/08\/184015_205441076178303_150402541682157_530781_8164393_n.jpg\",\"contentUrl\":\"https:\/\/seecolombia.travel\/blog\/wp-content\/uploads\/2011\/08\/184015_205441076178303_150402541682157_530781_8164393_n.jpg\",\"width\":720,\"height\":480,\"caption\":\"A line of silleteros\"},{\"@type\":\"WebPage\",\"@id\":\"https:\/\/seecolombia.travel\/blog\/2013\/08\/ultimate-guide-how-to-be-a-backpacker-at-the-medellin-flower-festival\/#webpage\",\"url\":\"https:\/\/seecolombia.travel\/blog\/2013\/08\/ultimate-guide-how-to-be-a-backpacker-at-the-medellin-flower-festival\/\",\"name\":\"Ultimate Guide: How to be a Backpacker at the Medell\u00edn Flower Festival. - Colombia Travel Blog by See Colombia Travel\",\"isPartOf\":{\"@id\":\"https:\/\/seecolombia.travel\/blog\/#website\"},\"primaryImageOfPage\":{\"@id\":\"https:\/\/seecolombia.travel\/blog\/2013\/08\/ultimate-guide-how-to-be-a-backpacker-at-the-medellin-flower-festival\/#primaryimage\"},\"datePublished\":\"2013-08-02T17:05:50+00:00\",\"dateModified\":\"2016-05-04T21:44:27+00:00\",\"author\":{\"@id\":\"https:\/\/seecolombia.travel\/blog\/#\/schema\/person\/f098b05903adc07063c4bb549f28cb76\"},\"breadcrumb\":{\"@id\":\"https:\/\/seecolombia.travel\/blog\/2013\/08\/ultimate-guide-how-to-be-a-backpacker-at-the-medellin-flower-festival\/#breadcrumb\"},\"inLanguage\":\"en-US\",\"potentialAction\":[{\"@type\":\"ReadAction\",\"target\":[\"https:\/\/seecolombia.travel\/blog\/2013\/08\/ultimate-guide-how-to-be-a-backpacker-at-the-medellin-flower-festival\/\"]}]},{\"@type\":\"BreadcrumbList\",\"@id\":\"https:\/\/seecolombia.travel\/blog\/2013\/08\/ultimate-guide-how-to-be-a-backpacker-at-the-medellin-flower-festival\/#breadcrumb\",\"itemListElement\":[{\"@type\":\"ListItem\",\"position\":1,\"name\":\"Home\",\"item\":\"https:\/\/seecolombia.travel\/blog\/\"},{\"@type\":\"ListItem\",\"position\":2,\"name\":\"Ultimate Guide: How to be a Backpacker at the Medell\u00edn Flower Festival.\"}]},{\"@type\":\"Person\",\"@id\":\"https:\/\/seecolombia.travel\/blog\/#\/schema\/person\/f098b05903adc07063c4bb549f28cb76\",\"name\":\"Paul Giles\",\"image\":{\"@type\":\"ImageObject\",\"inLanguage\":\"en-US\",\"@id\":\"https:\/\/seecolombia.travel\/blog\/#\/schema\/person\/image\/\",\"url\":\"https:\/\/secure.gravatar.com\/avatar\/042160c2ae3957c1811b809f45cfe0c6?s=96&d=retro&r=g\",\"contentUrl\":\"https:\/\/secure.gravatar.com\/avatar\/042160c2ae3957c1811b809f45cfe0c6?s=96&d=retro&r=g\",\"caption\":\"Paul Giles\"},\"description\":\"Hi my name is Paul Giles and I'm one of See Colombia's Travel Writers. I must say that it\u00b4s a bit of a happy accident that I\u2019ve found myself here at all. After flitting back and forth between Australia and Asia for a few years, I felt the South American continent calling me. I thought I\u00b4d end up in Argentina or somewhere, but ever since I\u00b4ve made it to Colombia, good things just seem to manifest themselves before my eyes. Whether it is the funky, slightly grungy energy of the capital, Bogota; the steamy sass of Cartegena; the Carribean beauty of Tayrona; or the jaw-dropping gorgeousness of the coffee region; I\u2019ve found it difficult not to fall in love with the country and its people. As for myself, I\u00b4m passionate about a number of things; travel (duh), poetry, food, good drinks, and ridiculous clothing. And, from what I\u00b4ve seen so far, I\u00b4m confident Colombia is a peculiarly amenable environment to sustain and develop such passions.\",\"sameAs\":[\"http:\/\/www.mrgiles.blogspot.com\"],\"url\":\"https:\/\/seecolombia.travel\/blog\/author\/paul-giles\/\"}]}<\/script>\n<!-- \/ Yoast SEO Premium plugin. -->","yoast_head_json":{"title":"Ultimate Guide: How to be a Backpacker at the Medell\u00edn Flower Festival. - Colombia Travel Blog by See Colombia Travel","robots":{"index":"index","follow":"follow","max-snippet":"max-snippet:-1","max-image-preview":"max-image-preview:large","max-video-preview":"max-video-preview:-1"},"canonical":"https:\/\/seecolombia.travel\/blog\/2013\/08\/ultimate-guide-how-to-be-a-backpacker-at-the-medellin-flower-festival\/","og_locale":"en_US","og_type":"article","og_title":"Ultimate Guide: How to be a Backpacker at the Medell\u00edn Flower Festival.","og_description":"&nbsp; As we keep on telling you, Medell\u00edn is awesome. Especially during the Flower Festival. It\u00b4s a funny coincidence, but it just so happens that official precedings kick off today. Don\u00b4t panic, though: if you haven\u00b4t lugged your pack to the City of Eternal Spring (and partays), you haven\u00b4t missed out on everything. There\u00b4s still [&hellip;]","og_url":"https:\/\/seecolombia.travel\/blog\/2013\/08\/ultimate-guide-how-to-be-a-backpacker-at-the-medellin-flower-festival\/","og_site_name":"Colombia Travel Blog by See Colombia Travel","article_published_time":"2013-08-02T17:05:50+00:00","article_modified_time":"2016-05-04T21:44:27+00:00","og_image":[{"width":720,"height":480,"url":"https:\/\/seecolombia.travel\/blog\/wp-content\/uploads\/2011\/08\/184015_205441076178303_150402541682157_530781_8164393_n.jpg","type":"image\/jpeg"}],"twitter_card":"summary","twitter_misc":{"Written by":"Paul Giles","Est. reading time":"3 minutes"},"schema":{"@context":"https:\/\/schema.org","@graph":[{"@type":"WebSite","@id":"https:\/\/seecolombia.travel\/blog\/#website","url":"https:\/\/seecolombia.travel\/blog\/","name":"Colombia Travel Blog by See Colombia Travel","description":"Colombia Travel Blog: An international perspective on travelling in Colombia by world travellers.","potentialAction":[{"@type":"SearchAction","target":{"@type":"EntryPoint","urlTemplate":"https:\/\/seecolombia.travel\/blog\/?s={search_term_string}"},"query-input":"required name=search_term_string"}],"inLanguage":"en-US"},{"@type":"ImageObject","inLanguage":"en-US","@id":"https:\/\/seecolombia.travel\/blog\/2013\/08\/ultimate-guide-how-to-be-a-backpacker-at-the-medellin-flower-festival\/#primaryimage","url":"https:\/\/seecolombia.travel\/blog\/wp-content\/uploads\/2011\/08\/184015_205441076178303_150402541682157_530781_8164393_n.jpg","contentUrl":"https:\/\/seecolombia.travel\/blog\/wp-content\/uploads\/2011\/08\/184015_205441076178303_150402541682157_530781_8164393_n.jpg","width":720,"height":480,"caption":"A line of silleteros"},{"@type":"WebPage","@id":"https:\/\/seecolombia.travel\/blog\/2013\/08\/ultimate-guide-how-to-be-a-backpacker-at-the-medellin-flower-festival\/#webpage","url":"https:\/\/seecolombia.travel\/blog\/2013\/08\/ultimate-guide-how-to-be-a-backpacker-at-the-medellin-flower-festival\/","name":"Ultimate Guide: How to be a Backpacker at the Medell\u00edn Flower Festival. - Colombia Travel Blog by See Colombia Travel","isPartOf":{"@id":"https:\/\/seecolombia.travel\/blog\/#website"},"primaryImageOfPage":{"@id":"https:\/\/seecolombia.travel\/blog\/2013\/08\/ultimate-guide-how-to-be-a-backpacker-at-the-medellin-flower-festival\/#primaryimage"},"datePublished":"2013-08-02T17:05:50+00:00","dateModified":"2016-05-04T21:44:27+00:00","author":{"@id":"https:\/\/seecolombia.travel\/blog\/#\/schema\/person\/f098b05903adc07063c4bb549f28cb76"},"breadcrumb":{"@id":"https:\/\/seecolombia.travel\/blog\/2013\/08\/ultimate-guide-how-to-be-a-backpacker-at-the-medellin-flower-festival\/#breadcrumb"},"inLanguage":"en-US","potentialAction":[{"@type":"ReadAction","target":["https:\/\/seecolombia.travel\/blog\/2013\/08\/ultimate-guide-how-to-be-a-backpacker-at-the-medellin-flower-festival\/"]}]},{"@type":"BreadcrumbList","@id":"https:\/\/seecolombia.travel\/blog\/2013\/08\/ultimate-guide-how-to-be-a-backpacker-at-the-medellin-flower-festival\/#breadcrumb","itemListElement":[{"@type":"ListItem","position":1,"name":"Home","item":"https:\/\/seecolombia.travel\/blog\/"},{"@type":"ListItem","position":2,"name":"Ultimate Guide: How to be a Backpacker at the Medell\u00edn Flower Festival."}]},{"@type":"Person","@id":"https:\/\/seecolombia.travel\/blog\/#\/schema\/person\/f098b05903adc07063c4bb549f28cb76","name":"Paul Giles","image":{"@type":"ImageObject","inLanguage":"en-US","@id":"https:\/\/seecolombia.travel\/blog\/#\/schema\/person\/image\/","url":"https:\/\/secure.gravatar.com\/avatar\/042160c2ae3957c1811b809f45cfe0c6?s=96&d=retro&r=g","contentUrl":"https:\/\/secure.gravatar.com\/avatar\/042160c2ae3957c1811b809f45cfe0c6?s=96&d=retro&r=g","caption":"Paul Giles"},"description":"Hi my name is Paul Giles and I'm one of See Colombia's Travel Writers. I must say that it\u00b4s a bit of a happy accident that I\u2019ve found myself here at all. After flitting back and forth between Australia and Asia for a few years, I felt the South American continent calling me. I thought I\u00b4d end up in Argentina or somewhere, but ever since I\u00b4ve made it to Colombia, good things just seem to manifest themselves before my eyes. Whether it is the funky, slightly grungy energy of the capital, Bogota; the steamy sass of Cartegena; the Carribean beauty of Tayrona; or the jaw-dropping gorgeousness of the coffee region; I\u2019ve found it difficult not to fall in love with the country and its people. As for myself, I\u00b4m passionate about a number of things; travel (duh), poetry, food, good drinks, and ridiculous clothing. And, from what I\u00b4ve seen so far, I\u00b4m confident Colombia is a peculiarly amenable environment to sustain and develop such passions.","sameAs":["http:\/\/www.mrgiles.blogspot.com"],"url":"https:\/\/seecolombia.travel\/blog\/author\/paul-giles\/"}]}},"amp_enabled":true,"_links":{"self":[{"href":"https:\/\/seecolombia.travel\/blog\/wp-json\/wp\/v2\/posts\/9395"}],"collection":[{"href":"https:\/\/seecolombia.travel\/blog\/wp-json\/wp\/v2\/posts"}],"about":[{"href":"https:\/\/seecolombia.travel\/blog\/wp-json\/wp\/v2\/types\/post"}],"author":[{"embeddable":true,"href":"https:\/\/seecolombia.travel\/blog\/wp-json\/wp\/v2\/users\/88889"}],"replies":[{"embeddable":true,"href":"https:\/\/seecolombia.travel\/blog\/wp-json\/wp\/v2\/comments?post=9395"}],"version-history":[{"count":7,"href":"https:\/\/seecolombia.travel\/blog\/wp-json\/wp\/v2\/posts\/9395\/revisions"}],"predecessor-version":[{"id":21868,"href":"https:\/\/seecolombia.travel\/blog\/wp-json\/wp\/v2\/posts\/9395\/revisions\/21868"}],"wp:featuredmedia":[{"embeddable":true,"href":"https:\/\/seecolombia.travel\/blog\/wp-json\/wp\/v2\/media\/1153"}],"wp:attachment":[{"href":"https:\/\/seecolombia.travel\/blog\/wp-json\/wp\/v2\/media?parent=9395"}],"wp:term":[{"taxonomy":"category","embeddable":true,"href":"https:\/\/seecolombia.travel\/blog\/wp-json\/wp\/v2\/categories?post=9395"},{"taxonomy":"post_tag","embeddable":true,"href":"https:\/\/seecolombia.travel\/blog\/wp-json\/wp\/v2\/tags?post=9395"}],"curies":[{"name":"wp","href":"https:\/\/api.w.org\/{rel}","templated":true}]}}