{"id":8908,"date":"2013-06-21T12:51:45","date_gmt":"2013-06-21T17:51:45","guid":{"rendered":"http:\/\/seecolombia.travel\/blog\/?p=8908"},"modified":"2021-08-23T10:55:52","modified_gmt":"2021-08-23T15:55:52","slug":"un-espanol-un-peruano-y-un-argentino-se-encuentran-en-medellin","status":"publish","type":"post","link":"https:\/\/seecolombia.travel\/blog\/2013\/06\/un-espanol-un-peruano-y-un-argentino-se-encuentran-en-medellin\/","title":{"rendered":"Un Espa\u00f1ol , un Peruano y un Argentino se encuentran en Medell\u00edn \u2026&#8230;"},"content":{"rendered":"<p>Aunque el t\u00edtulo de este post parece un chiste, eso es exactamente lo que pas\u00f3 el 6 de Junio de este a\u00f1o cuando el <a title=\"Medellin Visitors and Convention Bureau\" href=\"http:\/\/www.facebook.com\/BureauMedellin?fref=ts\" target=\"_blank\" rel=\"noopener\">Medellin Convention &amp; Visitors Bureau<\/a> invit\u00f3 a 3 famosos blogueros \u00a0de habla hispana \u2013 y amigos de este blog &#8211; \u00a0a recorrer<a title=\"Medellin\" href=\"http:\/\/seecolombia.travel\/travel-guide\/destinations\/medellin\/\" target=\"_blank\" rel=\"noopener\"> Medell\u00edn <\/a>y sus alrededores para conocer y promocionar el destino entre sus miles de \u00a0lectores.<\/p>\n<p>Al peruano \u00a0Frank Tipiani y al argentino Federico Bongiorno los conocimos cuando competimos por el concurso \u00a0organizado por FITUR\u00a0 para elegir al <a title=\"Fitur Bloggers Concurso\" href=\"http:\/\/seecolombia.travel\/blog\/2012\/12\/gracias-por-votar-por-colombia\/\" target=\"_blank\" rel=\"noopener\">mejor blogger de Latino Am\u00e9rica en 2012<\/a>, competencia en la que quedamos en segundo puesto despu\u00e9s de www.infodestino.com y antes de <a href=\"http:\/\/www.positiveviajes.com.ar\">www.positiveviajes.com.ar<\/a> , los blogs de Frank y Fede respectivamente. Dani Mero\u00f1o es un viejo amigo, creador de <a href=\"http:\/\/www.elcocineroviajero.com\">www.elcocineroviajero.com<\/a>\u00a0 , pr\u00f3ximo conductor del programa del mismo nombre y chef del exquisito Chamber\u00ed de Bogot\u00e1 \u2013 elegido por nuestro blog como <a title=\"Restaurant Chamber\u00ed Bogot\u00e1\" href=\"http:\/\/seecolombia.travel\/blog\/2012\/12\/the-annual-see-colombia-travel-awards-best-of-colombia-2012\/\" target=\"_blank\" rel=\"noopener\">mejor restaurante en Colombia del 2012<\/a>.<\/p>\n<figure id=\"attachment_8914\" aria-describedby=\"caption-attachment-8914\" style=\"width: 480px\" class=\"wp-caption alignleft\"><a href=\"http:\/\/seecolombia.travel\/blog\/2013\/06\/un-espanol-un-peruano-y-un-argentino-se-encuentran-en-medellin\/medellin-19\/\" rel=\"attachment wp-att-8914\"><img loading=\"lazy\" class=\"size-full wp-image-8914\" src=\"https:\/\/seecolombia.travel\/blog\/wp-content\/uploads\/2013\/06\/medellin-19.jpg\" alt=\"Plaza Botero Medellin\" width=\"480\" height=\"640\" srcset=\"https:\/\/seecolombia.travel\/blog\/wp-content\/uploads\/2013\/06\/medellin-19.jpg 480w, https:\/\/seecolombia.travel\/blog\/wp-content\/uploads\/2013\/06\/medellin-19-225x300.jpg 225w\" sizes=\"(max-width: 480px) 100vw, 480px\" \/><\/a><figcaption id=\"caption-attachment-8914\" class=\"wp-caption-text\">La Plaza Botero, uno de los sitios obligados para apreciar en Medell\u00edn.<\/figcaption><\/figure>\n<p>La idea era mezclar a tres tipos de bloggers muy distintos, con p\u00fablicos variados y visiones \u00fanicas pero sobre todo con diferentes expectativas sobre la ciudad \u2013 Frank y Fede no conoc\u00edan Medellin mientras que Dani ya hab\u00eda estado unas cuantas veces.<\/p>\n<p>El resultado fue un blogtrip en el que se vivieron diversas experiencias sobre la ciudad y regiones aleda\u00f1as \u00a0sobre las que luego los blogueros se explayaron en sus redes sociales y posts. Adem\u00e1s de esto, la acci\u00f3n traspas\u00f3 al mundo offline cuando fueron entrevistados para diversos medios como <a title=\"Blogueros Medellin El Colombiano See Colombia\" href=\"http:\/\/www.elcolombiano.com\/BancoConocimiento\/B\/blogueros_de_viajes_descubren_destinos_para_sus_seguidores\/blogueros_de_viajes_descubren_destinos_para_sus_seguidores.asp\" target=\"_blank\" rel=\"noopener\">El Colombiano<\/a> a quien pertenece la foto de portada.<\/p>\n<p>&nbsp;<\/p>\n<p>Como bloggers nos llena de emoci\u00f3n y entusiasmo que cada vez m\u00e1s se est\u00e9 tomando en cuenta al Travel blogging como una herramienta eficiente, honesta y entretenida para hablar de par a par con los potenciales visitantes a un destino y felicitamos a Medell\u00edn \u2013 no por nada la ciudad m\u00e1s innovadora del mundo \u2013 por esta iniciativa.<\/p>\n<p>\u00bfQu\u00e9 opinan entonces en espa\u00f1ol, un peruano y un argentino sobre Medell\u00edn? \u00a0Aqu\u00ed una muestra de algunos de sus posts:<\/p>\n<ul>\n<li>Dani sobre el fiambre que prob\u00f3 en Parque Arv\u00ed: <a href=\"http:\/\/www.elcocineroviajero.com\/el-fiambre-del-parque-arvi\/\" target=\"_blank\" rel=\"noopener\">http:\/\/www.elcocineroviajero.com\/el-fiambre-del-parque-arvi\/<\/a><\/li>\n<\/ul>\n<ul>\n<li>Frank nos muestra una galer\u00eda de fotos del Blogtrip a Medellin : <a href=\"http:\/\/infodestino.com\/index.php\/fotos-de-viajeros\/124-galeria-de-fotos-medellin\" target=\"_blank\" rel=\"noopener\">http:\/\/infodestino.com\/index.php\/fotos-de-viajeros\/124-galeria-de-fotos-medellin<\/a><\/li>\n<\/ul>\n<ul>\n<li>Fede nos muestra su asombro por la Cultura ejemplar de Medell\u00edn:\u00a0 <a href=\"http:\/\/positiveviajes.com.ar\/disfruta-al-extremo\/medellin-cultura-ejemplar\/\" target=\"_blank\" rel=\"noopener\">http:\/\/positiveviajes.com.ar\/disfruta-al-extremo\/medellin-cultura-ejemplar\/<\/a><\/li>\n<\/ul>\n<p>&nbsp;<\/p>\n<p>&nbsp;<\/p>\n","protected":false},"excerpt":{"rendered":"<p>Aunque el t\u00edtulo de este post parece un chiste, eso es exactamente lo que pas\u00f3 el 6 de Junio de este a\u00f1o cuando el Medellin Convention &amp; Visitors Bureau invit\u00f3 a 3 famosos blogueros \u00a0de habla hispana \u2013 y amigos de este blog &#8211; \u00a0a recorrer Medell\u00edn y sus alrededores para conocer y promocionar el [&hellip;]<\/p>\n","protected":false},"author":3,"featured_media":8909,"comment_status":"open","ping_status":"open","sticky":false,"template":"","format":"standard","meta":{"ngg_post_thumbnail":0},"categories":[4,865],"tags":[2973,1605,2974,2864],"yoast_head":"<!-- This site is optimized with the Yoast SEO Premium plugin v18.4 (Yoast SEO v18.9) - https:\/\/yoast.com\/wordpress\/plugins\/seo\/ -->\n<title>Un Espa\u00f1ol , un Peruano y un Argentino se encuentran en Medell\u00edn \u2026... - Colombia Travel Blog by See Colombia Travel<\/title>\n<meta name=\"robots\" content=\"index, follow, max-snippet:-1, max-image-preview:large, max-video-preview:-1\" \/>\n<link rel=\"canonical\" href=\"https:\/\/seecolombia.travel\/blog\/2013\/06\/un-espanol-un-peruano-y-un-argentino-se-encuentran-en-medellin\/\" \/>\n<meta property=\"og:locale\" content=\"en_US\" \/>\n<meta property=\"og:type\" content=\"article\" \/>\n<meta property=\"og:title\" content=\"Un Espa\u00f1ol , un Peruano y un Argentino se encuentran en Medell\u00edn \u2026...\" \/>\n<meta property=\"og:description\" content=\"Aunque el t\u00edtulo de este post parece un chiste, eso es exactamente lo que pas\u00f3 el 6 de Junio de este a\u00f1o cuando el Medellin Convention &amp; Visitors Bureau invit\u00f3 a 3 famosos blogueros \u00a0de habla hispana \u2013 y amigos de este blog &#8211; \u00a0a recorrer Medell\u00edn y sus alrededores para conocer y promocionar el [&hellip;]\" \/>\n<meta property=\"og:url\" content=\"https:\/\/seecolombia.travel\/blog\/2013\/06\/un-espanol-un-peruano-y-un-argentino-se-encuentran-en-medellin\/\" \/>\n<meta property=\"og:site_name\" content=\"Colombia Travel Blog by See Colombia Travel\" \/>\n<meta property=\"article:published_time\" content=\"2013-06-21T17:51:45+00:00\" \/>\n<meta property=\"article:modified_time\" content=\"2021-08-23T15:55:52+00:00\" \/>\n<meta property=\"og:image\" content=\"https:\/\/seecolombia.travel\/blog\/wp-content\/uploads\/2013\/06\/Espanhol-Argentino-y-Peruano.jpg\" \/>\n\t<meta property=\"og:image:width\" content=\"640\" \/>\n\t<meta property=\"og:image:height\" content=\"274\" \/>\n\t<meta property=\"og:image:type\" content=\"image\/jpeg\" \/>\n<meta name=\"twitter:card\" content=\"summary\" \/>\n<meta name=\"twitter:label1\" content=\"Written by\" \/>\n\t<meta name=\"twitter:data1\" content=\"JL\" \/>\n\t<meta name=\"twitter:label2\" content=\"Est. reading time\" \/>\n\t<meta name=\"twitter:data2\" content=\"2 minutes\" \/>\n<script type=\"application\/ld+json\" class=\"yoast-schema-graph\">{\"@context\":\"https:\/\/schema.org\",\"@graph\":[{\"@type\":\"WebSite\",\"@id\":\"https:\/\/seecolombia.travel\/blog\/#website\",\"url\":\"https:\/\/seecolombia.travel\/blog\/\",\"name\":\"Colombia Travel Blog by See Colombia Travel\",\"description\":\"Colombia Travel Blog: An international perspective on travelling in Colombia by world travellers.\",\"potentialAction\":[{\"@type\":\"SearchAction\",\"target\":{\"@type\":\"EntryPoint\",\"urlTemplate\":\"https:\/\/seecolombia.travel\/blog\/?s={search_term_string}\"},\"query-input\":\"required name=search_term_string\"}],\"inLanguage\":\"en-US\"},{\"@type\":\"ImageObject\",\"inLanguage\":\"en-US\",\"@id\":\"https:\/\/seecolombia.travel\/blog\/2013\/06\/un-espanol-un-peruano-y-un-argentino-se-encuentran-en-medellin\/#primaryimage\",\"url\":\"https:\/\/seecolombia.travel\/blog\/wp-content\/uploads\/2013\/06\/Espanhol-Argentino-y-Peruano.jpg\",\"contentUrl\":\"https:\/\/seecolombia.travel\/blog\/wp-content\/uploads\/2013\/06\/Espanhol-Argentino-y-Peruano.jpg\",\"width\":640,\"height\":274,\"caption\":\"Bloggers will be bloggers...\"},{\"@type\":\"WebPage\",\"@id\":\"https:\/\/seecolombia.travel\/blog\/2013\/06\/un-espanol-un-peruano-y-un-argentino-se-encuentran-en-medellin\/#webpage\",\"url\":\"https:\/\/seecolombia.travel\/blog\/2013\/06\/un-espanol-un-peruano-y-un-argentino-se-encuentran-en-medellin\/\",\"name\":\"Un Espa\u00f1ol , un Peruano y un Argentino se encuentran en Medell\u00edn \u2026... - Colombia Travel Blog by See Colombia Travel\",\"isPartOf\":{\"@id\":\"https:\/\/seecolombia.travel\/blog\/#website\"},\"primaryImageOfPage\":{\"@id\":\"https:\/\/seecolombia.travel\/blog\/2013\/06\/un-espanol-un-peruano-y-un-argentino-se-encuentran-en-medellin\/#primaryimage\"},\"datePublished\":\"2013-06-21T17:51:45+00:00\",\"dateModified\":\"2021-08-23T15:55:52+00:00\",\"author\":{\"@id\":\"https:\/\/seecolombia.travel\/blog\/#\/schema\/person\/d83df03ea54d1f0911d7098ebe26db49\"},\"breadcrumb\":{\"@id\":\"https:\/\/seecolombia.travel\/blog\/2013\/06\/un-espanol-un-peruano-y-un-argentino-se-encuentran-en-medellin\/#breadcrumb\"},\"inLanguage\":\"en-US\",\"potentialAction\":[{\"@type\":\"ReadAction\",\"target\":[\"https:\/\/seecolombia.travel\/blog\/2013\/06\/un-espanol-un-peruano-y-un-argentino-se-encuentran-en-medellin\/\"]}]},{\"@type\":\"BreadcrumbList\",\"@id\":\"https:\/\/seecolombia.travel\/blog\/2013\/06\/un-espanol-un-peruano-y-un-argentino-se-encuentran-en-medellin\/#breadcrumb\",\"itemListElement\":[{\"@type\":\"ListItem\",\"position\":1,\"name\":\"Home\",\"item\":\"https:\/\/seecolombia.travel\/blog\/\"},{\"@type\":\"ListItem\",\"position\":2,\"name\":\"Un Espa\u00f1ol , un Peruano y un Argentino se encuentran en Medell\u00edn \u2026&#8230;\"}]},{\"@type\":\"Person\",\"@id\":\"https:\/\/seecolombia.travel\/blog\/#\/schema\/person\/d83df03ea54d1f0911d7098ebe26db49\",\"name\":\"JL\",\"image\":{\"@type\":\"ImageObject\",\"inLanguage\":\"en-US\",\"@id\":\"https:\/\/seecolombia.travel\/blog\/#\/schema\/person\/image\/\",\"url\":\"https:\/\/secure.gravatar.com\/avatar\/68a3ba6dc377250ef6eb8cd56865210e?s=96&d=retro&r=g\",\"contentUrl\":\"https:\/\/secure.gravatar.com\/avatar\/68a3ba6dc377250ef6eb8cd56865210e?s=96&d=retro&r=g\",\"caption\":\"JL\"},\"description\":\"Ciudadano del mundo, nuestro Gerente de Marketing y comunicaciones se define como viajero, pap\u00e1, esposo y empresario. Es co-creador de Colombia Travel Blog junto a su esposa Marcela y creador de Fogg, la agencia de contenidos que produce el popular programa 3 Travel Bloggers. ----------- Our Marketing and Communications Manager, a self proclaimed citizen of the world, was born in Peru and raised in a number of different countries \u2013 including Angola, Thailand and Iceland \u2013 which instilled a deep love of travel and cultural diversity within him. With an extensive education in Marketing and Communications and after leaving a successful corporate career in the Telecom Industry, JL is now advocated to professionalize travel blogging in Latin America.\",\"sameAs\":[\"http:\/\/www.seecolombia.travel\"],\"url\":\"https:\/\/seecolombia.travel\/blog\/author\/jl\/\"}]}<\/script>\n<!-- \/ Yoast SEO Premium plugin. -->","yoast_head_json":{"title":"Un Espa\u00f1ol , un Peruano y un Argentino se encuentran en Medell\u00edn \u2026... - Colombia Travel Blog by See Colombia Travel","robots":{"index":"index","follow":"follow","max-snippet":"max-snippet:-1","max-image-preview":"max-image-preview:large","max-video-preview":"max-video-preview:-1"},"canonical":"https:\/\/seecolombia.travel\/blog\/2013\/06\/un-espanol-un-peruano-y-un-argentino-se-encuentran-en-medellin\/","og_locale":"en_US","og_type":"article","og_title":"Un Espa\u00f1ol , un Peruano y un Argentino se encuentran en Medell\u00edn \u2026...","og_description":"Aunque el t\u00edtulo de este post parece un chiste, eso es exactamente lo que pas\u00f3 el 6 de Junio de este a\u00f1o cuando el Medellin Convention &amp; Visitors Bureau invit\u00f3 a 3 famosos blogueros \u00a0de habla hispana \u2013 y amigos de este blog &#8211; \u00a0a recorrer Medell\u00edn y sus alrededores para conocer y promocionar el [&hellip;]","og_url":"https:\/\/seecolombia.travel\/blog\/2013\/06\/un-espanol-un-peruano-y-un-argentino-se-encuentran-en-medellin\/","og_site_name":"Colombia Travel Blog by See Colombia Travel","article_published_time":"2013-06-21T17:51:45+00:00","article_modified_time":"2021-08-23T15:55:52+00:00","og_image":[{"width":640,"height":274,"url":"https:\/\/seecolombia.travel\/blog\/wp-content\/uploads\/2013\/06\/Espanhol-Argentino-y-Peruano.jpg","type":"image\/jpeg"}],"twitter_card":"summary","twitter_misc":{"Written by":"JL","Est. reading time":"2 minutes"},"schema":{"@context":"https:\/\/schema.org","@graph":[{"@type":"WebSite","@id":"https:\/\/seecolombia.travel\/blog\/#website","url":"https:\/\/seecolombia.travel\/blog\/","name":"Colombia Travel Blog by See Colombia Travel","description":"Colombia Travel Blog: An international perspective on travelling in Colombia by world travellers.","potentialAction":[{"@type":"SearchAction","target":{"@type":"EntryPoint","urlTemplate":"https:\/\/seecolombia.travel\/blog\/?s={search_term_string}"},"query-input":"required name=search_term_string"}],"inLanguage":"en-US"},{"@type":"ImageObject","inLanguage":"en-US","@id":"https:\/\/seecolombia.travel\/blog\/2013\/06\/un-espanol-un-peruano-y-un-argentino-se-encuentran-en-medellin\/#primaryimage","url":"https:\/\/seecolombia.travel\/blog\/wp-content\/uploads\/2013\/06\/Espanhol-Argentino-y-Peruano.jpg","contentUrl":"https:\/\/seecolombia.travel\/blog\/wp-content\/uploads\/2013\/06\/Espanhol-Argentino-y-Peruano.jpg","width":640,"height":274,"caption":"Bloggers will be bloggers..."},{"@type":"WebPage","@id":"https:\/\/seecolombia.travel\/blog\/2013\/06\/un-espanol-un-peruano-y-un-argentino-se-encuentran-en-medellin\/#webpage","url":"https:\/\/seecolombia.travel\/blog\/2013\/06\/un-espanol-un-peruano-y-un-argentino-se-encuentran-en-medellin\/","name":"Un Espa\u00f1ol , un Peruano y un Argentino se encuentran en Medell\u00edn \u2026... - Colombia Travel Blog by See Colombia Travel","isPartOf":{"@id":"https:\/\/seecolombia.travel\/blog\/#website"},"primaryImageOfPage":{"@id":"https:\/\/seecolombia.travel\/blog\/2013\/06\/un-espanol-un-peruano-y-un-argentino-se-encuentran-en-medellin\/#primaryimage"},"datePublished":"2013-06-21T17:51:45+00:00","dateModified":"2021-08-23T15:55:52+00:00","author":{"@id":"https:\/\/seecolombia.travel\/blog\/#\/schema\/person\/d83df03ea54d1f0911d7098ebe26db49"},"breadcrumb":{"@id":"https:\/\/seecolombia.travel\/blog\/2013\/06\/un-espanol-un-peruano-y-un-argentino-se-encuentran-en-medellin\/#breadcrumb"},"inLanguage":"en-US","potentialAction":[{"@type":"ReadAction","target":["https:\/\/seecolombia.travel\/blog\/2013\/06\/un-espanol-un-peruano-y-un-argentino-se-encuentran-en-medellin\/"]}]},{"@type":"BreadcrumbList","@id":"https:\/\/seecolombia.travel\/blog\/2013\/06\/un-espanol-un-peruano-y-un-argentino-se-encuentran-en-medellin\/#breadcrumb","itemListElement":[{"@type":"ListItem","position":1,"name":"Home","item":"https:\/\/seecolombia.travel\/blog\/"},{"@type":"ListItem","position":2,"name":"Un Espa\u00f1ol , un Peruano y un Argentino se encuentran en Medell\u00edn \u2026&#8230;"}]},{"@type":"Person","@id":"https:\/\/seecolombia.travel\/blog\/#\/schema\/person\/d83df03ea54d1f0911d7098ebe26db49","name":"JL","image":{"@type":"ImageObject","inLanguage":"en-US","@id":"https:\/\/seecolombia.travel\/blog\/#\/schema\/person\/image\/","url":"https:\/\/secure.gravatar.com\/avatar\/68a3ba6dc377250ef6eb8cd56865210e?s=96&d=retro&r=g","contentUrl":"https:\/\/secure.gravatar.com\/avatar\/68a3ba6dc377250ef6eb8cd56865210e?s=96&d=retro&r=g","caption":"JL"},"description":"Ciudadano del mundo, nuestro Gerente de Marketing y comunicaciones se define como viajero, pap\u00e1, esposo y empresario. Es co-creador de Colombia Travel Blog junto a su esposa Marcela y creador de Fogg, la agencia de contenidos que produce el popular programa 3 Travel Bloggers. ----------- Our Marketing and Communications Manager, a self proclaimed citizen of the world, was born in Peru and raised in a number of different countries \u2013 including Angola, Thailand and Iceland \u2013 which instilled a deep love of travel and cultural diversity within him. With an extensive education in Marketing and Communications and after leaving a successful corporate career in the Telecom Industry, JL is now advocated to professionalize travel blogging in Latin America.","sameAs":["http:\/\/www.seecolombia.travel"],"url":"https:\/\/seecolombia.travel\/blog\/author\/jl\/"}]}},"amp_enabled":true,"_links":{"self":[{"href":"https:\/\/seecolombia.travel\/blog\/wp-json\/wp\/v2\/posts\/8908"}],"collection":[{"href":"https:\/\/seecolombia.travel\/blog\/wp-json\/wp\/v2\/posts"}],"about":[{"href":"https:\/\/seecolombia.travel\/blog\/wp-json\/wp\/v2\/types\/post"}],"author":[{"embeddable":true,"href":"https:\/\/seecolombia.travel\/blog\/wp-json\/wp\/v2\/users\/3"}],"replies":[{"embeddable":true,"href":"https:\/\/seecolombia.travel\/blog\/wp-json\/wp\/v2\/comments?post=8908"}],"version-history":[{"count":15,"href":"https:\/\/seecolombia.travel\/blog\/wp-json\/wp\/v2\/posts\/8908\/revisions"}],"predecessor-version":[{"id":26664,"href":"https:\/\/seecolombia.travel\/blog\/wp-json\/wp\/v2\/posts\/8908\/revisions\/26664"}],"wp:featuredmedia":[{"embeddable":true,"href":"https:\/\/seecolombia.travel\/blog\/wp-json\/wp\/v2\/media\/8909"}],"wp:attachment":[{"href":"https:\/\/seecolombia.travel\/blog\/wp-json\/wp\/v2\/media?parent=8908"}],"wp:term":[{"taxonomy":"category","embeddable":true,"href":"https:\/\/seecolombia.travel\/blog\/wp-json\/wp\/v2\/categories?post=8908"},{"taxonomy":"post_tag","embeddable":true,"href":"https:\/\/seecolombia.travel\/blog\/wp-json\/wp\/v2\/tags?post=8908"}],"curies":[{"name":"wp","href":"https:\/\/api.w.org\/{rel}","templated":true}]}}