{"id":665,"date":"2011-05-26T20:08:30","date_gmt":"2011-05-27T01:08:30","guid":{"rendered":"http:\/\/seecolombia.travel\/blog\/?p=665"},"modified":"2017-02-20T10:14:19","modified_gmt":"2017-02-20T15:14:19","slug":"%c2%bf-por-que-elegi-vivir-en-colombia","status":"publish","type":"post","link":"https:\/\/seecolombia.travel\/blog\/2011\/05\/%c2%bf-por-que-elegi-vivir-en-colombia\/","title":{"rendered":"\u00bf Por qu\u00e9 eleg\u00ed vivir en Colombia?"},"content":{"rendered":"<p style=\"text-align: left;\">You can find an\u00a0English\u00a0version of this post <a title=\"Why did I choose to live in Colombia - See Colombia Travel Blog\" href=\"http:\/\/seecolombia.travel\/blog\/2011\/05\/why-did-i-choose-to-live-in-colombia\/\" target=\"_blank\">here<\/a><\/p>\n<p>\u00a1Hola a todos!<\/p>\n<p>Soy JL y lo primero que me gustar\u00eda decirles es que estoy muy honrado de ser parte del equipo del \u00a0blog de See Colombia Travel y de trabajar junto a un grupo de amantes de Colombia tan diverso como ch\u00e9vere. \u00a0Como este es mi primer post &#8220;oficial&#8221; pens\u00e9 que ser\u00eda una buena idea matar dos p\u00e1jaros de un tiro y contarles un poco de qui\u00e9n soy y a la vez responder una de las preguntas que m\u00e1s me hacen mis amigos y familia que conocen de mi estilo de vida n\u00f3mada<strong> \u00bfPor qu\u00e9 escogiste vivir en Colombia?<\/strong><\/p>\n<p>Siendo el hijo de una especie de diplom\u00e1tico que deb\u00eda moverse de pa\u00eds a pa\u00eds mucho y muy seguido \u2013 mi padre trabaj\u00f3 para la ONU, el FMI y el Banco Mundial entre otras entidades internacionales b\u00e1sicamente desarrollando planes alimenticios para pa\u00edses en desarrollo o de condiciones de clima extremos \u2013 pas\u00e9 mi primera infancia convencido de que era absolutamente normal cambiar de idioma dependiendo de qui\u00e9n te hablaba, mudarse cada pocos meses a pa\u00edses que no ten\u00edan nada que ver con el pa\u00eds en el que hab\u00edas estado viviendo hasta el momento o dejar atr\u00e1s cosas, lugares y gente. No fue hasta que cumpl\u00ed diez u once a\u00f1os, cuando asentado mi padre ya por un tiempo en Per\u00fa, mi pa\u00eds natal, que empec\u00e9 a darme cuenta de que <strong>esa forma de vida era en realidad una muy privilegiada<\/strong> y que estaba empezando a desarrollar una perspectiva del mundo un poco distinta a la del resto, en la que la multiculturalidad eran vitales, desde ese momento en adelante me promet\u00ed \u00a0que nunca iba a dejar de viajar.<\/p>\n<p>Terco como soy \u2013 preg\u00fantenle a mi esposa \u2013 me las arregl\u00e9 para cumplirme esa promesa durante muchos muchos a\u00f1os viajando por el mundo primero como mochilero y luego, cuando hice de mi pasi\u00f3n mi trabajo, como un viajero profesional. Por alguna raz\u00f3n aleatoria decid\u00ed establecer que la l\u00ednea que divid\u00eda \u201cvivir\u201d en un pa\u00eds de \u201cvisitarlo\u201d eran siete meses, bajo esa perspectiva he vivido en nueve pa\u00edses, hasta que hace poco <strong>decid\u00ed que Colombia ser\u00eda el\u00a0<\/strong><b>d\u00e9cimo<\/b>\u2026 y el \u00faltimo.<\/p>\n<figure id=\"attachment_637\" aria-describedby=\"caption-attachment-637\" style=\"width: 910px\" class=\"wp-caption aligncenter\"><a href=\"http:\/\/seecolombia.travel\/blog\/wp-content\/uploads\/2011\/05\/The-Global-Encounters-Team-See-Colombia-Tarvel-Blog.jpg\"><img loading=\"lazy\" class=\"size-full wp-image-637\" title=\"The Global Encounters Team - See Colombia Travel Blog\" src=\"http:\/\/seecolombia.travel\/blog\/wp-content\/uploads\/2011\/05\/The-Global-Encounters-Team-See-Colombia-Tarvel-Blog.jpg\" alt=\"Global Encounters - One of the best Latin America Tour Operators\" width=\"910\" height=\"320\" srcset=\"https:\/\/seecolombia.travel\/blog\/wp-content\/uploads\/2011\/05\/The-Global-Encounters-Team-See-Colombia-Tarvel-Blog.jpg 910w, https:\/\/seecolombia.travel\/blog\/wp-content\/uploads\/2011\/05\/The-Global-Encounters-Team-See-Colombia-Tarvel-Blog-300x105.jpg 300w\" sizes=\"(max-width: 910px) 100vw, 910px\" \/><\/a><figcaption id=\"caption-attachment-637\" class=\"wp-caption-text\">Este es el incre\u00edble equipo de Global Encounters junto a los que trabaj\u00e9 durante siete a\u00f1os. \u00a1Los extra\u00f1o muchachos!<\/figcaption><\/figure>\n<p>Cuando hablo de mi antiguo trabajo, me refiero a Global Encounters, el gran tour operador de Latino Am\u00e9rica \u00a0del que fui co-propietario hasta hace muy poco \u00a0junto a mis muy buenos amigos y ex-socios Bart, Marc y Karin. Durante los \u00faltimos siete a\u00f1os, junto a ellos, aprend\u00ed y viaj\u00e9 dentro de nuestro continente mucho m\u00e1s a\u00fan que antes, en esa \u00e9poca pas\u00e9 la mayor\u00eda del tiempo en Buenos Aires, Argentina.<\/p>\n<p>A principios de este a\u00f1o, despu\u00e9s de una estad\u00eda de tres meses aqu\u00ed (mi quinto viaje a Colombia) en que <strong>me enamor\u00e9 irreversiblemente del pa\u00eds<\/strong>, empec\u00e9 a pensar seriamente no solo en mudarme, sino en establecerme por primera vez en forma definitiva en una ciudad: Bogot\u00e1. A esas alturas yo ya estaba un poco aburrido de mi vida en Buenos Aires, una ciudad que amo con pasi\u00f3n pero que ahora \u2013para mi &#8211; le faltaba esa vibra relajada y latina que estaba buscando.\u00a0 Esta vez, ya siendo adulto, la decisi\u00f3n de dejar todo atr\u00e1s no fue tan f\u00e1cil, pero siempre he confiado en mi instinto y ahora me insist\u00eda en que era aqu\u00ed donde deb\u00eda estar, y as\u00ed lo hice. Nunca he estado tan feliz con ninguna otra decisi\u00f3n en mi vida.<\/p>\n<figure id=\"attachment_649\" aria-describedby=\"caption-attachment-649\" style=\"width: 3264px\" class=\"wp-caption aligncenter\"><a href=\"http:\/\/seecolombia.travel\/blog\/wp-content\/uploads\/2011\/05\/Vallenato-in-Cartagena-See-Colombia-Travel.jpg\"><img loading=\"lazy\" class=\"size-full wp-image-649\" title=\"Vallenato in Cartagena - See Colombia Travel\" src=\"http:\/\/seecolombia.travel\/blog\/wp-content\/uploads\/2011\/05\/Vallenato-in-Cartagena-See-Colombia-Travel.jpg\" alt=\"Cartagena Tour Vallenato - See Colombia Travel\" width=\"3264\" height=\"2448\" srcset=\"https:\/\/seecolombia.travel\/blog\/wp-content\/uploads\/2011\/05\/Vallenato-in-Cartagena-See-Colombia-Travel.jpg 3264w, https:\/\/seecolombia.travel\/blog\/wp-content\/uploads\/2011\/05\/Vallenato-in-Cartagena-See-Colombia-Travel-300x225.jpg 300w, https:\/\/seecolombia.travel\/blog\/wp-content\/uploads\/2011\/05\/Vallenato-in-Cartagena-See-Colombia-Travel-1024x768.jpg 1024w\" sizes=\"(max-width: 3264px) 100vw, 3264px\" \/><\/a><figcaption id=\"caption-attachment-649\" class=\"wp-caption-text\">Vallenato , una (la) Colombiana y de fiesta en una noche de Cartagena&#8230; no se puede pedir mucho m\u00e1s<\/figcaption><\/figure>\n<p>\u00bfPor que eleg\u00ed vivir en Colombia? Porque es todav\u00eda un<strong> para\u00edso escondido<\/strong>, el \u00faltimo en Am\u00e9rica Latina, un para\u00edso que nosotros, los profesionales del turismo, <strong>debemos defender<\/strong> para que no se convierta en una trampa para turistas, para que no se arruine, para que se mantenga fiel a sus ra\u00edces y cultura y para poder desarrollar un<strong> estilo de turismo que beneficie a todos por igual<\/strong>. Porque la gente en Colombia es la <strong>m\u00e1s respetuosa, generosa y desinteresada que he conocido en toda mi vida de viajero<\/strong>, porque es un pa\u00eds en el que se respira esperanza, porque los Colombianos est\u00e1n muy dispuestos a demostrarle al mundo que su pa\u00eds es mucho m\u00e1s que el estereotipo de violencia que a\u00fan esta equivocadamente en la mente de muchos.<\/p>\n<p>\u00bfPor que eleg\u00ed vivir en Colombia de todos los pa\u00edses que existen? Porque veo a muchos extranjeros, pioneros, visionarios invirtiendo en el pa\u00eds, lo que me confirma que en unos a\u00f1os <strong>esta ser\u00e1 la capital de Am\u00e9rica del Sur.<\/strong><\/p>\n<p>Pero la raz\u00f3n mas simple es tambi\u00e9n la m\u00e1s importante: <strong>en Colombia me siento FELIZ,<\/strong> vaya a donde vaya, ciudades grandes o pueblos, se nota que estamos a puertas de un gran cambio, de un proceso de transformaci\u00f3n hist\u00f3rica para el pa\u00eds, un cambio que implica el orgullo re-descubierto de ser Colombiano, un sentimiento de felicidad dif\u00edcil de describir flota en el aire. Y yo quiero disfrutarlo. Y ser parte de \u00e9l.<\/p>\n<p>JL<\/p>\n<h4><strong><em>\u00a0<\/em><\/strong><\/h4>\n","protected":false},"excerpt":{"rendered":"<p>You can find an\u00a0English\u00a0version of this post here \u00a1Hola a todos! Soy JL y lo primero que me gustar\u00eda decirles es que estoy muy honrado de ser parte del equipo del \u00a0blog de See Colombia Travel y de trabajar junto a un grupo de amantes de Colombia tan diverso como ch\u00e9vere. \u00a0Como este es mi [&hellip;]<\/p>\n","protected":false},"author":3,"featured_media":14013,"comment_status":"open","ping_status":"open","sticky":false,"template":"","format":"standard","meta":{"ngg_post_thumbnail":0},"categories":[865],"tags":[],"yoast_head":"<!-- This site is optimized with the Yoast SEO Premium plugin v18.4 (Yoast SEO v18.9) - https:\/\/yoast.com\/wordpress\/plugins\/seo\/ -->\n<title>\u00bf Por qu\u00e9 eleg\u00ed vivir en Colombia? - Colombia Travel Blog by See Colombia Travel<\/title>\n<meta name=\"robots\" content=\"index, follow, max-snippet:-1, max-image-preview:large, max-video-preview:-1\" \/>\n<link rel=\"canonical\" href=\"https:\/\/seecolombia.travel\/blog\/2011\/05\/\u00bf-por-que-elegi-vivir-en-colombia\/\" \/>\n<meta property=\"og:locale\" content=\"en_US\" \/>\n<meta property=\"og:type\" content=\"article\" \/>\n<meta property=\"og:title\" content=\"\u00bf Por qu\u00e9 eleg\u00ed vivir en Colombia?\" \/>\n<meta property=\"og:description\" content=\"You can find an\u00a0English\u00a0version of this post here \u00a1Hola a todos! Soy JL y lo primero que me gustar\u00eda decirles es que estoy muy honrado de ser parte del equipo del \u00a0blog de See Colombia Travel y de trabajar junto a un grupo de amantes de Colombia tan diverso como ch\u00e9vere. \u00a0Como este es mi [&hellip;]\" \/>\n<meta property=\"og:url\" content=\"https:\/\/seecolombia.travel\/blog\/2011\/05\/\u00bf-por-que-elegi-vivir-en-colombia\/\" \/>\n<meta property=\"og:site_name\" content=\"Colombia Travel Blog by See Colombia Travel\" \/>\n<meta property=\"article:published_time\" content=\"2011-05-27T01:08:30+00:00\" \/>\n<meta property=\"article:modified_time\" content=\"2017-02-20T15:14:19+00:00\" \/>\n<meta property=\"og:image\" content=\"https:\/\/seecolombia.travel\/blog\/wp-content\/uploads\/2011\/05\/Why-did-I-chose-Colombia1.jpg\" \/>\n\t<meta property=\"og:image:width\" content=\"960\" \/>\n\t<meta property=\"og:image:height\" content=\"720\" \/>\n\t<meta property=\"og:image:type\" content=\"image\/jpeg\" \/>\n<meta name=\"twitter:card\" content=\"summary\" \/>\n<meta name=\"twitter:label1\" content=\"Written by\" \/>\n\t<meta name=\"twitter:data1\" content=\"JL\" \/>\n\t<meta name=\"twitter:label2\" content=\"Est. reading time\" \/>\n\t<meta name=\"twitter:data2\" content=\"5 minutes\" \/>\n<script type=\"application\/ld+json\" class=\"yoast-schema-graph\">{\"@context\":\"https:\/\/schema.org\",\"@graph\":[{\"@type\":\"WebSite\",\"@id\":\"https:\/\/seecolombia.travel\/blog\/#website\",\"url\":\"https:\/\/seecolombia.travel\/blog\/\",\"name\":\"Colombia Travel Blog by See Colombia Travel\",\"description\":\"Colombia Travel Blog: An international perspective on travelling in Colombia by world travellers.\",\"potentialAction\":[{\"@type\":\"SearchAction\",\"target\":{\"@type\":\"EntryPoint\",\"urlTemplate\":\"https:\/\/seecolombia.travel\/blog\/?s={search_term_string}\"},\"query-input\":\"required name=search_term_string\"}],\"inLanguage\":\"en-US\"},{\"@type\":\"ImageObject\",\"inLanguage\":\"en-US\",\"@id\":\"https:\/\/seecolombia.travel\/blog\/2011\/05\/%c2%bf-por-que-elegi-vivir-en-colombia\/#primaryimage\",\"url\":\"https:\/\/seecolombia.travel\/blog\/wp-content\/uploads\/2011\/05\/Why-did-I-chose-Colombia1.jpg\",\"contentUrl\":\"https:\/\/seecolombia.travel\/blog\/wp-content\/uploads\/2011\/05\/Why-did-I-chose-Colombia1.jpg\",\"width\":960,\"height\":720,\"caption\":\"por que elegi vivir en colombia\"},{\"@type\":\"WebPage\",\"@id\":\"https:\/\/seecolombia.travel\/blog\/2011\/05\/%c2%bf-por-que-elegi-vivir-en-colombia\/#webpage\",\"url\":\"https:\/\/seecolombia.travel\/blog\/2011\/05\/%c2%bf-por-que-elegi-vivir-en-colombia\/\",\"name\":\"\u00bf Por qu\u00e9 eleg\u00ed vivir en Colombia? - Colombia Travel Blog by See Colombia Travel\",\"isPartOf\":{\"@id\":\"https:\/\/seecolombia.travel\/blog\/#website\"},\"primaryImageOfPage\":{\"@id\":\"https:\/\/seecolombia.travel\/blog\/2011\/05\/%c2%bf-por-que-elegi-vivir-en-colombia\/#primaryimage\"},\"datePublished\":\"2011-05-27T01:08:30+00:00\",\"dateModified\":\"2017-02-20T15:14:19+00:00\",\"author\":{\"@id\":\"https:\/\/seecolombia.travel\/blog\/#\/schema\/person\/d83df03ea54d1f0911d7098ebe26db49\"},\"breadcrumb\":{\"@id\":\"https:\/\/seecolombia.travel\/blog\/2011\/05\/%c2%bf-por-que-elegi-vivir-en-colombia\/#breadcrumb\"},\"inLanguage\":\"en-US\",\"potentialAction\":[{\"@type\":\"ReadAction\",\"target\":[\"https:\/\/seecolombia.travel\/blog\/2011\/05\/%c2%bf-por-que-elegi-vivir-en-colombia\/\"]}]},{\"@type\":\"BreadcrumbList\",\"@id\":\"https:\/\/seecolombia.travel\/blog\/2011\/05\/%c2%bf-por-que-elegi-vivir-en-colombia\/#breadcrumb\",\"itemListElement\":[{\"@type\":\"ListItem\",\"position\":1,\"name\":\"Home\",\"item\":\"https:\/\/seecolombia.travel\/blog\/\"},{\"@type\":\"ListItem\",\"position\":2,\"name\":\"\u00bf Por qu\u00e9 eleg\u00ed vivir en Colombia?\"}]},{\"@type\":\"Person\",\"@id\":\"https:\/\/seecolombia.travel\/blog\/#\/schema\/person\/d83df03ea54d1f0911d7098ebe26db49\",\"name\":\"JL\",\"image\":{\"@type\":\"ImageObject\",\"inLanguage\":\"en-US\",\"@id\":\"https:\/\/seecolombia.travel\/blog\/#\/schema\/person\/image\/\",\"url\":\"https:\/\/secure.gravatar.com\/avatar\/68a3ba6dc377250ef6eb8cd56865210e?s=96&d=retro&r=g\",\"contentUrl\":\"https:\/\/secure.gravatar.com\/avatar\/68a3ba6dc377250ef6eb8cd56865210e?s=96&d=retro&r=g\",\"caption\":\"JL\"},\"description\":\"Ciudadano del mundo, nuestro Gerente de Marketing y comunicaciones se define como viajero, pap\u00e1, esposo y empresario. Es co-creador de Colombia Travel Blog junto a su esposa Marcela y creador de Fogg, la agencia de contenidos que produce el popular programa 3 Travel Bloggers. ----------- Our Marketing and Communications Manager, a self proclaimed citizen of the world, was born in Peru and raised in a number of different countries \u2013 including Angola, Thailand and Iceland \u2013 which instilled a deep love of travel and cultural diversity within him. With an extensive education in Marketing and Communications and after leaving a successful corporate career in the Telecom Industry, JL is now advocated to professionalize travel blogging in Latin America.\",\"sameAs\":[\"http:\/\/www.seecolombia.travel\"],\"url\":\"https:\/\/seecolombia.travel\/blog\/author\/jl\/\"}]}<\/script>\n<!-- \/ Yoast SEO Premium plugin. -->","yoast_head_json":{"title":"\u00bf Por qu\u00e9 eleg\u00ed vivir en Colombia? - Colombia Travel Blog by See Colombia Travel","robots":{"index":"index","follow":"follow","max-snippet":"max-snippet:-1","max-image-preview":"max-image-preview:large","max-video-preview":"max-video-preview:-1"},"canonical":"https:\/\/seecolombia.travel\/blog\/2011\/05\/\u00bf-por-que-elegi-vivir-en-colombia\/","og_locale":"en_US","og_type":"article","og_title":"\u00bf Por qu\u00e9 eleg\u00ed vivir en Colombia?","og_description":"You can find an\u00a0English\u00a0version of this post here \u00a1Hola a todos! Soy JL y lo primero que me gustar\u00eda decirles es que estoy muy honrado de ser parte del equipo del \u00a0blog de See Colombia Travel y de trabajar junto a un grupo de amantes de Colombia tan diverso como ch\u00e9vere. \u00a0Como este es mi [&hellip;]","og_url":"https:\/\/seecolombia.travel\/blog\/2011\/05\/\u00bf-por-que-elegi-vivir-en-colombia\/","og_site_name":"Colombia Travel Blog by See Colombia Travel","article_published_time":"2011-05-27T01:08:30+00:00","article_modified_time":"2017-02-20T15:14:19+00:00","og_image":[{"width":960,"height":720,"url":"https:\/\/seecolombia.travel\/blog\/wp-content\/uploads\/2011\/05\/Why-did-I-chose-Colombia1.jpg","type":"image\/jpeg"}],"twitter_card":"summary","twitter_misc":{"Written by":"JL","Est. reading time":"5 minutes"},"schema":{"@context":"https:\/\/schema.org","@graph":[{"@type":"WebSite","@id":"https:\/\/seecolombia.travel\/blog\/#website","url":"https:\/\/seecolombia.travel\/blog\/","name":"Colombia Travel Blog by See Colombia Travel","description":"Colombia Travel Blog: An international perspective on travelling in Colombia by world travellers.","potentialAction":[{"@type":"SearchAction","target":{"@type":"EntryPoint","urlTemplate":"https:\/\/seecolombia.travel\/blog\/?s={search_term_string}"},"query-input":"required name=search_term_string"}],"inLanguage":"en-US"},{"@type":"ImageObject","inLanguage":"en-US","@id":"https:\/\/seecolombia.travel\/blog\/2011\/05\/%c2%bf-por-que-elegi-vivir-en-colombia\/#primaryimage","url":"https:\/\/seecolombia.travel\/blog\/wp-content\/uploads\/2011\/05\/Why-did-I-chose-Colombia1.jpg","contentUrl":"https:\/\/seecolombia.travel\/blog\/wp-content\/uploads\/2011\/05\/Why-did-I-chose-Colombia1.jpg","width":960,"height":720,"caption":"por que elegi vivir en colombia"},{"@type":"WebPage","@id":"https:\/\/seecolombia.travel\/blog\/2011\/05\/%c2%bf-por-que-elegi-vivir-en-colombia\/#webpage","url":"https:\/\/seecolombia.travel\/blog\/2011\/05\/%c2%bf-por-que-elegi-vivir-en-colombia\/","name":"\u00bf Por qu\u00e9 eleg\u00ed vivir en Colombia? - Colombia Travel Blog by See Colombia Travel","isPartOf":{"@id":"https:\/\/seecolombia.travel\/blog\/#website"},"primaryImageOfPage":{"@id":"https:\/\/seecolombia.travel\/blog\/2011\/05\/%c2%bf-por-que-elegi-vivir-en-colombia\/#primaryimage"},"datePublished":"2011-05-27T01:08:30+00:00","dateModified":"2017-02-20T15:14:19+00:00","author":{"@id":"https:\/\/seecolombia.travel\/blog\/#\/schema\/person\/d83df03ea54d1f0911d7098ebe26db49"},"breadcrumb":{"@id":"https:\/\/seecolombia.travel\/blog\/2011\/05\/%c2%bf-por-que-elegi-vivir-en-colombia\/#breadcrumb"},"inLanguage":"en-US","potentialAction":[{"@type":"ReadAction","target":["https:\/\/seecolombia.travel\/blog\/2011\/05\/%c2%bf-por-que-elegi-vivir-en-colombia\/"]}]},{"@type":"BreadcrumbList","@id":"https:\/\/seecolombia.travel\/blog\/2011\/05\/%c2%bf-por-que-elegi-vivir-en-colombia\/#breadcrumb","itemListElement":[{"@type":"ListItem","position":1,"name":"Home","item":"https:\/\/seecolombia.travel\/blog\/"},{"@type":"ListItem","position":2,"name":"\u00bf Por qu\u00e9 eleg\u00ed vivir en Colombia?"}]},{"@type":"Person","@id":"https:\/\/seecolombia.travel\/blog\/#\/schema\/person\/d83df03ea54d1f0911d7098ebe26db49","name":"JL","image":{"@type":"ImageObject","inLanguage":"en-US","@id":"https:\/\/seecolombia.travel\/blog\/#\/schema\/person\/image\/","url":"https:\/\/secure.gravatar.com\/avatar\/68a3ba6dc377250ef6eb8cd56865210e?s=96&d=retro&r=g","contentUrl":"https:\/\/secure.gravatar.com\/avatar\/68a3ba6dc377250ef6eb8cd56865210e?s=96&d=retro&r=g","caption":"JL"},"description":"Ciudadano del mundo, nuestro Gerente de Marketing y comunicaciones se define como viajero, pap\u00e1, esposo y empresario. Es co-creador de Colombia Travel Blog junto a su esposa Marcela y creador de Fogg, la agencia de contenidos que produce el popular programa 3 Travel Bloggers. ----------- Our Marketing and Communications Manager, a self proclaimed citizen of the world, was born in Peru and raised in a number of different countries \u2013 including Angola, Thailand and Iceland \u2013 which instilled a deep love of travel and cultural diversity within him. With an extensive education in Marketing and Communications and after leaving a successful corporate career in the Telecom Industry, JL is now advocated to professionalize travel blogging in Latin America.","sameAs":["http:\/\/www.seecolombia.travel"],"url":"https:\/\/seecolombia.travel\/blog\/author\/jl\/"}]}},"amp_enabled":true,"_links":{"self":[{"href":"https:\/\/seecolombia.travel\/blog\/wp-json\/wp\/v2\/posts\/665"}],"collection":[{"href":"https:\/\/seecolombia.travel\/blog\/wp-json\/wp\/v2\/posts"}],"about":[{"href":"https:\/\/seecolombia.travel\/blog\/wp-json\/wp\/v2\/types\/post"}],"author":[{"embeddable":true,"href":"https:\/\/seecolombia.travel\/blog\/wp-json\/wp\/v2\/users\/3"}],"replies":[{"embeddable":true,"href":"https:\/\/seecolombia.travel\/blog\/wp-json\/wp\/v2\/comments?post=665"}],"version-history":[{"count":28,"href":"https:\/\/seecolombia.travel\/blog\/wp-json\/wp\/v2\/posts\/665\/revisions"}],"predecessor-version":[{"id":24933,"href":"https:\/\/seecolombia.travel\/blog\/wp-json\/wp\/v2\/posts\/665\/revisions\/24933"}],"wp:featuredmedia":[{"embeddable":true,"href":"https:\/\/seecolombia.travel\/blog\/wp-json\/wp\/v2\/media\/14013"}],"wp:attachment":[{"href":"https:\/\/seecolombia.travel\/blog\/wp-json\/wp\/v2\/media?parent=665"}],"wp:term":[{"taxonomy":"category","embeddable":true,"href":"https:\/\/seecolombia.travel\/blog\/wp-json\/wp\/v2\/categories?post=665"},{"taxonomy":"post_tag","embeddable":true,"href":"https:\/\/seecolombia.travel\/blog\/wp-json\/wp\/v2\/tags?post=665"}],"curies":[{"name":"wp","href":"https:\/\/api.w.org\/{rel}","templated":true}]}}