{"id":5304,"date":"2012-11-07T07:40:28","date_gmt":"2012-11-07T12:40:28","guid":{"rendered":"http:\/\/seecolombia.travel\/blog\/?p=5304"},"modified":"2021-08-23T10:46:43","modified_gmt":"2021-08-23T15:46:43","slug":"5-preguntas-a-toya-viudes-de-colombia-de-una-el-blog-de-viajes-de-colombia-en-espanol-mas-leido-de-la-red","status":"publish","type":"post","link":"https:\/\/seecolombia.travel\/blog\/2012\/11\/5-preguntas-a-toya-viudes-de-colombia-de-una-el-blog-de-viajes-de-colombia-en-espanol-mas-leido-de-la-red\/","title":{"rendered":"5 preguntas a Toya Viudes de Colombia de Una, el blog de viajes de Colombia en espa\u00f1ol m\u00e1s le\u00eddo de la red."},"content":{"rendered":"<h3><strong>Click <a title=\"Toya Viudes Interview\" href=\"http:\/\/seecolombia.travel\/blog\/2012\/11\/5-questions-for-toya-viudes-from-colombia-de-una-the-most-read-spanish-language-blog-about-colombia-on-the-web\/\" target=\"_blank\" rel=\"noopener\">here<\/a> for the English version of this post<\/strong><\/h3>\n<figure id=\"attachment_5306\" aria-describedby=\"caption-attachment-5306\" style=\"width: 960px\" class=\"wp-caption aligncenter\"><a href=\"https:\/\/seecolombia.travel\/blog\/wp-content\/uploads\/2012\/11\/Toya-Viudes-See-Colombia-Travel.jpg\"><img loading=\"lazy\" class=\"size-full wp-image-5306\" title=\"Toya Viudes - See Colombia Travel\" src=\"https:\/\/seecolombia.travel\/blog\/wp-content\/uploads\/2012\/11\/Toya-Viudes-See-Colombia-Travel.jpg\" alt=\"Colombia de Una Blg - See Colombia Travel\" width=\"960\" height=\"643\" srcset=\"https:\/\/seecolombia.travel\/blog\/wp-content\/uploads\/2012\/11\/Toya-Viudes-See-Colombia-Travel.jpg 960w, https:\/\/seecolombia.travel\/blog\/wp-content\/uploads\/2012\/11\/Toya-Viudes-See-Colombia-Travel-300x201.jpg 300w, https:\/\/seecolombia.travel\/blog\/wp-content\/uploads\/2012\/11\/Toya-Viudes-See-Colombia-Travel-768x514.jpg 768w\" sizes=\"(max-width: 960px) 100vw, 960px\" \/><\/a><figcaption id=\"caption-attachment-5306\" class=\"wp-caption-text\">Toya Viudes, bloguera y periodista.<\/figcaption><\/figure>\n<p>Dice que no es bloguera pero su blog de viajes de Colombia\u00a0 (<span style=\"text-decoration: underline\"><a title=\"Colombia de Una\" href=\"http:\/\/colombiadeuna.blogspot.com\/\" target=\"_blank\" rel=\"noopener\">Colombia de una<\/a><\/span> ) es el m\u00e1s le\u00eddo sobre el tema en espa\u00f1ol. Dice que no es bloguera pero sus posts son compartidos, felicitados, \u201clikeados\u201d (aprovechen y denle \u00a0&#8220;me gusta&#8221; a su <a href=\"http:\/\/www.facebook.com\/pages\/Colombia-de-una\/216066538452887\" target=\"_blank\" rel=\"noopener\">fanpage<\/a>) \u00a0y twiteados \u00a0por cientos de personas todos los d\u00edas. Dice que no es bloguera pero tiene una energ\u00eda y una voluntad envidiable para postear sus art\u00edculos con una frecuencia digna del mejor de los blogstars,\u00a0 eso sin perder ni una gota de su carism\u00e1tico estilo. Ella es Toya Viudes quien comparte con nosotros, los bloggers de See Colombia, la pasi\u00f3n por este fant\u00e1stico pa\u00eds que vamos redescubriendo post a post.<\/p>\n<figure id=\"attachment_5346\" aria-describedby=\"caption-attachment-5346\" style=\"width: 600px\" class=\"wp-caption aligncenter\"><a href=\"https:\/\/seecolombia.travel\/blog\/wp-content\/uploads\/2012\/11\/P1010991.jpg\"><img loading=\"lazy\" class=\"size-full wp-image-5346\" title=\"Colombia de Una \/ See Colombia Travel\" src=\"https:\/\/seecolombia.travel\/blog\/wp-content\/uploads\/2012\/11\/P1010991.jpg\" alt=\"\" width=\"600\" height=\"450\" srcset=\"https:\/\/seecolombia.travel\/blog\/wp-content\/uploads\/2012\/11\/P1010991.jpg 600w, https:\/\/seecolombia.travel\/blog\/wp-content\/uploads\/2012\/11\/P1010991-300x225.jpg 300w\" sizes=\"(max-width: 600px) 100vw, 600px\" \/><\/a><figcaption id=\"caption-attachment-5346\" class=\"wp-caption-text\">Toya de Colombia de Una y JL de See Colombia Travel Blog<\/figcaption><\/figure>\n<p>Despu\u00e9s de haber compartido blogtrips, caf\u00e9s y muchas charlas,\u00a0 hoy decidimos por fin hacer con ella un \u201ccrossover\u201d bloguero: el <strong>blog m\u00e1s le\u00eddo de viajes en Colombia<\/strong> en castellano entrevista al <strong>blog de viajes de Colombia bilingue m\u00e1s le\u00eddo<\/strong> . Con ustedes 5 preguntas a Toya Viudes por JL de See Colombia Travel \u00a0( y desde el <a href=\"http:\/\/colombiadeuna.blogspot.com\/\" target=\"_blank\" rel=\"noopener\">blog<\/a> y <span style=\"text-decoration: underline\"><a title=\"Colmbia de Una Facebook\" href=\"http:\/\/www.facebook.com\/pages\/Colombia-de-una\/216066538452887?fref=ts\" target=\"_blank\" rel=\"noopener\">Facebook de Colombia de Una<\/a><\/span>\u00a0 pueden leer la otra mitad de la entrevista<a title=\"See Colombia en Colombia de Una\" href=\"http:\/\/colombiadeuna.blogspot.com\/2012\/11\/5-preguntas-jose-luis-pastor-de-see.html\" target=\"_blank\" rel=\"noopener\">: 5 \u00a0preguntas a JL por Toya Viudes de Colombia de Una<\/a>) :<\/p>\n<p><strong>Hola Toya, un gusto poder hacer este cruce de entrevistas hoy, despu\u00e9s de tanto tiempo plane\u00e1ndolo\u2026. Empecemos por una muy b\u00e1sica para nuestros lectores que a\u00fan no te conocen. Cu\u00e9ntanos como llegaste a Colombia y lo que ha significado para ti.<\/strong><\/p>\n<p>Todo empez\u00f3 por mi buen amigo de Espa\u00f1a\u00a0 Dani Mero\u00f1o\u00a0 (del blog <a title=\"El Cocinero Viajero\" href=\"http:\/\/www.elcocineroviajero.com\/blog\/\" target=\"_blank\" rel=\"noopener\">El\u00a0<span style=\"text-decoration: underline\">Cocinero Viajero<\/span><\/a>), que se cas\u00f3 \u00a0con una colombiana y se vino a vivir ac\u00e1, a Bogot\u00e1.<\/p>\n<figure id=\"attachment_5311\" aria-describedby=\"caption-attachment-5311\" style=\"width: 300px\" class=\"wp-caption alignleft\"><a href=\"http:\/\/seecolombia.travel\/blog\/wp-content\/uploads\/2012\/11\/Con-mi-amigo-y-tambi\u00e9n-bloguero-Dani-Mero\u00f1o-en-Bogot\u00e1.jpg\"><img loading=\"lazy\" class=\"size-medium wp-image-5311\" title=\"Con mi amigo y tambi\u00e9n bloguero Dani Mero\u00f1o en Bogot\u00e1\" src=\"https:\/\/seecolombia.travel\/blog\/wp-content\/uploads\/2012\/11\/Con-mi-amigo-y-tambi\u00e9n-bloguero-Dani-Mero\u00f1o-en-Bogot\u00e1-300x200.jpg\" alt=\"\" width=\"300\" height=\"200\" srcset=\"https:\/\/seecolombia.travel\/blog\/wp-content\/uploads\/2012\/11\/Con-mi-amigo-y-tambi\u00e9n-bloguero-Dani-Mero\u00f1o-en-Bogot\u00e1-300x200.jpg 300w, https:\/\/seecolombia.travel\/blog\/wp-content\/uploads\/2012\/11\/Con-mi-amigo-y-tambi\u00e9n-bloguero-Dani-Mero\u00f1o-en-Bogot\u00e1-1024x682.jpg 1024w\" sizes=\"(max-width: 300px) 100vw, 300px\" \/><\/a><figcaption id=\"caption-attachment-5311\" class=\"wp-caption-text\">Con su amigo y tambi\u00e9n bloguero Dani Mero\u00f1o en Bogot\u00e1<\/figcaption><\/figure>\n<p>Ese fue el primer contacto m\u00edo y de mi grupo de amigos con Colombia, \u00a0de la que poco sab\u00edamos antes. Lo vine a visitar una vez y, ya s\u00e9 que suena a clich\u00e9, pero qued\u00e9\u00a0enamorada de la gente\u2026 esa primera vez me invitaron a la casa unos amigos, de otros, a pasar el fin de semana con ellos,, y eso no creo que te pase en muchas partes del mundo\u2026. qued\u00e9\u00a0encantada. Vine un par de veces m\u00e1s y Dani me insist\u00eda cada vez \u201c tienes que venirte Colombia, tienes que venirte a Colombia\u201d y yo le respond\u00eda que \u00bfqu\u00e9 iba a hacer ac\u00e1?. Hasta que un buen d\u00eda en que tom\u00e9 por fin\u00a0\u00a0 la decisi\u00f3n \u00a0lo llame y le dije: \u201cDani,\u00a0 me voy a Bogot\u00e1, sin fecha de regreso\u201d. Me desped\u00ed de mi trabajo como periodista en una fundaci\u00f3n cultural en Murcia, alquil\u00e9\u00a0mi casa, met\u00ed cuatro cosas en una maleta y me vine a buscar una nueva vida y ac\u00e1 descubr\u00ed que nunca es tarde para volver a empezar y reinventarse. Claro que al principio no fue f\u00e1cil, llegue y no par\u00f3 \u00a0de llover en cinco d\u00edas, adem\u00e1s de las busetas, el tranc\u00f3n\u2026. \u201dD\u00f3nde me vine a meter?\u201d pensaba. Yo vengo de una ciudad peque\u00f1a en la que hasta iba al trabajo en bici,\u00a0 as\u00ed que todo me parec\u00eda s\u00faper ca\u00f3tico. Pero al quinto d\u00eda\u00a0 dejo de llover,\u00a0 sali\u00f3 el sol, vi los cerros y me dije \u201cLlegu\u00e9 a donde ten\u00eda que llegar\u201d. Ac\u00e1 he hecho cosas que nunca pens\u00e9 hacer, en Murcia hubiera seguido con mi vida \u201cf\u00e1cil\u201d, pero todo lo que tengo ahora no lo tendr\u00eda, por eso siempre digo que la vida premia a los valientes.<\/p>\n<p><strong>Varias veces me has dicho que de bloguear\u00a0 no sabes nada, pero sin embargo eres una de las blogueras m\u00e1s exitosas de Colombia, \u00bfC\u00f3mo te lo explicas? <\/strong><\/p>\n<p>Es que yo eso no me lo creo. Parece una tonter\u00eda pero yo sigo escribiendo para mi mama mis sobrinas y mis amigos de Espa\u00f1a. Veo las estad\u00edsticas y\u00a0 no me lo creo, me digo \u201c\u00bfY a toda esta gente porqu\u00e9\u00a0le interesa lo que escribo?\u201d<\/p>\n<figure id=\"attachment_5321\" aria-describedby=\"caption-attachment-5321\" style=\"width: 300px\" class=\"wp-caption alignright\"><a href=\"http:\/\/seecolombia.travel\/blog\/wp-content\/uploads\/2012\/11\/De-caminata-por-El-Dintel.jpg\"><img loading=\"lazy\" class=\"size-medium wp-image-5321\" title=\"Toya en el dintel - See Colombia Travel \" src=\"https:\/\/seecolombia.travel\/blog\/wp-content\/uploads\/2012\/11\/De-caminata-por-El-Dintel-300x225.jpg\" alt=\"Colmbia de Una See Colombia Travel\" width=\"300\" height=\"225\" srcset=\"https:\/\/seecolombia.travel\/blog\/wp-content\/uploads\/2012\/11\/De-caminata-por-El-Dintel-300x225.jpg 300w, https:\/\/seecolombia.travel\/blog\/wp-content\/uploads\/2012\/11\/De-caminata-por-El-Dintel-1024x768.jpg 1024w\" sizes=\"(max-width: 300px) 100vw, 300px\" \/><\/a><figcaption id=\"caption-attachment-5321\" class=\"wp-caption-text\">De caminata por El Dintel<\/figcaption><\/figure>\n<p>Sigo sin tener idea, de verdad. Es que soy basica-basica-basica , a veces \u00a0me re\u00fano con gente como vosotros que sabe mucho de esto y me hablais de t\u00e9rminos \u00a0y de cosas de redes sociales y yo me digo \u201c \u00bfY esto qu\u00e9\u00a0es?\u201d Pero ahora he llegado a un punto en el que tengo que &#8220;ponerme las pilas&#8221;, que le tengo que sacar m\u00e1s provecho a mi trabajo, acabar con eso de decir \u201cque no s\u00e9\u00a0nada\u201d y aprovechar las herramientas que s\u00e9 que existen para eso.<\/p>\n<p>&nbsp;<\/p>\n<p><strong>Esta pregunta te va a gustar. \u00bfQu\u00e9 significan para ti las chocolatinas Jet? <\/strong><\/p>\n<figure id=\"attachment_5323\" aria-describedby=\"caption-attachment-5323\" style=\"width: 300px\" class=\"wp-caption alignleft\"><a href=\"http:\/\/seecolombia.travel\/blog\/wp-content\/uploads\/2012\/11\/Chocolatinas-JET.jpg\"><img loading=\"lazy\" class=\"size-medium wp-image-5323\" title=\"Chocolatinas JET\" src=\"https:\/\/seecolombia.travel\/blog\/wp-content\/uploads\/2012\/11\/Chocolatinas-JET-300x300.jpg\" alt=\"Chocolatina Jet\" width=\"300\" height=\"300\" srcset=\"https:\/\/seecolombia.travel\/blog\/wp-content\/uploads\/2012\/11\/Chocolatinas-JET-300x300.jpg 300w, https:\/\/seecolombia.travel\/blog\/wp-content\/uploads\/2012\/11\/Chocolatinas-JET-150x150.jpg 150w, https:\/\/seecolombia.travel\/blog\/wp-content\/uploads\/2012\/11\/Chocolatinas-JET.jpg 600w\" sizes=\"(max-width: 300px) 100vw, 300px\" \/><\/a><figcaption id=\"caption-attachment-5323\" class=\"wp-caption-text\">Chocolatina JET: La golosina que le trajo fama y fortuna bloguera a Toya \ud83d\ude42<\/figcaption><\/figure>\n<p>\u00a1Madre M\u00eda! Las <span style=\"text-decoration: underline\"><a title=\"Chocoatinas Jet\" href=\"http:\/\/colombiadeuna.blogspot.com\/2012\/01\/sabor-y-saber-con-chocolatinas-jet.html\" target=\"_blank\" rel=\"noopener\">chocolatinas Je<\/a>t<\/span> fue lo que hizo que mi blog se hiciera conocido.\u00a0 Todo el mundo me hablaba de ellas as\u00ed que un d\u00eda me com\u00ed una y me sali\u00f3 el uno de los cromos. Yo no ten\u00eda idea de que son como un s\u00edmbolo nacional, como el sombrero vueltiao o el ajiacao; as\u00ed que me puse a investigar sobre la colecci\u00f3n de los cromos, la historia de la chocolatina y todo eso. Y tuve la enorme suerte de que cuando publiqu\u00e9 esa entrada me\u00a0 la posteo una p\u00e1gina de Facebook que tiene much\u00edsimos seguidores. Y ese d\u00eda tuve en mi blog 17,000 visitas, nunca lo voy a olvidar. Pas\u00e9 de tener cerca de 300 visitas a 17,000, no me lo pod\u00eda creer, ve\u00eda segundo a segundo \u00a0c\u00f3mo crec\u00edan por miles las visitas, nunca he vuelto a tener esa cifra, fue s\u00faper lindo. Si me preguntan cu\u00e1l fue uno de los mejores d\u00edas de mi vida yo de verdad responder\u00eda \u201cEl d\u00eda que mi blog alcanz\u00f3\u00a017,000 visitas\u201d, adem\u00e1s recib\u00eda comentarios del mundo entero de personas que me contaban sus experiencias con los cromos, c\u00f3mo\u00a0los coleccionaban con sus nietos y todo lo que significa la chocolatina Jet. As\u00ed que yo nunca olvidar\u00e9\u00a0la chocolatina Jet.<\/p>\n<p><strong>Hay gente que dice que tus posts son excesivamente positivos, que Colombia no puede ser todas flores\u2026. \u00bfT\u00fa que dices de eso? <\/strong><\/p>\n<p>Es cierto, me dicen muchas veces que me invento lo que escribo. Pero yo les digo que \u00e9ste\u00a0es realmente el pa\u00eds que estoy conociendo, no hay nada en todo el tiempo que llevo escribiendo en mi blog que sea inventado.<\/p>\n<figure id=\"attachment_5322\" aria-describedby=\"caption-attachment-5322\" style=\"width: 300px\" class=\"wp-caption alignright\"><a href=\"http:\/\/seecolombia.travel\/blog\/wp-content\/uploads\/2012\/11\/San-Juan-del-Soc\u00f3-Amazonas.jpg\"><img loading=\"lazy\" class=\"size-medium wp-image-5322\" title=\"Colombia de Una - See Colombia Travel\" src=\"https:\/\/seecolombia.travel\/blog\/wp-content\/uploads\/2012\/11\/San-Juan-del-Soc\u00f3-Amazonas-300x199.jpg\" alt=\"\" width=\"300\" height=\"199\" srcset=\"https:\/\/seecolombia.travel\/blog\/wp-content\/uploads\/2012\/11\/San-Juan-del-Soc\u00f3-Amazonas-300x199.jpg 300w, https:\/\/seecolombia.travel\/blog\/wp-content\/uploads\/2012\/11\/San-Juan-del-Soc\u00f3-Amazonas-1024x680.jpg 1024w\" sizes=\"(max-width: 300px) 100vw, 300px\" \/><\/a><figcaption id=\"caption-attachment-5322\" class=\"wp-caption-text\">En el Amazonas colombiano<\/figcaption><\/figure>\n<p>Tengo libertad absoluta y no dependo de nadie, nadie me auspicia, el blog es mi diario personal, todo lo que escribo es verdad,\u00a0 tengo la suerte de haber descubierto este pa\u00eds maravilloso y s\u00ed,\u00a0desde el primer momento mi intenci\u00f3n fue contar la parte positiva, feliz, divertida y bella de Colombia. Yo s\u00e9 perfectamente que en Colombia no es todo perfecto, pero no me interesa contar esos problemas en mi blog porque \u00a0creo que ya existen suficientes medios que cuentan ese tipo de cosas. La mayor\u00eda de ese tipo de comentarios viene de europeos, mis lectores colombianos, much\u00edsimos de los cuales viven fuera, me agradecen que yo no pare de decir lo interesante que es Colombia y que anime a la gente a que venga, porque durante a\u00f1os se ha estado vendiendo en el extranjero una imagen horrenda del pa\u00eds afuera. Valoran much\u00edsimo que alguien que venga de fuera hable de esa manera de Colombia.<\/p>\n<p><strong>Por \u00faltimo, \u00bf<strong>qu\u00e9\u00a0<\/strong> planes tienes para tu blog en el futuro inmediato?<\/strong><\/p>\n<figure id=\"attachment_5340\" aria-describedby=\"caption-attachment-5340\" style=\"width: 199px\" class=\"wp-caption alignleft\"><a href=\"http:\/\/seecolombia.travel\/blog\/wp-content\/uploads\/2012\/11\/Colombia-de-Una-Ballena-See-Colombia-Travel.jpg\"><img loading=\"lazy\" class=\"size-medium wp-image-5340\" title=\"Colombia de Una Ballena - See Colombia Travel\" src=\"https:\/\/seecolombia.travel\/blog\/wp-content\/uploads\/2012\/11\/Colombia-de-Una-Ballena-See-Colombia-Travel-199x300.jpg\" alt=\"\" width=\"199\" height=\"300\" \/><\/a><figcaption id=\"caption-attachment-5340\" class=\"wp-caption-text\">Espectacular foto por Toya.<\/figcaption><\/figure>\n<p>&nbsp;<\/p>\n<p>Pues mira, yo pretendo seguir siendo tan independiente como hasta ahora, no cambiar la esencia de mi blog, que siga siendo el diario donde escribo las cosas que de verdad siento y pienso, pero tambi\u00e9n como te dije, soy consciente de la necesidad de empezar a utilizar otras herramientas que me permitan llegar a m\u00e1s personas y aprovechar mejor mi trabajo, as\u00ed que tengo que prepararme para todo eso.<\/p>\n<p><em>Y con esta ultima respuesta le damos mil gracias a Toya por esta conversaci\u00f3n y estaremos atentos a las novedades en su blog. <\/em><\/p>\n<p><em>Pueden encontrar m\u00e1s de <span style=\"text-decoration: underline\"><a title=\"Colombia de Una\" href=\"http:\/\/colombiadeuna.blogspot.com\/\" target=\"_blank\" rel=\"noopener\">Colombia de una<\/a><\/span> en su blog, p\u00e1gina de <span style=\"text-decoration: underline\"><a title=\"Facebook Colombia de Una\" href=\"http:\/\/www.facebook.com\/pages\/Colombia-de-una\/216066538452887?fref=ts\" target=\"_blank\" rel=\"noopener\">Facebook<\/a><\/span> y cuenta de <span style=\"text-decoration: underline\"><a title=\"Colombia de Una Twitter Account\" href=\"https:\/\/twitter.com\/colombiadeuna\" target=\"_blank\" rel=\"noopener\">Twitte<\/a>r<\/span><\/em><\/p>\n<p>JL<\/p>\n<h4><strong><em>Si disfrutaste de este post , por favor acuerdate de seguirnos en <a href=\"https:\/\/twitter.com\/#%21\/colombiatravels\" target=\"_blank\" rel=\"noopener\">\u00a0Twitter<\/a>, \u00a0y hacernos un \u00a0<a href=\"http:\/\/www.facebook.com\/SeeColombiaTravel\" target=\"_blank\" rel=\"noopener\">\u2018Like\u2019 en Facebook<\/a>. \ud83d\ude42\u00a0<\/em><\/strong><\/h4>\n","protected":false},"excerpt":{"rendered":"<p>Click here for the English version of this post Dice que no es bloguera pero su blog de viajes de Colombia\u00a0 (Colombia de una ) es el m\u00e1s le\u00eddo sobre el tema en espa\u00f1ol. Dice que no es bloguera pero sus posts son compartidos, felicitados, \u201clikeados\u201d (aprovechen y denle \u00a0&#8220;me gusta&#8221; a su fanpage) \u00a0y [&hellip;]<\/p>\n","protected":false},"author":3,"featured_media":0,"comment_status":"open","ping_status":"open","sticky":false,"template":"","format":"standard","meta":{"ngg_post_thumbnail":0},"categories":[4,865],"tags":[2973,1605],"yoast_head":"<!-- This site is optimized with the Yoast SEO Premium plugin v18.4 (Yoast SEO v18.9) - https:\/\/yoast.com\/wordpress\/plugins\/seo\/ -->\n<title>5 preguntas a Toya Viudes de Colombia de Una, el blog de viajes de Colombia en espa\u00f1ol m\u00e1s le\u00eddo de la red. - Colombia Travel Blog by See Colombia Travel<\/title>\n<meta name=\"robots\" content=\"index, follow, max-snippet:-1, max-image-preview:large, max-video-preview:-1\" \/>\n<link rel=\"canonical\" href=\"https:\/\/seecolombia.travel\/blog\/2012\/11\/5-preguntas-a-toya-viudes-de-colombia-de-una-el-blog-de-viajes-de-colombia-en-espanol-mas-leido-de-la-red\/\" \/>\n<meta property=\"og:locale\" content=\"en_US\" \/>\n<meta property=\"og:type\" content=\"article\" \/>\n<meta property=\"og:title\" content=\"5 preguntas a Toya Viudes de Colombia de Una, el blog de viajes de Colombia en espa\u00f1ol m\u00e1s le\u00eddo de la red.\" \/>\n<meta property=\"og:description\" content=\"Click here for the English version of this post Dice que no es bloguera pero su blog de viajes de Colombia\u00a0 (Colombia de una ) es el m\u00e1s le\u00eddo sobre el tema en espa\u00f1ol. Dice que no es bloguera pero sus posts son compartidos, felicitados, \u201clikeados\u201d (aprovechen y denle \u00a0&#8220;me gusta&#8221; a su fanpage) \u00a0y [&hellip;]\" \/>\n<meta property=\"og:url\" content=\"https:\/\/seecolombia.travel\/blog\/2012\/11\/5-preguntas-a-toya-viudes-de-colombia-de-una-el-blog-de-viajes-de-colombia-en-espanol-mas-leido-de-la-red\/\" \/>\n<meta property=\"og:site_name\" content=\"Colombia Travel Blog by See Colombia Travel\" \/>\n<meta property=\"article:published_time\" content=\"2012-11-07T12:40:28+00:00\" \/>\n<meta property=\"article:modified_time\" content=\"2021-08-23T15:46:43+00:00\" \/>\n<meta property=\"og:image\" content=\"https:\/\/seecolombia.travel\/blog\/wp-content\/uploads\/2012\/11\/Toya-Viudes-See-Colombia-Travel.jpg\" \/>\n<meta name=\"twitter:card\" content=\"summary\" \/>\n<meta name=\"twitter:label1\" content=\"Written by\" \/>\n\t<meta name=\"twitter:data1\" content=\"JL\" \/>\n\t<meta name=\"twitter:label2\" content=\"Est. reading time\" \/>\n\t<meta name=\"twitter:data2\" content=\"7 minutes\" \/>\n<script type=\"application\/ld+json\" class=\"yoast-schema-graph\">{\"@context\":\"https:\/\/schema.org\",\"@graph\":[{\"@type\":\"WebSite\",\"@id\":\"https:\/\/seecolombia.travel\/blog\/#website\",\"url\":\"https:\/\/seecolombia.travel\/blog\/\",\"name\":\"Colombia Travel Blog by See Colombia Travel\",\"description\":\"Colombia Travel Blog: An international perspective on travelling in Colombia by world travellers.\",\"potentialAction\":[{\"@type\":\"SearchAction\",\"target\":{\"@type\":\"EntryPoint\",\"urlTemplate\":\"https:\/\/seecolombia.travel\/blog\/?s={search_term_string}\"},\"query-input\":\"required name=search_term_string\"}],\"inLanguage\":\"en-US\"},{\"@type\":\"ImageObject\",\"inLanguage\":\"en-US\",\"@id\":\"https:\/\/seecolombia.travel\/blog\/2012\/11\/5-preguntas-a-toya-viudes-de-colombia-de-una-el-blog-de-viajes-de-colombia-en-espanol-mas-leido-de-la-red\/#primaryimage\",\"url\":\"https:\/\/seecolombia.travel\/blog\/wp-content\/uploads\/2012\/11\/Toya-Viudes-See-Colombia-Travel.jpg\",\"contentUrl\":\"https:\/\/seecolombia.travel\/blog\/wp-content\/uploads\/2012\/11\/Toya-Viudes-See-Colombia-Travel.jpg\",\"width\":960,\"height\":643,\"caption\":\"Toya Viudes, bloguera\"},{\"@type\":\"WebPage\",\"@id\":\"https:\/\/seecolombia.travel\/blog\/2012\/11\/5-preguntas-a-toya-viudes-de-colombia-de-una-el-blog-de-viajes-de-colombia-en-espanol-mas-leido-de-la-red\/#webpage\",\"url\":\"https:\/\/seecolombia.travel\/blog\/2012\/11\/5-preguntas-a-toya-viudes-de-colombia-de-una-el-blog-de-viajes-de-colombia-en-espanol-mas-leido-de-la-red\/\",\"name\":\"5 preguntas a Toya Viudes de Colombia de Una, el blog de viajes de Colombia en espa\u00f1ol m\u00e1s le\u00eddo de la red. - Colombia Travel Blog by See Colombia Travel\",\"isPartOf\":{\"@id\":\"https:\/\/seecolombia.travel\/blog\/#website\"},\"primaryImageOfPage\":{\"@id\":\"https:\/\/seecolombia.travel\/blog\/2012\/11\/5-preguntas-a-toya-viudes-de-colombia-de-una-el-blog-de-viajes-de-colombia-en-espanol-mas-leido-de-la-red\/#primaryimage\"},\"datePublished\":\"2012-11-07T12:40:28+00:00\",\"dateModified\":\"2021-08-23T15:46:43+00:00\",\"author\":{\"@id\":\"https:\/\/seecolombia.travel\/blog\/#\/schema\/person\/d83df03ea54d1f0911d7098ebe26db49\"},\"breadcrumb\":{\"@id\":\"https:\/\/seecolombia.travel\/blog\/2012\/11\/5-preguntas-a-toya-viudes-de-colombia-de-una-el-blog-de-viajes-de-colombia-en-espanol-mas-leido-de-la-red\/#breadcrumb\"},\"inLanguage\":\"en-US\",\"potentialAction\":[{\"@type\":\"ReadAction\",\"target\":[\"https:\/\/seecolombia.travel\/blog\/2012\/11\/5-preguntas-a-toya-viudes-de-colombia-de-una-el-blog-de-viajes-de-colombia-en-espanol-mas-leido-de-la-red\/\"]}]},{\"@type\":\"BreadcrumbList\",\"@id\":\"https:\/\/seecolombia.travel\/blog\/2012\/11\/5-preguntas-a-toya-viudes-de-colombia-de-una-el-blog-de-viajes-de-colombia-en-espanol-mas-leido-de-la-red\/#breadcrumb\",\"itemListElement\":[{\"@type\":\"ListItem\",\"position\":1,\"name\":\"Home\",\"item\":\"https:\/\/seecolombia.travel\/blog\/\"},{\"@type\":\"ListItem\",\"position\":2,\"name\":\"5 preguntas a Toya Viudes de Colombia de Una, el blog de viajes de Colombia en espa\u00f1ol m\u00e1s le\u00eddo de la red.\"}]},{\"@type\":\"Person\",\"@id\":\"https:\/\/seecolombia.travel\/blog\/#\/schema\/person\/d83df03ea54d1f0911d7098ebe26db49\",\"name\":\"JL\",\"image\":{\"@type\":\"ImageObject\",\"inLanguage\":\"en-US\",\"@id\":\"https:\/\/seecolombia.travel\/blog\/#\/schema\/person\/image\/\",\"url\":\"https:\/\/secure.gravatar.com\/avatar\/68a3ba6dc377250ef6eb8cd56865210e?s=96&d=retro&r=g\",\"contentUrl\":\"https:\/\/secure.gravatar.com\/avatar\/68a3ba6dc377250ef6eb8cd56865210e?s=96&d=retro&r=g\",\"caption\":\"JL\"},\"description\":\"Ciudadano del mundo, nuestro Gerente de Marketing y comunicaciones se define como viajero, pap\u00e1, esposo y empresario. Es co-creador de Colombia Travel Blog junto a su esposa Marcela y creador de Fogg, la agencia de contenidos que produce el popular programa 3 Travel Bloggers. ----------- Our Marketing and Communications Manager, a self proclaimed citizen of the world, was born in Peru and raised in a number of different countries \u2013 including Angola, Thailand and Iceland \u2013 which instilled a deep love of travel and cultural diversity within him. With an extensive education in Marketing and Communications and after leaving a successful corporate career in the Telecom Industry, JL is now advocated to professionalize travel blogging in Latin America.\",\"sameAs\":[\"http:\/\/www.seecolombia.travel\"],\"url\":\"https:\/\/seecolombia.travel\/blog\/author\/jl\/\"}]}<\/script>\n<!-- \/ Yoast SEO Premium plugin. -->","yoast_head_json":{"title":"5 preguntas a Toya Viudes de Colombia de Una, el blog de viajes de Colombia en espa\u00f1ol m\u00e1s le\u00eddo de la red. - Colombia Travel Blog by See Colombia Travel","robots":{"index":"index","follow":"follow","max-snippet":"max-snippet:-1","max-image-preview":"max-image-preview:large","max-video-preview":"max-video-preview:-1"},"canonical":"https:\/\/seecolombia.travel\/blog\/2012\/11\/5-preguntas-a-toya-viudes-de-colombia-de-una-el-blog-de-viajes-de-colombia-en-espanol-mas-leido-de-la-red\/","og_locale":"en_US","og_type":"article","og_title":"5 preguntas a Toya Viudes de Colombia de Una, el blog de viajes de Colombia en espa\u00f1ol m\u00e1s le\u00eddo de la red.","og_description":"Click here for the English version of this post Dice que no es bloguera pero su blog de viajes de Colombia\u00a0 (Colombia de una ) es el m\u00e1s le\u00eddo sobre el tema en espa\u00f1ol. Dice que no es bloguera pero sus posts son compartidos, felicitados, \u201clikeados\u201d (aprovechen y denle \u00a0&#8220;me gusta&#8221; a su fanpage) \u00a0y [&hellip;]","og_url":"https:\/\/seecolombia.travel\/blog\/2012\/11\/5-preguntas-a-toya-viudes-de-colombia-de-una-el-blog-de-viajes-de-colombia-en-espanol-mas-leido-de-la-red\/","og_site_name":"Colombia Travel Blog by See Colombia Travel","article_published_time":"2012-11-07T12:40:28+00:00","article_modified_time":"2021-08-23T15:46:43+00:00","og_image":[{"url":"https:\/\/seecolombia.travel\/blog\/wp-content\/uploads\/2012\/11\/Toya-Viudes-See-Colombia-Travel.jpg"}],"twitter_card":"summary","twitter_misc":{"Written by":"JL","Est. reading time":"7 minutes"},"schema":{"@context":"https:\/\/schema.org","@graph":[{"@type":"WebSite","@id":"https:\/\/seecolombia.travel\/blog\/#website","url":"https:\/\/seecolombia.travel\/blog\/","name":"Colombia Travel Blog by See Colombia Travel","description":"Colombia Travel Blog: An international perspective on travelling in Colombia by world travellers.","potentialAction":[{"@type":"SearchAction","target":{"@type":"EntryPoint","urlTemplate":"https:\/\/seecolombia.travel\/blog\/?s={search_term_string}"},"query-input":"required name=search_term_string"}],"inLanguage":"en-US"},{"@type":"ImageObject","inLanguage":"en-US","@id":"https:\/\/seecolombia.travel\/blog\/2012\/11\/5-preguntas-a-toya-viudes-de-colombia-de-una-el-blog-de-viajes-de-colombia-en-espanol-mas-leido-de-la-red\/#primaryimage","url":"https:\/\/seecolombia.travel\/blog\/wp-content\/uploads\/2012\/11\/Toya-Viudes-See-Colombia-Travel.jpg","contentUrl":"https:\/\/seecolombia.travel\/blog\/wp-content\/uploads\/2012\/11\/Toya-Viudes-See-Colombia-Travel.jpg","width":960,"height":643,"caption":"Toya Viudes, bloguera"},{"@type":"WebPage","@id":"https:\/\/seecolombia.travel\/blog\/2012\/11\/5-preguntas-a-toya-viudes-de-colombia-de-una-el-blog-de-viajes-de-colombia-en-espanol-mas-leido-de-la-red\/#webpage","url":"https:\/\/seecolombia.travel\/blog\/2012\/11\/5-preguntas-a-toya-viudes-de-colombia-de-una-el-blog-de-viajes-de-colombia-en-espanol-mas-leido-de-la-red\/","name":"5 preguntas a Toya Viudes de Colombia de Una, el blog de viajes de Colombia en espa\u00f1ol m\u00e1s le\u00eddo de la red. - Colombia Travel Blog by See Colombia Travel","isPartOf":{"@id":"https:\/\/seecolombia.travel\/blog\/#website"},"primaryImageOfPage":{"@id":"https:\/\/seecolombia.travel\/blog\/2012\/11\/5-preguntas-a-toya-viudes-de-colombia-de-una-el-blog-de-viajes-de-colombia-en-espanol-mas-leido-de-la-red\/#primaryimage"},"datePublished":"2012-11-07T12:40:28+00:00","dateModified":"2021-08-23T15:46:43+00:00","author":{"@id":"https:\/\/seecolombia.travel\/blog\/#\/schema\/person\/d83df03ea54d1f0911d7098ebe26db49"},"breadcrumb":{"@id":"https:\/\/seecolombia.travel\/blog\/2012\/11\/5-preguntas-a-toya-viudes-de-colombia-de-una-el-blog-de-viajes-de-colombia-en-espanol-mas-leido-de-la-red\/#breadcrumb"},"inLanguage":"en-US","potentialAction":[{"@type":"ReadAction","target":["https:\/\/seecolombia.travel\/blog\/2012\/11\/5-preguntas-a-toya-viudes-de-colombia-de-una-el-blog-de-viajes-de-colombia-en-espanol-mas-leido-de-la-red\/"]}]},{"@type":"BreadcrumbList","@id":"https:\/\/seecolombia.travel\/blog\/2012\/11\/5-preguntas-a-toya-viudes-de-colombia-de-una-el-blog-de-viajes-de-colombia-en-espanol-mas-leido-de-la-red\/#breadcrumb","itemListElement":[{"@type":"ListItem","position":1,"name":"Home","item":"https:\/\/seecolombia.travel\/blog\/"},{"@type":"ListItem","position":2,"name":"5 preguntas a Toya Viudes de Colombia de Una, el blog de viajes de Colombia en espa\u00f1ol m\u00e1s le\u00eddo de la red."}]},{"@type":"Person","@id":"https:\/\/seecolombia.travel\/blog\/#\/schema\/person\/d83df03ea54d1f0911d7098ebe26db49","name":"JL","image":{"@type":"ImageObject","inLanguage":"en-US","@id":"https:\/\/seecolombia.travel\/blog\/#\/schema\/person\/image\/","url":"https:\/\/secure.gravatar.com\/avatar\/68a3ba6dc377250ef6eb8cd56865210e?s=96&d=retro&r=g","contentUrl":"https:\/\/secure.gravatar.com\/avatar\/68a3ba6dc377250ef6eb8cd56865210e?s=96&d=retro&r=g","caption":"JL"},"description":"Ciudadano del mundo, nuestro Gerente de Marketing y comunicaciones se define como viajero, pap\u00e1, esposo y empresario. Es co-creador de Colombia Travel Blog junto a su esposa Marcela y creador de Fogg, la agencia de contenidos que produce el popular programa 3 Travel Bloggers. ----------- Our Marketing and Communications Manager, a self proclaimed citizen of the world, was born in Peru and raised in a number of different countries \u2013 including Angola, Thailand and Iceland \u2013 which instilled a deep love of travel and cultural diversity within him. With an extensive education in Marketing and Communications and after leaving a successful corporate career in the Telecom Industry, JL is now advocated to professionalize travel blogging in Latin America.","sameAs":["http:\/\/www.seecolombia.travel"],"url":"https:\/\/seecolombia.travel\/blog\/author\/jl\/"}]}},"amp_enabled":true,"_links":{"self":[{"href":"https:\/\/seecolombia.travel\/blog\/wp-json\/wp\/v2\/posts\/5304"}],"collection":[{"href":"https:\/\/seecolombia.travel\/blog\/wp-json\/wp\/v2\/posts"}],"about":[{"href":"https:\/\/seecolombia.travel\/blog\/wp-json\/wp\/v2\/types\/post"}],"author":[{"embeddable":true,"href":"https:\/\/seecolombia.travel\/blog\/wp-json\/wp\/v2\/users\/3"}],"replies":[{"embeddable":true,"href":"https:\/\/seecolombia.travel\/blog\/wp-json\/wp\/v2\/comments?post=5304"}],"version-history":[{"count":80,"href":"https:\/\/seecolombia.travel\/blog\/wp-json\/wp\/v2\/posts\/5304\/revisions"}],"predecessor-version":[{"id":26441,"href":"https:\/\/seecolombia.travel\/blog\/wp-json\/wp\/v2\/posts\/5304\/revisions\/26441"}],"wp:attachment":[{"href":"https:\/\/seecolombia.travel\/blog\/wp-json\/wp\/v2\/media?parent=5304"}],"wp:term":[{"taxonomy":"category","embeddable":true,"href":"https:\/\/seecolombia.travel\/blog\/wp-json\/wp\/v2\/categories?post=5304"},{"taxonomy":"post_tag","embeddable":true,"href":"https:\/\/seecolombia.travel\/blog\/wp-json\/wp\/v2\/tags?post=5304"}],"curies":[{"name":"wp","href":"https:\/\/api.w.org\/{rel}","templated":true}]}}