{"id":3717,"date":"2012-05-14T06:15:53","date_gmt":"2012-05-14T11:15:53","guid":{"rendered":"http:\/\/seecolombia.travel\/blog\/?p=3717"},"modified":"2021-03-16T17:41:22","modified_gmt":"2021-03-16T22:41:22","slug":"contra-la-corriente-como-mi-regreso-a-colombia-cambio-mi-vida-por-completo-o-una-historia-de-amor-por-colombia","status":"publish","type":"post","link":"https:\/\/seecolombia.travel\/blog\/2012\/05\/contra-la-corriente-como-mi-regreso-a-colombia-cambio-mi-vida-por-completo-o-una-historia-de-amor-por-colombia\/","title":{"rendered":"Contra la corriente: Como mi regreso a Colombia cambi\u00f3 mi vida por completo (o una historia de amor por Colombia)"},"content":{"rendered":"<p>\u00a1Hola a todos!<\/p>\n<p>Hoy es un d\u00eda muy especial para m\u00ed y para nuestro blog. Hoy hace cinco a\u00f1os, contra el consejo de casi todo el mundo, \u00a0<strong>decid\u00ed dejar definitivamente Inglaterra y regresar a Colombia para cumplir mi sue\u00f1o de trabajar para poner a nuestro pa\u00eds en la lista de los mejores destinos tur\u00edsticos del mundo.<\/strong> Empec\u00e9 este proyecto sola, en una \u00e9poca en que aun la mayor\u00eda de las empresas internacionales de turismo obviaban Colombia incluso dentro de sus tours por Sudam\u00e9rica. Hoy, ya vamos por nuestro segundo a\u00f1o de operaciones online y cientos de pasajeros de todo el mundo han viajado con nosotros para <strong>conocer y promocionar Colombia.<\/strong> Todo esto \u00a0gracias a un\u00a0 fant\u00e1stico equipo de Colombianos y extranjeros\u00a0 que me acompa\u00f1an y que aman nuestro pa\u00eds tanto como yo; algunos \u00a0que solo vinieron de paseo y terminaron qued\u00e1ndose y otros que \u00a0hasta se dan el tiempo tambi\u00e9n para escribir en este blog.<\/p>\n<p>Pero, \u00bfQuieren saber todo lo que este amor por Colombia me ha tra\u00eddo no solo en el lado profesional sino en el personal? <strong>Los invito a ver este video<\/strong> de mi propuesta de matrimonio sorpresa para seguirles contando despu\u00e9s la historia completa \ud83d\ude42 \u00a0\u2026..<\/p>\n<p style=\"text-align: left\">Ese se\u00f1or del video que me propuso matrimonio de manera tan creativa es JL, m\u00ed ahora esposo con quien somos padres de una hermosa peque\u00f1a viajerita de 6 meses.\u00a0 JL es tambi\u00e9n mi socio y encargado de Comunicaciones de <strong>See Colombia Travel.<\/strong> Pero esto no siempre fue as\u00ed\u2026.<\/p>\n<figure id=\"attachment_3810\" aria-describedby=\"caption-attachment-3810\" style=\"width: 300px\" class=\"wp-caption alignleft\"><a href=\"http:\/\/seecolombia.travel\/blog\/wp-content\/uploads\/2012\/05\/Camion-Overland.jpg\"><img loading=\"lazy\" class=\"size-medium wp-image-3810\" title=\"See Colombia Travel - Marcela as a tour Conductor\" src=\"https:\/\/seecolombia.travel\/blog\/wp-content\/uploads\/2012\/05\/Camion-Overland-300x194.jpg\" alt=\"\" width=\"300\" height=\"194\" srcset=\"https:\/\/seecolombia.travel\/blog\/wp-content\/uploads\/2012\/05\/Camion-Overland-300x194.jpg 300w, https:\/\/seecolombia.travel\/blog\/wp-content\/uploads\/2012\/05\/Camion-Overland.jpg 608w\" sizes=\"(max-width: 300px) 100vw, 300px\" \/><\/a><figcaption id=\"caption-attachment-3810\" class=\"wp-caption-text\">Con mis pasajeros de la empresa Britanica en algun lugar de Sudamerica.<\/figcaption><\/figure>\n<p>Cuando regres\u00e9 de Inglaterra despu\u00e9s de ser gu\u00eda tur\u00edstica en toda Sudam\u00e9rica para una empresa Brit\u00e1nica,<strong> aburrida y cansada de que Colombia siempre fuera esquivada en los tours que se vend\u00edan<\/strong> y dispuesta a demostrar que Colombia ya estaba lista para ser un destino de clase mundial, vine con mucho entusiasmo, infinito \u00a0empe\u00f1o y con un buen capital para iniciar la versi\u00f3n 1.0 de <strong>See Colombia Travel<\/strong>. Fue una experiencia muy enriquecedora que me ense\u00f1\u00f3 como estaba la industria del turismo en Colombia, gracias a la que pude recorrer todo el pa\u00eds re-descubri\u00e9ndolo y que tambi\u00e9n me ense\u00f1\u00f3 de mis errores. \u00a0Para hacer la historia corta, en ese momento no ten\u00eda muy claro el modelo de como \u201cvender\u201d Colombia como destino ni de c\u00f3mo utilizar Internet como principal herramienta de comunicaci\u00f3n para promocionarme, as\u00ed que despu\u00e9s de algunos meses ya se me hab\u00eda acabado el capital y tuve que dejar el emprendimiento en pausa mientras buscaba un trabajo que me permitiera capitalizarme para retomar el proyecto.<\/p>\n<p>En esas estaba\u00a0 cuando &#8211; despu\u00e9s de declararme lista para el amor- \u00a0mi Diosito, el destino e \u00a0internet nos puso a JL\u00a0 y a m\u00ed en contacto (por Facebook, como pudieron ver en el video),\u00a0<span style=\"text-align: center\">nos ca\u00edmos muy bien de inmediato y un mes despu\u00e9s\u00a0 el decidi\u00f3 venir a visitarme :0. Lo incre\u00edble de todo es que \u00e9l no solo era due\u00f1o de una de las empresas de turismo receptivo m\u00e1s importantes de Am\u00e9rica Latina (en ese entonces viv\u00eda en Buenos Aires donde ten\u00eda su oficina principal), sino que era experto en Marketing Corporativo y especializado en turismo\u2026!es decir que ten\u00eda todo el conocimiento del negocio que me faltaba a m\u00ed!<\/span><\/p>\n<p>Al poco tiempo nos fuimos a vivir juntos a Buenos Aires y con su ayuda empec\u00e9 la versi\u00f3n definitiva de See Colombia Travel desde lo m\u00e1s b\u00e1sico: escribiendo en <strong>mi primer blog sobre Colombia<\/strong> en Blogger, mi ahora \u201ccl\u00e1sico\u201d <a title=\"Marcela Colombia Travel Blog\" href=\"http:\/\/colombia-travel-marcela.blogspot.com\/\" target=\"_blank\" rel=\"noopener\">Marcela Colombia Travel Blog<\/a>.<\/p>\n<figure id=\"attachment_3778\" aria-describedby=\"caption-attachment-3778\" style=\"width: 371px\" class=\"wp-caption alignright\"><a href=\"https:\/\/seecolombia.travel\/blog\/wp-content\/uploads\/2012\/05\/Portada-Original-del-Marcela-Colombia-Travel-Blog.jpg\"><img loading=\"lazy\" class=\"size-full wp-image-3778\" title=\"Portada Original del Marcela Colombia Travel Blog\" src=\"https:\/\/seecolombia.travel\/blog\/wp-content\/uploads\/2012\/05\/Portada-Original-del-Marcela-Colombia-Travel-Blog.jpg\" alt=\"\" width=\"371\" height=\"252\" srcset=\"https:\/\/seecolombia.travel\/blog\/wp-content\/uploads\/2012\/05\/Portada-Original-del-Marcela-Colombia-Travel-Blog.jpg 371w, https:\/\/seecolombia.travel\/blog\/wp-content\/uploads\/2012\/05\/Portada-Original-del-Marcela-Colombia-Travel-Blog-300x203.jpg 300w\" sizes=\"(max-width: 371px) 100vw, 371px\" \/><\/a><figcaption id=\"caption-attachment-3778\" class=\"wp-caption-text\">La portada de la primera version de mi Blog<\/figcaption><\/figure>\n<p>La respuesta fue realmente impresionante porque dada la todav\u00eda poca informaci\u00f3n en ingles sobre Colombia como destino tur\u00edstico y gracias a lo que iba\u00a0 aprendiendo de Marketing de contenidos y de buscadores online, en unos pocos meses mi blog llego a tener un tr\u00e1fico alt\u00edsimo, fui nombrada <a title=\"Especialista de Colombia en Trip Advisor\" href=\"http:\/\/www.tripadvisor.com\/members\/colombiatravelmarce\" target=\"_blank\" rel=\"noopener\">especialista de Colombia en Trip Advisor<\/a> \u2026 y empezaron a llegar los primeros \u00a0pedidos de consejos y organizacion \u00a0de viajes a Colombia. \u00a1Era el momento de retomar mi sue\u00f1o!<\/p>\n<p>La \u00e9poca en que se empez\u00f3 a formar esta segunda etapa de See Colombia la recuerdo con mucho cari\u00f1o, fueron muchos meses entre Colombia, Argentina, Peru, (fue en uno de esos viajes por su\u00a0 trabajo en Lima donde JL me propuso matrimonio), Brasil \u00a0y Miami donde constituimos la base para Estados Unidos de la empresa. \u00a0En Bogot\u00e1 empec\u00e9 a reclutar interesados para este proyecto quijotesco y formamos un grupo de gente con mucha experiencia \u00a0y conocimiento sobre Colombia para operaciones,\u00a0 tambi\u00e9n \u00a0empezamos las\u00a0 entrevistas para los departamentos de ventas, marketing y productos con un perfil muy espec\u00edfico: <strong>viajeros profesionales extranjeros y que est\u00e9n enamorados de Colombia.<\/strong> Fue as\u00ed que se unieron al equipo en un principio Andrew, Paul y Ryan.<\/p>\n<figure id=\"attachment_3827\" aria-describedby=\"caption-attachment-3827\" style=\"width: 300px\" class=\"wp-caption alignleft\"><a href=\"http:\/\/seecolombia.travel\/blog\/wp-content\/uploads\/2012\/05\/Blogeando-desde-Buenos-Aires.jpg\"><img loading=\"lazy\" class=\"size-medium wp-image-3827\" title=\"Blogeando desde Buenos Aires\" src=\"https:\/\/seecolombia.travel\/blog\/wp-content\/uploads\/2012\/05\/Blogeando-desde-Buenos-Aires-300x225.jpg\" alt=\"Blog de Colombia\" width=\"300\" height=\"225\" srcset=\"https:\/\/seecolombia.travel\/blog\/wp-content\/uploads\/2012\/05\/Blogeando-desde-Buenos-Aires-300x225.jpg 300w, https:\/\/seecolombia.travel\/blog\/wp-content\/uploads\/2012\/05\/Blogeando-desde-Buenos-Aires.jpg 320w\" sizes=\"(max-width: 300px) 100vw, 300px\" \/><\/a><figcaption id=\"caption-attachment-3827\" class=\"wp-caption-text\">Bloggeando por Colombia desde Buenos Aires \ud83d\ude09<\/figcaption><\/figure>\n<p>Pero claro que faltaba algo, yo a\u00fan viv\u00eda con JL en Buenos Aires \u2013 y nos acab\u00e1bamos de casar en un viaje a Bogot\u00e1 &#8211; y las idas y venidas me estaban agotando. Es entonces\u00a0 cuando de nuevo confluyeron muchas cosas, la m\u00e1s importante de ellas es que descubrimos que \u00edbamos a ser pap\u00e1s y que quer\u00edamos <strong>criar a nuestra futura bebe en Colombia<\/strong> , lo siguiente fue que JL , en una decisi\u00f3n de puro amor por este proyecto , por nuestra familia\u00a0 y por Colombia, decidi\u00f3 vender las acciones de su negocio\u00a0 y dedicarse tiempo completo\u00a0 junto al equipo que ya se hab\u00eda formado a promocionar Colombia en el mundo. \u00a0(Pueden leer aqui su post \u201c<a title=\"Si Si Colombia\" href=\"http:\/\/seecolombia.travel\/blog\/2011\/05\/%C2%BF-por-que-elegi-vivir-en-colombia\/\" target=\"_blank\" rel=\"noopener\">\u00bfPor qu\u00e9 decid\u00ed quedarme en Colombia?<\/a>\u201d ). Finalmente en Marzo de 2011 nos mudamos del todo a Colombia, y nunca hemos estado m\u00e1s felices.<\/p>\n<figure id=\"attachment_3781\" aria-describedby=\"caption-attachment-3781\" style=\"width: 300px\" class=\"wp-caption alignright\"><a href=\"https:\/\/seecolombia.travel\/blog\/wp-content\/uploads\/2012\/05\/Marcela-JL-Paul-See-Colombia-Travel-Team.jpg\"><img loading=\"lazy\" class=\"size-full wp-image-3781\" title=\"Marcela JL Paul See Colombia Travel Team\" src=\"https:\/\/seecolombia.travel\/blog\/wp-content\/uploads\/2012\/05\/Marcela-JL-Paul-See-Colombia-Travel-Team.jpg\" alt=\"\" width=\"300\" height=\"363\" srcset=\"https:\/\/seecolombia.travel\/blog\/wp-content\/uploads\/2012\/05\/Marcela-JL-Paul-See-Colombia-Travel-Team.jpg 300w, https:\/\/seecolombia.travel\/blog\/wp-content\/uploads\/2012\/05\/Marcela-JL-Paul-See-Colombia-Travel-Team-248x300.jpg 248w\" sizes=\"(max-width: 300px) 100vw, 300px\" \/><\/a><figcaption id=\"caption-attachment-3781\" class=\"wp-caption-text\">Con Paul y JL tomandonos la foto para la portada de este blog.<\/figcaption><\/figure>\n<p>En el \u00faltimo a\u00f1o <strong>See Colombia y este blog han crecido much\u00edsimo<\/strong>, \u00a0se incorporaron al equipo Alejandra, Sara, Jon y Chris, fuimos mencionados en diarios como The Wall Street Journal, The NY Times, Times Magazine y nos hicieron \u00a0notas como la de BBC internacional\u00a0 que tuvo mucha difusi\u00f3n.\u00a0\u00a0 Todos juntos estamos cumpliendo el sue\u00f1o que alguna vez tuve yo sola mientras recorr\u00eda Sudam\u00e9rica en un bus: convertir a Colombia en el destino tur\u00edstico que merece ser.<\/p>\n<p>Por eso quiero agradecer a todo el equipo de See Colombia, a mi familia, a nuestros lectores y en especial agradecerle a Dios por permitirme ser hija de este pa\u00eds\u00a0 y poder dedicarme a lo que m\u00e1s me gusta . <strong>Mil gracias a todos<\/strong> por dejarme compartir esta historia de amor por Colombia.<\/p>\n<p><strong>Te Amo, Colombia!<\/strong><\/p>\n<div>\n<p>Marcela<\/p>\n<p><strong>&#8212;&#8212;&#8212;&#8212;&#8212;&#8211;<\/strong><\/p>\n<p><strong><span style=\"color: #ff0000\">ACTUALIZACION!<\/span> \u00a0Muchas gracias por las miles (\u00a1) de visitas que est\u00e1 recibiendo este post , quiero aprovechar para pedirles a todos que nos ayuden comparti\u00e9ndolo, recomend\u00e1ndole este blog a todos sus amigos extranjeros para que vean lo fant\u00e1stico que es nuestro pa\u00eds \u00a0y que nos apoyen en nuestras redes sociales con un <a title=\"See Colombia Travel Facebook\" href=\"http:\/\/www.facebook.com\/SeeColombiaTravel\" target=\"_blank\" rel=\"noopener\">\u201cMe gusta\u201d en nuestra p\u00e1gina de Facebook<\/a> y sigui\u00e9ndonos en<a title=\"See Colombia Travel Twitter\" href=\"https:\/\/twitter.com\/#!\/colombiatravels\" target=\"_blank\" rel=\"noopener\"> Twitter<\/a>. Tambien nos pueden escribir a info@seecolombia.travel<\/strong><\/p>\n<\/div>\n<p><strong>Muchisimas Gracias de nuevo!<\/strong><\/p>\n","protected":false},"excerpt":{"rendered":"<p>\u00a1Hola a todos! Hoy es un d\u00eda muy especial para m\u00ed y para nuestro blog. Hoy hace cinco a\u00f1os, contra el consejo de casi todo el mundo, \u00a0decid\u00ed dejar definitivamente Inglaterra y regresar a Colombia para cumplir mi sue\u00f1o de trabajar para poner a nuestro pa\u00eds en la lista de los mejores destinos tur\u00edsticos del [&hellip;]<\/p>\n","protected":false},"author":1,"featured_media":3827,"comment_status":"open","ping_status":"open","sticky":false,"template":"","format":"standard","meta":{"ngg_post_thumbnail":0},"categories":[4,865],"tags":[2973,1605],"yoast_head":"<!-- This site is optimized with the Yoast SEO Premium plugin v18.4 (Yoast SEO v18.9) - https:\/\/yoast.com\/wordpress\/plugins\/seo\/ -->\n<title>Contra la corriente: Como mi regreso a Colombia cambi\u00f3 mi vida por completo (o una historia de amor por Colombia) - Colombia Travel Blog by See Colombia Travel<\/title>\n<meta name=\"robots\" content=\"index, follow, max-snippet:-1, max-image-preview:large, max-video-preview:-1\" \/>\n<link rel=\"canonical\" href=\"https:\/\/seecolombia.travel\/blog\/2012\/05\/contra-la-corriente-como-mi-regreso-a-colombia-cambio-mi-vida-por-completo-o-una-historia-de-amor-por-colombia\/\" \/>\n<meta property=\"og:locale\" content=\"en_US\" \/>\n<meta property=\"og:type\" content=\"article\" \/>\n<meta property=\"og:title\" content=\"Contra la corriente: Como mi regreso a Colombia cambi\u00f3 mi vida por completo (o una historia de amor por Colombia)\" \/>\n<meta property=\"og:description\" content=\"\u00a1Hola a todos! Hoy es un d\u00eda muy especial para m\u00ed y para nuestro blog. Hoy hace cinco a\u00f1os, contra el consejo de casi todo el mundo, \u00a0decid\u00ed dejar definitivamente Inglaterra y regresar a Colombia para cumplir mi sue\u00f1o de trabajar para poner a nuestro pa\u00eds en la lista de los mejores destinos tur\u00edsticos del [&hellip;]\" \/>\n<meta property=\"og:url\" content=\"https:\/\/seecolombia.travel\/blog\/2012\/05\/contra-la-corriente-como-mi-regreso-a-colombia-cambio-mi-vida-por-completo-o-una-historia-de-amor-por-colombia\/\" \/>\n<meta property=\"og:site_name\" content=\"Colombia Travel Blog by See Colombia Travel\" \/>\n<meta property=\"article:published_time\" content=\"2012-05-14T11:15:53+00:00\" \/>\n<meta property=\"article:modified_time\" content=\"2021-03-16T22:41:22+00:00\" \/>\n<meta property=\"og:image\" content=\"https:\/\/seecolombia.travel\/blog\/wp-content\/uploads\/2012\/05\/Blogeando-desde-Buenos-Aires.jpg\" \/>\n\t<meta property=\"og:image:width\" content=\"320\" \/>\n\t<meta property=\"og:image:height\" content=\"240\" \/>\n\t<meta property=\"og:image:type\" content=\"image\/jpeg\" \/>\n<meta name=\"twitter:card\" content=\"summary\" \/>\n<meta name=\"twitter:label1\" content=\"Written by\" \/>\n\t<meta name=\"twitter:data1\" content=\"Marcela\" \/>\n\t<meta name=\"twitter:label2\" content=\"Est. reading time\" \/>\n\t<meta name=\"twitter:data2\" content=\"6 minutes\" \/>\n<script type=\"application\/ld+json\" class=\"yoast-schema-graph\">{\"@context\":\"https:\/\/schema.org\",\"@graph\":[{\"@type\":\"WebSite\",\"@id\":\"https:\/\/seecolombia.travel\/blog\/#website\",\"url\":\"https:\/\/seecolombia.travel\/blog\/\",\"name\":\"Colombia Travel Blog by See Colombia Travel\",\"description\":\"Colombia Travel Blog: An international perspective on travelling in Colombia by world travellers.\",\"potentialAction\":[{\"@type\":\"SearchAction\",\"target\":{\"@type\":\"EntryPoint\",\"urlTemplate\":\"https:\/\/seecolombia.travel\/blog\/?s={search_term_string}\"},\"query-input\":\"required name=search_term_string\"}],\"inLanguage\":\"en-US\"},{\"@type\":\"ImageObject\",\"inLanguage\":\"en-US\",\"@id\":\"https:\/\/seecolombia.travel\/blog\/2012\/05\/contra-la-corriente-como-mi-regreso-a-colombia-cambio-mi-vida-por-completo-o-una-historia-de-amor-por-colombia\/#primaryimage\",\"url\":\"https:\/\/seecolombia.travel\/blog\/wp-content\/uploads\/2012\/05\/Blogeando-desde-Buenos-Aires.jpg\",\"contentUrl\":\"https:\/\/seecolombia.travel\/blog\/wp-content\/uploads\/2012\/05\/Blogeando-desde-Buenos-Aires.jpg\",\"width\":\"320\",\"height\":\"240\",\"caption\":\"Bloggeando por Colmbia desde Buenos Aires ;)\"},{\"@type\":\"WebPage\",\"@id\":\"https:\/\/seecolombia.travel\/blog\/2012\/05\/contra-la-corriente-como-mi-regreso-a-colombia-cambio-mi-vida-por-completo-o-una-historia-de-amor-por-colombia\/#webpage\",\"url\":\"https:\/\/seecolombia.travel\/blog\/2012\/05\/contra-la-corriente-como-mi-regreso-a-colombia-cambio-mi-vida-por-completo-o-una-historia-de-amor-por-colombia\/\",\"name\":\"Contra la corriente: Como mi regreso a Colombia cambi\u00f3 mi vida por completo (o una historia de amor por Colombia) - Colombia Travel Blog by See Colombia Travel\",\"isPartOf\":{\"@id\":\"https:\/\/seecolombia.travel\/blog\/#website\"},\"primaryImageOfPage\":{\"@id\":\"https:\/\/seecolombia.travel\/blog\/2012\/05\/contra-la-corriente-como-mi-regreso-a-colombia-cambio-mi-vida-por-completo-o-una-historia-de-amor-por-colombia\/#primaryimage\"},\"datePublished\":\"2012-05-14T11:15:53+00:00\",\"dateModified\":\"2021-03-16T22:41:22+00:00\",\"author\":{\"@id\":\"https:\/\/seecolombia.travel\/blog\/#\/schema\/person\/c4a859d09f02427fefbe496b839be27a\"},\"breadcrumb\":{\"@id\":\"https:\/\/seecolombia.travel\/blog\/2012\/05\/contra-la-corriente-como-mi-regreso-a-colombia-cambio-mi-vida-por-completo-o-una-historia-de-amor-por-colombia\/#breadcrumb\"},\"inLanguage\":\"en-US\",\"potentialAction\":[{\"@type\":\"ReadAction\",\"target\":[\"https:\/\/seecolombia.travel\/blog\/2012\/05\/contra-la-corriente-como-mi-regreso-a-colombia-cambio-mi-vida-por-completo-o-una-historia-de-amor-por-colombia\/\"]}]},{\"@type\":\"BreadcrumbList\",\"@id\":\"https:\/\/seecolombia.travel\/blog\/2012\/05\/contra-la-corriente-como-mi-regreso-a-colombia-cambio-mi-vida-por-completo-o-una-historia-de-amor-por-colombia\/#breadcrumb\",\"itemListElement\":[{\"@type\":\"ListItem\",\"position\":1,\"name\":\"Home\",\"item\":\"https:\/\/seecolombia.travel\/blog\/\"},{\"@type\":\"ListItem\",\"position\":2,\"name\":\"Contra la corriente: Como mi regreso a Colombia cambi\u00f3 mi vida por completo (o una historia de amor por Colombia)\"}]},{\"@type\":\"Person\",\"@id\":\"https:\/\/seecolombia.travel\/blog\/#\/schema\/person\/c4a859d09f02427fefbe496b839be27a\",\"name\":\"Marcela\",\"image\":{\"@type\":\"ImageObject\",\"inLanguage\":\"en-US\",\"@id\":\"https:\/\/seecolombia.travel\/blog\/#\/schema\/person\/image\/\",\"url\":\"https:\/\/secure.gravatar.com\/avatar\/e8fde3eb9081550633d2aa18367738ae?s=96&d=retro&r=g\",\"contentUrl\":\"https:\/\/secure.gravatar.com\/avatar\/e8fde3eb9081550633d2aa18367738ae?s=96&d=retro&r=g\",\"caption\":\"Marcela\"},\"description\":\"After living in England for 10 years and finishing a Hotel Management and a Business degree in London, Marcela decided that she should take her dream holiday before going back home \u2013 so she joined and overland tour to Egypt. She immediately felt a connection with the travel industry. After a month\u2019s traveling in the Middle East, Marcela found herself in Lima, following her dream, working whilst travelling as a tour leader in the whole of South America. For the past 4 years, Marcela has been planning and working to bring her greatest dream to life, to find the best team to deliver Colombia to the world and to make Seecolombia.travel the greatest Colombian tour operator in the world.\",\"url\":\"https:\/\/seecolombia.travel\/blog\/author\/marcela\/\"}]}<\/script>\n<!-- \/ Yoast SEO Premium plugin. -->","yoast_head_json":{"title":"Contra la corriente: Como mi regreso a Colombia cambi\u00f3 mi vida por completo (o una historia de amor por Colombia) - Colombia Travel Blog by See Colombia Travel","robots":{"index":"index","follow":"follow","max-snippet":"max-snippet:-1","max-image-preview":"max-image-preview:large","max-video-preview":"max-video-preview:-1"},"canonical":"https:\/\/seecolombia.travel\/blog\/2012\/05\/contra-la-corriente-como-mi-regreso-a-colombia-cambio-mi-vida-por-completo-o-una-historia-de-amor-por-colombia\/","og_locale":"en_US","og_type":"article","og_title":"Contra la corriente: Como mi regreso a Colombia cambi\u00f3 mi vida por completo (o una historia de amor por Colombia)","og_description":"\u00a1Hola a todos! Hoy es un d\u00eda muy especial para m\u00ed y para nuestro blog. Hoy hace cinco a\u00f1os, contra el consejo de casi todo el mundo, \u00a0decid\u00ed dejar definitivamente Inglaterra y regresar a Colombia para cumplir mi sue\u00f1o de trabajar para poner a nuestro pa\u00eds en la lista de los mejores destinos tur\u00edsticos del [&hellip;]","og_url":"https:\/\/seecolombia.travel\/blog\/2012\/05\/contra-la-corriente-como-mi-regreso-a-colombia-cambio-mi-vida-por-completo-o-una-historia-de-amor-por-colombia\/","og_site_name":"Colombia Travel Blog by See Colombia Travel","article_published_time":"2012-05-14T11:15:53+00:00","article_modified_time":"2021-03-16T22:41:22+00:00","og_image":[{"width":"320","height":"240","url":"https:\/\/seecolombia.travel\/blog\/wp-content\/uploads\/2012\/05\/Blogeando-desde-Buenos-Aires.jpg","type":"image\/jpeg"}],"twitter_card":"summary","twitter_misc":{"Written by":"Marcela","Est. reading time":"6 minutes"},"schema":{"@context":"https:\/\/schema.org","@graph":[{"@type":"WebSite","@id":"https:\/\/seecolombia.travel\/blog\/#website","url":"https:\/\/seecolombia.travel\/blog\/","name":"Colombia Travel Blog by See Colombia Travel","description":"Colombia Travel Blog: An international perspective on travelling in Colombia by world travellers.","potentialAction":[{"@type":"SearchAction","target":{"@type":"EntryPoint","urlTemplate":"https:\/\/seecolombia.travel\/blog\/?s={search_term_string}"},"query-input":"required name=search_term_string"}],"inLanguage":"en-US"},{"@type":"ImageObject","inLanguage":"en-US","@id":"https:\/\/seecolombia.travel\/blog\/2012\/05\/contra-la-corriente-como-mi-regreso-a-colombia-cambio-mi-vida-por-completo-o-una-historia-de-amor-por-colombia\/#primaryimage","url":"https:\/\/seecolombia.travel\/blog\/wp-content\/uploads\/2012\/05\/Blogeando-desde-Buenos-Aires.jpg","contentUrl":"https:\/\/seecolombia.travel\/blog\/wp-content\/uploads\/2012\/05\/Blogeando-desde-Buenos-Aires.jpg","width":"320","height":"240","caption":"Bloggeando por Colmbia desde Buenos Aires ;)"},{"@type":"WebPage","@id":"https:\/\/seecolombia.travel\/blog\/2012\/05\/contra-la-corriente-como-mi-regreso-a-colombia-cambio-mi-vida-por-completo-o-una-historia-de-amor-por-colombia\/#webpage","url":"https:\/\/seecolombia.travel\/blog\/2012\/05\/contra-la-corriente-como-mi-regreso-a-colombia-cambio-mi-vida-por-completo-o-una-historia-de-amor-por-colombia\/","name":"Contra la corriente: Como mi regreso a Colombia cambi\u00f3 mi vida por completo (o una historia de amor por Colombia) - Colombia Travel Blog by See Colombia Travel","isPartOf":{"@id":"https:\/\/seecolombia.travel\/blog\/#website"},"primaryImageOfPage":{"@id":"https:\/\/seecolombia.travel\/blog\/2012\/05\/contra-la-corriente-como-mi-regreso-a-colombia-cambio-mi-vida-por-completo-o-una-historia-de-amor-por-colombia\/#primaryimage"},"datePublished":"2012-05-14T11:15:53+00:00","dateModified":"2021-03-16T22:41:22+00:00","author":{"@id":"https:\/\/seecolombia.travel\/blog\/#\/schema\/person\/c4a859d09f02427fefbe496b839be27a"},"breadcrumb":{"@id":"https:\/\/seecolombia.travel\/blog\/2012\/05\/contra-la-corriente-como-mi-regreso-a-colombia-cambio-mi-vida-por-completo-o-una-historia-de-amor-por-colombia\/#breadcrumb"},"inLanguage":"en-US","potentialAction":[{"@type":"ReadAction","target":["https:\/\/seecolombia.travel\/blog\/2012\/05\/contra-la-corriente-como-mi-regreso-a-colombia-cambio-mi-vida-por-completo-o-una-historia-de-amor-por-colombia\/"]}]},{"@type":"BreadcrumbList","@id":"https:\/\/seecolombia.travel\/blog\/2012\/05\/contra-la-corriente-como-mi-regreso-a-colombia-cambio-mi-vida-por-completo-o-una-historia-de-amor-por-colombia\/#breadcrumb","itemListElement":[{"@type":"ListItem","position":1,"name":"Home","item":"https:\/\/seecolombia.travel\/blog\/"},{"@type":"ListItem","position":2,"name":"Contra la corriente: Como mi regreso a Colombia cambi\u00f3 mi vida por completo (o una historia de amor por Colombia)"}]},{"@type":"Person","@id":"https:\/\/seecolombia.travel\/blog\/#\/schema\/person\/c4a859d09f02427fefbe496b839be27a","name":"Marcela","image":{"@type":"ImageObject","inLanguage":"en-US","@id":"https:\/\/seecolombia.travel\/blog\/#\/schema\/person\/image\/","url":"https:\/\/secure.gravatar.com\/avatar\/e8fde3eb9081550633d2aa18367738ae?s=96&d=retro&r=g","contentUrl":"https:\/\/secure.gravatar.com\/avatar\/e8fde3eb9081550633d2aa18367738ae?s=96&d=retro&r=g","caption":"Marcela"},"description":"After living in England for 10 years and finishing a Hotel Management and a Business degree in London, Marcela decided that she should take her dream holiday before going back home \u2013 so she joined and overland tour to Egypt. She immediately felt a connection with the travel industry. After a month\u2019s traveling in the Middle East, Marcela found herself in Lima, following her dream, working whilst travelling as a tour leader in the whole of South America. For the past 4 years, Marcela has been planning and working to bring her greatest dream to life, to find the best team to deliver Colombia to the world and to make Seecolombia.travel the greatest Colombian tour operator in the world.","url":"https:\/\/seecolombia.travel\/blog\/author\/marcela\/"}]}},"amp_enabled":true,"_links":{"self":[{"href":"https:\/\/seecolombia.travel\/blog\/wp-json\/wp\/v2\/posts\/3717"}],"collection":[{"href":"https:\/\/seecolombia.travel\/blog\/wp-json\/wp\/v2\/posts"}],"about":[{"href":"https:\/\/seecolombia.travel\/blog\/wp-json\/wp\/v2\/types\/post"}],"author":[{"embeddable":true,"href":"https:\/\/seecolombia.travel\/blog\/wp-json\/wp\/v2\/users\/1"}],"replies":[{"embeddable":true,"href":"https:\/\/seecolombia.travel\/blog\/wp-json\/wp\/v2\/comments?post=3717"}],"version-history":[{"count":97,"href":"https:\/\/seecolombia.travel\/blog\/wp-json\/wp\/v2\/posts\/3717\/revisions"}],"predecessor-version":[{"id":26518,"href":"https:\/\/seecolombia.travel\/blog\/wp-json\/wp\/v2\/posts\/3717\/revisions\/26518"}],"wp:featuredmedia":[{"embeddable":true,"href":"https:\/\/seecolombia.travel\/blog\/wp-json\/wp\/v2\/media\/3827"}],"wp:attachment":[{"href":"https:\/\/seecolombia.travel\/blog\/wp-json\/wp\/v2\/media?parent=3717"}],"wp:term":[{"taxonomy":"category","embeddable":true,"href":"https:\/\/seecolombia.travel\/blog\/wp-json\/wp\/v2\/categories?post=3717"},{"taxonomy":"post_tag","embeddable":true,"href":"https:\/\/seecolombia.travel\/blog\/wp-json\/wp\/v2\/tags?post=3717"}],"curies":[{"name":"wp","href":"https:\/\/api.w.org\/{rel}","templated":true}]}}