{"id":3258,"date":"2012-03-22T17:00:02","date_gmt":"2012-03-22T22:00:02","guid":{"rendered":"http:\/\/seecolombia.travel\/blog\/?p=3258"},"modified":"2016-05-12T16:56:04","modified_gmt":"2016-05-12T21:56:04","slug":"world-water-day-2012-the-bogota-river-and-fundacion-rio-urbano","status":"publish","type":"post","link":"https:\/\/seecolombia.travel\/blog\/2012\/03\/world-water-day-2012-the-bogota-river-and-fundacion-rio-urbano\/","title":{"rendered":"World Water Day 2012: The Bogot\u00e1 River and Fundacion Rio Urbano"},"content":{"rendered":"<figure id=\"attachment_3264\" aria-describedby=\"caption-attachment-3264\" style=\"width: 448px\" class=\"wp-caption aligncenter\"><a href=\"http:\/\/seecolombia.travel\/blog\/wp-content\/uploads\/2012\/03\/bogriv3.jpg\"><img loading=\"lazy\" class=\" wp-image-3264 \" title=\"The Fundacion Rio Urbano team\" src=\"http:\/\/seecolombia.travel\/blog\/wp-content\/uploads\/2012\/03\/bogriv3-1024x682.jpg\" alt=\"The Fundacion Rio Urbano team\" width=\"448\" height=\"298\" srcset=\"https:\/\/seecolombia.travel\/blog\/wp-content\/uploads\/2012\/03\/bogriv3-1024x682.jpg 1024w, https:\/\/seecolombia.travel\/blog\/wp-content\/uploads\/2012\/03\/bogriv3-300x200.jpg 300w\" sizes=\"(max-width: 448px) 100vw, 448px\" \/><\/a><figcaption id=\"caption-attachment-3264\" class=\"wp-caption-text\">Some of the Fundacion Rio Urbano team with the Colombia Travel Blog at the Bogot\u00e1 River<\/figcaption><\/figure>\n<p>When I first came to Bogot\u00e1, I had the pleasure of being introduced to Germain Garc\u00eda Dur\u00e1n, who was to take me and some friends on a tour of the outskirts of\u00a0<a href=\"http:\/\/seecolombia.travel\/destinations\/bogota\">Bogot\u00e1<\/a>, skirting villages such as Chia and navigating the winding roads in the surrounding mountains. The views were spectacular. The forests that climbed up into the mountains were a vibrant, flourishing green; the mountains themselves were rugged and decorated with clouds; the river meandered through the landscape beautifully while lakes circled our drive, stretching out for miles. There was even, at one point, a large waterfall with an old, beautiful hotel overlooking it and the plunge pool it had created. We stopped for a moment at the legendary Tequendama waterfall.<\/p>\n<p>It all sounds so idyllic and, yet, it was almost unbearable being there. The smell of the river that flowed around us was awful &#8211; a clinging sulphur smell that was relentlessly refreshing itself, not allowing any of us to get used to it.<!--more--><\/p>\n<p>This is the nature of the Bogot\u00e1 River, one of the most polluted in the world.<\/p>\n<figure id=\"attachment_3259\" aria-describedby=\"caption-attachment-3259\" style=\"width: 384px\" class=\"wp-caption aligncenter\"><a href=\"http:\/\/seecolombia.travel\/blog\/wp-content\/uploads\/2012\/03\/DSC08748.jpg\"><img loading=\"lazy\" class=\" wp-image-3259 \" title=\"The hotel of Tequedama\" src=\"http:\/\/seecolombia.travel\/blog\/wp-content\/uploads\/2012\/03\/DSC08748-768x1024.jpg\" alt=\"The hotel of Tequedama\" width=\"384\" height=\"512\" srcset=\"https:\/\/seecolombia.travel\/blog\/wp-content\/uploads\/2012\/03\/DSC08748-768x1024.jpg 768w, https:\/\/seecolombia.travel\/blog\/wp-content\/uploads\/2012\/03\/DSC08748-225x300.jpg 225w, https:\/\/seecolombia.travel\/blog\/wp-content\/uploads\/2012\/03\/DSC08748.jpg 1536w\" sizes=\"(max-width: 384px) 100vw, 384px\" \/><\/a><figcaption id=\"caption-attachment-3259\" class=\"wp-caption-text\">The hotel of Tequendama<\/figcaption><\/figure>\n<p>It&#8217;s World Water Day 2012, and so to us it seems the perfect time to talk about this problem that plagues Bogot\u00e1 and robs it of a potentially spectacular viewpoint. As it is, the waterfall we were looking is sometimes barely a waterfall; its source had been limited by the production of energy in a nearby factory and so it trickles down pathetically. The river is barely a river; it sludges along, thick with pollution and so black it&#8217;s almost perfectly reflective when the sun shone on it. The hotel that should have been one of Bogot\u00e1\u2019s most stunning landmarks is abandoned, left neglected and rotting. This should be one of Bogot\u00e1&#8217;s most attractive spots, but a lack of respect for the environment and undoubtedly a certain amount of greed had transformed it into an eyesore.<\/p>\n<figure style=\"width: 640px\" class=\"wp-caption aligncenter\"><a href=\"http:\/\/seecolombia.travel\/blog\/wp-content\/uploads\/2012\/03\/bogriv2.jpg\"><img loading=\"lazy\" class=\"size-large wp-image-3261\" title=\"Waste being pushed into the river\" src=\"http:\/\/seecolombia.travel\/blog\/wp-content\/uploads\/2012\/03\/bogriv2-1024x682.jpg\" alt=\"Waste being pushed into the river\" width=\"640\" height=\"426\" srcset=\"https:\/\/seecolombia.travel\/blog\/wp-content\/uploads\/2012\/03\/bogriv2-1024x682.jpg 1024w, https:\/\/seecolombia.travel\/blog\/wp-content\/uploads\/2012\/03\/bogriv2-300x200.jpg 300w\" sizes=\"(max-width: 640px) 100vw, 640px\" \/><\/a><figcaption class=\"wp-caption-text\">The Bogot\u00e1 River, pollution and all<\/figcaption><\/figure>\n<p>The entire river is in terrible condition and needs some serious help. Tourism could be increased to some points of the river, such as the waterfall, but the real tragedy is that the lives of some of the most vulnerable communities here in Bogot\u00e1 are at risk because they depend upon the river for their livelihood. They depend upon a river that can barely move due to the dense sludge of pollution. Something needs to be done, and Fundacion Rio Urbano are trying to make that change.<\/p>\n<p><a href=\"http:\/\/seecolombia.travel\/blog\/wp-content\/uploads\/2012\/03\/DSC08746.jpg\"><img loading=\"lazy\" class=\" wp-image-3260 \" title=\"JL overlooking the waterfall\" src=\"http:\/\/seecolombia.travel\/blog\/wp-content\/uploads\/2012\/03\/DSC08746-768x1024.jpg\" alt=\"JL overlooking the waterfall\" width=\"384\" height=\"512\" srcset=\"https:\/\/seecolombia.travel\/blog\/wp-content\/uploads\/2012\/03\/DSC08746-768x1024.jpg 768w, https:\/\/seecolombia.travel\/blog\/wp-content\/uploads\/2012\/03\/DSC08746-225x300.jpg 225w, https:\/\/seecolombia.travel\/blog\/wp-content\/uploads\/2012\/03\/DSC08746.jpg 1536w\" sizes=\"(max-width: 384px) 100vw, 384px\" \/><\/a><\/p>\n<p style=\"text-align: left;\">This is all thanks to our See <a href=\"http:\/\/seecolombia.travel\" target=\"_blank\">Colombia Travel<\/a> customers, who book with us and therefore donate a percentage of the cost of their trip to Fundacion Rio Urbano. With this money we hope, in our own way, to help this river and the people and wildlife that live near it.<\/p>\n","protected":false},"excerpt":{"rendered":"<p>When I first came to Bogot\u00e1, I had the pleasure of being introduced to Germain Garc\u00eda Dur\u00e1n, who was to take me and some friends on a tour of the outskirts of\u00a0Bogot\u00e1, skirting villages such as Chia and navigating the winding roads in the surrounding mountains. The views were spectacular. The forests that climbed up [&hellip;]<\/p>\n","protected":false},"author":2,"featured_media":0,"comment_status":"open","ping_status":"open","sticky":false,"template":"","format":"standard","meta":{"ngg_post_thumbnail":0},"categories":[35,115,128,624,625,626,4,66,97,75,67],"tags":[2976,2868,2910],"yoast_head":"<!-- This site is optimized with the Yoast SEO Premium plugin v18.4 (Yoast SEO v18.9) - https:\/\/yoast.com\/wordpress\/plugins\/seo\/ -->\n<title>World Water Day 2012: The Bogot\u00e1 River and Fundacion Rio Urbano - Colombia Travel Blog by See Colombia Travel<\/title>\n<meta name=\"robots\" content=\"index, follow, max-snippet:-1, max-image-preview:large, max-video-preview:-1\" \/>\n<link rel=\"canonical\" href=\"https:\/\/seecolombia.travel\/blog\/2012\/03\/world-water-day-2012-the-bogota-river-and-fundacion-rio-urbano\/\" \/>\n<meta property=\"og:locale\" content=\"en_US\" \/>\n<meta property=\"og:type\" content=\"article\" \/>\n<meta property=\"og:title\" content=\"World Water Day 2012: The Bogot\u00e1 River and Fundacion Rio Urbano\" \/>\n<meta property=\"og:description\" content=\"When I first came to Bogot\u00e1, I had the pleasure of being introduced to Germain Garc\u00eda Dur\u00e1n, who was to take me and some friends on a tour of the outskirts of\u00a0Bogot\u00e1, skirting villages such as Chia and navigating the winding roads in the surrounding mountains. The views were spectacular. The forests that climbed up [&hellip;]\" \/>\n<meta property=\"og:url\" content=\"https:\/\/seecolombia.travel\/blog\/2012\/03\/world-water-day-2012-the-bogota-river-and-fundacion-rio-urbano\/\" \/>\n<meta property=\"og:site_name\" content=\"Colombia Travel Blog by See Colombia Travel\" \/>\n<meta property=\"article:published_time\" content=\"2012-03-22T22:00:02+00:00\" \/>\n<meta property=\"article:modified_time\" content=\"2016-05-12T21:56:04+00:00\" \/>\n<meta property=\"og:image\" content=\"http:\/\/seecolombia.travel\/blog\/wp-content\/uploads\/2012\/03\/bogriv3-1024x682.jpg\" \/>\n<meta name=\"twitter:card\" content=\"summary\" \/>\n<meta name=\"twitter:label1\" content=\"Written by\" \/>\n\t<meta name=\"twitter:data1\" content=\"Paul Fowler\" \/>\n\t<meta name=\"twitter:label2\" content=\"Est. reading time\" \/>\n\t<meta name=\"twitter:data2\" content=\"3 minutes\" \/>\n<script type=\"application\/ld+json\" class=\"yoast-schema-graph\">{\"@context\":\"https:\/\/schema.org\",\"@graph\":[{\"@type\":\"WebSite\",\"@id\":\"https:\/\/seecolombia.travel\/blog\/#website\",\"url\":\"https:\/\/seecolombia.travel\/blog\/\",\"name\":\"Colombia Travel Blog by See Colombia Travel\",\"description\":\"Colombia Travel Blog: An international perspective on travelling in Colombia by world travellers.\",\"potentialAction\":[{\"@type\":\"SearchAction\",\"target\":{\"@type\":\"EntryPoint\",\"urlTemplate\":\"https:\/\/seecolombia.travel\/blog\/?s={search_term_string}\"},\"query-input\":\"required name=search_term_string\"}],\"inLanguage\":\"en-US\"},{\"@type\":\"ImageObject\",\"inLanguage\":\"en-US\",\"@id\":\"https:\/\/seecolombia.travel\/blog\/2012\/03\/world-water-day-2012-the-bogota-river-and-fundacion-rio-urbano\/#primaryimage\",\"url\":\"http:\/\/seecolombia.travel\/blog\/wp-content\/uploads\/2012\/03\/bogriv3-1024x682.jpg\",\"contentUrl\":\"http:\/\/seecolombia.travel\/blog\/wp-content\/uploads\/2012\/03\/bogriv3-1024x682.jpg\"},{\"@type\":\"WebPage\",\"@id\":\"https:\/\/seecolombia.travel\/blog\/2012\/03\/world-water-day-2012-the-bogota-river-and-fundacion-rio-urbano\/#webpage\",\"url\":\"https:\/\/seecolombia.travel\/blog\/2012\/03\/world-water-day-2012-the-bogota-river-and-fundacion-rio-urbano\/\",\"name\":\"World Water Day 2012: The Bogot\u00e1 River and Fundacion Rio Urbano - Colombia Travel Blog by See Colombia Travel\",\"isPartOf\":{\"@id\":\"https:\/\/seecolombia.travel\/blog\/#website\"},\"primaryImageOfPage\":{\"@id\":\"https:\/\/seecolombia.travel\/blog\/2012\/03\/world-water-day-2012-the-bogota-river-and-fundacion-rio-urbano\/#primaryimage\"},\"datePublished\":\"2012-03-22T22:00:02+00:00\",\"dateModified\":\"2016-05-12T21:56:04+00:00\",\"author\":{\"@id\":\"https:\/\/seecolombia.travel\/blog\/#\/schema\/person\/417e4177e5bc2022442cf51a5355ed17\"},\"breadcrumb\":{\"@id\":\"https:\/\/seecolombia.travel\/blog\/2012\/03\/world-water-day-2012-the-bogota-river-and-fundacion-rio-urbano\/#breadcrumb\"},\"inLanguage\":\"en-US\",\"potentialAction\":[{\"@type\":\"ReadAction\",\"target\":[\"https:\/\/seecolombia.travel\/blog\/2012\/03\/world-water-day-2012-the-bogota-river-and-fundacion-rio-urbano\/\"]}]},{\"@type\":\"BreadcrumbList\",\"@id\":\"https:\/\/seecolombia.travel\/blog\/2012\/03\/world-water-day-2012-the-bogota-river-and-fundacion-rio-urbano\/#breadcrumb\",\"itemListElement\":[{\"@type\":\"ListItem\",\"position\":1,\"name\":\"Home\",\"item\":\"https:\/\/seecolombia.travel\/blog\/\"},{\"@type\":\"ListItem\",\"position\":2,\"name\":\"World Water Day 2012: The Bogot\u00e1 River and Fundacion Rio Urbano\"}]},{\"@type\":\"Person\",\"@id\":\"https:\/\/seecolombia.travel\/blog\/#\/schema\/person\/417e4177e5bc2022442cf51a5355ed17\",\"name\":\"Paul Fowler\",\"image\":{\"@type\":\"ImageObject\",\"inLanguage\":\"en-US\",\"@id\":\"https:\/\/seecolombia.travel\/blog\/#\/schema\/person\/image\/\",\"url\":\"https:\/\/secure.gravatar.com\/avatar\/f10b8d3d1bb226ec998ece9c986b594e?s=96&d=retro&r=g\",\"contentUrl\":\"https:\/\/secure.gravatar.com\/avatar\/f10b8d3d1bb226ec998ece9c986b594e?s=96&d=retro&r=g\",\"caption\":\"Paul Fowler\"},\"description\":\"Paul is an Englishman with a longstanding love of travel, tea and quality beer. His first trip was to Bosnia &amp; Herzegovina and it was there, wading in some waterfalls near Mostar with just a litre of cheap beer and some bread in his belly, that he was bitten by the travel bug. After many more trips and a spell working in London, Paul relocated to Buenos Aires for some months before moving to Colombia. He's been here, knocking back 'guaro', for about 2 years now.\",\"sameAs\":[\"http:\/\/www.seecolombia.travel\/blog\"],\"url\":\"https:\/\/seecolombia.travel\/blog\/author\/paul\/\"}]}<\/script>\n<!-- \/ Yoast SEO Premium plugin. -->","yoast_head_json":{"title":"World Water Day 2012: The Bogot\u00e1 River and Fundacion Rio Urbano - Colombia Travel Blog by See Colombia Travel","robots":{"index":"index","follow":"follow","max-snippet":"max-snippet:-1","max-image-preview":"max-image-preview:large","max-video-preview":"max-video-preview:-1"},"canonical":"https:\/\/seecolombia.travel\/blog\/2012\/03\/world-water-day-2012-the-bogota-river-and-fundacion-rio-urbano\/","og_locale":"en_US","og_type":"article","og_title":"World Water Day 2012: The Bogot\u00e1 River and Fundacion Rio Urbano","og_description":"When I first came to Bogot\u00e1, I had the pleasure of being introduced to Germain Garc\u00eda Dur\u00e1n, who was to take me and some friends on a tour of the outskirts of\u00a0Bogot\u00e1, skirting villages such as Chia and navigating the winding roads in the surrounding mountains. The views were spectacular. The forests that climbed up [&hellip;]","og_url":"https:\/\/seecolombia.travel\/blog\/2012\/03\/world-water-day-2012-the-bogota-river-and-fundacion-rio-urbano\/","og_site_name":"Colombia Travel Blog by See Colombia Travel","article_published_time":"2012-03-22T22:00:02+00:00","article_modified_time":"2016-05-12T21:56:04+00:00","og_image":[{"url":"http:\/\/seecolombia.travel\/blog\/wp-content\/uploads\/2012\/03\/bogriv3-1024x682.jpg"}],"twitter_card":"summary","twitter_misc":{"Written by":"Paul Fowler","Est. reading time":"3 minutes"},"schema":{"@context":"https:\/\/schema.org","@graph":[{"@type":"WebSite","@id":"https:\/\/seecolombia.travel\/blog\/#website","url":"https:\/\/seecolombia.travel\/blog\/","name":"Colombia Travel Blog by See Colombia Travel","description":"Colombia Travel Blog: An international perspective on travelling in Colombia by world travellers.","potentialAction":[{"@type":"SearchAction","target":{"@type":"EntryPoint","urlTemplate":"https:\/\/seecolombia.travel\/blog\/?s={search_term_string}"},"query-input":"required name=search_term_string"}],"inLanguage":"en-US"},{"@type":"ImageObject","inLanguage":"en-US","@id":"https:\/\/seecolombia.travel\/blog\/2012\/03\/world-water-day-2012-the-bogota-river-and-fundacion-rio-urbano\/#primaryimage","url":"http:\/\/seecolombia.travel\/blog\/wp-content\/uploads\/2012\/03\/bogriv3-1024x682.jpg","contentUrl":"http:\/\/seecolombia.travel\/blog\/wp-content\/uploads\/2012\/03\/bogriv3-1024x682.jpg"},{"@type":"WebPage","@id":"https:\/\/seecolombia.travel\/blog\/2012\/03\/world-water-day-2012-the-bogota-river-and-fundacion-rio-urbano\/#webpage","url":"https:\/\/seecolombia.travel\/blog\/2012\/03\/world-water-day-2012-the-bogota-river-and-fundacion-rio-urbano\/","name":"World Water Day 2012: The Bogot\u00e1 River and Fundacion Rio Urbano - Colombia Travel Blog by See Colombia Travel","isPartOf":{"@id":"https:\/\/seecolombia.travel\/blog\/#website"},"primaryImageOfPage":{"@id":"https:\/\/seecolombia.travel\/blog\/2012\/03\/world-water-day-2012-the-bogota-river-and-fundacion-rio-urbano\/#primaryimage"},"datePublished":"2012-03-22T22:00:02+00:00","dateModified":"2016-05-12T21:56:04+00:00","author":{"@id":"https:\/\/seecolombia.travel\/blog\/#\/schema\/person\/417e4177e5bc2022442cf51a5355ed17"},"breadcrumb":{"@id":"https:\/\/seecolombia.travel\/blog\/2012\/03\/world-water-day-2012-the-bogota-river-and-fundacion-rio-urbano\/#breadcrumb"},"inLanguage":"en-US","potentialAction":[{"@type":"ReadAction","target":["https:\/\/seecolombia.travel\/blog\/2012\/03\/world-water-day-2012-the-bogota-river-and-fundacion-rio-urbano\/"]}]},{"@type":"BreadcrumbList","@id":"https:\/\/seecolombia.travel\/blog\/2012\/03\/world-water-day-2012-the-bogota-river-and-fundacion-rio-urbano\/#breadcrumb","itemListElement":[{"@type":"ListItem","position":1,"name":"Home","item":"https:\/\/seecolombia.travel\/blog\/"},{"@type":"ListItem","position":2,"name":"World Water Day 2012: The Bogot\u00e1 River and Fundacion Rio Urbano"}]},{"@type":"Person","@id":"https:\/\/seecolombia.travel\/blog\/#\/schema\/person\/417e4177e5bc2022442cf51a5355ed17","name":"Paul Fowler","image":{"@type":"ImageObject","inLanguage":"en-US","@id":"https:\/\/seecolombia.travel\/blog\/#\/schema\/person\/image\/","url":"https:\/\/secure.gravatar.com\/avatar\/f10b8d3d1bb226ec998ece9c986b594e?s=96&d=retro&r=g","contentUrl":"https:\/\/secure.gravatar.com\/avatar\/f10b8d3d1bb226ec998ece9c986b594e?s=96&d=retro&r=g","caption":"Paul Fowler"},"description":"Paul is an Englishman with a longstanding love of travel, tea and quality beer. His first trip was to Bosnia &amp; Herzegovina and it was there, wading in some waterfalls near Mostar with just a litre of cheap beer and some bread in his belly, that he was bitten by the travel bug. After many more trips and a spell working in London, Paul relocated to Buenos Aires for some months before moving to Colombia. He's been here, knocking back 'guaro', for about 2 years now.","sameAs":["http:\/\/www.seecolombia.travel\/blog"],"url":"https:\/\/seecolombia.travel\/blog\/author\/paul\/"}]}},"amp_enabled":true,"_links":{"self":[{"href":"https:\/\/seecolombia.travel\/blog\/wp-json\/wp\/v2\/posts\/3258"}],"collection":[{"href":"https:\/\/seecolombia.travel\/blog\/wp-json\/wp\/v2\/posts"}],"about":[{"href":"https:\/\/seecolombia.travel\/blog\/wp-json\/wp\/v2\/types\/post"}],"author":[{"embeddable":true,"href":"https:\/\/seecolombia.travel\/blog\/wp-json\/wp\/v2\/users\/2"}],"replies":[{"embeddable":true,"href":"https:\/\/seecolombia.travel\/blog\/wp-json\/wp\/v2\/comments?post=3258"}],"version-history":[{"count":13,"href":"https:\/\/seecolombia.travel\/blog\/wp-json\/wp\/v2\/posts\/3258\/revisions"}],"predecessor-version":[{"id":22852,"href":"https:\/\/seecolombia.travel\/blog\/wp-json\/wp\/v2\/posts\/3258\/revisions\/22852"}],"wp:attachment":[{"href":"https:\/\/seecolombia.travel\/blog\/wp-json\/wp\/v2\/media?parent=3258"}],"wp:term":[{"taxonomy":"category","embeddable":true,"href":"https:\/\/seecolombia.travel\/blog\/wp-json\/wp\/v2\/categories?post=3258"},{"taxonomy":"post_tag","embeddable":true,"href":"https:\/\/seecolombia.travel\/blog\/wp-json\/wp\/v2\/tags?post=3258"}],"curies":[{"name":"wp","href":"https:\/\/api.w.org\/{rel}","templated":true}]}}