{"id":28098,"date":"2022-10-03T15:57:47","date_gmt":"2022-10-03T20:57:47","guid":{"rendered":"https:\/\/seecolombia.travel\/blog\/?p=28098"},"modified":"2022-10-03T15:59:24","modified_gmt":"2022-10-03T20:59:24","slug":"medellin-colombia-guia-de-viaje","status":"publish","type":"post","link":"https:\/\/seecolombia.travel\/blog\/2022\/10\/medellin-colombia-guia-de-viaje\/","title":{"rendered":"Medellin Colombia: Gu\u00eda de viaje"},"content":{"rendered":"\n<p>Medell\u00edn es la segunda ciudad m\u00e1s importante de Colombia, y la capital del departamento de Antioquia;&nbsp;su temperatura media es de 24\u00ba y se encuentra a 1.479 metros sobre el nivel del mar por lo que es perfecto para visitar en cualquier \u00e9poca del a\u00f1o.&nbsp;Alguna vez conocida por la violencia y los narcos, Medell\u00edn ha podido resurgir de sus cenizas y convertirse en una ciudad c\u00edvica y viva.&nbsp;Ahora es uno de los motores econ\u00f3micos del pa\u00eds y un destino favorito para los visitantes de todo el mundo.&nbsp;Baile, vida nocturna y fant\u00e1sticos city tours son parte de la nueva, hermosa y renovada Medell\u00edn.&nbsp;Si est\u00e1s considerando visitar Colombia, sigue leyendo este art\u00edculo que te contamos qu\u00e9 hacer para pasar unas vacaciones inolvidables en la ciudad de la eterna primavera.<\/p>\n\n\n\n<p><\/p>\n\n\n\n<h2 id=\"h-provenza-el-poblado\">Provenza- el Poblado<\/h2>\n\n\n\n<p>Provenza es un barrio dentro del Poblado (el Poblado es uno de los barrios m\u00e1s extensos y exclusivos de la ciudad).<\/p>\n\n\n\n<p>Es una zona llena de vida todos los d\u00edas de la semana.&nbsp;Aqu\u00ed, en aproximadamente 3 km de hermosas calles, encontrar\u00e1 exquisitos restaurantes, bares, discotecas, hoteles, teatros y centros comerciales.&nbsp;<\/p>\n\n\n\n<p>Es el lugar donde se dan cita propios y extra\u00f1os para disfrutar de una buena cerveza por la tarde y una incre\u00edble rumba por la noche.<\/p>\n\n\n\n<p>Si vienes a la fiesta y quieres conocer gente, la Provenza y sus alrededores son los lugares para buscar alojamiento.\u00a0Desde el final de la pandemia, Provenza se ha convertido en el lugar preferido para conocer gente y divertirse en Medell\u00edn.\u00a0<\/p>\n\n\n\n<p><\/p>\n\n\n\n<figure class=\"wp-block-image size-large\"><img loading=\"lazy\" width=\"1024\" height=\"683\" src=\"https:\/\/seecolombia.travel\/blog\/wp-content\/uploads\/2022\/09\/provenza-medellin-1024x683.webp\" alt=\"\" class=\"wp-image-28069\" srcset=\"https:\/\/seecolombia.travel\/blog\/wp-content\/uploads\/2022\/09\/provenza-medellin-1024x683.webp 1024w, https:\/\/seecolombia.travel\/blog\/wp-content\/uploads\/2022\/09\/provenza-medellin-300x200.webp 300w, https:\/\/seecolombia.travel\/blog\/wp-content\/uploads\/2022\/09\/provenza-medellin-768x512.webp 768w, https:\/\/seecolombia.travel\/blog\/wp-content\/uploads\/2022\/09\/provenza-medellin-1536x1024.webp 1536w, https:\/\/seecolombia.travel\/blog\/wp-content\/uploads\/2022\/09\/provenza-medellin-2048x1365.webp 2048w\" sizes=\"(max-width: 1024px) 100vw, 1024px\" \/><figcaption>Pronveza <\/figcaption><\/figure>\n\n\n\n<h2 id=\"h-pueblos-y-alrededores\">Pueblos y alrededores <\/h2>\n\n\n\n<p>Cerca de Medell\u00edn, encontrar\u00e1s muchos pueblos donde podr\u00e1s disfrutar de la naturaleza antioque\u00f1a.\u00a0Ir a  \u201cpuebliar\u201d los fines de semana es uno de los planes favoritos de los locales y de los miles de turistas que llegan todos los d\u00edas a la capital antioque\u00f1a.<\/p>\n\n\n\n<h4 id=\"h-guatape\">Guatape<\/h4>\n\n\n\n<p>A una hora y media de Medell\u00edn, en auto o bus, se encuentra Guatap\u00e9, un pintoresco pueblo conocido por una a inmesa represa artificial donde se encuentra la <strong>piedra del Pe\u00f1ol<\/strong>.\u00a0All\u00ed, adem\u00e1s de deportes acu\u00e1ticos como el kitesurf o el esqu\u00ed acuatico, podr\u00e1s disfrutar de pueblo y la gastronom\u00eda t\u00edpica de la regi\u00f3n.<\/p>\n\n\n\n<p>Adem\u00e1s, por 20.000 pesos colombianos (US$5) puedes subir a la piedra para disfrutar de la vista panor\u00e1mica del lago.&nbsp;La piedra tiene 740 escalones y se tarda entre 30 y 45 minutos en subir hasta la cima.<\/p>\n\n\n\n<p><\/p>\n\n\n\n<figure class=\"wp-block-image size-full is-resized\"><img loading=\"lazy\" src=\"https:\/\/seecolombia.travel\/blog\/wp-content\/uploads\/2022\/09\/piedra-penol-guatape.webp\" alt=\"\" class=\"wp-image-28070\" width=\"780\" height=\"521\" srcset=\"https:\/\/seecolombia.travel\/blog\/wp-content\/uploads\/2022\/09\/piedra-penol-guatape.webp 780w, https:\/\/seecolombia.travel\/blog\/wp-content\/uploads\/2022\/09\/piedra-penol-guatape-300x200.webp 300w, https:\/\/seecolombia.travel\/blog\/wp-content\/uploads\/2022\/09\/piedra-penol-guatape-768x513.webp 768w\" sizes=\"(max-width: 780px) 100vw, 780px\" \/><figcaption>Piedra del pe\u00f1ol- Guatape<\/figcaption><\/figure>\n\n\n\n<h4 id=\"h-jardin\">Jardin <\/h4>\n\n\n\n<p>\u201cEl pueblo m\u00e1s lindo de Antioquia\u201d se encuentra a 2h 30min en auto desde Medell\u00edn.&nbsp;Jard\u00edn es uno de los pueblos que a\u00fan conserva su aspecto colonial y es un para\u00edso para los amantes de la naturaleza, lleno de vegetaci\u00f3n, flores, p\u00e1jaros, casas coloridas y gente muy amable.&nbsp;Aqu\u00ed se puede realizar caminatas en la monta\u00f1a, cabalgatas, barranquismo, visitar cuevas milenarias y ba\u00f1arse en aguas subterr\u00e1neas o visitar cafetales.&nbsp;<\/p>\n\n\n\n<p>Una joya que querr\u00e1s visitar si vienes a Medell\u00edn.\u00a0<\/p>\n\n\n\n<figure class=\"wp-block-image size-full\"><img loading=\"lazy\" width=\"680\" height=\"500\" src=\"https:\/\/seecolombia.travel\/blog\/wp-content\/uploads\/2022\/09\/jardin-antiquia-salto-del-angel.webp\" alt=\"\" class=\"wp-image-28072\" srcset=\"https:\/\/seecolombia.travel\/blog\/wp-content\/uploads\/2022\/09\/jardin-antiquia-salto-del-angel.webp 680w, https:\/\/seecolombia.travel\/blog\/wp-content\/uploads\/2022\/09\/jardin-antiquia-salto-del-angel-300x221.webp 300w\" sizes=\"(max-width: 680px) 100vw, 680px\" \/><figcaption>Angels jump, Jardin-Antioquia<\/figcaption><\/figure>\n\n\n\n<h4 id=\"h-santa-fe-de-antioquia\">Santa Fe de Antioquia<\/h4>\n\n\n\n<p>Es otra ciudad colonial y patrimonio de la naci\u00f3n.\u00a0Conserva en sus calles y estructuras el estilo colonial de siglos de anta\u00f1o.\u00a0<\/p>\n\n\n\n<p>Fue la capital del departamento de Antioquia y el centro de operaciones mineras de la regi\u00f3n, en epocas coloniales.\u00a0Es uno de los lugares favoritos de los lugare\u00f1os para pasar el fin de semana por su c\u00e1lida temperatura y ausencia de lluvias lo que lo hace ideal para disfrutar de un ba\u00f1o o del r\u00edo.\u00a0En el reccorrido por el pueblo se pueden visitar todas las iglesias y el puente occidental, que une Antioquia, Sopetran y San Jer\u00f3nimo.<\/p>\n\n\n\n<figure class=\"wp-block-image size-full is-resized\"><img loading=\"lazy\" src=\"https:\/\/seecolombia.travel\/blog\/wp-content\/uploads\/2022\/09\/santafe-santa-barbara.webp\" alt=\"\" class=\"wp-image-28073\" width=\"800\" height=\"548\" srcset=\"https:\/\/seecolombia.travel\/blog\/wp-content\/uploads\/2022\/09\/santafe-santa-barbara.webp 800w, https:\/\/seecolombia.travel\/blog\/wp-content\/uploads\/2022\/09\/santafe-santa-barbara-300x206.webp 300w, https:\/\/seecolombia.travel\/blog\/wp-content\/uploads\/2022\/09\/santafe-santa-barbara-768x526.webp 768w\" sizes=\"(max-width: 800px) 100vw, 800px\" \/><figcaption>Iglesia Santa Barbara<\/figcaption><\/figure>\n\n\n\n<h4 id=\"h-rio-negro\">Rio negro&nbsp;<\/h4>\n\n\n\n<p>Al occidente de Medell\u00edn se encuentra R\u00edo Negro, otro de los lugares m\u00e1s concurridos del Valle de Aburr\u00e1.&nbsp;<\/p>\n\n\n\n<p>Si vienes de otro pa\u00eds, probablemente llegar\u00e1s al aeropuerto Jos\u00e9 Mar\u00eda C\u00f3rdoba de R\u00edo Negro, a 25 minutos de Medell\u00edn.\u00a0En la zona cercana al aeropuerto encontrar\u00e1s una gran variedad gastron\u00f3mica y el Parque Arv\u00ed, una reserva natural donde puedes caminar, acampar o tomar un telef\u00e9rico y recorrerel parque, tambi\u00e9n puedes reservar excursiones para montar a caballo o biciccleta <\/p>\n\n\n\n<p>A pesar de ser una zona rural, cuenta con restaurantes de lujo y exclusivos centros comerciales.\u00a0Llano grande (R\u00edo negro) se ha valorizado exponencialmente en los \u00faltimos a\u00f1os y es un lugar donde se desarrollan exclusivos proyectos inmobiliarios .\u00a0(Si te gusta el reggaet\u00f3n o el f\u00fatbol, \u200b\u200bquiz\u00e1s quieras pasarte por llano grande, all\u00ed tienen su casa Maluma, Jbalvin, Karol G y James Rodr\u00edguez, si tienes suerte quiz\u00e1s los veas en el caf\u00e9 de la ciudad ;).<\/p>\n\n\n\n<figure class=\"wp-block-image size-large\"><img loading=\"lazy\" width=\"1024\" height=\"683\" src=\"https:\/\/seecolombia.travel\/blog\/wp-content\/uploads\/2022\/09\/arvi-park-1024x683.webp\" alt=\"\" class=\"wp-image-28075\" srcset=\"https:\/\/seecolombia.travel\/blog\/wp-content\/uploads\/2022\/09\/arvi-park-1024x683.webp 1024w, https:\/\/seecolombia.travel\/blog\/wp-content\/uploads\/2022\/09\/arvi-park-300x200.webp 300w, https:\/\/seecolombia.travel\/blog\/wp-content\/uploads\/2022\/09\/arvi-park-768x512.webp 768w, https:\/\/seecolombia.travel\/blog\/wp-content\/uploads\/2022\/09\/arvi-park.webp 1200w\" sizes=\"(max-width: 1024px) 100vw, 1024px\" \/><figcaption>Parque arvi  Rio negro<\/figcaption><\/figure>\n\n\n\n<h2>Tour comuna 13<\/h2>\n\n\n\n<p>Esta fue una de las zonas m\u00e1s violentas de Medell\u00edn;\u00a0la gente de este sector vivi\u00f3 a\u00f1os de zozobra y angustia por los estragos narcotr\u00e1fico.\u00a0Pero as\u00ed como sufri\u00f3, la comuna 13 vivi\u00f3 lo suficiente para convertir sus calles de trincheras de guerra en<strong> espacios de paz, cultura y civismo<\/strong>.\u00a0De la mano de su gente  hoy la comuna 13 es un ejemplo de redenci\u00f3n y superaci\u00f3n, ahora es un barrio popular con ganas de vivir y alegria que  estalla por sus calles, casas y murales. Hoy en d\u00eda es uno de los lugares m\u00e1s tur\u00edsticos de Medell\u00edn y puedes descubrirlo tomando uno de sus famosos tours de graffiti.\u00a0<\/p>\n\n\n\n<p>El recorrido es guiado por lugare\u00f1os (que hablan ingl\u00e9s) y dura todo el d\u00eda desde la ma\u00f1ana hasta la tarde es un recorrido por toda la comuna, donde te contar\u00e1n su historia, conocer\u00e1s a su gente y sentir\u00e1s el amor y la fuerza. que este lugar desprende.<\/p>\n\n\n\n<p><\/p>\n\n\n\n<figure class=\"wp-block-image size-large\"><img loading=\"lazy\" width=\"1024\" height=\"770\" src=\"https:\/\/seecolombia.travel\/blog\/wp-content\/uploads\/2022\/09\/comuna-13-graffiti-tour-1024x770.webp\" alt=\"\" class=\"wp-image-28076\" srcset=\"https:\/\/seecolombia.travel\/blog\/wp-content\/uploads\/2022\/09\/comuna-13-graffiti-tour-1024x770.webp 1024w, https:\/\/seecolombia.travel\/blog\/wp-content\/uploads\/2022\/09\/comuna-13-graffiti-tour-300x225.webp 300w, https:\/\/seecolombia.travel\/blog\/wp-content\/uploads\/2022\/09\/comuna-13-graffiti-tour-768x577.webp 768w, https:\/\/seecolombia.travel\/blog\/wp-content\/uploads\/2022\/09\/comuna-13-graffiti-tour.webp 1280w\" sizes=\"(max-width: 1024px) 100vw, 1024px\" \/><figcaption>Grafiti comuna 13<\/figcaption><\/figure>\n\n\n\n<h2>Plaza Botero<\/h2>\n\n\n\n<p>Fernando Botero es un artista colombiano, nacido en Medell\u00edn, conocido por sus pinturas y esculturas donde da vida a un estilo \u00fanico, pinta, retrata o talla solo gente gorda.&nbsp;Su particular estilo le dio fama mundial y es uno de los artistas vivos m\u00e1s cotizados del mundo.<\/p>\n\n\n\n<p>En Plaza Botero, en Medell\u00edn, se puede ver una exclusiva galer\u00eda de esculturas del autor.\u00a0Ubicada en el centro de Medell\u00edn, la Plaza Botero es una visita obligada para todos los turistas de la ciudad, \u00a1es como estar en un museo al aire libre, seguro que lo disfrutar\u00e1s!<\/p>\n\n\n\n<figure class=\"wp-block-image size-full\"><img loading=\"lazy\" width=\"980\" height=\"547\" src=\"https:\/\/seecolombia.travel\/blog\/wp-content\/uploads\/2022\/09\/paza-botero.webp\" alt=\"\" class=\"wp-image-28077\" srcset=\"https:\/\/seecolombia.travel\/blog\/wp-content\/uploads\/2022\/09\/paza-botero.webp 980w, https:\/\/seecolombia.travel\/blog\/wp-content\/uploads\/2022\/09\/paza-botero-300x167.webp 300w, https:\/\/seecolombia.travel\/blog\/wp-content\/uploads\/2022\/09\/paza-botero-768x429.webp 768w\" sizes=\"(max-width: 980px) 100vw, 980px\" \/><figcaption>Plaza Botero<\/figcaption><\/figure>\n\n\n\n<h2>Museo de la memoria (Museum house of memory)<\/h2>\n\n\n\n<p>Si hay una buena forma de conocer la historia reciente de Medell\u00edn, es visitando el museo de memoria hist\u00f3rica. Conozca un pedazo de la cruda y dolorosa historia de la ciudad. Desde diferentes \u00e1ngulos el museo evoca la historia de terror sembrada por los c\u00e1rteles, la guerrilla, los paramilitares y el gobierno desde la d\u00e9cada del 70 al 2000. Hay cifras, testimonios, fotos y material audio visual de aquella epoca. <\/p>\n\n\n\n<p><strong>Es una visita un poco abrumadora per edificante y conmovedora a la vez. <\/strong><\/p>\n\n\n\n<p><\/p>\n\n\n\n<figure class=\"wp-block-image size-large\"><img loading=\"lazy\" width=\"1024\" height=\"535\" src=\"https:\/\/seecolombia.travel\/blog\/wp-content\/uploads\/2022\/09\/museo-casa-de-la-memoria-1024x535.webp\" alt=\"\" class=\"wp-image-28078\" srcset=\"https:\/\/seecolombia.travel\/blog\/wp-content\/uploads\/2022\/09\/museo-casa-de-la-memoria-1024x535.webp 1024w, https:\/\/seecolombia.travel\/blog\/wp-content\/uploads\/2022\/09\/museo-casa-de-la-memoria-300x157.webp 300w, https:\/\/seecolombia.travel\/blog\/wp-content\/uploads\/2022\/09\/museo-casa-de-la-memoria-768x401.webp 768w, https:\/\/seecolombia.travel\/blog\/wp-content\/uploads\/2022\/09\/museo-casa-de-la-memoria.webp 1200w\" sizes=\"(max-width: 1024px) 100vw, 1024px\" \/><figcaption>Museo: casa de la memoria<\/figcaption><\/figure>\n\n\n\n<h2>Jardin Botanico<\/h2>\n\n\n\n<p>En el el coraz\u00f3n de la ciudad puedes encontrar un museo vivo de flora y fauna para que respires aire puro. El jard\u00edn bot\u00e1nico es un oasis en mitad de la selva de cemento, con extensas a\u00e9reas verdes donde puedes sentarte a disfrutar de una peque\u00f1a comida. En el jard\u00edn se encuentra el orquideorama, el cual es casa de m\u00e1s de 4500 especies de flores y un mariposario con m\u00e1s de 1000 especies\u00a0<\/p>\n\n\n\n<p><\/p>\n\n\n\n<figure class=\"wp-block-image size-large\"><img loading=\"lazy\" width=\"1024\" height=\"576\" src=\"https:\/\/seecolombia.travel\/blog\/wp-content\/uploads\/2022\/09\/jardin-botanico-1024x576.webp\" alt=\"\" class=\"wp-image-28079\" srcset=\"https:\/\/seecolombia.travel\/blog\/wp-content\/uploads\/2022\/09\/jardin-botanico-1024x576.webp 1024w, https:\/\/seecolombia.travel\/blog\/wp-content\/uploads\/2022\/09\/jardin-botanico-300x169.webp 300w, https:\/\/seecolombia.travel\/blog\/wp-content\/uploads\/2022\/09\/jardin-botanico-768x432.webp 768w, https:\/\/seecolombia.travel\/blog\/wp-content\/uploads\/2022\/09\/jardin-botanico-1536x864.webp 1536w, https:\/\/seecolombia.travel\/blog\/wp-content\/uploads\/2022\/09\/jardin-botanico-2048x1152.webp 2048w\" sizes=\"(max-width: 1024px) 100vw, 1024px\" \/><figcaption>Jardin Botanico<\/figcaption><\/figure>\n\n\n\n<h2><\/h2>\n\n\n\n<h2>\u00bfQu\u00e9 saber antes de viajar?<\/h2>\n\n\n\n<h3>Mejores lugares para hospedarse <\/h3>\n\n\n\n<p>Si viniste a la fiesta en Medell\u00edn, Poblado es el lugar donde quieres estar.&nbsp;Hay toneladas de hoteles, hostales u opciones de Airbnb para elegir.&nbsp;<ins><\/ins><\/p>\n\n\n\n<p>Cerca de Poblado, encontrar\u00e1s Envigado, (no es Medell\u00edn pero es parte del \u00e1rea metropolitana de la ciudad) una zona exclusiva donde puedes mezclar la turbulencia de la ciudad y la paz de la naturaleza.<\/p>\n\n\n\n<p>Si quieres quedarte m\u00e1s de un mes en Medell\u00edn, te recomendamos la zona de laureles estadio y laureles. Llena de verde\u00a0 es un barrio mucho m\u00e1s tranquilo que el poblado, no hay tantas discotecas, pero a cambio encontrar\u00e1s cerca unidades deportivas, museos, bares y muchos lugares para hacer deporte. Todo queda cerca, el centro, el poblado y el norte, as\u00ed que podr\u00e1s moverte muy f\u00e1cilmente por toda la ciudad sin recorrer mucho camino\u00a0<\/p>\n\n\n\n<h3>Is Medellin Dangerous?<\/h3>\n\n\n\n<p> s\u00ed y no .\u00a0Depende mucho de la zona en la que te encuentres. La mayor\u00eda de las personas que vienen a Medell\u00edn nunca han tenido problemas de inseguridad, pero algunas personas s\u00ed.\u00a0La mayor\u00eda de los casos que conocemos est\u00e1n relacionados con personas ebrias que se perdieron para ir a casa (d\u00eda y noche) y fueron asaltadas.<\/p>\n\n\n\n<p>Para mantenerse a salvo, guarde sus objetos de valor (incluido su tel\u00e9fono) y solicite a las personas de su hotel advertencias sobre ciertas \u00e1reas, y tenga mucho cuidado por la noche.<\/p>\n\n\n\n<p><\/p>\n\n\n\n<h3>Clima<\/h3>\n\n\n\n<p>\u00a0&#8220;la ciudad de la eterna primavera&#8221; Puedes estar en el parque en un d\u00eda soleado y de repente ver c\u00f3mo se acerca la lluvia. Hay d\u00edas secos, d\u00edas lluviosos o ambos. Haga el tiempo que haga, no necesitar\u00e1s una chaqueta o un abrigo durante el d\u00eda, pero por la noche quiz\u00e1 quieras una manta caliente.<\/p>\n\n\n\n<h3>Evita la idolatria por Escoar<\/h3>\n\n\n\n<p>La gente de Colombia (Medellin y Cali particularmente) esta cansada de que se hable de Escobar y los narcos, mas si la gente viene con el ideal de Netflix (un criminal cool respetado por sus haza\u00f1as) En Colombia Pablo Escobar, era un terrorista y es despreciado por la gran mayor\u00eda de su poblaci\u00f3n.\u00a0Medell\u00edn y Colombia en general son mucho m\u00e1s que drogas, as\u00ed que trata de evitar ese tema (no es tab\u00fa), pero seguro encontrar\u00e1s mejores temas de qu\u00e9 hablar (tambi\u00e9n puedes dejar la camiseta de Escobar para otra ocasi\u00f3n).\u00a0<\/p>\n\n\n\n<h3>Impuesto de turista<\/h3>\n\n\n\n<p>Los turistas extranjeros son libres de pagar el impuesto hotelero del 19%, as\u00ed que t\u00f3malo en cuenta y no dejes que la gente del hotel te enga\u00f1e.&nbsp;<\/p>\n\n\n\n<h3>Poluci\u00f3n <\/h3>\n\n\n\n<p>Es un gran problema en la ciudad. A pesar de que ya no hay telas que causen contaminaci\u00f3n y de los miles de \u00e1rboles que hay en la ciudad, la administraci\u00f3n sigue luchando contra este problema. Ten en cuenta si eres sensible a ella<\/p>\n\n\n\n<h3>Se puede tomar agua?<\/h3>\n\n\n\n<p>Es com\u00fan escuchar entre los viajeros que llegan a Colombia y Latinoam\u00e9rica que NO deben beber agua, es un mito, al menos para el area metropolitana de las ciudades colombianas.\u00a0Tanto en Medell\u00edn como en las ciudades del pa\u00eds, la calidad del agua es excelente y es potable en todas partes.\u00a0*<strong>Dato curioso Colombia es el pa\u00eds con m\u00e1s fuentes de agua en el mundo<\/strong>, pero gran parte de su poblaci\u00f3n rural  carece de este servicio<\/p>\n\n\n\n<h3>Como moverse <\/h3>\n\n\n\n<p>El metro es la mejor opci\u00f3n para ir de sur a norte, es r\u00e1pido y econ\u00f3mico.&nbsp;Pero si te alojas en el centro de la ciudad, puedes usar las bicicletas de la ciudad y dar la vuelta desde el centro hasta Laureles sin problema.&nbsp;Tanto para el metro como para las bicicletas hay que hacerse con la tarjeta c\u00edvica.&nbsp;Con \u00e9l, puedes usar las bicicletas gratis y recargar dinero para el metro.&nbsp;Esta tarjeta est\u00e1 disponible en las estaciones de metro: San Antonio (centro) Niquia (sur) y tIagui (sur de Medell\u00edn, as\u00ed como Envigado, Itagui ahora es parte del \u00e1rea metropolitana de la ciudad).&nbsp;<\/p>\n\n\n\n<p>Asimismo, los taxis, y aplicaciones como DIDI o UBER, operan en toda la ciudad de Medell\u00edn.<\/p>\n\n\n\n<p><\/p>\n\n\n\n<p><\/p>\n\n\n\n<p><\/p>\n","protected":false},"excerpt":{"rendered":"<p>Medell\u00edn es la segunda ciudad m\u00e1s importante de Colombia, y la capital del departamento de Antioquia;&nbsp;su temperatura media es de 24\u00ba y se encuentra a 1.479 metros sobre el nivel del mar por lo que es perfecto para visitar en cualquier \u00e9poca del a\u00f1o.&nbsp;Alguna vez conocida por la violencia y los narcos, Medell\u00edn ha podido [&hellip;]<\/p>\n","protected":false},"author":1,"featured_media":28080,"comment_status":"open","ping_status":"open","sticky":false,"template":"","format":"standard","meta":{"ngg_post_thumbnail":0},"categories":[1],"tags":[],"yoast_head":"<!-- This site is optimized with the Yoast SEO Premium plugin v18.4 (Yoast SEO v18.9) - https:\/\/yoast.com\/wordpress\/plugins\/seo\/ -->\n<title>Medellin Colombia: Gu\u00eda de viaje<\/title>\n<meta name=\"description\" content=\"\u00bfQuieres visitar Medell\u00edn, Colombia? Aqui todo por hacer en la ciudad de la eterna primavera y disfruta de unas vacaciones incre\u00edbles\" \/>\n<meta name=\"robots\" content=\"index, follow, max-snippet:-1, max-image-preview:large, max-video-preview:-1\" \/>\n<link rel=\"canonical\" href=\"https:\/\/seecolombia.travel\/blog\/2022\/10\/medellin-colombia-guia-de-viaje\/\" \/>\n<meta property=\"og:locale\" content=\"en_US\" \/>\n<meta property=\"og:type\" content=\"article\" \/>\n<meta property=\"og:title\" content=\"Medellin Colombia: Gu\u00eda de viaje\" \/>\n<meta property=\"og:description\" content=\"\u00bfQuieres visitar Medell\u00edn, Colombia? Aqui todo por hacer en la ciudad de la eterna primavera y disfruta de unas vacaciones incre\u00edbles\" \/>\n<meta property=\"og:url\" content=\"https:\/\/seecolombia.travel\/blog\/2022\/10\/medellin-colombia-guia-de-viaje\/\" \/>\n<meta property=\"og:site_name\" content=\"Colombia Travel Blog by See Colombia Travel\" \/>\n<meta property=\"article:published_time\" content=\"2022-10-03T20:57:47+00:00\" \/>\n<meta property=\"article:modified_time\" content=\"2022-10-03T20:59:24+00:00\" \/>\n<meta name=\"twitter:card\" content=\"summary\" \/>\n<meta name=\"twitter:image\" content=\"https:\/\/seecolombia.travel\/blog\/wp-content\/uploads\/2022\/09\/Medellin-Colombia-scaled.webp\" \/>\n<meta name=\"twitter:label1\" content=\"Written by\" \/>\n\t<meta name=\"twitter:data1\" content=\"Marcela\" \/>\n\t<meta name=\"twitter:label2\" content=\"Est. reading time\" \/>\n\t<meta name=\"twitter:data2\" content=\"10 minutes\" \/>\n<script type=\"application\/ld+json\" class=\"yoast-schema-graph\">{\"@context\":\"https:\/\/schema.org\",\"@graph\":[{\"@type\":\"WebSite\",\"@id\":\"https:\/\/seecolombia.travel\/blog\/#website\",\"url\":\"https:\/\/seecolombia.travel\/blog\/\",\"name\":\"Colombia Travel Blog by See Colombia Travel\",\"description\":\"Colombia Travel Blog: An international perspective on travelling in Colombia by world travellers.\",\"potentialAction\":[{\"@type\":\"SearchAction\",\"target\":{\"@type\":\"EntryPoint\",\"urlTemplate\":\"https:\/\/seecolombia.travel\/blog\/?s={search_term_string}\"},\"query-input\":\"required name=search_term_string\"}],\"inLanguage\":\"en-US\"},{\"@type\":\"ImageObject\",\"inLanguage\":\"en-US\",\"@id\":\"https:\/\/seecolombia.travel\/blog\/2022\/10\/medellin-colombia-guia-de-viaje\/#primaryimage\",\"url\":\"https:\/\/seecolombia.travel\/blog\/wp-content\/uploads\/2022\/09\/Medellin-Colombia-scaled.webp\",\"contentUrl\":\"https:\/\/seecolombia.travel\/blog\/wp-content\/uploads\/2022\/09\/Medellin-Colombia-scaled.webp\",\"width\":2560,\"height\":1707,\"caption\":\"Medellin view\"},{\"@type\":\"WebPage\",\"@id\":\"https:\/\/seecolombia.travel\/blog\/2022\/10\/medellin-colombia-guia-de-viaje\/#webpage\",\"url\":\"https:\/\/seecolombia.travel\/blog\/2022\/10\/medellin-colombia-guia-de-viaje\/\",\"name\":\"Medellin Colombia: Gu\u00eda de viaje\",\"isPartOf\":{\"@id\":\"https:\/\/seecolombia.travel\/blog\/#website\"},\"primaryImageOfPage\":{\"@id\":\"https:\/\/seecolombia.travel\/blog\/2022\/10\/medellin-colombia-guia-de-viaje\/#primaryimage\"},\"datePublished\":\"2022-10-03T20:57:47+00:00\",\"dateModified\":\"2022-10-03T20:59:24+00:00\",\"author\":{\"@id\":\"https:\/\/seecolombia.travel\/blog\/#\/schema\/person\/c4a859d09f02427fefbe496b839be27a\"},\"description\":\"\u00bfQuieres visitar Medell\u00edn, Colombia? Aqui todo por hacer en la ciudad de la eterna primavera y disfruta de unas vacaciones incre\u00edbles\",\"breadcrumb\":{\"@id\":\"https:\/\/seecolombia.travel\/blog\/2022\/10\/medellin-colombia-guia-de-viaje\/#breadcrumb\"},\"inLanguage\":\"en-US\",\"potentialAction\":[{\"@type\":\"ReadAction\",\"target\":[\"https:\/\/seecolombia.travel\/blog\/2022\/10\/medellin-colombia-guia-de-viaje\/\"]}]},{\"@type\":\"BreadcrumbList\",\"@id\":\"https:\/\/seecolombia.travel\/blog\/2022\/10\/medellin-colombia-guia-de-viaje\/#breadcrumb\",\"itemListElement\":[{\"@type\":\"ListItem\",\"position\":1,\"name\":\"Home\",\"item\":\"https:\/\/seecolombia.travel\/blog\/\"},{\"@type\":\"ListItem\",\"position\":2,\"name\":\"Medellin Colombia: Gu\u00eda de viaje\"}]},{\"@type\":\"Person\",\"@id\":\"https:\/\/seecolombia.travel\/blog\/#\/schema\/person\/c4a859d09f02427fefbe496b839be27a\",\"name\":\"Marcela\",\"image\":{\"@type\":\"ImageObject\",\"inLanguage\":\"en-US\",\"@id\":\"https:\/\/seecolombia.travel\/blog\/#\/schema\/person\/image\/\",\"url\":\"https:\/\/secure.gravatar.com\/avatar\/e8fde3eb9081550633d2aa18367738ae?s=96&d=retro&r=g\",\"contentUrl\":\"https:\/\/secure.gravatar.com\/avatar\/e8fde3eb9081550633d2aa18367738ae?s=96&d=retro&r=g\",\"caption\":\"Marcela\"},\"description\":\"After living in England for 10 years and finishing a Hotel Management and a Business degree in London, Marcela decided that she should take her dream holiday before going back home \u2013 so she joined and overland tour to Egypt. She immediately felt a connection with the travel industry. After a month\u2019s traveling in the Middle East, Marcela found herself in Lima, following her dream, working whilst travelling as a tour leader in the whole of South America. For the past 4 years, Marcela has been planning and working to bring her greatest dream to life, to find the best team to deliver Colombia to the world and to make Seecolombia.travel the greatest Colombian tour operator in the world.\",\"url\":\"https:\/\/seecolombia.travel\/blog\/author\/marcela\/\"}]}<\/script>\n<!-- \/ Yoast SEO Premium plugin. -->","yoast_head_json":{"title":"Medellin Colombia: Gu\u00eda de viaje","description":"\u00bfQuieres visitar Medell\u00edn, Colombia? Aqui todo por hacer en la ciudad de la eterna primavera y disfruta de unas vacaciones incre\u00edbles","robots":{"index":"index","follow":"follow","max-snippet":"max-snippet:-1","max-image-preview":"max-image-preview:large","max-video-preview":"max-video-preview:-1"},"canonical":"https:\/\/seecolombia.travel\/blog\/2022\/10\/medellin-colombia-guia-de-viaje\/","og_locale":"en_US","og_type":"article","og_title":"Medellin Colombia: Gu\u00eda de viaje","og_description":"\u00bfQuieres visitar Medell\u00edn, Colombia? Aqui todo por hacer en la ciudad de la eterna primavera y disfruta de unas vacaciones incre\u00edbles","og_url":"https:\/\/seecolombia.travel\/blog\/2022\/10\/medellin-colombia-guia-de-viaje\/","og_site_name":"Colombia Travel Blog by See Colombia Travel","article_published_time":"2022-10-03T20:57:47+00:00","article_modified_time":"2022-10-03T20:59:24+00:00","twitter_card":"summary","twitter_image":"https:\/\/seecolombia.travel\/blog\/wp-content\/uploads\/2022\/09\/Medellin-Colombia-scaled.webp","twitter_misc":{"Written by":"Marcela","Est. reading time":"10 minutes"},"schema":{"@context":"https:\/\/schema.org","@graph":[{"@type":"WebSite","@id":"https:\/\/seecolombia.travel\/blog\/#website","url":"https:\/\/seecolombia.travel\/blog\/","name":"Colombia Travel Blog by See Colombia Travel","description":"Colombia Travel Blog: An international perspective on travelling in Colombia by world travellers.","potentialAction":[{"@type":"SearchAction","target":{"@type":"EntryPoint","urlTemplate":"https:\/\/seecolombia.travel\/blog\/?s={search_term_string}"},"query-input":"required name=search_term_string"}],"inLanguage":"en-US"},{"@type":"ImageObject","inLanguage":"en-US","@id":"https:\/\/seecolombia.travel\/blog\/2022\/10\/medellin-colombia-guia-de-viaje\/#primaryimage","url":"https:\/\/seecolombia.travel\/blog\/wp-content\/uploads\/2022\/09\/Medellin-Colombia-scaled.webp","contentUrl":"https:\/\/seecolombia.travel\/blog\/wp-content\/uploads\/2022\/09\/Medellin-Colombia-scaled.webp","width":2560,"height":1707,"caption":"Medellin view"},{"@type":"WebPage","@id":"https:\/\/seecolombia.travel\/blog\/2022\/10\/medellin-colombia-guia-de-viaje\/#webpage","url":"https:\/\/seecolombia.travel\/blog\/2022\/10\/medellin-colombia-guia-de-viaje\/","name":"Medellin Colombia: Gu\u00eda de viaje","isPartOf":{"@id":"https:\/\/seecolombia.travel\/blog\/#website"},"primaryImageOfPage":{"@id":"https:\/\/seecolombia.travel\/blog\/2022\/10\/medellin-colombia-guia-de-viaje\/#primaryimage"},"datePublished":"2022-10-03T20:57:47+00:00","dateModified":"2022-10-03T20:59:24+00:00","author":{"@id":"https:\/\/seecolombia.travel\/blog\/#\/schema\/person\/c4a859d09f02427fefbe496b839be27a"},"description":"\u00bfQuieres visitar Medell\u00edn, Colombia? Aqui todo por hacer en la ciudad de la eterna primavera y disfruta de unas vacaciones incre\u00edbles","breadcrumb":{"@id":"https:\/\/seecolombia.travel\/blog\/2022\/10\/medellin-colombia-guia-de-viaje\/#breadcrumb"},"inLanguage":"en-US","potentialAction":[{"@type":"ReadAction","target":["https:\/\/seecolombia.travel\/blog\/2022\/10\/medellin-colombia-guia-de-viaje\/"]}]},{"@type":"BreadcrumbList","@id":"https:\/\/seecolombia.travel\/blog\/2022\/10\/medellin-colombia-guia-de-viaje\/#breadcrumb","itemListElement":[{"@type":"ListItem","position":1,"name":"Home","item":"https:\/\/seecolombia.travel\/blog\/"},{"@type":"ListItem","position":2,"name":"Medellin Colombia: Gu\u00eda de viaje"}]},{"@type":"Person","@id":"https:\/\/seecolombia.travel\/blog\/#\/schema\/person\/c4a859d09f02427fefbe496b839be27a","name":"Marcela","image":{"@type":"ImageObject","inLanguage":"en-US","@id":"https:\/\/seecolombia.travel\/blog\/#\/schema\/person\/image\/","url":"https:\/\/secure.gravatar.com\/avatar\/e8fde3eb9081550633d2aa18367738ae?s=96&d=retro&r=g","contentUrl":"https:\/\/secure.gravatar.com\/avatar\/e8fde3eb9081550633d2aa18367738ae?s=96&d=retro&r=g","caption":"Marcela"},"description":"After living in England for 10 years and finishing a Hotel Management and a Business degree in London, Marcela decided that she should take her dream holiday before going back home \u2013 so she joined and overland tour to Egypt. She immediately felt a connection with the travel industry. After a month\u2019s traveling in the Middle East, Marcela found herself in Lima, following her dream, working whilst travelling as a tour leader in the whole of South America. For the past 4 years, Marcela has been planning and working to bring her greatest dream to life, to find the best team to deliver Colombia to the world and to make Seecolombia.travel the greatest Colombian tour operator in the world.","url":"https:\/\/seecolombia.travel\/blog\/author\/marcela\/"}]}},"amp_enabled":true,"_links":{"self":[{"href":"https:\/\/seecolombia.travel\/blog\/wp-json\/wp\/v2\/posts\/28098"}],"collection":[{"href":"https:\/\/seecolombia.travel\/blog\/wp-json\/wp\/v2\/posts"}],"about":[{"href":"https:\/\/seecolombia.travel\/blog\/wp-json\/wp\/v2\/types\/post"}],"author":[{"embeddable":true,"href":"https:\/\/seecolombia.travel\/blog\/wp-json\/wp\/v2\/users\/1"}],"replies":[{"embeddable":true,"href":"https:\/\/seecolombia.travel\/blog\/wp-json\/wp\/v2\/comments?post=28098"}],"version-history":[{"count":3,"href":"https:\/\/seecolombia.travel\/blog\/wp-json\/wp\/v2\/posts\/28098\/revisions"}],"predecessor-version":[{"id":28105,"href":"https:\/\/seecolombia.travel\/blog\/wp-json\/wp\/v2\/posts\/28098\/revisions\/28105"}],"wp:featuredmedia":[{"embeddable":true,"href":"https:\/\/seecolombia.travel\/blog\/wp-json\/wp\/v2\/media\/28080"}],"wp:attachment":[{"href":"https:\/\/seecolombia.travel\/blog\/wp-json\/wp\/v2\/media?parent=28098"}],"wp:term":[{"taxonomy":"category","embeddable":true,"href":"https:\/\/seecolombia.travel\/blog\/wp-json\/wp\/v2\/categories?post=28098"},{"taxonomy":"post_tag","embeddable":true,"href":"https:\/\/seecolombia.travel\/blog\/wp-json\/wp\/v2\/tags?post=28098"}],"curies":[{"name":"wp","href":"https:\/\/api.w.org\/{rel}","templated":true}]}}