{"id":2803,"date":"2012-02-05T13:23:00","date_gmt":"2012-02-05T18:23:00","guid":{"rendered":"http:\/\/seecolombia.travel\/blog\/?p=2803"},"modified":"2016-05-13T10:24:22","modified_gmt":"2016-05-13T15:24:22","slug":"5-razones-para-venir-a-colombia-infografia-compartelo-y-ayudanos-a-difundir-la-buena-imagen-de-colombia","status":"publish","type":"post","link":"https:\/\/seecolombia.travel\/blog\/2012\/02\/5-razones-para-venir-a-colombia-infografia-compartelo-y-ayudanos-a-difundir-la-buena-imagen-de-colombia\/","title":{"rendered":"5 Razones para venir a Colombia &#8211; Infograf\u00eda &#8211; Compartelo y ayudanos a difundir la buena imagen de Colombia!"},"content":{"rendered":"<h3>For an english version of this infographic please click here: <a title=\"5 reasons to come to Colombia See Colombia Travel\" href=\"http:\/\/seecolombia.travel\/blog\/2012\/02\/5-reasons-to-come-to-colombia-infographic\/\" target=\"_blank\">5 reasons to come to Colombia\u00a0<\/a><\/h3>\n<p><strong>* NOTA : <em>Desde su publicaci\u00f3n original en 2012, algunos datos como el de las ciudades mas grandes de Sudam\u00e9rica han cambiado. Estamos preparando una versi\u00f3n \u00a02014, se agradece cualquier dato que consideren interesante en los comentarios. Gracias!\u00a0<\/em><\/strong><\/p>\n<p><a href=\"http:\/\/seecolombia.travel\/blog\/wp-content\/uploads\/2012\/02\/5-reasons-Colombia-See-Colombia-Travel-WM-ESP2.jpg\"><img loading=\"lazy\" class=\"aligncenter size-full wp-image-2808\" title=\"INFOGRAFI\u00cc\u0081Asee colombia3\" src=\"http:\/\/seecolombia.travel\/blog\/wp-content\/uploads\/2012\/02\/5-reasons-Colombia-See-Colombia-Travel-WM-ESP2.jpg\" alt=\"\" width=\"611\" height=\"5244\" srcset=\"https:\/\/seecolombia.travel\/blog\/wp-content\/uploads\/2012\/02\/5-reasons-Colombia-See-Colombia-Travel-WM-ESP2.jpg 611w, https:\/\/seecolombia.travel\/blog\/wp-content\/uploads\/2012\/02\/5-reasons-Colombia-See-Colombia-Travel-WM-ESP2-35x300.jpg 35w\" sizes=\"(max-width: 611px) 100vw, 611px\" \/><\/a><\/p>\n","protected":false},"excerpt":{"rendered":"<p>For an english version of this infographic please click here: 5 reasons to come to Colombia\u00a0 * NOTA : Desde su publicaci\u00f3n original en 2012, algunos datos como el de las ciudades mas grandes de Sudam\u00e9rica han cambiado. Estamos preparando una versi\u00f3n \u00a02014, se agradece cualquier dato que consideren interesante en los comentarios. Gracias!\u00a0<\/p>\n","protected":false},"author":3,"featured_media":0,"comment_status":"open","ping_status":"open","sticky":false,"template":"","format":"standard","meta":{"ngg_post_thumbnail":0},"categories":[865],"tags":[2973,1605],"yoast_head":"<!-- This site is optimized with the Yoast SEO Premium plugin v18.4 (Yoast SEO v18.9) - https:\/\/yoast.com\/wordpress\/plugins\/seo\/ -->\n<title>5 Razones para venir a Colombia - Infograf\u00eda - Compartelo y ayudanos a difundir la buena imagen de Colombia! - Colombia Travel Blog by See Colombia Travel<\/title>\n<meta name=\"robots\" content=\"index, follow, max-snippet:-1, max-image-preview:large, max-video-preview:-1\" \/>\n<link rel=\"canonical\" href=\"https:\/\/seecolombia.travel\/blog\/2012\/02\/5-razones-para-venir-a-colombia-infografia-compartelo-y-ayudanos-a-difundir-la-buena-imagen-de-colombia\/\" \/>\n<meta property=\"og:locale\" content=\"en_US\" \/>\n<meta property=\"og:type\" content=\"article\" \/>\n<meta property=\"og:title\" content=\"5 Razones para venir a Colombia - Infograf\u00eda - Compartelo y ayudanos a difundir la buena imagen de Colombia!\" \/>\n<meta property=\"og:description\" content=\"For an english version of this infographic please click here: 5 reasons to come to Colombia\u00a0 * NOTA : Desde su publicaci\u00f3n original en 2012, algunos datos como el de las ciudades mas grandes de Sudam\u00e9rica han cambiado. Estamos preparando una versi\u00f3n \u00a02014, se agradece cualquier dato que consideren interesante en los comentarios. Gracias!\u00a0\" \/>\n<meta property=\"og:url\" content=\"https:\/\/seecolombia.travel\/blog\/2012\/02\/5-razones-para-venir-a-colombia-infografia-compartelo-y-ayudanos-a-difundir-la-buena-imagen-de-colombia\/\" \/>\n<meta property=\"og:site_name\" content=\"Colombia Travel Blog by See Colombia Travel\" \/>\n<meta property=\"article:published_time\" content=\"2012-02-05T18:23:00+00:00\" \/>\n<meta property=\"article:modified_time\" content=\"2016-05-13T15:24:22+00:00\" \/>\n<meta property=\"og:image\" content=\"http:\/\/seecolombia.travel\/blog\/wp-content\/uploads\/2012\/02\/5-reasons-Colombia-See-Colombia-Travel-WM-ESP2.jpg\" \/>\n<meta name=\"twitter:card\" content=\"summary\" \/>\n<meta name=\"twitter:label1\" content=\"Written by\" \/>\n\t<meta name=\"twitter:data1\" content=\"JL\" \/>\n<script type=\"application\/ld+json\" class=\"yoast-schema-graph\">{\"@context\":\"https:\/\/schema.org\",\"@graph\":[{\"@type\":\"WebSite\",\"@id\":\"https:\/\/seecolombia.travel\/blog\/#website\",\"url\":\"https:\/\/seecolombia.travel\/blog\/\",\"name\":\"Colombia Travel Blog by See Colombia Travel\",\"description\":\"Colombia Travel Blog: An international perspective on travelling in Colombia by world travellers.\",\"potentialAction\":[{\"@type\":\"SearchAction\",\"target\":{\"@type\":\"EntryPoint\",\"urlTemplate\":\"https:\/\/seecolombia.travel\/blog\/?s={search_term_string}\"},\"query-input\":\"required name=search_term_string\"}],\"inLanguage\":\"en-US\"},{\"@type\":\"ImageObject\",\"inLanguage\":\"en-US\",\"@id\":\"https:\/\/seecolombia.travel\/blog\/2012\/02\/5-razones-para-venir-a-colombia-infografia-compartelo-y-ayudanos-a-difundir-la-buena-imagen-de-colombia\/#primaryimage\",\"url\":\"http:\/\/seecolombia.travel\/blog\/wp-content\/uploads\/2012\/02\/5-reasons-Colombia-See-Colombia-Travel-WM-ESP2.jpg\",\"contentUrl\":\"http:\/\/seecolombia.travel\/blog\/wp-content\/uploads\/2012\/02\/5-reasons-Colombia-See-Colombia-Travel-WM-ESP2.jpg\"},{\"@type\":\"WebPage\",\"@id\":\"https:\/\/seecolombia.travel\/blog\/2012\/02\/5-razones-para-venir-a-colombia-infografia-compartelo-y-ayudanos-a-difundir-la-buena-imagen-de-colombia\/#webpage\",\"url\":\"https:\/\/seecolombia.travel\/blog\/2012\/02\/5-razones-para-venir-a-colombia-infografia-compartelo-y-ayudanos-a-difundir-la-buena-imagen-de-colombia\/\",\"name\":\"5 Razones para venir a Colombia - Infograf\u00eda - Compartelo y ayudanos a difundir la buena imagen de Colombia! - Colombia Travel Blog by See Colombia Travel\",\"isPartOf\":{\"@id\":\"https:\/\/seecolombia.travel\/blog\/#website\"},\"primaryImageOfPage\":{\"@id\":\"https:\/\/seecolombia.travel\/blog\/2012\/02\/5-razones-para-venir-a-colombia-infografia-compartelo-y-ayudanos-a-difundir-la-buena-imagen-de-colombia\/#primaryimage\"},\"datePublished\":\"2012-02-05T18:23:00+00:00\",\"dateModified\":\"2016-05-13T15:24:22+00:00\",\"author\":{\"@id\":\"https:\/\/seecolombia.travel\/blog\/#\/schema\/person\/d83df03ea54d1f0911d7098ebe26db49\"},\"breadcrumb\":{\"@id\":\"https:\/\/seecolombia.travel\/blog\/2012\/02\/5-razones-para-venir-a-colombia-infografia-compartelo-y-ayudanos-a-difundir-la-buena-imagen-de-colombia\/#breadcrumb\"},\"inLanguage\":\"en-US\",\"potentialAction\":[{\"@type\":\"ReadAction\",\"target\":[\"https:\/\/seecolombia.travel\/blog\/2012\/02\/5-razones-para-venir-a-colombia-infografia-compartelo-y-ayudanos-a-difundir-la-buena-imagen-de-colombia\/\"]}]},{\"@type\":\"BreadcrumbList\",\"@id\":\"https:\/\/seecolombia.travel\/blog\/2012\/02\/5-razones-para-venir-a-colombia-infografia-compartelo-y-ayudanos-a-difundir-la-buena-imagen-de-colombia\/#breadcrumb\",\"itemListElement\":[{\"@type\":\"ListItem\",\"position\":1,\"name\":\"Home\",\"item\":\"https:\/\/seecolombia.travel\/blog\/\"},{\"@type\":\"ListItem\",\"position\":2,\"name\":\"5 Razones para venir a Colombia &#8211; Infograf\u00eda &#8211; Compartelo y ayudanos a difundir la buena imagen de Colombia!\"}]},{\"@type\":\"Person\",\"@id\":\"https:\/\/seecolombia.travel\/blog\/#\/schema\/person\/d83df03ea54d1f0911d7098ebe26db49\",\"name\":\"JL\",\"image\":{\"@type\":\"ImageObject\",\"inLanguage\":\"en-US\",\"@id\":\"https:\/\/seecolombia.travel\/blog\/#\/schema\/person\/image\/\",\"url\":\"https:\/\/secure.gravatar.com\/avatar\/68a3ba6dc377250ef6eb8cd56865210e?s=96&d=retro&r=g\",\"contentUrl\":\"https:\/\/secure.gravatar.com\/avatar\/68a3ba6dc377250ef6eb8cd56865210e?s=96&d=retro&r=g\",\"caption\":\"JL\"},\"description\":\"Ciudadano del mundo, nuestro Gerente de Marketing y comunicaciones se define como viajero, pap\u00e1, esposo y empresario. Es co-creador de Colombia Travel Blog junto a su esposa Marcela y creador de Fogg, la agencia de contenidos que produce el popular programa 3 Travel Bloggers. ----------- Our Marketing and Communications Manager, a self proclaimed citizen of the world, was born in Peru and raised in a number of different countries \u2013 including Angola, Thailand and Iceland \u2013 which instilled a deep love of travel and cultural diversity within him. With an extensive education in Marketing and Communications and after leaving a successful corporate career in the Telecom Industry, JL is now advocated to professionalize travel blogging in Latin America.\",\"sameAs\":[\"http:\/\/www.seecolombia.travel\"],\"url\":\"https:\/\/seecolombia.travel\/blog\/author\/jl\/\"}]}<\/script>\n<!-- \/ Yoast SEO Premium plugin. -->","yoast_head_json":{"title":"5 Razones para venir a Colombia - Infograf\u00eda - Compartelo y ayudanos a difundir la buena imagen de Colombia! - Colombia Travel Blog by See Colombia Travel","robots":{"index":"index","follow":"follow","max-snippet":"max-snippet:-1","max-image-preview":"max-image-preview:large","max-video-preview":"max-video-preview:-1"},"canonical":"https:\/\/seecolombia.travel\/blog\/2012\/02\/5-razones-para-venir-a-colombia-infografia-compartelo-y-ayudanos-a-difundir-la-buena-imagen-de-colombia\/","og_locale":"en_US","og_type":"article","og_title":"5 Razones para venir a Colombia - Infograf\u00eda - Compartelo y ayudanos a difundir la buena imagen de Colombia!","og_description":"For an english version of this infographic please click here: 5 reasons to come to Colombia\u00a0 * NOTA : Desde su publicaci\u00f3n original en 2012, algunos datos como el de las ciudades mas grandes de Sudam\u00e9rica han cambiado. Estamos preparando una versi\u00f3n \u00a02014, se agradece cualquier dato que consideren interesante en los comentarios. Gracias!\u00a0","og_url":"https:\/\/seecolombia.travel\/blog\/2012\/02\/5-razones-para-venir-a-colombia-infografia-compartelo-y-ayudanos-a-difundir-la-buena-imagen-de-colombia\/","og_site_name":"Colombia Travel Blog by See Colombia Travel","article_published_time":"2012-02-05T18:23:00+00:00","article_modified_time":"2016-05-13T15:24:22+00:00","og_image":[{"url":"http:\/\/seecolombia.travel\/blog\/wp-content\/uploads\/2012\/02\/5-reasons-Colombia-See-Colombia-Travel-WM-ESP2.jpg"}],"twitter_card":"summary","twitter_misc":{"Written by":"JL"},"schema":{"@context":"https:\/\/schema.org","@graph":[{"@type":"WebSite","@id":"https:\/\/seecolombia.travel\/blog\/#website","url":"https:\/\/seecolombia.travel\/blog\/","name":"Colombia Travel Blog by See Colombia Travel","description":"Colombia Travel Blog: An international perspective on travelling in Colombia by world travellers.","potentialAction":[{"@type":"SearchAction","target":{"@type":"EntryPoint","urlTemplate":"https:\/\/seecolombia.travel\/blog\/?s={search_term_string}"},"query-input":"required name=search_term_string"}],"inLanguage":"en-US"},{"@type":"ImageObject","inLanguage":"en-US","@id":"https:\/\/seecolombia.travel\/blog\/2012\/02\/5-razones-para-venir-a-colombia-infografia-compartelo-y-ayudanos-a-difundir-la-buena-imagen-de-colombia\/#primaryimage","url":"http:\/\/seecolombia.travel\/blog\/wp-content\/uploads\/2012\/02\/5-reasons-Colombia-See-Colombia-Travel-WM-ESP2.jpg","contentUrl":"http:\/\/seecolombia.travel\/blog\/wp-content\/uploads\/2012\/02\/5-reasons-Colombia-See-Colombia-Travel-WM-ESP2.jpg"},{"@type":"WebPage","@id":"https:\/\/seecolombia.travel\/blog\/2012\/02\/5-razones-para-venir-a-colombia-infografia-compartelo-y-ayudanos-a-difundir-la-buena-imagen-de-colombia\/#webpage","url":"https:\/\/seecolombia.travel\/blog\/2012\/02\/5-razones-para-venir-a-colombia-infografia-compartelo-y-ayudanos-a-difundir-la-buena-imagen-de-colombia\/","name":"5 Razones para venir a Colombia - Infograf\u00eda - Compartelo y ayudanos a difundir la buena imagen de Colombia! - Colombia Travel Blog by See Colombia Travel","isPartOf":{"@id":"https:\/\/seecolombia.travel\/blog\/#website"},"primaryImageOfPage":{"@id":"https:\/\/seecolombia.travel\/blog\/2012\/02\/5-razones-para-venir-a-colombia-infografia-compartelo-y-ayudanos-a-difundir-la-buena-imagen-de-colombia\/#primaryimage"},"datePublished":"2012-02-05T18:23:00+00:00","dateModified":"2016-05-13T15:24:22+00:00","author":{"@id":"https:\/\/seecolombia.travel\/blog\/#\/schema\/person\/d83df03ea54d1f0911d7098ebe26db49"},"breadcrumb":{"@id":"https:\/\/seecolombia.travel\/blog\/2012\/02\/5-razones-para-venir-a-colombia-infografia-compartelo-y-ayudanos-a-difundir-la-buena-imagen-de-colombia\/#breadcrumb"},"inLanguage":"en-US","potentialAction":[{"@type":"ReadAction","target":["https:\/\/seecolombia.travel\/blog\/2012\/02\/5-razones-para-venir-a-colombia-infografia-compartelo-y-ayudanos-a-difundir-la-buena-imagen-de-colombia\/"]}]},{"@type":"BreadcrumbList","@id":"https:\/\/seecolombia.travel\/blog\/2012\/02\/5-razones-para-venir-a-colombia-infografia-compartelo-y-ayudanos-a-difundir-la-buena-imagen-de-colombia\/#breadcrumb","itemListElement":[{"@type":"ListItem","position":1,"name":"Home","item":"https:\/\/seecolombia.travel\/blog\/"},{"@type":"ListItem","position":2,"name":"5 Razones para venir a Colombia &#8211; Infograf\u00eda &#8211; Compartelo y ayudanos a difundir la buena imagen de Colombia!"}]},{"@type":"Person","@id":"https:\/\/seecolombia.travel\/blog\/#\/schema\/person\/d83df03ea54d1f0911d7098ebe26db49","name":"JL","image":{"@type":"ImageObject","inLanguage":"en-US","@id":"https:\/\/seecolombia.travel\/blog\/#\/schema\/person\/image\/","url":"https:\/\/secure.gravatar.com\/avatar\/68a3ba6dc377250ef6eb8cd56865210e?s=96&d=retro&r=g","contentUrl":"https:\/\/secure.gravatar.com\/avatar\/68a3ba6dc377250ef6eb8cd56865210e?s=96&d=retro&r=g","caption":"JL"},"description":"Ciudadano del mundo, nuestro Gerente de Marketing y comunicaciones se define como viajero, pap\u00e1, esposo y empresario. Es co-creador de Colombia Travel Blog junto a su esposa Marcela y creador de Fogg, la agencia de contenidos que produce el popular programa 3 Travel Bloggers. ----------- Our Marketing and Communications Manager, a self proclaimed citizen of the world, was born in Peru and raised in a number of different countries \u2013 including Angola, Thailand and Iceland \u2013 which instilled a deep love of travel and cultural diversity within him. With an extensive education in Marketing and Communications and after leaving a successful corporate career in the Telecom Industry, JL is now advocated to professionalize travel blogging in Latin America.","sameAs":["http:\/\/www.seecolombia.travel"],"url":"https:\/\/seecolombia.travel\/blog\/author\/jl\/"}]}},"amp_enabled":true,"_links":{"self":[{"href":"https:\/\/seecolombia.travel\/blog\/wp-json\/wp\/v2\/posts\/2803"}],"collection":[{"href":"https:\/\/seecolombia.travel\/blog\/wp-json\/wp\/v2\/posts"}],"about":[{"href":"https:\/\/seecolombia.travel\/blog\/wp-json\/wp\/v2\/types\/post"}],"author":[{"embeddable":true,"href":"https:\/\/seecolombia.travel\/blog\/wp-json\/wp\/v2\/users\/3"}],"replies":[{"embeddable":true,"href":"https:\/\/seecolombia.travel\/blog\/wp-json\/wp\/v2\/comments?post=2803"}],"version-history":[{"count":12,"href":"https:\/\/seecolombia.travel\/blog\/wp-json\/wp\/v2\/posts\/2803\/revisions"}],"predecessor-version":[{"id":22914,"href":"https:\/\/seecolombia.travel\/blog\/wp-json\/wp\/v2\/posts\/2803\/revisions\/22914"}],"wp:attachment":[{"href":"https:\/\/seecolombia.travel\/blog\/wp-json\/wp\/v2\/media?parent=2803"}],"wp:term":[{"taxonomy":"category","embeddable":true,"href":"https:\/\/seecolombia.travel\/blog\/wp-json\/wp\/v2\/categories?post=2803"},{"taxonomy":"post_tag","embeddable":true,"href":"https:\/\/seecolombia.travel\/blog\/wp-json\/wp\/v2\/tags?post=2803"}],"curies":[{"name":"wp","href":"https:\/\/api.w.org\/{rel}","templated":true}]}}