{"id":26083,"date":"2017-11-13T10:37:17","date_gmt":"2017-11-13T15:37:17","guid":{"rendered":"http:\/\/seecolombia.travel\/blog\/?p=26083"},"modified":"2021-03-16T17:26:41","modified_gmt":"2021-03-16T22:26:41","slug":"no-viajes-a-sao-paulo","status":"publish","type":"post","link":"https:\/\/seecolombia.travel\/blog\/2017\/11\/no-viajes-a-sao-paulo\/","title":{"rendered":"\u00a1No viajes a Sao Paulo! (VIDEO)"},"content":{"rendered":"<p>&#8220;<strong>Sao Paulo<\/strong> es una ciudad s\u00f3lo para viajeros de negocios&#8221;. &#8220;Es enorme, ca\u00f3tica&#8221;. &#8220;<strong>Prefiero mil veces Rio<\/strong>&#8220;. &#8220;No hay nada que hacer&#8221;.<\/p>\n<p>Estas son s\u00f3lo algunas de las frases que escuchamos previas a nuestro viaje a <strong>la ciudad mas grande de Brasil<\/strong> invitados por la cadena IHG con quienes nos quedamos en el <a href=\"https:\/\/www.ihg.com\/staybridge\/hotels\/us\/es\/sao-paulo\/saosb\/hoteldetail\" target=\"_blank\" rel=\"noopener\"><strong>Staybridge Suites Sao Paulo<\/strong><\/a>. Por supuesto, como ya hemos repetido varias veces, los prejuicios &#8211; para un lado o para el otro- son siempre malos consejeros. \u00bfCu\u00e1ntas veces nos han dicho que en un destino <strong>&#8220;<a href=\"https:\/\/www.youtube.com\/watch?v=aFdIOmqe3qg\" target=\"_blank\" rel=\"noopener\">no hay nada que hacer<\/a>&#8220;<\/strong> para despu\u00e9s descubrir actividades y lugares incre\u00edbles? \u00bfO que un\u00a0pa\u00eds es &#8220;<a href=\"https:\/\/www.youtube.com\/watch?v=Bt3M9828jh0&amp;t=4s\" target=\"_blank\" rel=\"noopener\">demasiado tur\u00edstico<\/a>&#8221; y darnos cuenta que no hay destino malo sino viajero poco informado (o poco\u00a0 dispuesto a entregarse al destino)? En este caso la aseveraci\u00f3n es radical: <strong>Sao Paulo es s\u00f3lo para ir de negocios.<\/strong><\/p>\n<p>Al final de este post pueden ver nuestro episodio de <a href=\"https:\/\/www.facebook.com\/3TravelBloggers\" target=\"_blank\" rel=\"noopener\">3 Travel Bloggers en Sao Paulo\u00a0<\/a>&#8230;. pero antes, como en este blog una y otra vez hemos abogado en contra de esos prejuicios, esta vez vamos a hacer de abogados del diablo y darle la raz\u00f3n a todos ellos que habiendo ido (o incluso sin ir) creen que <strong>esta super metr\u00f3polis se debe evitar a toda costa<\/strong>.\u00a0 Por lo tanto te recomendamos que:<\/p>\n<h1 style=\"text-align: center\"><strong>No vayas a Sao Paulo si:<\/strong><\/h1>\n<h3>Detestas el arte Urbano<\/h3>\n<figure id=\"attachment_26091\" aria-describedby=\"caption-attachment-26091\" style=\"width: 640px\" class=\"wp-caption alignleft\"><a href=\"http:\/\/seecolombia.travel\/blog\/2017\/11\/no-viajes-a-sao-paulo\/sao-paulo-3-de-16\/\" rel=\"attachment wp-att-26091\"><img loading=\"lazy\" class=\"size-large wp-image-26091\" src=\"https:\/\/seecolombia.travel\/blog\/wp-content\/uploads\/2017\/11\/SAO-PAULO-3-de-16-1024x556.jpg\" alt=\"pele ringo beco batman\" width=\"640\" height=\"348\" \/><\/a><figcaption id=\"caption-attachment-26091\" class=\"wp-caption-text\">Pel\u00e9 y Ringo en el Beco do Batman.<\/figcaption><\/figure>\n<p>&nbsp;<\/p>\n<h3><\/h3>\n<h3><\/h3>\n<h3><\/h3>\n<h3><\/h3>\n<h3><\/h3>\n<h3><\/h3>\n<h3><\/h3>\n<h3><\/h3>\n<p>Considerada la capital mundial del grafitti, no importa para donde mires: el arte urbano de Sao Paulo es impresionante y lleg\u00f3 para quedarse. S\u00f3lo hace parte dar un paseo por el &#8220;Callej\u00f3n de Batman&#8221;, el sitio mas &#8220;instagrameado&#8221; de la ciudad, para darse cuenta de que\u00a0 en Sao Paulo estamos ante una verdadera exposici\u00f3n de arte al aire libre.<\/p>\n<h3>No te gustan las librer\u00edas escondidas.<\/h3>\n<figure id=\"attachment_26092\" aria-describedby=\"caption-attachment-26092\" style=\"width: 800px\" class=\"wp-caption alignleft\"><a href=\"http:\/\/seecolombia.travel\/blog\/2017\/11\/no-viajes-a-sao-paulo\/sao-paulo-12-de-16\/\" rel=\"attachment wp-att-26092\"><img loading=\"lazy\" class=\"size-full wp-image-26092\" src=\"https:\/\/seecolombia.travel\/blog\/wp-content\/uploads\/2017\/11\/SAO-PAULO-12-de-16.jpg\" alt=\"disculpe a poeira libreria\" width=\"800\" height=\"448\" srcset=\"https:\/\/seecolombia.travel\/blog\/wp-content\/uploads\/2017\/11\/SAO-PAULO-12-de-16.jpg 800w, https:\/\/seecolombia.travel\/blog\/wp-content\/uploads\/2017\/11\/SAO-PAULO-12-de-16-300x168.jpg 300w, https:\/\/seecolombia.travel\/blog\/wp-content\/uploads\/2017\/11\/SAO-PAULO-12-de-16-768x430.jpg 768w\" sizes=\"(max-width: 800px) 100vw, 800px\" \/><\/a><figcaption id=\"caption-attachment-26092\" class=\"wp-caption-text\">Un secreto escondido en Sao Paulo: la librer\u00eda de libros usados &#8220;Disculpe la polvareda&#8221;<\/figcaption><\/figure>\n<p>&nbsp;<\/p>\n<h3><\/h3>\n<h3><\/h3>\n<h3><\/h3>\n<h3><\/h3>\n<h3><\/h3>\n<h3><\/h3>\n<h3><\/h3>\n<h3><\/h3>\n<h3><\/h3>\n<h3><\/h3>\n<p>En Brasil hay una palabra espec\u00edfica para las librer\u00edas de libros usados: &#8220;sebo&#8221;. Y\u00a0 &#8220;<a href=\"http:\/\/sebodesculpeapoeira.tumblr.com\/\" target=\"_blank\" rel=\"noopener\">Disculpe a Poeira<\/a>&#8221; (Disculpe la Polvareda) es uno de los tantos\u00a0 &#8220;sebos&#8221; que se esconden en esta ciudad. Curada personalmente por Ricardo su due\u00f1o en lo que fue el garaje de su casa del barrio de Pinheiros, ac\u00e1 se encuentra de todo y en todos los idiomas.<\/p>\n<h3>No disfrutas los espacios p\u00fablicos.<\/h3>\n<figure id=\"attachment_26094\" aria-describedby=\"caption-attachment-26094\" style=\"width: 800px\" class=\"wp-caption alignleft\"><a href=\"http:\/\/seecolombia.travel\/blog\/2017\/11\/no-viajes-a-sao-paulo\/sao-paulo-dia-2-16-de-17\/\" rel=\"attachment wp-att-26094\"><img loading=\"lazy\" class=\"size-full wp-image-26094\" src=\"https:\/\/seecolombia.travel\/blog\/wp-content\/uploads\/2017\/11\/SAO-PAULO-DIA-2-16-de-17.jpg\" alt=\"Avenida Paulista abierta Domingo\" width=\"800\" height=\"533\" srcset=\"https:\/\/seecolombia.travel\/blog\/wp-content\/uploads\/2017\/11\/SAO-PAULO-DIA-2-16-de-17.jpg 800w, https:\/\/seecolombia.travel\/blog\/wp-content\/uploads\/2017\/11\/SAO-PAULO-DIA-2-16-de-17-300x200.jpg 300w, https:\/\/seecolombia.travel\/blog\/wp-content\/uploads\/2017\/11\/SAO-PAULO-DIA-2-16-de-17-768x512.jpg 768w\" sizes=\"(max-width: 800px) 100vw, 800px\" \/><\/a><figcaption id=\"caption-attachment-26094\" class=\"wp-caption-text\">Con Gaia y Laura en la Avenida Paulista de Domingo<\/figcaption><\/figure>\n<p>&nbsp;<\/p>\n<h3><\/h3>\n<h3><\/h3>\n<h3><\/h3>\n<h3><\/h3>\n<h3><\/h3>\n<h3><\/h3>\n<h3><\/h3>\n<h3><\/h3>\n<h3><\/h3>\n<h3><\/h3>\n<h3><\/h3>\n<h3><\/h3>\n<p>Probablemente una de las avenidas mas reconocidas de nombre en el mundo pero por las peores razones: el tr\u00e1fico, cuanto se demora uno en cruzarla y todas esas cosas. Eso es porque pocos cuentan que los domingos la enorme Avenida Paulista se convierte en un gran espacio peatonal y centro cultural al aire libre donde encontraras desde comida callejera hasta museos gratuitos y <a href=\"https:\/\/es.wikipedia.org\/wiki\/Batucada\" target=\"_blank\" rel=\"noopener\">batucadas<\/a> en cada esquina.<\/p>\n<h3>No te gusta explorar monumentos con secretos.<\/h3>\n<figure id=\"attachment_26096\" aria-describedby=\"caption-attachment-26096\" style=\"width: 640px\" class=\"wp-caption alignleft\"><a href=\"http:\/\/seecolombia.travel\/blog\/2017\/11\/no-viajes-a-sao-paulo\/sao-paulo-dia-3-2-de-16\/\" rel=\"attachment wp-att-26096\"><img loading=\"lazy\" class=\"size-large wp-image-26096\" src=\"https:\/\/seecolombia.travel\/blog\/wp-content\/uploads\/2017\/11\/SAO-PAULO-DIA-3-2-de-16-683x1024.jpg\" alt=\"Obelisco de Sao Paulo\" width=\"640\" height=\"960\" srcset=\"https:\/\/seecolombia.travel\/blog\/wp-content\/uploads\/2017\/11\/SAO-PAULO-DIA-3-2-de-16-683x1024.jpg 683w, https:\/\/seecolombia.travel\/blog\/wp-content\/uploads\/2017\/11\/SAO-PAULO-DIA-3-2-de-16-200x300.jpg 200w, https:\/\/seecolombia.travel\/blog\/wp-content\/uploads\/2017\/11\/SAO-PAULO-DIA-3-2-de-16-768x1152.jpg 768w, https:\/\/seecolombia.travel\/blog\/wp-content\/uploads\/2017\/11\/SAO-PAULO-DIA-3-2-de-16.jpg 800w\" sizes=\"(max-width: 640px) 100vw, 640px\" \/><\/a><figcaption id=\"caption-attachment-26096\" class=\"wp-caption-text\">Sao Paulo tambi\u00e9n tiene su obelisco&#8230;lleno de secretos por dentro<\/figcaption><\/figure>\n<p>&nbsp;<\/p>\n<h3><\/h3>\n<h3><\/h3>\n<h3><\/h3>\n<h3><\/h3>\n<h3><\/h3>\n<h3><\/h3>\n<h3><\/h3>\n<h3><\/h3>\n<h3><\/h3>\n<h3><\/h3>\n<h3><\/h3>\n<h3><\/h3>\n<h3><\/h3>\n<h3><\/h3>\n<h3><\/h3>\n<h3><\/h3>\n<h3><\/h3>\n<h3><\/h3>\n<h3><\/h3>\n<h3><\/h3>\n<h3><\/h3>\n<p>Una megal\u00f3polis como est\u00e1 tiene varios monumentos ic\u00f3nicos. Pero el mas visible es el Obelisco de Sao Paulo que\u00a0 se puede visitar por dentro, cosa que muy pocos paulistanos saben.<\/p>\n<h3>Odias la diversidad cultural.<\/h3>\n<figure id=\"attachment_26097\" aria-describedby=\"caption-attachment-26097\" style=\"width: 640px\" class=\"wp-caption alignleft\"><a href=\"http:\/\/seecolombia.travel\/blog\/2017\/11\/no-viajes-a-sao-paulo\/sao-paulo-dia-3-10-de-16\/\" rel=\"attachment wp-att-26097\"><img loading=\"lazy\" class=\"size-large wp-image-26097\" src=\"https:\/\/seecolombia.travel\/blog\/wp-content\/uploads\/2017\/11\/SAO-PAULO-DIA-3-10-de-16-683x1024.jpg\" alt=\"Barrio Japones Sao Paulo\" width=\"640\" height=\"960\" srcset=\"https:\/\/seecolombia.travel\/blog\/wp-content\/uploads\/2017\/11\/SAO-PAULO-DIA-3-10-de-16-683x1024.jpg 683w, https:\/\/seecolombia.travel\/blog\/wp-content\/uploads\/2017\/11\/SAO-PAULO-DIA-3-10-de-16-200x300.jpg 200w, https:\/\/seecolombia.travel\/blog\/wp-content\/uploads\/2017\/11\/SAO-PAULO-DIA-3-10-de-16-768x1152.jpg 768w, https:\/\/seecolombia.travel\/blog\/wp-content\/uploads\/2017\/11\/SAO-PAULO-DIA-3-10-de-16.jpg 800w\" sizes=\"(max-width: 640px) 100vw, 640px\" \/><\/a><figcaption id=\"caption-attachment-26097\" class=\"wp-caption-text\">Barrio japon\u00e9s de Sao Pulo<\/figcaption><\/figure>\n<h3><\/h3>\n<h3><\/h3>\n<h3><\/h3>\n<h3><\/h3>\n<h3><\/h3>\n<h3><\/h3>\n<h3><\/h3>\n<h3><\/h3>\n<h3><\/h3>\n<h3><\/h3>\n<h3><\/h3>\n<h3><\/h3>\n<h3><\/h3>\n<h3><\/h3>\n<h3><\/h3>\n<h3><\/h3>\n<h3><\/h3>\n<h3><\/h3>\n<h3><\/h3>\n<h3><\/h3>\n<h3><\/h3>\n<h3><\/h3>\n<p>Fuera de Jap\u00f3n, la concentraci\u00f3n mas grande de japoneses en el mundo se encuentra en Sao Paulo y su barrio, ahora llamado &#8220;oriental&#8221; y ya no s\u00f3lo &#8220;japon\u00e9s&#8221;, tiene una fuerte personalidad de esa lado del mundo.\u00a0Pero esa es solo una de las comunidades que enriquecen la arquitectura, vida cotidiana y sobre todo la gastronom\u00eda en la ciudad.<\/p>\n<h3>Las aventuras outdoor no son lo tuyo.<\/h3>\n<figure id=\"attachment_26099\" aria-describedby=\"caption-attachment-26099\" style=\"width: 800px\" class=\"wp-caption alignleft\"><a href=\"http:\/\/seecolombia.travel\/blog\/2017\/11\/no-viajes-a-sao-paulo\/sao-paulo-dia-4-3-de-7\/\" rel=\"attachment wp-att-26099\"><img loading=\"lazy\" class=\"size-full wp-image-26099\" src=\"https:\/\/seecolombia.travel\/blog\/wp-content\/uploads\/2017\/11\/SAO-PAULO-DIA-4-3-de-7.jpg\" alt=\"Sao Paulo outdoors\" width=\"800\" height=\"533\" srcset=\"https:\/\/seecolombia.travel\/blog\/wp-content\/uploads\/2017\/11\/SAO-PAULO-DIA-4-3-de-7.jpg 800w, https:\/\/seecolombia.travel\/blog\/wp-content\/uploads\/2017\/11\/SAO-PAULO-DIA-4-3-de-7-300x200.jpg 300w, https:\/\/seecolombia.travel\/blog\/wp-content\/uploads\/2017\/11\/SAO-PAULO-DIA-4-3-de-7-768x512.jpg 768w\" sizes=\"(max-width: 800px) 100vw, 800px\" \/><\/a><figcaption id=\"caption-attachment-26099\" class=\"wp-caption-text\">A una hora de Sao Paulo&#8230;<\/figcaption><\/figure>\n<h3><\/h3>\n<h3><\/h3>\n<h3><\/h3>\n<h3><\/h3>\n<h3><\/h3>\n<h3><\/h3>\n<h3><\/h3>\n<h3><\/h3>\n<h3><\/h3>\n<h3><\/h3>\n<h3><\/h3>\n<h3><\/h3>\n<h3><\/h3>\n<p>Como ven , la pasamos super mal en Sao Paulo, as\u00ed que para escaparnos un poco de tanto aburrimiento \ud83d\ude09 nos fuimos a Atibaia con <a href=\"http:\/\/www.soldieradventures.com.br\/\" target=\"_blank\" rel=\"noopener\">Soldier Adventures<\/a>, cerqu\u00edsima de Sao Paulo y con unos paisajes espectaculares.<\/p>\n<h3>\u00a0No quieres pasear en el mejor parque urbano del mundo.<\/h3>\n<figure id=\"attachment_26101\" aria-describedby=\"caption-attachment-26101\" style=\"width: 800px\" class=\"wp-caption alignleft\"><a href=\"http:\/\/seecolombia.travel\/blog\/2017\/11\/no-viajes-a-sao-paulo\/sao-paulo-dia-5-9-de-11\/\" rel=\"attachment wp-att-26101\"><img loading=\"lazy\" class=\"size-full wp-image-26101\" src=\"https:\/\/seecolombia.travel\/blog\/wp-content\/uploads\/2017\/11\/SAO-PAULO-DIA-5-9-de-11.jpg\" alt=\"Parque Ibirapuera\" width=\"800\" height=\"450\" srcset=\"https:\/\/seecolombia.travel\/blog\/wp-content\/uploads\/2017\/11\/SAO-PAULO-DIA-5-9-de-11.jpg 800w, https:\/\/seecolombia.travel\/blog\/wp-content\/uploads\/2017\/11\/SAO-PAULO-DIA-5-9-de-11-300x169.jpg 300w, https:\/\/seecolombia.travel\/blog\/wp-content\/uploads\/2017\/11\/SAO-PAULO-DIA-5-9-de-11-768x432.jpg 768w\" sizes=\"(max-width: 800px) 100vw, 800px\" \/><\/a><figcaption id=\"caption-attachment-26101\" class=\"wp-caption-text\">Ibirapuera, uno de los parques mejor rankeados del mundo.<\/figcaption><\/figure>\n<p>&nbsp;<\/p>\n<h3><\/h3>\n<h3><\/h3>\n<h3><\/h3>\n<h3><\/h3>\n<h3><\/h3>\n<h3><\/h3>\n<h3><\/h3>\n<h3><\/h3>\n<h3><\/h3>\n<h3><\/h3>\n<p>Nada, <strong>Ibirapuera<\/strong> es un simple parque: enorme, lleno de vegetaci\u00f3n , museos, teatros, restaurantes y espect\u00e1culos p\u00fablicos que ha sido nombrado como el mejor parque urbano del mundo por <a href=\"https:\/\/www.theguardian.com\/culture\/2015\/aug\/07\/10-best-parks-urban-green-spaces-high-line-new-york-hampstead-london-park-guell-barcelona\" target=\"_blank\" rel=\"noopener\">The Guardian.<\/a><\/p>\n<h3>Detestas viajar en Helic\u00f3ptero<\/h3>\n<figure id=\"attachment_26102\" aria-describedby=\"caption-attachment-26102\" style=\"width: 800px\" class=\"wp-caption alignleft\"><a href=\"http:\/\/seecolombia.travel\/blog\/2017\/11\/no-viajes-a-sao-paulo\/sao-paulo-dia-5-1-de-11\/\" rel=\"attachment wp-att-26102\"><img loading=\"lazy\" class=\"size-full wp-image-26102\" src=\"https:\/\/seecolombia.travel\/blog\/wp-content\/uploads\/2017\/11\/SAO-PAULO-DIA-5-1-de-11.jpg\" alt=\"Sao Paulo en Helic\u00f3ptero\" width=\"800\" height=\"533\" srcset=\"https:\/\/seecolombia.travel\/blog\/wp-content\/uploads\/2017\/11\/SAO-PAULO-DIA-5-1-de-11.jpg 800w, https:\/\/seecolombia.travel\/blog\/wp-content\/uploads\/2017\/11\/SAO-PAULO-DIA-5-1-de-11-300x200.jpg 300w, https:\/\/seecolombia.travel\/blog\/wp-content\/uploads\/2017\/11\/SAO-PAULO-DIA-5-1-de-11-768x512.jpg 768w\" sizes=\"(max-width: 800px) 100vw, 800px\" \/><\/a><figcaption id=\"caption-attachment-26102\" class=\"wp-caption-text\">Nos vamos de paseo por Sao Paulo&#8230;en helic\u00f3ptero.<\/figcaption><\/figure>\n<p>&nbsp;<\/p>\n<h3><\/h3>\n<h3><\/h3>\n<h3><\/h3>\n<h3><\/h3>\n<h3><\/h3>\n<h3><\/h3>\n<h3><\/h3>\n<h3><\/h3>\n<h3><\/h3>\n<h3><\/h3>\n<p>La ciudad de Sao Paulo tiene tambi\u00e9n <strong>la mayor cantidad de helic\u00f3pteros por habitante<\/strong>. \u00bfCaro? para nada, en High Class puedes juntarte con 4 o 5 amigos y volar sobre esta ENORME capital por alrededor de 120 USD.<\/p>\n<p>\u00bfQuieres m\u00e1s razones detalladas para no visitar Sao Paulo? ac\u00e1 te dejamos el <strong>video de Sao Paulo<\/strong> con todo lo que hicimos en esta ciudad &#8220;para ejecutivos&#8221; &#8230; \ud83d\ude09<\/p>\n","protected":false},"excerpt":{"rendered":"<p>&#8220;Sao Paulo es una ciudad s\u00f3lo para viajeros de negocios&#8221;. &#8220;Es enorme, ca\u00f3tica&#8221;. &#8220;Prefiero mil veces Rio&#8220;. &#8220;No hay nada que hacer&#8221;. Estas son s\u00f3lo algunas de las frases que escuchamos previas a nuestro viaje a la ciudad mas grande de Brasil invitados por la cadena IHG con quienes nos quedamos en el Staybridge Suites [&hellip;]<\/p>\n","protected":false},"author":3,"featured_media":26085,"comment_status":"open","ping_status":"open","sticky":false,"template":"","format":"standard","meta":{"ngg_post_thumbnail":0},"categories":[2361,1851,1860,2376,865,2342],"tags":[],"yoast_head":"<!-- This site is optimized with the Yoast SEO Premium plugin v18.4 (Yoast SEO v18.9) - https:\/\/yoast.com\/wordpress\/plugins\/seo\/ -->\n<title>\u00a1No viajes a Sao Paulo! (VIDEO) - Colombia Travel Blog by See Colombia Travel<\/title>\n<meta name=\"robots\" content=\"index, follow, max-snippet:-1, max-image-preview:large, max-video-preview:-1\" \/>\n<link rel=\"canonical\" href=\"https:\/\/seecolombia.travel\/blog\/2017\/11\/no-viajes-a-sao-paulo\/\" \/>\n<meta property=\"og:locale\" content=\"en_US\" \/>\n<meta property=\"og:type\" content=\"article\" \/>\n<meta property=\"og:title\" content=\"\u00a1No viajes a Sao Paulo! (VIDEO)\" \/>\n<meta property=\"og:description\" content=\"&#8220;Sao Paulo es una ciudad s\u00f3lo para viajeros de negocios&#8221;. &#8220;Es enorme, ca\u00f3tica&#8221;. &#8220;Prefiero mil veces Rio&#8220;. &#8220;No hay nada que hacer&#8221;. Estas son s\u00f3lo algunas de las frases que escuchamos previas a nuestro viaje a la ciudad mas grande de Brasil invitados por la cadena IHG con quienes nos quedamos en el Staybridge Suites [&hellip;]\" \/>\n<meta property=\"og:url\" content=\"https:\/\/seecolombia.travel\/blog\/2017\/11\/no-viajes-a-sao-paulo\/\" \/>\n<meta property=\"og:site_name\" content=\"Colombia Travel Blog by See Colombia Travel\" \/>\n<meta property=\"article:published_time\" content=\"2017-11-13T15:37:17+00:00\" \/>\n<meta property=\"article:modified_time\" content=\"2021-03-16T22:26:41+00:00\" \/>\n<meta property=\"og:image\" content=\"https:\/\/seecolombia.travel\/blog\/wp-content\/uploads\/2017\/12\/SAO-PAULO-DIA-3-11-de-16-e1513020443540.jpg\" \/>\n\t<meta property=\"og:image:width\" content=\"800\" \/>\n\t<meta property=\"og:image:height\" content=\"289\" \/>\n\t<meta property=\"og:image:type\" content=\"image\/jpeg\" \/>\n<meta name=\"twitter:card\" content=\"summary\" \/>\n<meta name=\"twitter:label1\" content=\"Written by\" \/>\n\t<meta name=\"twitter:data1\" content=\"JL\" \/>\n\t<meta name=\"twitter:label2\" content=\"Est. reading time\" \/>\n\t<meta name=\"twitter:data2\" content=\"4 minutes\" \/>\n<script type=\"application\/ld+json\" class=\"yoast-schema-graph\">{\"@context\":\"https:\/\/schema.org\",\"@graph\":[{\"@type\":\"WebSite\",\"@id\":\"https:\/\/seecolombia.travel\/blog\/#website\",\"url\":\"https:\/\/seecolombia.travel\/blog\/\",\"name\":\"Colombia Travel Blog by See Colombia Travel\",\"description\":\"Colombia Travel Blog: An international perspective on travelling in Colombia by world travellers.\",\"potentialAction\":[{\"@type\":\"SearchAction\",\"target\":{\"@type\":\"EntryPoint\",\"urlTemplate\":\"https:\/\/seecolombia.travel\/blog\/?s={search_term_string}\"},\"query-input\":\"required name=search_term_string\"}],\"inLanguage\":\"en-US\"},{\"@type\":\"ImageObject\",\"inLanguage\":\"en-US\",\"@id\":\"https:\/\/seecolombia.travel\/blog\/2017\/11\/no-viajes-a-sao-paulo\/#primaryimage\",\"url\":\"https:\/\/seecolombia.travel\/blog\/wp-content\/uploads\/2017\/12\/SAO-PAULO-DIA-3-11-de-16-e1513020443540.jpg\",\"contentUrl\":\"https:\/\/seecolombia.travel\/blog\/wp-content\/uploads\/2017\/12\/SAO-PAULO-DIA-3-11-de-16-e1513020443540.jpg\",\"width\":800,\"height\":289,\"caption\":\"Sao Paulo\"},{\"@type\":\"WebPage\",\"@id\":\"https:\/\/seecolombia.travel\/blog\/2017\/11\/no-viajes-a-sao-paulo\/#webpage\",\"url\":\"https:\/\/seecolombia.travel\/blog\/2017\/11\/no-viajes-a-sao-paulo\/\",\"name\":\"\u00a1No viajes a Sao Paulo! (VIDEO) - Colombia Travel Blog by See Colombia Travel\",\"isPartOf\":{\"@id\":\"https:\/\/seecolombia.travel\/blog\/#website\"},\"primaryImageOfPage\":{\"@id\":\"https:\/\/seecolombia.travel\/blog\/2017\/11\/no-viajes-a-sao-paulo\/#primaryimage\"},\"datePublished\":\"2017-11-13T15:37:17+00:00\",\"dateModified\":\"2021-03-16T22:26:41+00:00\",\"author\":{\"@id\":\"https:\/\/seecolombia.travel\/blog\/#\/schema\/person\/d83df03ea54d1f0911d7098ebe26db49\"},\"breadcrumb\":{\"@id\":\"https:\/\/seecolombia.travel\/blog\/2017\/11\/no-viajes-a-sao-paulo\/#breadcrumb\"},\"inLanguage\":\"en-US\",\"potentialAction\":[{\"@type\":\"ReadAction\",\"target\":[\"https:\/\/seecolombia.travel\/blog\/2017\/11\/no-viajes-a-sao-paulo\/\"]}]},{\"@type\":\"BreadcrumbList\",\"@id\":\"https:\/\/seecolombia.travel\/blog\/2017\/11\/no-viajes-a-sao-paulo\/#breadcrumb\",\"itemListElement\":[{\"@type\":\"ListItem\",\"position\":1,\"name\":\"Home\",\"item\":\"https:\/\/seecolombia.travel\/blog\/\"},{\"@type\":\"ListItem\",\"position\":2,\"name\":\"\u00a1No viajes a Sao Paulo! (VIDEO)\"}]},{\"@type\":\"Person\",\"@id\":\"https:\/\/seecolombia.travel\/blog\/#\/schema\/person\/d83df03ea54d1f0911d7098ebe26db49\",\"name\":\"JL\",\"image\":{\"@type\":\"ImageObject\",\"inLanguage\":\"en-US\",\"@id\":\"https:\/\/seecolombia.travel\/blog\/#\/schema\/person\/image\/\",\"url\":\"https:\/\/secure.gravatar.com\/avatar\/68a3ba6dc377250ef6eb8cd56865210e?s=96&d=retro&r=g\",\"contentUrl\":\"https:\/\/secure.gravatar.com\/avatar\/68a3ba6dc377250ef6eb8cd56865210e?s=96&d=retro&r=g\",\"caption\":\"JL\"},\"description\":\"Ciudadano del mundo, nuestro Gerente de Marketing y comunicaciones se define como viajero, pap\u00e1, esposo y empresario. Es co-creador de Colombia Travel Blog junto a su esposa Marcela y creador de Fogg, la agencia de contenidos que produce el popular programa 3 Travel Bloggers. ----------- Our Marketing and Communications Manager, a self proclaimed citizen of the world, was born in Peru and raised in a number of different countries \u2013 including Angola, Thailand and Iceland \u2013 which instilled a deep love of travel and cultural diversity within him. With an extensive education in Marketing and Communications and after leaving a successful corporate career in the Telecom Industry, JL is now advocated to professionalize travel blogging in Latin America.\",\"sameAs\":[\"http:\/\/www.seecolombia.travel\"],\"url\":\"https:\/\/seecolombia.travel\/blog\/author\/jl\/\"}]}<\/script>\n<!-- \/ Yoast SEO Premium plugin. -->","yoast_head_json":{"title":"\u00a1No viajes a Sao Paulo! (VIDEO) - Colombia Travel Blog by See Colombia Travel","robots":{"index":"index","follow":"follow","max-snippet":"max-snippet:-1","max-image-preview":"max-image-preview:large","max-video-preview":"max-video-preview:-1"},"canonical":"https:\/\/seecolombia.travel\/blog\/2017\/11\/no-viajes-a-sao-paulo\/","og_locale":"en_US","og_type":"article","og_title":"\u00a1No viajes a Sao Paulo! (VIDEO)","og_description":"&#8220;Sao Paulo es una ciudad s\u00f3lo para viajeros de negocios&#8221;. &#8220;Es enorme, ca\u00f3tica&#8221;. &#8220;Prefiero mil veces Rio&#8220;. &#8220;No hay nada que hacer&#8221;. Estas son s\u00f3lo algunas de las frases que escuchamos previas a nuestro viaje a la ciudad mas grande de Brasil invitados por la cadena IHG con quienes nos quedamos en el Staybridge Suites [&hellip;]","og_url":"https:\/\/seecolombia.travel\/blog\/2017\/11\/no-viajes-a-sao-paulo\/","og_site_name":"Colombia Travel Blog by See Colombia Travel","article_published_time":"2017-11-13T15:37:17+00:00","article_modified_time":"2021-03-16T22:26:41+00:00","og_image":[{"width":800,"height":289,"url":"https:\/\/seecolombia.travel\/blog\/wp-content\/uploads\/2017\/12\/SAO-PAULO-DIA-3-11-de-16-e1513020443540.jpg","type":"image\/jpeg"}],"twitter_card":"summary","twitter_misc":{"Written by":"JL","Est. reading time":"4 minutes"},"schema":{"@context":"https:\/\/schema.org","@graph":[{"@type":"WebSite","@id":"https:\/\/seecolombia.travel\/blog\/#website","url":"https:\/\/seecolombia.travel\/blog\/","name":"Colombia Travel Blog by See Colombia Travel","description":"Colombia Travel Blog: An international perspective on travelling in Colombia by world travellers.","potentialAction":[{"@type":"SearchAction","target":{"@type":"EntryPoint","urlTemplate":"https:\/\/seecolombia.travel\/blog\/?s={search_term_string}"},"query-input":"required name=search_term_string"}],"inLanguage":"en-US"},{"@type":"ImageObject","inLanguage":"en-US","@id":"https:\/\/seecolombia.travel\/blog\/2017\/11\/no-viajes-a-sao-paulo\/#primaryimage","url":"https:\/\/seecolombia.travel\/blog\/wp-content\/uploads\/2017\/12\/SAO-PAULO-DIA-3-11-de-16-e1513020443540.jpg","contentUrl":"https:\/\/seecolombia.travel\/blog\/wp-content\/uploads\/2017\/12\/SAO-PAULO-DIA-3-11-de-16-e1513020443540.jpg","width":800,"height":289,"caption":"Sao Paulo"},{"@type":"WebPage","@id":"https:\/\/seecolombia.travel\/blog\/2017\/11\/no-viajes-a-sao-paulo\/#webpage","url":"https:\/\/seecolombia.travel\/blog\/2017\/11\/no-viajes-a-sao-paulo\/","name":"\u00a1No viajes a Sao Paulo! (VIDEO) - Colombia Travel Blog by See Colombia Travel","isPartOf":{"@id":"https:\/\/seecolombia.travel\/blog\/#website"},"primaryImageOfPage":{"@id":"https:\/\/seecolombia.travel\/blog\/2017\/11\/no-viajes-a-sao-paulo\/#primaryimage"},"datePublished":"2017-11-13T15:37:17+00:00","dateModified":"2021-03-16T22:26:41+00:00","author":{"@id":"https:\/\/seecolombia.travel\/blog\/#\/schema\/person\/d83df03ea54d1f0911d7098ebe26db49"},"breadcrumb":{"@id":"https:\/\/seecolombia.travel\/blog\/2017\/11\/no-viajes-a-sao-paulo\/#breadcrumb"},"inLanguage":"en-US","potentialAction":[{"@type":"ReadAction","target":["https:\/\/seecolombia.travel\/blog\/2017\/11\/no-viajes-a-sao-paulo\/"]}]},{"@type":"BreadcrumbList","@id":"https:\/\/seecolombia.travel\/blog\/2017\/11\/no-viajes-a-sao-paulo\/#breadcrumb","itemListElement":[{"@type":"ListItem","position":1,"name":"Home","item":"https:\/\/seecolombia.travel\/blog\/"},{"@type":"ListItem","position":2,"name":"\u00a1No viajes a Sao Paulo! (VIDEO)"}]},{"@type":"Person","@id":"https:\/\/seecolombia.travel\/blog\/#\/schema\/person\/d83df03ea54d1f0911d7098ebe26db49","name":"JL","image":{"@type":"ImageObject","inLanguage":"en-US","@id":"https:\/\/seecolombia.travel\/blog\/#\/schema\/person\/image\/","url":"https:\/\/secure.gravatar.com\/avatar\/68a3ba6dc377250ef6eb8cd56865210e?s=96&d=retro&r=g","contentUrl":"https:\/\/secure.gravatar.com\/avatar\/68a3ba6dc377250ef6eb8cd56865210e?s=96&d=retro&r=g","caption":"JL"},"description":"Ciudadano del mundo, nuestro Gerente de Marketing y comunicaciones se define como viajero, pap\u00e1, esposo y empresario. Es co-creador de Colombia Travel Blog junto a su esposa Marcela y creador de Fogg, la agencia de contenidos que produce el popular programa 3 Travel Bloggers. ----------- Our Marketing and Communications Manager, a self proclaimed citizen of the world, was born in Peru and raised in a number of different countries \u2013 including Angola, Thailand and Iceland \u2013 which instilled a deep love of travel and cultural diversity within him. With an extensive education in Marketing and Communications and after leaving a successful corporate career in the Telecom Industry, JL is now advocated to professionalize travel blogging in Latin America.","sameAs":["http:\/\/www.seecolombia.travel"],"url":"https:\/\/seecolombia.travel\/blog\/author\/jl\/"}]}},"amp_enabled":true,"_links":{"self":[{"href":"https:\/\/seecolombia.travel\/blog\/wp-json\/wp\/v2\/posts\/26083"}],"collection":[{"href":"https:\/\/seecolombia.travel\/blog\/wp-json\/wp\/v2\/posts"}],"about":[{"href":"https:\/\/seecolombia.travel\/blog\/wp-json\/wp\/v2\/types\/post"}],"author":[{"embeddable":true,"href":"https:\/\/seecolombia.travel\/blog\/wp-json\/wp\/v2\/users\/3"}],"replies":[{"embeddable":true,"href":"https:\/\/seecolombia.travel\/blog\/wp-json\/wp\/v2\/comments?post=26083"}],"version-history":[{"count":26,"href":"https:\/\/seecolombia.travel\/blog\/wp-json\/wp\/v2\/posts\/26083\/revisions"}],"predecessor-version":[{"id":26267,"href":"https:\/\/seecolombia.travel\/blog\/wp-json\/wp\/v2\/posts\/26083\/revisions\/26267"}],"wp:featuredmedia":[{"embeddable":true,"href":"https:\/\/seecolombia.travel\/blog\/wp-json\/wp\/v2\/media\/26085"}],"wp:attachment":[{"href":"https:\/\/seecolombia.travel\/blog\/wp-json\/wp\/v2\/media?parent=26083"}],"wp:term":[{"taxonomy":"category","embeddable":true,"href":"https:\/\/seecolombia.travel\/blog\/wp-json\/wp\/v2\/categories?post=26083"},{"taxonomy":"post_tag","embeddable":true,"href":"https:\/\/seecolombia.travel\/blog\/wp-json\/wp\/v2\/tags?post=26083"}],"curies":[{"name":"wp","href":"https:\/\/api.w.org\/{rel}","templated":true}]}}