{"id":25746,"date":"2017-08-01T11:45:04","date_gmt":"2017-08-01T16:45:04","guid":{"rendered":"http:\/\/seecolombia.travel\/blog\/?p=25746"},"modified":"2021-08-23T10:58:51","modified_gmt":"2021-08-23T15:58:51","slug":"si-las-brujas-de-salem-tuvieran-twitter-un-dia-en-la-famosa-ciudad-de-las-brujas","status":"publish","type":"post","link":"https:\/\/seecolombia.travel\/blog\/2017\/08\/si-las-brujas-de-salem-tuvieran-twitter-un-dia-en-la-famosa-ciudad-de-las-brujas\/","title":{"rendered":"Si las brujas de Salem tuvieran Twitter: un d\u00eda en la famosa ciudad de las brujas."},"content":{"rendered":"<h2><strong>Salem, antes de las brujas<\/strong><\/h2>\n<p>En 1692 se orden\u00f3 en Massachusetts <strong>la ejecuci\u00f3n<\/strong> de catorce mujeres, cinco hombres y dos perros, todos ellos hallados culpables\u00a0de <strong>practicar\u00a0la brujer\u00eda.<\/strong><\/p>\n<p>Estas cifras podr\u00edan haber sido mucho mayores si se calcula que fueron en total unos<strong> ciento ochenta los acusados<\/strong>\u00a0de brujos y hechiceros en veinticinco pueblos de la regi\u00f3n. La\u00a0<strong>mas joven ten\u00eda cuatro a\u00f1os<\/strong> y la mayor cerca de ochenta. Los maridos acusaban a sus esposas, los sobrinos a sus t\u00edas, todos corr\u00edan peligro de ser etiquetados de pactar con Satan\u00e1s: madres, hijas, hermanos, vecinos. <strong>\u00bfC\u00f3mo explicar esta locura?<\/strong><\/p>\n<p>La respuesta para tratar de entender c\u00f3mo es que empez\u00f3 todo est\u00e1 en el origen de sus protagonistas. Los habitantes de Nueva Inglaterra en ese entonces <strong>eran en su enorme mayor\u00eda puritanos<\/strong>\u00a0emigrados de Gran Breta\u00f1a con\u00a0la esperanza de poder empezar una nueva civilizaci\u00f3n desde cero en estas inh\u00f3spitas colonias americanas, un lugar donde pudiesen adorar a Dios <em>\u201ccon mas pureza y menos peligros\u201d<\/em>, lejos de las discrepancias religiosas y pol\u00edticas de su pa\u00eds.<\/p>\n<p>Las condiciones de estos asentamientos, sin embargo, estaban <strong>muy lejos de poder considerarse estables o seguras<\/strong>. Instalados en el borde de tierras inh\u00f3spitas, lejos de las &#8220;comodidades&#8221; de\u00a0su civilizado Reino Unido natal, rodeados de tribus nativas que los atacaban abierta o furtivamente, padeciendo<strong> inviernos inclementes<\/strong> y, para colmo, a la mitad de una incierta\u00a0situaci\u00f3n pol\u00edtica que los colocaba\u00a0entre el control\u00a0brit\u00e1nico y la auto regulaci\u00f3n, estos colonos <strong>viv\u00edan a diario una dur\u00edsima situaci\u00f3n<\/strong>, una verdadera prueba para la forma de vida que pretend\u00edan llevar en este nuevo mundo.<\/p>\n<figure id=\"attachment_25810\" aria-describedby=\"caption-attachment-25810\" style=\"width: 640px\" class=\"wp-caption aligncenter\"><a href=\"http:\/\/seecolombia.travel\/blog\/2017\/08\/si-las-brujas-de-salem-tuvieran-twitter-un-dia-en-la-famosa-ciudad-de-las-brujas\/witch-museum-fachada\/\" rel=\"attachment wp-att-25810\"><img loading=\"lazy\" class=\"size-large wp-image-25810\" src=\"https:\/\/seecolombia.travel\/blog\/wp-content\/uploads\/2017\/07\/witch-museum-fachada-1024x410.jpg\" alt=\"El museo de las brujas de Salem\" width=\"640\" height=\"256\" srcset=\"https:\/\/seecolombia.travel\/blog\/wp-content\/uploads\/2017\/07\/witch-museum-fachada-1024x410.jpg 1024w, https:\/\/seecolombia.travel\/blog\/wp-content\/uploads\/2017\/07\/witch-museum-fachada-300x120.jpg 300w, https:\/\/seecolombia.travel\/blog\/wp-content\/uploads\/2017\/07\/witch-museum-fachada-768x307.jpg 768w, https:\/\/seecolombia.travel\/blog\/wp-content\/uploads\/2017\/07\/witch-museum-fachada.jpg 1600w\" sizes=\"(max-width: 640px) 100vw, 640px\" \/><\/a><figcaption id=\"caption-attachment-25810\" class=\"wp-caption-text\">La fachada del Salem\u00b4s Witch Museum<\/figcaption><\/figure>\n<p>Aunque paseando hoy por el apacible\u00a0pueblo de<strong> Salem<\/strong> es muy dif\u00edcil imaginar lo que padec\u00edan sus fundadores hace m\u00e1s de 300 a\u00f1os, ac\u00e1 en el <a href=\"https:\/\/www.salemwitchmuseum.com\/\" target=\"_blank\" rel=\"noopener\"><em><strong>Salem Witch Museum<\/strong> <\/em><\/a>\u00a0podemos hacernos una idea un poco mas clara de su forma de vida <strong>gracias a la exhibici\u00f3n con animatronics<\/strong> de tama\u00f1o real que, ayudados por juegos de luces y una omnipresente y no menos t\u00e9trica voz, nos ponen en el contexto de la cotidianidad de la vida diaria en los a\u00f1os en que, a unos cientos de metros de donde estamos ahora sentados, ocurrieron las atrocidades que hicieron celebre a este pueblo.<\/p>\n<p>Es clar\u00edsimo que estos pioneros americanos no viv\u00edan como\u00a0&#8220;<a href=\"https:\/\/es.wikipedia.org\/wiki\/Little_House_on_the_Prairie_(serie_de_televisi%C3%B3n)\" target=\"_blank\" rel=\"noopener\">La familia Ingalls<\/a>&#8220;, la instalaci\u00f3n nos muestra como la oscuridad voraz y el silencio de la noche, envolviendo esas casas <strong>llenas de humo y precariamente\u00a0iluminadas<\/strong> por\u00a0sus chimeneas, eran un escenario perfecto para lo que estaba por venir, <strong>un ambiente de penumbras<\/strong> en el que todo se escucha con mas intensidad, se\u00a0siente con mas pasi\u00f3n y en el que la imaginaci\u00f3n se atiza al m\u00e1ximo. Las noches del siglo XVII en Nueva Inglaterra eran de un negro tan profundo que era casi imposible caminar sin perder el sendero. Las siluetas de los arboles se confund\u00edan perdi\u00e9ndose\u00a0en el horizonte y si ten\u00edas la poca fortuna de tropezarte con alg\u00fan animal salvaje, digamos un jabal\u00ed, las probabilidades de llegar a tu casa <strong>gateando, confundido y ensangrentado<\/strong> eran muy grandes. Sum\u00e9mosle a esto las tempestades que no pocas veces se llevaron volando casas enteras, <strong>incluso iglesias con sus congregaciones adentro.<\/strong><\/p>\n<figure id=\"attachment_25813\" aria-describedby=\"caption-attachment-25813\" style=\"width: 720px\" class=\"wp-caption aligncenter\"><a href=\"http:\/\/seecolombia.travel\/blog\/2017\/08\/si-las-brujas-de-salem-tuvieran-twitter-un-dia-en-la-famosa-ciudad-de-las-brujas\/witch-museum\/\" rel=\"attachment wp-att-25813\"><img loading=\"lazy\" class=\"size-full wp-image-25813\" src=\"https:\/\/seecolombia.travel\/blog\/wp-content\/uploads\/2017\/07\/Witch-Museum.jpg\" alt=\"Salem witch museum recreacion\" width=\"720\" height=\"503\" srcset=\"https:\/\/seecolombia.travel\/blog\/wp-content\/uploads\/2017\/07\/Witch-Museum.jpg 720w, https:\/\/seecolombia.travel\/blog\/wp-content\/uploads\/2017\/07\/Witch-Museum-300x210.jpg 300w\" sizes=\"(max-width: 720px) 100vw, 720px\" \/><\/a><figcaption id=\"caption-attachment-25813\" class=\"wp-caption-text\">Recreaci\u00f3n con animatronics de los d\u00edas previos al inicio de la cacer\u00eda de brujas en Salem. Las ni\u00f1as de la casa Parris junto a Tituba, su esclava.<\/figcaption><\/figure>\n<p>Los puritanos de Salem tomaban adem\u00e1s <strong>muy al pie de la letra\u00a0las lecturas b\u00edblicas<\/strong>. Ac\u00e1 no hab\u00edan eufemismos, medias tintas o\u00a0interpretaciones psicol\u00f3gicas; cuando en la Biblia se hablaba de un cerdo endemoniado era exactamente eso: un porcino pose\u00eddo por Sat\u00e1n, por lo tanto las menciones sobre\u00a0brujas <strong>tampoco admit\u00edan otra definici\u00f3n<\/strong> que no fuera la de un ser maligno, un hechicero -o mas probablemente hechicera- que practica la brujer\u00eda en contubernio con esp\u00edritus del averno, <strong>su existencia no estaba ni remotamente en duda<\/strong>. Las condiciones clim\u00e1ticas y sus\u00a0penurias no pod\u00edan ser mas que propiciadas para que surjan ataques de las fuerzas oscuras a estos <strong>fieles sirvientes de Dios<\/strong>, todos estaban expectantes a sabiendas de que era cosa de tiempo para que algo m\u00e1s siniestro los atacara&#8230; sobre todo cuando algunos\u00a0pueblos cercanos ya hab\u00edan sido tocados por <strong>las huestes del demonio.<\/strong><\/p>\n<p>Esto lo sab\u00eda bien el <strong>Reverendo Samuel Parris<\/strong>, un hombre que se manten\u00eda muy al tanto de los casos de brujer\u00eda y herej\u00eda registrados\u00a0a lo largo de esas\u00a0pocas d\u00e9cadas que los\u00a0puritanos llevaban asentados en la regi\u00f3n. Por eso lo asalt\u00f3 la angustia cuando empez\u00f3 a sospechar que <strong>en su propia casa se asomaba la maldad<\/strong>. Su sobrina e hija, las ni\u00f1as <strong>Abigail y Betty<\/strong> de once y nueve a\u00f1os, empezaron a mostrar un comportamiento sumamente extra\u00f1o alegando\u00a0que <strong>un ente invisible<\/strong> las mord\u00eda y pellizcaba, adem\u00e1s declamaban <em>&#8220;tontos y rid\u00edculos discursos&#8221;<\/em> seguidos de <strong>movimientos espasm\u00f3dicos<\/strong> que se convert\u00edan luego en <strong>trances<\/strong> de la mas estricta rigidez. Todo esto suced\u00eda durante el d\u00eda y las ni\u00f1as no ten\u00edan oportunidad <em>&#8220;ni de dedicarse a sus oraciones&#8221;<\/em>. Por las noches, sin embargo, se iban a dormir con la placidez de siempre. \u00bfC\u00f3mo es que hab\u00eda llegado esta\u00a0oscuridad a meterse en <span style=\"text-decoration: underline\"><strong>SU<\/strong><\/span> familia?, se preguntaba el Reverendo Paris.<\/p>\n<h2>Salem y\u00a0sus contradicciones.<\/h2>\n<p>Cuando uno llega a Salem saliendo de \u00a0<a href=\"https:\/\/www.youtube.com\/watch?v=4moT379aom0&amp;t=753s\" target=\"_blank\" rel=\"noopener\"><strong>Boston<\/strong><\/a> &#8211; aproximadamente a <strong>30 minutos en auto<\/strong> o poco menos de <strong>una hora en <\/strong><a href=\"http:\/\/www.bostonharborcruises.com\/salem-ferry\/salem-ferry\/\" target=\"_blank\" rel=\"noopener\"><strong>ferry<\/strong>\u00a0<\/a>&#8211; hay dos factores que van a determinar tu primera impresi\u00f3n: el <strong>lugar exacto<\/strong> al que\u00a0llegues y <strong>el clima<\/strong> con el que te reciba la ciudad. \u00a0En nuestro caso la <a href=\"http:\/\/salem.org\/\" target=\"_blank\" rel=\"noopener\">Ciudad de Salem<\/a>, cuya oficina de turismo\u00a0nos organiz\u00f3 esta visita, fij\u00f3 el punto de inicio de\u00a0nuestro recorrido en el <a href=\"http:\/\/salem.org\/listing\/salem-regional-visitor-center\/\" target=\"_blank\" rel=\"noopener\">Salem Visitor Center<\/a>\u00a0, en teor\u00eda el primer lugar\u00a0donde uno deber\u00eda parar para organizar un d\u00eda bien informado. A pesar de que en su tienda de souvenirs <strong>hay iconograf\u00eda de brujas<\/strong> en forma de llaveros y mu\u00f1equitos, su presencia es mas bien secundaria: el concejo de la ciudad \u00a0sabe que su nombre evoca de inmediato la <strong>im\u00e1genes siniestras derivadas de los\u00a0famosos juicios<\/strong> y le pone \u00e9nfasis a todo eso otro que tambi\u00e9n hace de Salem una ciudad digna de ser visitada: su cultura, gastronom\u00eda y sobre todo, su condici\u00f3n de <strong>ciudad mar\u00edtima.<\/strong><\/p>\n<p>&nbsp;<\/p>\n<p>De hecho, a la vuelta de la esquina se encuentra el <a href=\"http:\/\/www.pem.org\/\" target=\"_blank\" rel=\"noopener\">Peabody\u00a0Essex Museum<\/a>, <strong>el museo mas longevo de Estados Unidos<\/strong>, que exhibe\u00a0muestras de alt\u00edsima calidad en una enorme y moderna estructura. En el centro de visitantes adem\u00e1s nos enteramos de la importancia cr\u00edtica del puerto de Salem al\u00a0convertirse en un <strong>re-distribuidor de mercanc\u00eda desde costas americanas \u00a0hacia todo el resto del mundo<\/strong>\u00a0 entre los siglos XVII y XIX, tanto as\u00ed que el \u00e1rea mar\u00edtima de Salem fue el <strong>primer sitio hist\u00f3rico nacional<\/strong> del sistema de Parques Nacionales. Otros &#8220;primeros&#8221; de la ciudad incluyen la <strong>primera llamada de larga distancia<\/strong> efectuada por <strong>Alexander Graham Bell<\/strong>, <strong>la primera fabrica de dulces<\/strong> del pa\u00eds (de marca &#8220;Gibraltar&#8221;) que a\u00fan se venden en <a href=\"https:\/\/www.oldepeppercandy.com\/\" target=\"_blank\" rel=\"noopener\">Ye Olde Pepper Companie<\/a> de Derby Street, el nacimiento de la <strong>Guardia Nacional Americana<\/strong> y el de los primeros grandes <strong>productores de juegos de mesa<\/strong>, <a href=\"https:\/\/es.wikipedia.org\/wiki\/Parker_Brothers\" target=\"_blank\" rel=\"noopener\">Parker Brothers<\/a> que curiosamente tambi\u00e9n <strong>patentaron la <a href=\"https:\/\/es.wikipedia.org\/wiki\/G%C3%BCija\" target=\"_blank\" rel=\"noopener\">tabla ouija<\/a><\/strong> de forma masiva. Aunque en nuestro camino del estacionamiento hasta ac\u00e1 hemos visto ya varios anuncios de videntes y tiendas tem\u00e1ticas, en este lugar la preconcepci\u00f3n que ten\u00edamos de una Salem parecida a un<strong> Disneylandia de lo oculto<\/strong> se desvanece&#8230; moment\u00e1neamente.<\/p>\n<p>El slogan de Salem es <em>&#8220;<strong>Sigue haciendo historia&#8221; <\/strong><\/em>una forma inteligente de establecer\u00a0que es m\u00e1s que s\u00f3lo sus &#8220;brujas&#8221; sin dejar de reconocer que eso ser\u00e1 siempre parte fundamental de su personalidad. Su logo podr\u00eda ser interpretado como un sombrero de bruja, pero tambi\u00e9n como un velero. Y es con ese esp\u00edritu que\u00a0Salem <strong>nos organiz\u00f3 un d\u00eda\u00a0muy equilibrado<\/strong> y variado para poder mostrar ese mosaico de atractivos que tiene por ofrecer. El <strong>impecable itinerario<\/strong> que armaron para nosotros reflejaba esa intenci\u00f3n e inclu\u00eda, despu\u00e9s de esa visita al\u00a0obligatorio Museo de las Brujas, una muestra\u00a0de su <strong>comida marina<\/strong> en los restaurantes <a href=\"http:\/\/www.hipfinz.com\/\" target=\"_blank\" rel=\"noopener\">Finz<\/a> y <a href=\"https:\/\/www.turners-seafood.com\/\" target=\"_blank\" rel=\"noopener\">Turner\u00b4s Seafood<\/a>, un recorrido cultural en\u00a0<a href=\"https:\/\/es.wikipedia.org\/wiki\/Casa_de_los_Siete_Tejados\" target=\"_blank\" rel=\"noopener\"><em>The House of \u00a0The Seven Gables<\/em><\/a> (La casa de los siete tejados) &#8211; inspiradora de una <strong>novela fundamental de la literatura norteamericana &#8211;\u00a0<\/strong>una sesi\u00f3n de\u00a0<strong>lectura de cartas<\/strong> y una tarde en el <a href=\"http:\/\/bit.bar\/?gclid=CNzMxL7BpNUCFQoDhgodK3MP3w\" target=\"_blank\" rel=\"noopener\">Bit Bar<\/a> jugando cl\u00e1sicos juegos de arcade.<\/p>\n<figure id=\"attachment_25808\" aria-describedby=\"caption-attachment-25808\" style=\"width: 640px\" class=\"wp-caption aligncenter\"><a href=\"http:\/\/seecolombia.travel\/blog\/2017\/08\/si-las-brujas-de-salem-tuvieran-twitter-un-dia-en-la-famosa-ciudad-de-las-brujas\/viaje-a-salem-souvenirs\/\" rel=\"attachment wp-att-25808\"><img loading=\"lazy\" class=\"size-large wp-image-25808\" src=\"https:\/\/seecolombia.travel\/blog\/wp-content\/uploads\/2017\/07\/Viaje-a-Salem-Souvenirs-1024x768.jpeg\" alt=\"Salem souvenirs\" width=\"640\" height=\"480\" srcset=\"https:\/\/seecolombia.travel\/blog\/wp-content\/uploads\/2017\/07\/Viaje-a-Salem-Souvenirs-1024x768.jpeg 1024w, https:\/\/seecolombia.travel\/blog\/wp-content\/uploads\/2017\/07\/Viaje-a-Salem-Souvenirs-300x225.jpeg 300w, https:\/\/seecolombia.travel\/blog\/wp-content\/uploads\/2017\/07\/Viaje-a-Salem-Souvenirs-768x576.jpeg 768w, https:\/\/seecolombia.travel\/blog\/wp-content\/uploads\/2017\/07\/Viaje-a-Salem-Souvenirs.jpeg 1280w\" sizes=\"(max-width: 640px) 100vw, 640px\" \/><\/a><figcaption id=\"caption-attachment-25808\" class=\"wp-caption-text\">La bolsa con itinerarios y souvenirs que nos entreg\u00f3 la ciudad de Salem para recorrerla.<\/figcaption><\/figure>\n<p>Lamentablemente \u00a0las circunstancias de nuestro viaje \u00a0nos obligan a <strong>acortar ese prometedor d\u00eda<\/strong> despu\u00e9s del almuerzo: primero porque estamos &#8211; como siempre &#8211; <strong>contra el tiempo<\/strong> grabando un episodio de <a href=\"http:\/\/www.3travelblogers.com\" target=\"_blank\" rel=\"noopener\">3 Travel Bloggers<\/a>\u00a0con Avianca, segundo porque estoy muy mal de la rodilla y es necesario que descanse <strong>despu\u00e9s de casi 3 meses de grabaciones sin parar<\/strong> (tres d\u00edas despu\u00e9s de este viaje, de vuelta en Medell\u00edn, estaba en el quir\u00f3fano) y tercero por el clima, por el <strong>bendito clima.<\/strong><\/p>\n<p>Porque el cielo de Salem nos recibi\u00f3 exactamente como uno se imaginar\u00eda que le dar\u00eda la bienvenida\u00a0<strong>un pueblo embrujado<\/strong>: lleno de niebla, lluvioso, fr\u00edo, oscuro. Y no fue sino salir del centro de visitantes hacia el <em>downtown<\/em> para sumergirnos casi de inmediato\u00a0a eso que en el fondo esper\u00e1bamos. Al irnos alejando de ese Salem oficial entr\u00e1bamos al del imaginario, <strong>al de las pel\u00edculas<\/strong>, ese que es hoy en d\u00eda igual de real que el otro y que adem\u00e1s domina gran parte del pueblo, al <em><strong>&#8220;Salem pop&#8221;<\/strong><\/em> de calles repletas de locales que ofrecen insumos<strong>\u00a0para brujer\u00eda<\/strong>, <strong>casas\u00a0del terror<\/strong>, lecturas de <strong>tarot<\/strong>, tiendas de <strong>disfraces<\/strong>, museos de cera y almacenes con &#8220;<em>props<\/em>&#8221; y <em>memorabilia<\/em> de <strong>pel\u00edculas de terror,\u00a0<\/strong>el Salem que tiene como <strong>su d\u00eda mas importante el Halloween<\/strong>, esa fiesta pagano-comercial en el que este sector de la ciudad parecer\u00eda haber quedado atrapada permanentemente.<\/p>\n<p>Salem y sus residentes <strong>est\u00e1n\u00a0divididos<\/strong> entre los que adoptan este aspecto mas fr\u00edvolo con gusto ( por lo general los que se benefician del turismo &#8220;brujeril&#8221;) y los que \u00a0lo consideran una <strong>falta de respeto a la memoria<\/strong> de los tr\u00e1gicos hechos hist\u00f3ricos de 1692. Un ejemplo: en 2005 se arm\u00f3 una tremenda controversia cuando alguien \u00a0propuso poner <strong>una estatua de la serie cl\u00e1sica &#8220;<a href=\"https:\/\/www.youtube.com\/watch?v=RI5GFGVO9mI\" target=\"_blank\" rel=\"noopener\">Hechizada<\/a>&#8220;<\/strong> en Lappin Park, muy cerca de la iglesia donde todo pas\u00f3 (por cierto, si sabes a que serie me refiero sin tener que hacer click en el link, est\u00e1s viejo como yo). El hecho fue comparado por algunos <strong>como si se colocara en Auschwitz<\/strong> la estatua del <a href=\"https:\/\/www.youtube.com\/watch?v=e4dfuf69q_8\" target=\"_blank\" rel=\"noopener\">Coronel Klink<\/a>, un personaje nazi c\u00f3mico de otra serie americana sesentera. Y es as\u00ed, hay un sector de salemitas\u00a0<strong>que se toma este tema muy en serio<\/strong>, en especial los descendientes directos de los involucrados en el caso, y tienen\u00a0toda la raz\u00f3n.<\/p>\n<figure id=\"attachment_25834\" aria-describedby=\"caption-attachment-25834\" style=\"width: 640px\" class=\"wp-caption aligncenter\"><a href=\"http:\/\/seecolombia.travel\/blog\/2017\/08\/si-las-brujas-de-salem-tuvieran-twitter-un-dia-en-la-famosa-ciudad-de-las-brujas\/estatua-hechizada-salem\/\" rel=\"attachment wp-att-25834\"><img loading=\"lazy\" class=\"size-large wp-image-25834\" src=\"https:\/\/seecolombia.travel\/blog\/wp-content\/uploads\/2017\/07\/Estatua-Hechizada-Salem-767x1024.jpeg\" alt=\"Estatua en honor a Hechizada Salem\" width=\"640\" height=\"854\" srcset=\"https:\/\/seecolombia.travel\/blog\/wp-content\/uploads\/2017\/07\/Estatua-Hechizada-Salem-767x1024.jpeg 767w, https:\/\/seecolombia.travel\/blog\/wp-content\/uploads\/2017\/07\/Estatua-Hechizada-Salem-225x300.jpeg 225w, https:\/\/seecolombia.travel\/blog\/wp-content\/uploads\/2017\/07\/Estatua-Hechizada-Salem-768x1025.jpeg 768w, https:\/\/seecolombia.travel\/blog\/wp-content\/uploads\/2017\/07\/Estatua-Hechizada-Salem.jpeg 959w\" sizes=\"(max-width: 640px) 100vw, 640px\" \/><\/a><figcaption id=\"caption-attachment-25834\" class=\"wp-caption-text\">Con Mar\u00eda del Mar frente a la estatua en honor a &#8220;Samantha&#8221; de la serie Hechizada en Lippin Park, Salem. Abajo, varias fachadas de negocios en el centro de la ciudad.<\/figcaption><\/figure>\n<h2><a href=\"http:\/\/seecolombia.travel\/blog\/2017\/08\/si-las-brujas-de-salem-tuvieran-twitter-un-dia-en-la-famosa-ciudad-de-las-brujas\/salem-6-de-19\/\" rel=\"attachment wp-att-25883\"><img loading=\"lazy\" class=\"aligncenter size-large wp-image-25883\" src=\"https:\/\/seecolombia.travel\/blog\/wp-content\/uploads\/2017\/07\/SALEM-6-de-19-1024x575.jpg\" alt=\"SALEM (6 de 19)\" width=\"640\" height=\"359\" srcset=\"https:\/\/seecolombia.travel\/blog\/wp-content\/uploads\/2017\/07\/SALEM-6-de-19-1024x575.jpg 1024w, https:\/\/seecolombia.travel\/blog\/wp-content\/uploads\/2017\/07\/SALEM-6-de-19-300x168.jpg 300w, https:\/\/seecolombia.travel\/blog\/wp-content\/uploads\/2017\/07\/SALEM-6-de-19-768x431.jpg 768w\" sizes=\"(max-width: 640px) 100vw, 640px\" \/><\/a><\/h2>\n<h2><a href=\"http:\/\/seecolombia.travel\/blog\/2017\/08\/si-las-brujas-de-salem-tuvieran-twitter-un-dia-en-la-famosa-ciudad-de-las-brujas\/salem-8-de-19\/\" rel=\"attachment wp-att-25882\"><img loading=\"lazy\" class=\"aligncenter size-large wp-image-25882\" src=\"https:\/\/seecolombia.travel\/blog\/wp-content\/uploads\/2017\/07\/SALEM-8-de-19-1024x589.jpg\" alt=\"SALEM (8 de 19)\" width=\"640\" height=\"368\" srcset=\"https:\/\/seecolombia.travel\/blog\/wp-content\/uploads\/2017\/07\/SALEM-8-de-19-1024x589.jpg 1024w, https:\/\/seecolombia.travel\/blog\/wp-content\/uploads\/2017\/07\/SALEM-8-de-19-300x172.jpg 300w, https:\/\/seecolombia.travel\/blog\/wp-content\/uploads\/2017\/07\/SALEM-8-de-19-768x442.jpg 768w, https:\/\/seecolombia.travel\/blog\/wp-content\/uploads\/2017\/07\/SALEM-8-de-19-408x235.jpg 408w\" sizes=\"(max-width: 640px) 100vw, 640px\" \/><\/a><\/h2>\n<h2><a href=\"http:\/\/seecolombia.travel\/blog\/2017\/08\/si-las-brujas-de-salem-tuvieran-twitter-un-dia-en-la-famosa-ciudad-de-las-brujas\/salem-9-de-19\/\" rel=\"attachment wp-att-25881\"><img loading=\"lazy\" class=\"aligncenter size-large wp-image-25881\" src=\"https:\/\/seecolombia.travel\/blog\/wp-content\/uploads\/2017\/07\/SALEM-9-de-19-1024x574.jpg\" alt=\"SALEM (9 de 19)\" width=\"640\" height=\"359\" srcset=\"https:\/\/seecolombia.travel\/blog\/wp-content\/uploads\/2017\/07\/SALEM-9-de-19-1024x574.jpg 1024w, https:\/\/seecolombia.travel\/blog\/wp-content\/uploads\/2017\/07\/SALEM-9-de-19-300x168.jpg 300w, https:\/\/seecolombia.travel\/blog\/wp-content\/uploads\/2017\/07\/SALEM-9-de-19-768x430.jpg 768w\" sizes=\"(max-width: 640px) 100vw, 640px\" \/><\/a><\/h2>\n<h2><a href=\"http:\/\/seecolombia.travel\/blog\/2017\/08\/si-las-brujas-de-salem-tuvieran-twitter-un-dia-en-la-famosa-ciudad-de-las-brujas\/salem-13-de-19\/\" rel=\"attachment wp-att-25879\"><img loading=\"lazy\" class=\"aligncenter size-large wp-image-25879\" src=\"https:\/\/seecolombia.travel\/blog\/wp-content\/uploads\/2017\/07\/SALEM-13-de-19-1024x573.jpg\" alt=\"SALEM (13 de 19)\" width=\"640\" height=\"358\" srcset=\"https:\/\/seecolombia.travel\/blog\/wp-content\/uploads\/2017\/07\/SALEM-13-de-19-1024x573.jpg 1024w, https:\/\/seecolombia.travel\/blog\/wp-content\/uploads\/2017\/07\/SALEM-13-de-19-300x168.jpg 300w, https:\/\/seecolombia.travel\/blog\/wp-content\/uploads\/2017\/07\/SALEM-13-de-19-768x430.jpg 768w\" sizes=\"(max-width: 640px) 100vw, 640px\" \/><\/a><\/h2>\n<h2><a href=\"http:\/\/seecolombia.travel\/blog\/2017\/08\/si-las-brujas-de-salem-tuvieran-twitter-un-dia-en-la-famosa-ciudad-de-las-brujas\/salem-11-de-19\/\" rel=\"attachment wp-att-25880\"><img loading=\"lazy\" class=\"aligncenter size-large wp-image-25880\" src=\"https:\/\/seecolombia.travel\/blog\/wp-content\/uploads\/2017\/07\/SALEM-11-de-19-1024x576.jpg\" alt=\"Downtown salem 1\" width=\"640\" height=\"360\" srcset=\"https:\/\/seecolombia.travel\/blog\/wp-content\/uploads\/2017\/07\/SALEM-11-de-19-1024x576.jpg 1024w, https:\/\/seecolombia.travel\/blog\/wp-content\/uploads\/2017\/07\/SALEM-11-de-19-300x169.jpg 300w, https:\/\/seecolombia.travel\/blog\/wp-content\/uploads\/2017\/07\/SALEM-11-de-19-768x432.jpg 768w\" sizes=\"(max-width: 640px) 100vw, 640px\" \/><\/a><\/h2>\n<p>&nbsp;<\/p>\n<h2>El lugar de la memoria<\/h2>\n<figure id=\"attachment_25878\" aria-describedby=\"caption-attachment-25878\" style=\"width: 640px\" class=\"wp-caption aligncenter\"><a href=\"http:\/\/seecolombia.travel\/blog\/2017\/08\/si-las-brujas-de-salem-tuvieran-twitter-un-dia-en-la-famosa-ciudad-de-las-brujas\/salem-19-de-19\/\" rel=\"attachment wp-att-25878\"><img loading=\"lazy\" class=\"size-large wp-image-25878\" src=\"https:\/\/seecolombia.travel\/blog\/wp-content\/uploads\/2017\/07\/SALEM-19-de-19-1024x574.jpg\" alt=\"Cementerio de Salem\" width=\"640\" height=\"359\" srcset=\"https:\/\/seecolombia.travel\/blog\/wp-content\/uploads\/2017\/07\/SALEM-19-de-19-1024x574.jpg 1024w, https:\/\/seecolombia.travel\/blog\/wp-content\/uploads\/2017\/07\/SALEM-19-de-19-300x168.jpg 300w, https:\/\/seecolombia.travel\/blog\/wp-content\/uploads\/2017\/07\/SALEM-19-de-19-768x430.jpg 768w\" sizes=\"(max-width: 640px) 100vw, 640px\" \/><\/a><figcaption id=\"caption-attachment-25878\" class=\"wp-caption-text\">The Burying Point, el cementerio mas antiguo de Salem.<\/figcaption><\/figure>\n<p>Es de conocimiento general el <strong>arrepentimiento oficial de Alemania<\/strong> como pa\u00eds por las atrocidades cometidas durante la \u00e9poca del nazismo, por ejemplo, o el hist\u00f3rico pedido de perd\u00f3n de la Iglesia Cat\u00f3lica por los asesinatos del <strong>tribunal de la Santa Inquisici\u00f3n<\/strong>. Lo que yo no sab\u00eda era que Salem, como ciudad, a lo largo de las d\u00e9cadas <strong>ha demostrado de diversas manera su verg\u00fcenza<\/strong> por los juicios y subsiguientes ajusticiamientos a sus supuestas brujas y que incluso tiene un monumento que se lo recuerda a diario.<\/p>\n<p>El <strong>memorial de los juicios de las brujas de Salem<\/strong> en Charter Street, muy cerca del Peabody Essex Museum, fue construido en 1992 y a pesar de su aparente simplicidad est\u00e1\u00a0<strong>cargado de much\u00edsimo simbolismo<\/strong>. A primera vista parece un peque\u00f1o parque de\u00a0barda empedrada anexo al cementerio &#8220;Burying Point&#8221;, el mas antiguo de Salem, pero basta con entrar para notar que <strong>esto es algo diferente.<\/strong>\u00a0La primera indicaci\u00f3n es la permanente presencia de <strong>flores en las\u00a0bancas<\/strong> que tienen tallados los <strong>nombres de las personas que fueron colgadas<\/strong> junto a su fecha de nacimiento y ejecuci\u00f3n, adem\u00e1s en todo el per\u00edmetro se pueden leer sus<strong>\u00a0\u00faltimas palabras\u00a0pidiendo piedad y clamando desesperadamente inocencia,<\/strong>\u00a0abruptamente cortadas por el muro de piedra, s\u00edmbolo de la opresi\u00f3n, que adem\u00e1s los separa de <strong>esos otros muertos<\/strong>, los ciudadanos de Salem enterrados en el cementerio adjunto que <strong>con su indiferencia fueron c\u00f3mplices de estos asesinatos.<\/strong><\/p>\n<figure id=\"attachment_25990\" aria-describedby=\"caption-attachment-25990\" style=\"width: 640px\" class=\"wp-caption aligncenter\"><a href=\"http:\/\/seecolombia.travel\/blog\/2017\/08\/si-las-brujas-de-salem-tuvieran-twitter-un-dia-en-la-famosa-ciudad-de-las-brujas\/ultimas-palabras-brujas-de-salem\/\" rel=\"attachment wp-att-25990\"><img loading=\"lazy\" class=\"size-large wp-image-25990\" src=\"https:\/\/seecolombia.travel\/blog\/wp-content\/uploads\/2017\/08\/Ultimas-palabras-brujas-de-Salem-1024x574.jpeg\" alt=\"Ultims palabras brujas de sALEM\" width=\"640\" height=\"359\" srcset=\"https:\/\/seecolombia.travel\/blog\/wp-content\/uploads\/2017\/08\/Ultimas-palabras-brujas-de-Salem-1024x574.jpeg 1024w, https:\/\/seecolombia.travel\/blog\/wp-content\/uploads\/2017\/08\/Ultimas-palabras-brujas-de-Salem-300x168.jpeg 300w, https:\/\/seecolombia.travel\/blog\/wp-content\/uploads\/2017\/08\/Ultimas-palabras-brujas-de-Salem-768x431.jpeg 768w, https:\/\/seecolombia.travel\/blog\/wp-content\/uploads\/2017\/08\/Ultimas-palabras-brujas-de-Salem.jpeg 1280w\" sizes=\"(max-width: 640px) 100vw, 640px\" \/><\/a><figcaption id=\"caption-attachment-25990\" class=\"wp-caption-text\">Las dram\u00e1ticas \u00faltimas palabras de una de las condenadas &#8220;S\u00e1lvenme la vida&#8221;<\/figcaption><\/figure>\n<p>&nbsp;<\/p>\n<figure id=\"attachment_25991\" aria-describedby=\"caption-attachment-25991\" style=\"width: 640px\" class=\"wp-caption aligncenter\"><a href=\"http:\/\/seecolombia.travel\/blog\/2017\/08\/si-las-brujas-de-salem-tuvieran-twitter-un-dia-en-la-famosa-ciudad-de-las-brujas\/tumba-de-sarah-good\/\" rel=\"attachment wp-att-25991\"><img loading=\"lazy\" class=\"size-large wp-image-25991\" src=\"https:\/\/seecolombia.travel\/blog\/wp-content\/uploads\/2017\/08\/Tumba-de-Sarah-Good-1024x572.jpeg\" alt=\"Tumba de bruja de salem\" width=\"640\" height=\"358\" srcset=\"https:\/\/seecolombia.travel\/blog\/wp-content\/uploads\/2017\/08\/Tumba-de-Sarah-Good-1024x572.jpeg 1024w, https:\/\/seecolombia.travel\/blog\/wp-content\/uploads\/2017\/08\/Tumba-de-Sarah-Good-300x168.jpeg 300w, https:\/\/seecolombia.travel\/blog\/wp-content\/uploads\/2017\/08\/Tumba-de-Sarah-Good-768x429.jpeg 768w, https:\/\/seecolombia.travel\/blog\/wp-content\/uploads\/2017\/08\/Tumba-de-Sarah-Good.jpeg 1280w\" sizes=\"(max-width: 640px) 100vw, 640px\" \/><\/a><figcaption id=\"caption-attachment-25991\" class=\"wp-caption-text\">Memorial de Sarah Good. La mendiga que estuvo entre las primeras v\u00edctimas de Abigail Williams y sus amigas.<\/figcaption><\/figure>\n<p>&nbsp;<\/p>\n<p>Una vez que se comprende lo que representa el lugar uno no puede sino sentirse <strong>abrumado por el peso de su\u00a0historia<\/strong> y un poco conflictuado con la dualidad que se experimenta en esta ciudad. Desde el memorial no caminamos ni doscientos metros\u00a0rumbo hacia el restaurante donde nos esperan para almorzar y nos topamos\u00a0con uno de esos carteles t\u00edpicos de lugares tur\u00edsticos en los que se mete la cabeza por un agujero para ser fotografiados con un cuerpo ajeno dibujado\u00a0(averiguando para escribir esto \u00a0me entero que tienen un nombre:&#8221;photocalls&#8221;) . \u00bfLa imagen de este? <strong>Un par de ahorcados con vestimentas puritanas.<\/strong><\/p>\n<p>Al margen de estas contradicciones lo que mas me sorprende es que el macabro g\u00e9nesis\u00a0de lo\u00a0que convirti\u00f3 a Salem en lo que es hoy,\u00a0<b>se debi\u00f3 probablemente a razones bastante mundanas <\/b>y por lo tanto aun mas terror\u00edficas:<strong> aburrimiento y \u00a0ganas de llamar la atenci\u00f3n.<\/strong><\/p>\n<h2>&#8220;\u00bfTe imaginas si Abigail hubiera tenido Twitter?&#8221;<\/h2>\n<figure id=\"attachment_25939\" aria-describedby=\"caption-attachment-25939\" style=\"width: 640px\" class=\"wp-caption aligncenter\"><a href=\"http:\/\/seecolombia.travel\/blog\/2017\/08\/si-las-brujas-de-salem-tuvieran-twitter-un-dia-en-la-famosa-ciudad-de-las-brujas\/brujas-de-salem\/\" rel=\"attachment wp-att-25939\"><img loading=\"lazy\" class=\"size-large wp-image-25939\" src=\"https:\/\/seecolombia.travel\/blog\/wp-content\/uploads\/2017\/07\/Brujas-de-Salem-1024x411.jpg\" alt=\"Brujas Salem histeria juicios\" width=\"640\" height=\"257\" srcset=\"https:\/\/seecolombia.travel\/blog\/wp-content\/uploads\/2017\/07\/Brujas-de-Salem-1024x411.jpg 1024w, https:\/\/seecolombia.travel\/blog\/wp-content\/uploads\/2017\/07\/Brujas-de-Salem-300x120.jpg 300w, https:\/\/seecolombia.travel\/blog\/wp-content\/uploads\/2017\/07\/Brujas-de-Salem-768x308.jpg 768w\" sizes=\"(max-width: 640px) 100vw, 640px\" \/><\/a><figcaption id=\"caption-attachment-25939\" class=\"wp-caption-text\">Representaci\u00f3n de la visi\u00f3n de &#8220;espectros&#8221;manifest\u00e1ndose durante los juicios.<\/figcaption><\/figure>\n<p><strong>Esa frase me ha quedado dando vueltas<\/strong>. Me lo coment\u00f3 a la pasada una se\u00f1ora cuando sal\u00edamos de la muestra en el <strong>Museo de las Brujas<\/strong>. El prospecto es en verdad aterrador&#8230; \u00bfQu\u00e9 pasar\u00eda si Abigail hubiera tenido Twitter? Aunque parezca una pregunta superficial, es en realidad muy relevante porque en cierto sentido todo esto fue ni mas ni menos que un caso de bullying llevado al extremo.<\/p>\n<p>&#8220;Abigail&#8221; es, claro,\u00a0<a href=\"https:\/\/es.wikipedia.org\/wiki\/Abigail_Williams_(Juicios_de_Salem)\" target=\"_blank\" rel=\"noopener\">Abigail Williams<\/a>, la sobrina del Reverendo Paris, que se hab\u00eda visto obligada a\u00a0vivir\u00a0en la casa de sus t\u00edos junto a\u00a0su prima Betty \u00a0y <strong>al matrimonio\u00a0de esclavos Tituba y John Indian<\/strong>\u00a0al quedar hu\u00e9rfana producto de <strong>un brutal ataque de los &#8220;salvajes&#8221; nativos americanos<\/strong>. Me imagino la tremenda\u00a0tensi\u00f3n que soportaba\u00a0una ni\u00f1a de esa edad \u00a0y con esas circunstancias viviendo en semejante escenario, no solamente por la desolaci\u00f3n propia del pueblo y la \u00e9poca\u00a0sino por una\u00a0cotidianidad que era\u00a0<strong>tremendamente represiva<\/strong>\u00a0especialmente para mujeres y ni\u00f1as y que ella desafiaba con \u00bfinocencia?\u00a0infantil \u00a0jugando en secreto a tratar de ver el futuro con <strong>m\u00e9todos adivinatorios caseros. <\/strong><\/p>\n<p>Estas actividades estaban influenciadas sin duda por\u00a0<strong>Tituba, la esclava proveniente de Barbados\u00a0<\/strong>que les relataba a las primas una variedad de extravagantes historias sobre su ni\u00f1ez envueltas en magia negra y vud\u00fa, <strong>ense\u00f1\u00e1ndoles adem\u00e1s algunos de los rituales<\/strong> que hab\u00eda presenciado. \u00a0Uno de esos juegos esot\u00e9ricos se llamaba\u00a0&#8220;el vaso de Venus&#8221; y consist\u00eda en vaciar una yema de huevo en\u00a0una copa de cristal <strong>tratando de ver a trav\u00e9s de la luz de una vela<\/strong> la imagen del hombre con quien estaban destinadas a casarse. A pesar de su edad, Abigail y Betty sab\u00edan que lo que hac\u00edan era algo prohibido y como lo prohibido atrae, en poco tiempo <strong>ya se les hab\u00edan unido otras seis vecinas en esas sesiones\u00a0clandestinas<\/strong>. Fue en una de esas reuniones\u00a0que\u00a0una de ellas crey\u00f3 ver\u00a0un ata\u00fad form\u00e1ndose en el agua, causando el p\u00e1nico de todo el grupo y dando tambi\u00e9n &#8211; quiz\u00e1s a causa de\u00a0la culpa &#8211; el inicio de los s\u00edntomas <strong>que preocupaban tanto a Samuel Parris.<\/strong><\/p>\n<p>El humilde Reverendo, al ver que sus oraciones no lograban atenuar estas manifestaciones misteriosas, llam\u00f3 al medico del pueblo qui\u00e9n concluy\u00f3 \u00a0de inmediato que esto estaba m\u00e1s all\u00e1 de sus capacidades: <strong>las ni\u00f1as estaban embrujadas.<\/strong> En el pueblo los rumores ya empezaban a esparcirse.<\/p>\n<p>Deteng\u00e1monos un momento a pensar en la situaci\u00f3n. Parris era el l\u00edder religioso de una una comunidad que no era ni la mas prospera ni la mas influyente; de hecho, comparado con sus vecinos, <strong>Salem era mas bien un pueblo atrasado<\/strong>, pobre y extremadamente\u00a0conservador incluso para est\u00e1ndares puritanos. Las disputas de peque\u00f1os poderes en estos asentamientos eran feroces y lo mas seguro era que alguien mas estuviera acechando a la espera del menor error para quedar a la cabeza de su congregaci\u00f3n. Adem\u00e1s\u00a0<strong>la vida misma de\u00a0las ni\u00f1as corr\u00eda peligro<\/strong>, era urgente dejar muy claro que Abigail y Betty <strong>no eran brujas<\/strong>, sino que estaban bajo el influjo de alguna. Presionadas para que revelaran qui\u00e9n era la culpable de su situaci\u00f3n y <strong>temerosas de admitir sus coqueteos con lo oculto<\/strong>, la soga se rompi\u00f3 por la parte mas d\u00e9bil y <strong>Tituba la esclava<\/strong> fue se\u00f1alada por ellas como la que hab\u00eda <strong>invocado a Satan\u00e1s.<\/strong><\/p>\n<p>Y aqu\u00ed es que comienza\u00a0la sucesi\u00f3n de hechos que desencaden\u00f3 el despelote. De un d\u00eda para otro todas las involucradas en el juego de adivinaci\u00f3n <strong>se &#8220;contagiaron&#8221; de los s\u00edntomas y los escalaron.<\/strong> \u00a0Ahora todas se retorc\u00edan, ladraban, quer\u00edan volar \u00a0y <strong>le hablaban a seres invisibles.<\/strong> Lideradas por Abigail, las acusaciones continuaron y \u00a0a la pobre Tituba <strong>le siguieron otras dos mujeres<\/strong> que tambi\u00e9n eran blancos f\u00e1ciles: la pordiosera del pueblo <strong>Sarah Good<\/strong> \u00a0y <strong>Sarah Osborne<\/strong>, una anciana que era mirada en menos por no asistir a la iglesia. La esclava, seguramente para salvarse, confirm\u00f3\u00a0que <strong>un hombre alto vestido de negro<\/strong> la hab\u00eda visitado de noche ense\u00f1\u00e1ndole un libro donde estaban escritos su propio nombre y el de las dos Sarahs y que adem\u00e1s <strong>estaban tambi\u00e9n listados los de otras personas<\/strong>\u00a0que no hab\u00eda podido distinguir. Abigail y Betty lo ratificaron de inmediato, <strong>eran ellas tres, la esclava, la mendiga y la anciana, quienes las pellizcaban y atormentaban<\/strong>\u00a0vali\u00e9ndose\u00a0de una demoniaca invisibilidad. La historia era un poco confusa, pero la situaci\u00f3n era evidente&#8230;<strong>!Hab\u00eda mas brujas escondidas en Salem y era necesario\u00a0desenmascararlas!<\/strong><\/p>\n<figure id=\"attachment_25940\" aria-describedby=\"caption-attachment-25940\" style=\"width: 720px\" class=\"wp-caption aligncenter\"><a href=\"http:\/\/seecolombia.travel\/blog\/2017\/08\/si-las-brujas-de-salem-tuvieran-twitter-un-dia-en-la-famosa-ciudad-de-las-brujas\/the-crucible-salem\/\" rel=\"attachment wp-att-25940\"><img loading=\"lazy\" class=\"size-full wp-image-25940\" src=\"https:\/\/seecolombia.travel\/blog\/wp-content\/uploads\/2017\/07\/The-crucible-salem.png\" alt=\"The Crucible Las Brujas de Salem\" width=\"720\" height=\"355\" srcset=\"https:\/\/seecolombia.travel\/blog\/wp-content\/uploads\/2017\/07\/The-crucible-salem.png 720w, https:\/\/seecolombia.travel\/blog\/wp-content\/uploads\/2017\/07\/The-crucible-salem-300x148.png 300w\" sizes=\"(max-width: 720px) 100vw, 720px\" \/><\/a><figcaption id=\"caption-attachment-25940\" class=\"wp-caption-text\">En la recomendad\u00edsima pel\u00edcula &#8220;The Crucible&#8221;, adaptaci\u00f3n de la obra de teatro de Arthur\u00a0Miller, se representan de manera bastante convincente las reacciones de las acusadoras de Salem y su &#8220;evidencia espectral&#8221;<\/figcaption><\/figure>\n<p>Confesando su condici\u00f3n de &#8220;sirviente del diablo&#8221; <strong>Tituba se salv\u00f3 de la horca<\/strong>, pero las dos Sarahs no tuvieron la misma suerte: durante los juicios se les permiti\u00f3 a las supuestas v\u00edctimas presentar<strong>\u00a0&#8220;evidencias espectrales&#8221;<\/strong>\u00a0\u00bfEso que significa? B\u00e1sicamente <strong>que pod\u00edan declarar lo que les diera la gana<\/strong> aduciendo que en ese momento estaban viendo, sintiendo y escuchando a los espectros demoniacos que eran prueba irrefutable de la culpabilidad de las enjuiciadas. Como en una <strong>coreograf\u00eda macabra<\/strong>, cuando Abigail se tiraba al suelo convulsionando,<strong> todas la segu\u00edan\u00a0<\/strong>y si ella se quedaba mirando a un punto muerto en el techo para luego empezar a gritarle al vac\u00edo, a los pocos segundos <strong>ya estaban todas haciendo lo mismo<\/strong>. Esa exagerada teatralidad (que se puede ver actuada de forma magistral en la pel\u00edcula &#8220;<a href=\"https:\/\/www.youtube.com\/watch?v=iUIAxTxrnCc\" target=\"_blank\" rel=\"noopener\">The Crucible<\/a>&#8220;) fue suficiente prueba para que los jueces dictaran las sentencias de muerte.<\/p>\n<p>&nbsp;<\/p>\n<p>Las pobres mujeres no ten\u00edan escapatoria: o confesaban que eran brujas o mor\u00edan en la horca. Todos los ejecutados sostuvieron\u00a0hasta el final que eran inocentes, pero sus reclamos y lamentos fueron ignorados.<\/p>\n<p><strong>Sin embargo, si bien no todos los pobladores se tragaban ese cuento<\/strong>, eran poqu\u00edsimos los que se atrev\u00edan a decirlo en voz alta. Uno de ellos fue <strong>John Proctor<\/strong> que al ver a su esposa involucrada en esta locura y encima acusada directamente por Abigail, <strong>se enfrent\u00f3 p\u00fablicamente a la sobrina del Reverendo<\/strong>,\u00a0quien poco a poco alcanzaba con la anuencia de las autoridades <strong>un poder que estaba a punto de descontrolarse a\u00fan mas.<\/strong> \u00bfLa consecuencia para \u00e9l? <strong>Su ejecuci\u00f3n en la horca<\/strong>, a pesar de que, ahora si, un grupo de pobladores lo apoy\u00f3 con una carta argumentando que Proctor siempre hab\u00eda sido un hombre respetable. Fue in\u00fatil.<\/p>\n<figure id=\"attachment_25993\" aria-describedby=\"caption-attachment-25993\" style=\"width: 600px\" class=\"wp-caption aligncenter\"><a href=\"http:\/\/seecolombia.travel\/blog\/2017\/08\/si-las-brujas-de-salem-tuvieran-twitter-un-dia-en-la-famosa-ciudad-de-las-brujas\/titubaandthechildren-fredericks\/\" rel=\"attachment wp-att-25993\"><img loading=\"lazy\" class=\"size-full wp-image-25993\" src=\"https:\/\/seecolombia.travel\/blog\/wp-content\/uploads\/2017\/08\/TitubaandtheChildren-Fredericks.jpg\" alt=\"Tituba esclava bruja Parris\" width=\"600\" height=\"530\" srcset=\"https:\/\/seecolombia.travel\/blog\/wp-content\/uploads\/2017\/08\/TitubaandtheChildren-Fredericks.jpg 600w, https:\/\/seecolombia.travel\/blog\/wp-content\/uploads\/2017\/08\/TitubaandtheChildren-Fredericks-300x265.jpg 300w\" sizes=\"(max-width: 600px) 100vw, 600px\" \/><\/a><figcaption id=\"caption-attachment-25993\" class=\"wp-caption-text\">Una representaci\u00f3n de Tituba en la casa de los Parris.<\/figcaption><\/figure>\n<p>&nbsp;<\/p>\n<p>Aunque los registros de los juicios de las brujas<strong> se interrumpen abruptamente<\/strong> (desaparecieron) lo que si se sabe con certeza es que Abigail Williams <strong>fue de las \u00faltimas testigos en insistir<\/strong> ferozmente con las acusaciones aun cuando las otras hab\u00edan ya desaparecido del panorama. Una semana despu\u00e9s del arresto de Proctor <strong>los se\u00f1alamientos se multiplicaron por decenas.<\/strong> Envalentonadas y disfrutando de la atenci\u00f3n, ya no solamente se centraban en gente\u00a0vulnerable o &#8220;naturalmente&#8221; sospechosa, sino que empezaron a apuntar <strong>a personas estimadas por la comunidad<\/strong> y hasta\u00a0influyentes. Solamente en ese momento las autoridades se dieron cuenta que pod\u00edan haber cometido <strong>un grave error<\/strong> al dejarse llevar tan livianamente por todo ese berenjenal. En los meses siguientes el tema se fue diluyendo y se intent\u00f3 barrerlo debajo de la alfombra.<\/p>\n<p>Mucho se ha especulado a lo largo de los siglos sobre <strong>las razones que desencadenaron este desastre<\/strong> que acab\u00f3 con al menos 19 muertos, familias destruidas y decenas de encarcelados y torturados. Algunas teor\u00edas hablan de histeria colectiva, la aparici\u00f3n de rayos electromagn\u00e9ticos que alteraban el juicio (!!) y hasta un <strong>hongo en el pan que habr\u00eda causado alucinaciones.<\/strong> La explicaci\u00f3n mas aceptada es tambi\u00e9n <strong>la menos compleja<\/strong>: Abigail estaba en <strong>lo mas bajo de la escala social y econ\u00f3mica<\/strong> salemita, su condici\u00f3n de mujer y ni\u00f1a, ademas, la hac\u00edan pr\u00e1cticamente nula <strong>para cualquier efecto importante<\/strong> en esa sociedad puritana y hab\u00eda perdido a sus padres recientemente, <strong>se sent\u00eda sola y carente de atenci\u00f3n<\/strong>. De pronto se convirti\u00f3 \u00a0en una celebridad, en la reina de facto del pueblo, bastaba que ella moviera un dedo (y se convulsionara un poco) para <strong>decidir sobre la vida o muerte de las personas.<\/strong> Al principio fue tras los blancos obvios, los mas d\u00e9biles, y cuando tom\u00f3 confianza ya simplemente apuntaba a quien le ca\u00eda mal, una versi\u00f3n incluso\u00a0dice que estaba enamorada de John Proctor y es por eso que enred\u00f3 a su esposa en el asunto.<\/p>\n<p>Basada en una mentira que al principio podr\u00eda haber sido inocente, hizo crecer esto hasta niveles insospechados. Pero <strong>sin la permisividad de las autoridades adultas,<\/strong>\u00a0sin la <strong>caja de resonancia que eran\u00a0sus amigas<\/strong>, que la imitaban sin pensarlo, y sin la participaci\u00f3n activa de los pobladores de Salem que repet\u00edan lo que escuchaban sin comprobarlo <strong>o simplemente callaban<\/strong>, esto no hubiera llegado tan lejos nunca.<\/p>\n<p>Un &#8220;viral&#8221; le dir\u00edamos hoy. Y\u00a0creo que eso es lo mas terror\u00edfico de la historia de las <strong>Brujas de Salem<\/strong> . En una \u00e9poca en la que estamos sobreexpuestos a la informaci\u00f3n y en la que nos convertimos en <strong>un engranaje mas de una maquinaria de amplificaci\u00f3n<\/strong> que funciona a trav\u00e9s de las redes sociales, es sumamente sencillo destruir una vida a trav\u00e9s del bullying ya sea con intenci\u00f3n, como lo hizo Abigail, o por nuestra <strong>pasividad, desinter\u00e9s y pocas ganas de informarnos<\/strong> como pas\u00f3\u00a0los con pobladores de Salem en 1692 .<\/p>\n<p>La personalidad de la ciudad de Salem, contradictoria como es, al final naci\u00f3 de\u00a0las pataletas no controladas de una pre-adolescente en busca de atenci\u00f3n.<\/p>\n<p>Y si\u00a0se\u00f1ora, <strong>que bueno que Abigail no ten\u00eda Smartphone.\u00a0<\/strong><\/p>\n<p>JL<\/p>\n","protected":false},"excerpt":{"rendered":"<p>Salem, antes de las brujas En 1692 se orden\u00f3 en Massachusetts la ejecuci\u00f3n de catorce mujeres, cinco hombres y dos perros, todos ellos hallados culpables\u00a0de practicar\u00a0la brujer\u00eda. Estas cifras podr\u00edan haber sido mucho mayores si se calcula que fueron en total unos ciento ochenta los acusados\u00a0de brujos y hechiceros en veinticinco pueblos de la regi\u00f3n. [&hellip;]<\/p>\n","protected":false},"author":3,"featured_media":25749,"comment_status":"open","ping_status":"open","sticky":false,"template":"","format":"standard","meta":{"ngg_post_thumbnail":0},"categories":[2361,2120,865,3048,3036,3049,3050,3022],"tags":[2467,3051,1605],"yoast_head":"<!-- This site is optimized with the Yoast SEO Premium plugin v18.4 (Yoast SEO v18.9) - https:\/\/yoast.com\/wordpress\/plugins\/seo\/ -->\n<title>Si las brujas de Salem tuvieran Twitter: un d\u00eda en la famosa ciudad de las brujas. - Colombia Travel Blog by See Colombia Travel<\/title>\n<meta name=\"robots\" content=\"index, follow, max-snippet:-1, max-image-preview:large, max-video-preview:-1\" \/>\n<link rel=\"canonical\" href=\"https:\/\/seecolombia.travel\/blog\/2017\/08\/si-las-brujas-de-salem-tuvieran-twitter-un-dia-en-la-famosa-ciudad-de-las-brujas\/\" \/>\n<meta property=\"og:locale\" content=\"en_US\" \/>\n<meta property=\"og:type\" content=\"article\" \/>\n<meta property=\"og:title\" content=\"Si las brujas de Salem tuvieran Twitter: un d\u00eda en la famosa ciudad de las brujas.\" \/>\n<meta property=\"og:description\" content=\"Salem, antes de las brujas En 1692 se orden\u00f3 en Massachusetts la ejecuci\u00f3n de catorce mujeres, cinco hombres y dos perros, todos ellos hallados culpables\u00a0de practicar\u00a0la brujer\u00eda. Estas cifras podr\u00edan haber sido mucho mayores si se calcula que fueron en total unos ciento ochenta los acusados\u00a0de brujos y hechiceros en veinticinco pueblos de la regi\u00f3n. [&hellip;]\" \/>\n<meta property=\"og:url\" content=\"https:\/\/seecolombia.travel\/blog\/2017\/08\/si-las-brujas-de-salem-tuvieran-twitter-un-dia-en-la-famosa-ciudad-de-las-brujas\/\" \/>\n<meta property=\"og:site_name\" content=\"Colombia Travel Blog by See Colombia Travel\" \/>\n<meta property=\"article:published_time\" content=\"2017-08-01T16:45:04+00:00\" \/>\n<meta property=\"article:modified_time\" content=\"2021-08-23T15:58:51+00:00\" \/>\n<meta property=\"og:image\" content=\"https:\/\/seecolombia.travel\/blog\/wp-content\/uploads\/2017\/07\/Brujas-de-Salem-Millennials.png\" \/>\n\t<meta property=\"og:image:width\" content=\"803\" \/>\n\t<meta property=\"og:image:height\" content=\"268\" \/>\n\t<meta property=\"og:image:type\" content=\"image\/png\" \/>\n<meta name=\"twitter:card\" content=\"summary\" \/>\n<meta name=\"twitter:label1\" content=\"Written by\" \/>\n\t<meta name=\"twitter:data1\" content=\"JL\" \/>\n\t<meta name=\"twitter:label2\" content=\"Est. reading time\" \/>\n\t<meta name=\"twitter:data2\" content=\"21 minutes\" \/>\n<script type=\"application\/ld+json\" class=\"yoast-schema-graph\">{\"@context\":\"https:\/\/schema.org\",\"@graph\":[{\"@type\":\"WebSite\",\"@id\":\"https:\/\/seecolombia.travel\/blog\/#website\",\"url\":\"https:\/\/seecolombia.travel\/blog\/\",\"name\":\"Colombia Travel Blog by See Colombia Travel\",\"description\":\"Colombia Travel Blog: An international perspective on travelling in Colombia by world travellers.\",\"potentialAction\":[{\"@type\":\"SearchAction\",\"target\":{\"@type\":\"EntryPoint\",\"urlTemplate\":\"https:\/\/seecolombia.travel\/blog\/?s={search_term_string}\"},\"query-input\":\"required name=search_term_string\"}],\"inLanguage\":\"en-US\"},{\"@type\":\"ImageObject\",\"inLanguage\":\"en-US\",\"@id\":\"https:\/\/seecolombia.travel\/blog\/2017\/08\/si-las-brujas-de-salem-tuvieran-twitter-un-dia-en-la-famosa-ciudad-de-las-brujas\/#primaryimage\",\"url\":\"https:\/\/seecolombia.travel\/blog\/wp-content\/uploads\/2017\/07\/Brujas-de-Salem-Millennials.png\",\"contentUrl\":\"https:\/\/seecolombia.travel\/blog\/wp-content\/uploads\/2017\/07\/Brujas-de-Salem-Millennials.png\",\"width\":803,\"height\":268,\"caption\":\"Si las brujas de Salem fueran Millennials\"},{\"@type\":\"WebPage\",\"@id\":\"https:\/\/seecolombia.travel\/blog\/2017\/08\/si-las-brujas-de-salem-tuvieran-twitter-un-dia-en-la-famosa-ciudad-de-las-brujas\/#webpage\",\"url\":\"https:\/\/seecolombia.travel\/blog\/2017\/08\/si-las-brujas-de-salem-tuvieran-twitter-un-dia-en-la-famosa-ciudad-de-las-brujas\/\",\"name\":\"Si las brujas de Salem tuvieran Twitter: un d\u00eda en la famosa ciudad de las brujas. - Colombia Travel Blog by See Colombia Travel\",\"isPartOf\":{\"@id\":\"https:\/\/seecolombia.travel\/blog\/#website\"},\"primaryImageOfPage\":{\"@id\":\"https:\/\/seecolombia.travel\/blog\/2017\/08\/si-las-brujas-de-salem-tuvieran-twitter-un-dia-en-la-famosa-ciudad-de-las-brujas\/#primaryimage\"},\"datePublished\":\"2017-08-01T16:45:04+00:00\",\"dateModified\":\"2021-08-23T15:58:51+00:00\",\"author\":{\"@id\":\"https:\/\/seecolombia.travel\/blog\/#\/schema\/person\/d83df03ea54d1f0911d7098ebe26db49\"},\"breadcrumb\":{\"@id\":\"https:\/\/seecolombia.travel\/blog\/2017\/08\/si-las-brujas-de-salem-tuvieran-twitter-un-dia-en-la-famosa-ciudad-de-las-brujas\/#breadcrumb\"},\"inLanguage\":\"en-US\",\"potentialAction\":[{\"@type\":\"ReadAction\",\"target\":[\"https:\/\/seecolombia.travel\/blog\/2017\/08\/si-las-brujas-de-salem-tuvieran-twitter-un-dia-en-la-famosa-ciudad-de-las-brujas\/\"]}]},{\"@type\":\"BreadcrumbList\",\"@id\":\"https:\/\/seecolombia.travel\/blog\/2017\/08\/si-las-brujas-de-salem-tuvieran-twitter-un-dia-en-la-famosa-ciudad-de-las-brujas\/#breadcrumb\",\"itemListElement\":[{\"@type\":\"ListItem\",\"position\":1,\"name\":\"Home\",\"item\":\"https:\/\/seecolombia.travel\/blog\/\"},{\"@type\":\"ListItem\",\"position\":2,\"name\":\"Si las brujas de Salem tuvieran Twitter: un d\u00eda en la famosa ciudad de las brujas.\"}]},{\"@type\":\"Person\",\"@id\":\"https:\/\/seecolombia.travel\/blog\/#\/schema\/person\/d83df03ea54d1f0911d7098ebe26db49\",\"name\":\"JL\",\"image\":{\"@type\":\"ImageObject\",\"inLanguage\":\"en-US\",\"@id\":\"https:\/\/seecolombia.travel\/blog\/#\/schema\/person\/image\/\",\"url\":\"https:\/\/secure.gravatar.com\/avatar\/68a3ba6dc377250ef6eb8cd56865210e?s=96&d=retro&r=g\",\"contentUrl\":\"https:\/\/secure.gravatar.com\/avatar\/68a3ba6dc377250ef6eb8cd56865210e?s=96&d=retro&r=g\",\"caption\":\"JL\"},\"description\":\"Ciudadano del mundo, nuestro Gerente de Marketing y comunicaciones se define como viajero, pap\u00e1, esposo y empresario. Es co-creador de Colombia Travel Blog junto a su esposa Marcela y creador de Fogg, la agencia de contenidos que produce el popular programa 3 Travel Bloggers. ----------- Our Marketing and Communications Manager, a self proclaimed citizen of the world, was born in Peru and raised in a number of different countries \u2013 including Angola, Thailand and Iceland \u2013 which instilled a deep love of travel and cultural diversity within him. With an extensive education in Marketing and Communications and after leaving a successful corporate career in the Telecom Industry, JL is now advocated to professionalize travel blogging in Latin America.\",\"sameAs\":[\"http:\/\/www.seecolombia.travel\"],\"url\":\"https:\/\/seecolombia.travel\/blog\/author\/jl\/\"}]}<\/script>\n<!-- \/ Yoast SEO Premium plugin. -->","yoast_head_json":{"title":"Si las brujas de Salem tuvieran Twitter: un d\u00eda en la famosa ciudad de las brujas. - Colombia Travel Blog by See Colombia Travel","robots":{"index":"index","follow":"follow","max-snippet":"max-snippet:-1","max-image-preview":"max-image-preview:large","max-video-preview":"max-video-preview:-1"},"canonical":"https:\/\/seecolombia.travel\/blog\/2017\/08\/si-las-brujas-de-salem-tuvieran-twitter-un-dia-en-la-famosa-ciudad-de-las-brujas\/","og_locale":"en_US","og_type":"article","og_title":"Si las brujas de Salem tuvieran Twitter: un d\u00eda en la famosa ciudad de las brujas.","og_description":"Salem, antes de las brujas En 1692 se orden\u00f3 en Massachusetts la ejecuci\u00f3n de catorce mujeres, cinco hombres y dos perros, todos ellos hallados culpables\u00a0de practicar\u00a0la brujer\u00eda. Estas cifras podr\u00edan haber sido mucho mayores si se calcula que fueron en total unos ciento ochenta los acusados\u00a0de brujos y hechiceros en veinticinco pueblos de la regi\u00f3n. [&hellip;]","og_url":"https:\/\/seecolombia.travel\/blog\/2017\/08\/si-las-brujas-de-salem-tuvieran-twitter-un-dia-en-la-famosa-ciudad-de-las-brujas\/","og_site_name":"Colombia Travel Blog by See Colombia Travel","article_published_time":"2017-08-01T16:45:04+00:00","article_modified_time":"2021-08-23T15:58:51+00:00","og_image":[{"width":803,"height":268,"url":"https:\/\/seecolombia.travel\/blog\/wp-content\/uploads\/2017\/07\/Brujas-de-Salem-Millennials.png","type":"image\/png"}],"twitter_card":"summary","twitter_misc":{"Written by":"JL","Est. reading time":"21 minutes"},"schema":{"@context":"https:\/\/schema.org","@graph":[{"@type":"WebSite","@id":"https:\/\/seecolombia.travel\/blog\/#website","url":"https:\/\/seecolombia.travel\/blog\/","name":"Colombia Travel Blog by See Colombia Travel","description":"Colombia Travel Blog: An international perspective on travelling in Colombia by world travellers.","potentialAction":[{"@type":"SearchAction","target":{"@type":"EntryPoint","urlTemplate":"https:\/\/seecolombia.travel\/blog\/?s={search_term_string}"},"query-input":"required name=search_term_string"}],"inLanguage":"en-US"},{"@type":"ImageObject","inLanguage":"en-US","@id":"https:\/\/seecolombia.travel\/blog\/2017\/08\/si-las-brujas-de-salem-tuvieran-twitter-un-dia-en-la-famosa-ciudad-de-las-brujas\/#primaryimage","url":"https:\/\/seecolombia.travel\/blog\/wp-content\/uploads\/2017\/07\/Brujas-de-Salem-Millennials.png","contentUrl":"https:\/\/seecolombia.travel\/blog\/wp-content\/uploads\/2017\/07\/Brujas-de-Salem-Millennials.png","width":803,"height":268,"caption":"Si las brujas de Salem fueran Millennials"},{"@type":"WebPage","@id":"https:\/\/seecolombia.travel\/blog\/2017\/08\/si-las-brujas-de-salem-tuvieran-twitter-un-dia-en-la-famosa-ciudad-de-las-brujas\/#webpage","url":"https:\/\/seecolombia.travel\/blog\/2017\/08\/si-las-brujas-de-salem-tuvieran-twitter-un-dia-en-la-famosa-ciudad-de-las-brujas\/","name":"Si las brujas de Salem tuvieran Twitter: un d\u00eda en la famosa ciudad de las brujas. - Colombia Travel Blog by See Colombia Travel","isPartOf":{"@id":"https:\/\/seecolombia.travel\/blog\/#website"},"primaryImageOfPage":{"@id":"https:\/\/seecolombia.travel\/blog\/2017\/08\/si-las-brujas-de-salem-tuvieran-twitter-un-dia-en-la-famosa-ciudad-de-las-brujas\/#primaryimage"},"datePublished":"2017-08-01T16:45:04+00:00","dateModified":"2021-08-23T15:58:51+00:00","author":{"@id":"https:\/\/seecolombia.travel\/blog\/#\/schema\/person\/d83df03ea54d1f0911d7098ebe26db49"},"breadcrumb":{"@id":"https:\/\/seecolombia.travel\/blog\/2017\/08\/si-las-brujas-de-salem-tuvieran-twitter-un-dia-en-la-famosa-ciudad-de-las-brujas\/#breadcrumb"},"inLanguage":"en-US","potentialAction":[{"@type":"ReadAction","target":["https:\/\/seecolombia.travel\/blog\/2017\/08\/si-las-brujas-de-salem-tuvieran-twitter-un-dia-en-la-famosa-ciudad-de-las-brujas\/"]}]},{"@type":"BreadcrumbList","@id":"https:\/\/seecolombia.travel\/blog\/2017\/08\/si-las-brujas-de-salem-tuvieran-twitter-un-dia-en-la-famosa-ciudad-de-las-brujas\/#breadcrumb","itemListElement":[{"@type":"ListItem","position":1,"name":"Home","item":"https:\/\/seecolombia.travel\/blog\/"},{"@type":"ListItem","position":2,"name":"Si las brujas de Salem tuvieran Twitter: un d\u00eda en la famosa ciudad de las brujas."}]},{"@type":"Person","@id":"https:\/\/seecolombia.travel\/blog\/#\/schema\/person\/d83df03ea54d1f0911d7098ebe26db49","name":"JL","image":{"@type":"ImageObject","inLanguage":"en-US","@id":"https:\/\/seecolombia.travel\/blog\/#\/schema\/person\/image\/","url":"https:\/\/secure.gravatar.com\/avatar\/68a3ba6dc377250ef6eb8cd56865210e?s=96&d=retro&r=g","contentUrl":"https:\/\/secure.gravatar.com\/avatar\/68a3ba6dc377250ef6eb8cd56865210e?s=96&d=retro&r=g","caption":"JL"},"description":"Ciudadano del mundo, nuestro Gerente de Marketing y comunicaciones se define como viajero, pap\u00e1, esposo y empresario. Es co-creador de Colombia Travel Blog junto a su esposa Marcela y creador de Fogg, la agencia de contenidos que produce el popular programa 3 Travel Bloggers. ----------- Our Marketing and Communications Manager, a self proclaimed citizen of the world, was born in Peru and raised in a number of different countries \u2013 including Angola, Thailand and Iceland \u2013 which instilled a deep love of travel and cultural diversity within him. With an extensive education in Marketing and Communications and after leaving a successful corporate career in the Telecom Industry, JL is now advocated to professionalize travel blogging in Latin America.","sameAs":["http:\/\/www.seecolombia.travel"],"url":"https:\/\/seecolombia.travel\/blog\/author\/jl\/"}]}},"amp_enabled":true,"_links":{"self":[{"href":"https:\/\/seecolombia.travel\/blog\/wp-json\/wp\/v2\/posts\/25746"}],"collection":[{"href":"https:\/\/seecolombia.travel\/blog\/wp-json\/wp\/v2\/posts"}],"about":[{"href":"https:\/\/seecolombia.travel\/blog\/wp-json\/wp\/v2\/types\/post"}],"author":[{"embeddable":true,"href":"https:\/\/seecolombia.travel\/blog\/wp-json\/wp\/v2\/users\/3"}],"replies":[{"embeddable":true,"href":"https:\/\/seecolombia.travel\/blog\/wp-json\/wp\/v2\/comments?post=25746"}],"version-history":[{"count":196,"href":"https:\/\/seecolombia.travel\/blog\/wp-json\/wp\/v2\/posts\/25746\/revisions"}],"predecessor-version":[{"id":26306,"href":"https:\/\/seecolombia.travel\/blog\/wp-json\/wp\/v2\/posts\/25746\/revisions\/26306"}],"wp:featuredmedia":[{"embeddable":true,"href":"https:\/\/seecolombia.travel\/blog\/wp-json\/wp\/v2\/media\/25749"}],"wp:attachment":[{"href":"https:\/\/seecolombia.travel\/blog\/wp-json\/wp\/v2\/media?parent=25746"}],"wp:term":[{"taxonomy":"category","embeddable":true,"href":"https:\/\/seecolombia.travel\/blog\/wp-json\/wp\/v2\/categories?post=25746"},{"taxonomy":"post_tag","embeddable":true,"href":"https:\/\/seecolombia.travel\/blog\/wp-json\/wp\/v2\/tags?post=25746"}],"curies":[{"name":"wp","href":"https:\/\/api.w.org\/{rel}","templated":true}]}}