{"id":25071,"date":"2017-03-08T18:24:35","date_gmt":"2017-03-08T23:24:35","guid":{"rendered":"http:\/\/seecolombia.travel\/blog\/?p=25071"},"modified":"2021-03-16T17:39:36","modified_gmt":"2021-03-16T22:39:36","slug":"obidos-ciudad-literaria-portugal","status":"publish","type":"post","link":"https:\/\/seecolombia.travel\/blog\/2017\/03\/obidos-ciudad-literaria-portugal\/","title":{"rendered":"\u00d3bidos una ciudad medieval literaria, literalmente. &#8211; Viaje al Centro de Portugal"},"content":{"rendered":"<p>Mi cara de felicidad en la foto de portada de este post lo dice todo. Uno de mis principales objetivos en el <strong><a href=\"http:\/\/seecolombia.travel\/blog\/?s=portugal\" target=\"_blank\" rel=\"noopener\">viaje a Portugal<\/a><\/strong>, que hicimos el a\u00f1o pasado con Marce y Mar\u00eda del Mar, era tachar la famosa <a href=\"http:\/\/www.livrarialello.pt\/en\/\" target=\"_blank\" rel=\"noopener\">Livraria Lello<\/a> de Porto de mi lista de <a href=\"http:\/\/seecolombia.travel\/blog\/2014\/11\/mejor-libreria-del-mundo-ateneo-grand-splendid\/\" target=\"_blank\" rel=\"noopener\"><strong>librer\u00edas mas bellas del mundo<\/strong><\/a>\u00a0que me faltan por visitar. \u00a0Por temas de itinerario, finalmente\u00a0no pudimos pasar por esa tienda de libros que inspir\u00f3 a JK Rowling cuando escribi\u00f3 Harry Potter, quedando como un gran pendiente para nuestra pr\u00f3xima visita. Ya hac\u00eda dos semanas hab\u00eda cambiado una tarde en Londres programada para hacer book-diving, por un paseo por\u00a0el\u00a0sur de Inglaterra que estuvo incre\u00edble, pero yo necesitaba en este viaje europeo una tarde de libros s\u00f3lo para mi de forma urgente. La verdad, es que estaba un poco frustrado.<\/p>\n<p>Hasta que llegu\u00e9 a \u00d3bidos.<\/p>\n<p>Ya mir\u00e1ndola a lo lejos desde el auto, la visita promet\u00eda. No por nada su nombre significa <strong>&#8220;ciudadela fortificada&#8221;<\/strong>: \u00a0\u00d3bidos es como un escenario de <em>Game of Thrones<\/em>, la muralla que la rodea en lo alto del monte donde se encuentra, evoca inmediatamente feroces <strong>batallas<\/strong>, caballeros en armadura, reyes depuestos y disputas religiosas.<\/p>\n<figure id=\"attachment_25114\" aria-describedby=\"caption-attachment-25114\" style=\"width: 800px\" class=\"wp-caption aligncenter\"><a href=\"http:\/\/seecolombia.travel\/blog\/2017\/03\/obidos-ciudad-literaria-portugal\/castillo-de-obidos-portugal\/\" rel=\"attachment wp-att-25114\"><img loading=\"lazy\" class=\"size-full wp-image-25114\" src=\"https:\/\/seecolombia.travel\/blog\/wp-content\/uploads\/2017\/03\/castillo-de-Obidos-Portugal.jpg\" alt=\"Castillo Obidos portugal\" width=\"800\" height=\"450\" srcset=\"https:\/\/seecolombia.travel\/blog\/wp-content\/uploads\/2017\/03\/castillo-de-Obidos-Portugal.jpg 800w, https:\/\/seecolombia.travel\/blog\/wp-content\/uploads\/2017\/03\/castillo-de-Obidos-Portugal-300x169.jpg 300w, https:\/\/seecolombia.travel\/blog\/wp-content\/uploads\/2017\/03\/castillo-de-Obidos-Portugal-768x432.jpg 768w\" sizes=\"(max-width: 800px) 100vw, 800px\" \/><\/a><figcaption id=\"caption-attachment-25114\" class=\"wp-caption-text\">El Castillo de \u00d3bidos<\/figcaption><\/figure>\n<p>Y la historia de esta ciudad ha sido, en efecto, sumamente convulsionada. Los <strong>visigodos<\/strong> la ocuparon\u00a0despu\u00e9s de la ca\u00edda del <strong>imperio romano<\/strong>, luego en el a\u00f1o 713 los <strong>\u00e1rabes<\/strong> se establecieron en la cima de la colina. En 1148 les fue arrebatada a los moros por el <strong>primer rey de Portugal<\/strong>, Alfonso, hecho que sell\u00f3 la <strong>reconquista de Extremadura<\/strong> por parte de los cristianos. En 1195 se escribi\u00f3 su primera <em>carta (<\/em>un reglamento con leyes estilo Carta Magna) \u00a0y en 1211 <strong>Alfonso II<\/strong> le dio la propiedad de las tierras a la <strong>Reina Urraca<\/strong>, por lo que desde entonces se le conoce como el <em>&#8220;pueblo de las reinas&#8221; <\/em>ya que las soberanas que sucesivamente ocuparon el trono se dedicaron a embellecerla desde la edad media hasta el siglo XVI.<\/p>\n<p>Por si fuera poco, en 1755 un <strong>terremoto asol\u00f3 esta zona<\/strong> eliminando muchas de las estructuras de estilo morisco y finalmente, en 1974 se gest\u00f3 aqu\u00ed \u00a0<em><a href=\"https:\/\/es.wikipedia.org\/wiki\/Revoluci%C3%B3n_de_los_Claveles\" target=\"_blank\" rel=\"noopener\">la revoluci\u00f3n de los claveles<\/a>, \u00a0<\/em>movimiento que <strong>derroc\u00f3 al dictador Salazar<\/strong> ese a\u00f1o empezando la &#8220;era moderna&#8221; de Portugal. Casi nada.<\/p>\n<p>Si ya de por s\u00ed esta pintoresca <em>vila <\/em>solamente por su historia me era sumamente interesante, imag\u00ednense mi entusiasmo cuando Jos\u00e9, nuestro anfitri\u00f3n me cont\u00f3 que esta es una <em>vila literaria<\/em> cuyo objetivo es\u00a0ser <strong>&#8220;la librer\u00eda mas grande de Portugal&#8221; <\/strong>albergando a todas las editoriales lusas posibles a lo largo de la ciudad. De las muchas librer\u00edas que visit\u00e9, todas para quedarse mil horas,\u00a0hay 3 que son las que mas me gustaron, pueden verlas entre el minuto 5:30 y 8:37 de nuestro episodio de <strong>3 Travel Bloggers en el Centro de Portugal<\/strong> y mas abajo te cuento con mas detalle que me llam\u00f3 la atenci\u00f3n de cada una.<\/p>\n<h3><a href=\"http:\/\/vilaliteraria.com\/pt\/espacos\/mercado\" target=\"_blank\" rel=\"noopener\">Livraria do Mercado Biol\u00f3gico<\/a><\/h3>\n<figure id=\"attachment_25137\" aria-describedby=\"caption-attachment-25137\" style=\"width: 799px\" class=\"wp-caption aligncenter\"><a href=\"http:\/\/seecolombia.travel\/blog\/2017\/03\/obidos-ciudad-literaria-portugal\/obidos-livraria-da-mercado\/\" rel=\"attachment wp-att-25137\"><img loading=\"lazy\" class=\"size-full wp-image-25137\" src=\"https:\/\/seecolombia.travel\/blog\/wp-content\/uploads\/2017\/03\/obidos-livraria-da-mercado.jpg\" alt=\"Livraria da Mercado en Obidos\" width=\"799\" height=\"360\" srcset=\"https:\/\/seecolombia.travel\/blog\/wp-content\/uploads\/2017\/03\/obidos-livraria-da-mercado.jpg 799w, https:\/\/seecolombia.travel\/blog\/wp-content\/uploads\/2017\/03\/obidos-livraria-da-mercado-300x135.jpg 300w, https:\/\/seecolombia.travel\/blog\/wp-content\/uploads\/2017\/03\/obidos-livraria-da-mercado-768x346.jpg 768w\" sizes=\"(max-width: 799px) 100vw, 799px\" \/><\/a><figcaption id=\"caption-attachment-25137\" class=\"wp-caption-text\">Un mercado con una peque\u00f1a librer\u00eda.<\/figcaption><\/figure>\n<p>En apariencia es un <strong>gran galp\u00f3n<\/strong>, y si entras por la puerta mas alejada de la entrada a la ciudad amurallada te parecer\u00e1 mas bien un mercado. Y tendr\u00e1s raz\u00f3n, este enorme lugar no solo es librer\u00eda, sino -hoy- tambi\u00e9n es <strong>mercado de productos biol\u00f3gicos<\/strong>. Claro que los cereales y frutas, aceites de oliva \u00a0y frascos de miel ocupan un porcentaje m\u00ednimo de este gigantesco recinto <strong>especializado en ejemplares\u00a0raros<\/strong>, de viajes y gastronom\u00eda, que exhibe sus libros, como no, <strong>en cajas de fruta<\/strong> que forman los alt\u00edsimos anaqueles.<\/p>\n<h3><a href=\"http:\/\/vilaliteraria.com\/espacos\/livraria-santiago\" target=\"_blank\" rel=\"noopener\">Livraria de Santiago<\/a><\/h3>\n<figure id=\"attachment_25138\" aria-describedby=\"caption-attachment-25138\" style=\"width: 800px\" class=\"wp-caption aligncenter\"><a href=\"http:\/\/seecolombia.travel\/blog\/2017\/03\/obidos-ciudad-literaria-portugal\/obidos-libreria-iglesia-santiago\/\" rel=\"attachment wp-att-25138\"><img loading=\"lazy\" class=\"size-full wp-image-25138\" src=\"https:\/\/seecolombia.travel\/blog\/wp-content\/uploads\/2017\/03\/Obidos-Libreria-iglesia-santiago.jpg\" alt=\"gramn libreria de Santiago obidos\" width=\"800\" height=\"362\" srcset=\"https:\/\/seecolombia.travel\/blog\/wp-content\/uploads\/2017\/03\/Obidos-Libreria-iglesia-santiago.jpg 800w, https:\/\/seecolombia.travel\/blog\/wp-content\/uploads\/2017\/03\/Obidos-Libreria-iglesia-santiago-300x136.jpg 300w, https:\/\/seecolombia.travel\/blog\/wp-content\/uploads\/2017\/03\/Obidos-Libreria-iglesia-santiago-768x348.jpg 768w\" sizes=\"(max-width: 800px) 100vw, 800px\" \/><\/a><figcaption id=\"caption-attachment-25138\" class=\"wp-caption-text\">La ex Iglesia de Santiago hoy convertida en librer\u00eda.<\/figcaption><\/figure>\n<p>Este es el lugar donde todo empez\u00f3, el primer sitio \u00a0publico en asumir su transformaci\u00f3n en un templo de los libros. La Grande <strong>Livraria de Santiago<\/strong> \u00a0Ocupa una <strong>antigua iglesia que data del siglo XIII .\u00a0<\/strong>Hay libros para \u00a0todos los gustos y\u00a0ver como se ha intervenido esta construcci\u00f3n medieval con elementos modernos que conforman sus pisos, es en si mismo un placer.<\/p>\n<h3><a href=\"http:\/\/www.theliteraryman.pt\/\" target=\"_blank\" rel=\"noopener\">The Literary Man<\/a><\/h3>\n<figure id=\"attachment_25143\" aria-describedby=\"caption-attachment-25143\" style=\"width: 800px\" class=\"wp-caption aligncenter\"><a href=\"http:\/\/seecolombia.travel\/blog\/2017\/03\/obidos-ciudad-literaria-portugal\/obidos-the-literary-man\/\" rel=\"attachment wp-att-25143\"><img loading=\"lazy\" class=\"size-full wp-image-25143\" src=\"https:\/\/seecolombia.travel\/blog\/wp-content\/uploads\/2017\/03\/Obidos-The-Literary-mAN.jpg\" alt=\"The Literary Man Obidos\" width=\"800\" height=\"355\" srcset=\"https:\/\/seecolombia.travel\/blog\/wp-content\/uploads\/2017\/03\/Obidos-The-Literary-mAN.jpg 800w, https:\/\/seecolombia.travel\/blog\/wp-content\/uploads\/2017\/03\/Obidos-The-Literary-mAN-300x133.jpg 300w, https:\/\/seecolombia.travel\/blog\/wp-content\/uploads\/2017\/03\/Obidos-The-Literary-mAN-768x341.jpg 768w\" sizes=\"(max-width: 800px) 100vw, 800px\" \/><\/a><figcaption id=\"caption-attachment-25143\" class=\"wp-caption-text\">Un hotel so\u00f1ado para amantes de los libros.<\/figcaption><\/figure>\n<p>Si la <strong><em>Livraria do Mercado<\/em><\/strong> es una librer\u00eda <span style=\"text-decoration: underline\">con<\/span>\u00a0mercado, <em>The Literary Man<\/em> es una<strong> librer\u00eda con hotel.<\/strong><\/p>\n<p>Ya habl\u00e9 de esto en mi post sobre <a href=\"http:\/\/seecolombia.travel\/blog\/2017\/02\/que-hay-en-portugal\/\" target=\"_blank\" rel=\"noopener\">5 cosas de Portugal\u00a0<\/a>de hace un par de semanas, pero lo bueno hay que repetirlo: <strong>16 toneladas de libros<\/strong> fueron las que llegaron en un contenedor a la ciudad medieval de <a class=\"profileLink\" href=\"https:\/\/www.facebook.com\/pages\/%C3%93bidos\/108641869159607\" data-hovercard=\"\/ajax\/hovercard\/page.php?id=108641869159607\" data-hovercard-prefer-more-content-show=\"1\">\u00d3bidos<\/a> tra\u00eddas desde Inglaterra por <strong>Telmo Faria<\/strong> a <a class=\"profileLink\" href=\"https:\/\/www.facebook.com\/HotelEstalagemDoConvento\/\" data-hovercard=\"\/ajax\/hovercard\/page.php?id=363226007046202\" data-hovercard-prefer-more-content-show=\"1\">The Literary Man &#8211; \u00d3bidos Hotel<\/a>. Este Quijote de la lectura cre\u00f3 aqu\u00ed <strong>el hotel literario con mas vol\u00famenes del mundo<\/strong> (aproximadamente 50,000) repartidos en su enorme sala, sus corredores, cocina, comedor y habitaciones que, claro, son tem\u00e1ticas seg\u00fan el \u00a0autor.<\/p>\n<p>Entre sus paredes <strong>uno es libre de leer, tocar y deleitarse<\/strong> con esto<span class=\"text_exposed_show\">s vol\u00famenes sentado en cualquiera de los rincones de este antiguo monasterio con un buen vino en la mano. <\/span><\/p>\n<p><span class=\"text_exposed_show\">Y as\u00ed es <strong>\u00d3bidos<\/strong>, \u00a0en cada rinc\u00f3n hay una librer\u00eda que puede haber sido antes una iglesia, un establo o un almac\u00e9n\u00a0<\/span>y la literatura se respira y se vive de primera mano, tanto as\u00ed que adem\u00e1s tiene su propia <strong>feria literaria internacional<\/strong>: FOLIO.<\/p>\n<p>De Portugal esperaba muchas cosas y con otras qued\u00e9 sorprendido totalmente, \u00d3bidos fue sin duda <strong>la mayor y la mejor de mis sorpresas.<\/strong><\/p>\n<p>JL<\/p>\n<div class=\"text_exposed_show\">\n<p class=\"p1\"><strong>Puedes ver los episodios de Portugal en la lista de reproducci\u00f3n de<\/strong><a href=\"https:\/\/www.facebook.com\/3TravelBloggers\/\" target=\"_blank\" rel=\"noopener\"><strong> 3 Travel Bloggers<\/strong><\/a><\/p>\n<p class=\"p1\"><span class=\"s1\"><i>Nuestro viaje a Portugal fue gracias a la invitaci\u00f3n de \u00a0<\/i><a href=\"https:\/\/www.portugal-aptece.com\/\"><span class=\"s2\"><i>APTECE<\/i><\/span><\/a><i>\u00a0y \u00a0<\/i><a href=\"http:\/\/www.visitcentro.com\/\"><span class=\"s2\"><i>Centro de Portugal Tourism Board<\/i><\/span><\/a><i>, como parte de su iniciativa de \u00a0<\/i><a href=\"http:\/\/rotadopeixe.com\/project\/?lang=en\"><span class=\"s2\"><i>Rota do Peixe<\/i><\/span><\/a><i>\u00a0en el Centro de Portugal. En Oporto y la parte norte del pa\u00eds nuestros anfitriones fueron\u00a0<\/i><\/span><i>\u00a0<\/i><a href=\"http:\/\/www.portoenorte.pt\/\"><span class=\"s2\"><i>Porto and North of Portugal Tourism Board<\/i><\/span><\/a><i>.<\/i><\/p>\n<\/div>\n","protected":false},"excerpt":{"rendered":"<p>Mi cara de felicidad en la foto de portada de este post lo dice todo. Uno de mis principales objetivos en el viaje a Portugal, que hicimos el a\u00f1o pasado con Marce y Mar\u00eda del Mar, era tachar la famosa Livraria Lello de Porto de mi lista de librer\u00edas mas bellas del mundo\u00a0que me faltan [&hellip;]<\/p>\n","protected":false},"author":3,"featured_media":25073,"comment_status":"open","ping_status":"open","sticky":false,"template":"","format":"standard","meta":{"ngg_post_thumbnail":0},"categories":[2361,1860,865,2251,2903,3021,2411,3022],"tags":[3032,1605,2957,3031,3033,3034],"yoast_head":"<!-- This site is optimized with the Yoast SEO Premium plugin v18.4 (Yoast SEO v18.9) - https:\/\/yoast.com\/wordpress\/plugins\/seo\/ -->\n<title>\u00d3bidos una ciudad medieval literaria, literalmente. - Viaje al Centro de Portugal - Colombia Travel Blog by See Colombia Travel<\/title>\n<meta name=\"robots\" content=\"index, follow, max-snippet:-1, max-image-preview:large, max-video-preview:-1\" \/>\n<link rel=\"canonical\" href=\"https:\/\/seecolombia.travel\/blog\/2017\/03\/obidos-ciudad-literaria-portugal\/\" \/>\n<meta property=\"og:locale\" content=\"en_US\" \/>\n<meta property=\"og:type\" content=\"article\" \/>\n<meta property=\"og:title\" content=\"\u00d3bidos una ciudad medieval literaria, literalmente. - Viaje al Centro de Portugal\" \/>\n<meta property=\"og:description\" content=\"Mi cara de felicidad en la foto de portada de este post lo dice todo. Uno de mis principales objetivos en el viaje a Portugal, que hicimos el a\u00f1o pasado con Marce y Mar\u00eda del Mar, era tachar la famosa Livraria Lello de Porto de mi lista de librer\u00edas mas bellas del mundo\u00a0que me faltan [&hellip;]\" \/>\n<meta property=\"og:url\" content=\"https:\/\/seecolombia.travel\/blog\/2017\/03\/obidos-ciudad-literaria-portugal\/\" \/>\n<meta property=\"og:site_name\" content=\"Colombia Travel Blog by See Colombia Travel\" \/>\n<meta property=\"article:published_time\" content=\"2017-03-08T23:24:35+00:00\" \/>\n<meta property=\"article:modified_time\" content=\"2021-03-16T22:39:36+00:00\" \/>\n<meta property=\"og:image\" content=\"https:\/\/seecolombia.travel\/blog\/wp-content\/uploads\/2017\/03\/Viaje-a-Portugal-Obidos.jpg\" \/>\n\t<meta property=\"og:image:width\" content=\"1060\" \/>\n\t<meta property=\"og:image:height\" content=\"460\" \/>\n\t<meta property=\"og:image:type\" content=\"image\/jpeg\" \/>\n<meta name=\"twitter:card\" content=\"summary\" \/>\n<meta name=\"twitter:label1\" content=\"Written by\" \/>\n\t<meta name=\"twitter:data1\" content=\"JL\" \/>\n\t<meta name=\"twitter:label2\" content=\"Est. reading time\" \/>\n\t<meta name=\"twitter:data2\" content=\"5 minutes\" \/>\n<script type=\"application\/ld+json\" class=\"yoast-schema-graph\">{\"@context\":\"https:\/\/schema.org\",\"@graph\":[{\"@type\":\"WebSite\",\"@id\":\"https:\/\/seecolombia.travel\/blog\/#website\",\"url\":\"https:\/\/seecolombia.travel\/blog\/\",\"name\":\"Colombia Travel Blog by See Colombia Travel\",\"description\":\"Colombia Travel Blog: An international perspective on travelling in Colombia by world travellers.\",\"potentialAction\":[{\"@type\":\"SearchAction\",\"target\":{\"@type\":\"EntryPoint\",\"urlTemplate\":\"https:\/\/seecolombia.travel\/blog\/?s={search_term_string}\"},\"query-input\":\"required name=search_term_string\"}],\"inLanguage\":\"en-US\"},{\"@type\":\"ImageObject\",\"inLanguage\":\"en-US\",\"@id\":\"https:\/\/seecolombia.travel\/blog\/2017\/03\/obidos-ciudad-literaria-portugal\/#primaryimage\",\"url\":\"https:\/\/seecolombia.travel\/blog\/wp-content\/uploads\/2017\/03\/Viaje-a-Portugal-Obidos.jpg\",\"contentUrl\":\"https:\/\/seecolombia.travel\/blog\/wp-content\/uploads\/2017\/03\/Viaje-a-Portugal-Obidos.jpg\",\"width\":1060,\"height\":460,\"caption\":\"En Obidos, Portugal\"},{\"@type\":\"WebPage\",\"@id\":\"https:\/\/seecolombia.travel\/blog\/2017\/03\/obidos-ciudad-literaria-portugal\/#webpage\",\"url\":\"https:\/\/seecolombia.travel\/blog\/2017\/03\/obidos-ciudad-literaria-portugal\/\",\"name\":\"\u00d3bidos una ciudad medieval literaria, literalmente. - Viaje al Centro de Portugal - Colombia Travel Blog by See Colombia Travel\",\"isPartOf\":{\"@id\":\"https:\/\/seecolombia.travel\/blog\/#website\"},\"primaryImageOfPage\":{\"@id\":\"https:\/\/seecolombia.travel\/blog\/2017\/03\/obidos-ciudad-literaria-portugal\/#primaryimage\"},\"datePublished\":\"2017-03-08T23:24:35+00:00\",\"dateModified\":\"2021-03-16T22:39:36+00:00\",\"author\":{\"@id\":\"https:\/\/seecolombia.travel\/blog\/#\/schema\/person\/d83df03ea54d1f0911d7098ebe26db49\"},\"breadcrumb\":{\"@id\":\"https:\/\/seecolombia.travel\/blog\/2017\/03\/obidos-ciudad-literaria-portugal\/#breadcrumb\"},\"inLanguage\":\"en-US\",\"potentialAction\":[{\"@type\":\"ReadAction\",\"target\":[\"https:\/\/seecolombia.travel\/blog\/2017\/03\/obidos-ciudad-literaria-portugal\/\"]}]},{\"@type\":\"BreadcrumbList\",\"@id\":\"https:\/\/seecolombia.travel\/blog\/2017\/03\/obidos-ciudad-literaria-portugal\/#breadcrumb\",\"itemListElement\":[{\"@type\":\"ListItem\",\"position\":1,\"name\":\"Home\",\"item\":\"https:\/\/seecolombia.travel\/blog\/\"},{\"@type\":\"ListItem\",\"position\":2,\"name\":\"\u00d3bidos una ciudad medieval literaria, literalmente. &#8211; Viaje al Centro de Portugal\"}]},{\"@type\":\"Person\",\"@id\":\"https:\/\/seecolombia.travel\/blog\/#\/schema\/person\/d83df03ea54d1f0911d7098ebe26db49\",\"name\":\"JL\",\"image\":{\"@type\":\"ImageObject\",\"inLanguage\":\"en-US\",\"@id\":\"https:\/\/seecolombia.travel\/blog\/#\/schema\/person\/image\/\",\"url\":\"https:\/\/secure.gravatar.com\/avatar\/68a3ba6dc377250ef6eb8cd56865210e?s=96&d=retro&r=g\",\"contentUrl\":\"https:\/\/secure.gravatar.com\/avatar\/68a3ba6dc377250ef6eb8cd56865210e?s=96&d=retro&r=g\",\"caption\":\"JL\"},\"description\":\"Ciudadano del mundo, nuestro Gerente de Marketing y comunicaciones se define como viajero, pap\u00e1, esposo y empresario. Es co-creador de Colombia Travel Blog junto a su esposa Marcela y creador de Fogg, la agencia de contenidos que produce el popular programa 3 Travel Bloggers. ----------- Our Marketing and Communications Manager, a self proclaimed citizen of the world, was born in Peru and raised in a number of different countries \u2013 including Angola, Thailand and Iceland \u2013 which instilled a deep love of travel and cultural diversity within him. With an extensive education in Marketing and Communications and after leaving a successful corporate career in the Telecom Industry, JL is now advocated to professionalize travel blogging in Latin America.\",\"sameAs\":[\"http:\/\/www.seecolombia.travel\"],\"url\":\"https:\/\/seecolombia.travel\/blog\/author\/jl\/\"}]}<\/script>\n<!-- \/ Yoast SEO Premium plugin. -->","yoast_head_json":{"title":"\u00d3bidos una ciudad medieval literaria, literalmente. - Viaje al Centro de Portugal - Colombia Travel Blog by See Colombia Travel","robots":{"index":"index","follow":"follow","max-snippet":"max-snippet:-1","max-image-preview":"max-image-preview:large","max-video-preview":"max-video-preview:-1"},"canonical":"https:\/\/seecolombia.travel\/blog\/2017\/03\/obidos-ciudad-literaria-portugal\/","og_locale":"en_US","og_type":"article","og_title":"\u00d3bidos una ciudad medieval literaria, literalmente. - Viaje al Centro de Portugal","og_description":"Mi cara de felicidad en la foto de portada de este post lo dice todo. Uno de mis principales objetivos en el viaje a Portugal, que hicimos el a\u00f1o pasado con Marce y Mar\u00eda del Mar, era tachar la famosa Livraria Lello de Porto de mi lista de librer\u00edas mas bellas del mundo\u00a0que me faltan [&hellip;]","og_url":"https:\/\/seecolombia.travel\/blog\/2017\/03\/obidos-ciudad-literaria-portugal\/","og_site_name":"Colombia Travel Blog by See Colombia Travel","article_published_time":"2017-03-08T23:24:35+00:00","article_modified_time":"2021-03-16T22:39:36+00:00","og_image":[{"width":1060,"height":460,"url":"https:\/\/seecolombia.travel\/blog\/wp-content\/uploads\/2017\/03\/Viaje-a-Portugal-Obidos.jpg","type":"image\/jpeg"}],"twitter_card":"summary","twitter_misc":{"Written by":"JL","Est. reading time":"5 minutes"},"schema":{"@context":"https:\/\/schema.org","@graph":[{"@type":"WebSite","@id":"https:\/\/seecolombia.travel\/blog\/#website","url":"https:\/\/seecolombia.travel\/blog\/","name":"Colombia Travel Blog by See Colombia Travel","description":"Colombia Travel Blog: An international perspective on travelling in Colombia by world travellers.","potentialAction":[{"@type":"SearchAction","target":{"@type":"EntryPoint","urlTemplate":"https:\/\/seecolombia.travel\/blog\/?s={search_term_string}"},"query-input":"required name=search_term_string"}],"inLanguage":"en-US"},{"@type":"ImageObject","inLanguage":"en-US","@id":"https:\/\/seecolombia.travel\/blog\/2017\/03\/obidos-ciudad-literaria-portugal\/#primaryimage","url":"https:\/\/seecolombia.travel\/blog\/wp-content\/uploads\/2017\/03\/Viaje-a-Portugal-Obidos.jpg","contentUrl":"https:\/\/seecolombia.travel\/blog\/wp-content\/uploads\/2017\/03\/Viaje-a-Portugal-Obidos.jpg","width":1060,"height":460,"caption":"En Obidos, Portugal"},{"@type":"WebPage","@id":"https:\/\/seecolombia.travel\/blog\/2017\/03\/obidos-ciudad-literaria-portugal\/#webpage","url":"https:\/\/seecolombia.travel\/blog\/2017\/03\/obidos-ciudad-literaria-portugal\/","name":"\u00d3bidos una ciudad medieval literaria, literalmente. - Viaje al Centro de Portugal - Colombia Travel Blog by See Colombia Travel","isPartOf":{"@id":"https:\/\/seecolombia.travel\/blog\/#website"},"primaryImageOfPage":{"@id":"https:\/\/seecolombia.travel\/blog\/2017\/03\/obidos-ciudad-literaria-portugal\/#primaryimage"},"datePublished":"2017-03-08T23:24:35+00:00","dateModified":"2021-03-16T22:39:36+00:00","author":{"@id":"https:\/\/seecolombia.travel\/blog\/#\/schema\/person\/d83df03ea54d1f0911d7098ebe26db49"},"breadcrumb":{"@id":"https:\/\/seecolombia.travel\/blog\/2017\/03\/obidos-ciudad-literaria-portugal\/#breadcrumb"},"inLanguage":"en-US","potentialAction":[{"@type":"ReadAction","target":["https:\/\/seecolombia.travel\/blog\/2017\/03\/obidos-ciudad-literaria-portugal\/"]}]},{"@type":"BreadcrumbList","@id":"https:\/\/seecolombia.travel\/blog\/2017\/03\/obidos-ciudad-literaria-portugal\/#breadcrumb","itemListElement":[{"@type":"ListItem","position":1,"name":"Home","item":"https:\/\/seecolombia.travel\/blog\/"},{"@type":"ListItem","position":2,"name":"\u00d3bidos una ciudad medieval literaria, literalmente. &#8211; Viaje al Centro de Portugal"}]},{"@type":"Person","@id":"https:\/\/seecolombia.travel\/blog\/#\/schema\/person\/d83df03ea54d1f0911d7098ebe26db49","name":"JL","image":{"@type":"ImageObject","inLanguage":"en-US","@id":"https:\/\/seecolombia.travel\/blog\/#\/schema\/person\/image\/","url":"https:\/\/secure.gravatar.com\/avatar\/68a3ba6dc377250ef6eb8cd56865210e?s=96&d=retro&r=g","contentUrl":"https:\/\/secure.gravatar.com\/avatar\/68a3ba6dc377250ef6eb8cd56865210e?s=96&d=retro&r=g","caption":"JL"},"description":"Ciudadano del mundo, nuestro Gerente de Marketing y comunicaciones se define como viajero, pap\u00e1, esposo y empresario. Es co-creador de Colombia Travel Blog junto a su esposa Marcela y creador de Fogg, la agencia de contenidos que produce el popular programa 3 Travel Bloggers. ----------- Our Marketing and Communications Manager, a self proclaimed citizen of the world, was born in Peru and raised in a number of different countries \u2013 including Angola, Thailand and Iceland \u2013 which instilled a deep love of travel and cultural diversity within him. With an extensive education in Marketing and Communications and after leaving a successful corporate career in the Telecom Industry, JL is now advocated to professionalize travel blogging in Latin America.","sameAs":["http:\/\/www.seecolombia.travel"],"url":"https:\/\/seecolombia.travel\/blog\/author\/jl\/"}]}},"amp_enabled":true,"_links":{"self":[{"href":"https:\/\/seecolombia.travel\/blog\/wp-json\/wp\/v2\/posts\/25071"}],"collection":[{"href":"https:\/\/seecolombia.travel\/blog\/wp-json\/wp\/v2\/posts"}],"about":[{"href":"https:\/\/seecolombia.travel\/blog\/wp-json\/wp\/v2\/types\/post"}],"author":[{"embeddable":true,"href":"https:\/\/seecolombia.travel\/blog\/wp-json\/wp\/v2\/users\/3"}],"replies":[{"embeddable":true,"href":"https:\/\/seecolombia.travel\/blog\/wp-json\/wp\/v2\/comments?post=25071"}],"version-history":[{"count":28,"href":"https:\/\/seecolombia.travel\/blog\/wp-json\/wp\/v2\/posts\/25071\/revisions"}],"predecessor-version":[{"id":26492,"href":"https:\/\/seecolombia.travel\/blog\/wp-json\/wp\/v2\/posts\/25071\/revisions\/26492"}],"wp:featuredmedia":[{"embeddable":true,"href":"https:\/\/seecolombia.travel\/blog\/wp-json\/wp\/v2\/media\/25073"}],"wp:attachment":[{"href":"https:\/\/seecolombia.travel\/blog\/wp-json\/wp\/v2\/media?parent=25071"}],"wp:term":[{"taxonomy":"category","embeddable":true,"href":"https:\/\/seecolombia.travel\/blog\/wp-json\/wp\/v2\/categories?post=25071"},{"taxonomy":"post_tag","embeddable":true,"href":"https:\/\/seecolombia.travel\/blog\/wp-json\/wp\/v2\/tags?post=25071"}],"curies":[{"name":"wp","href":"https:\/\/api.w.org\/{rel}","templated":true}]}}