{"id":24941,"date":"2017-02-24T16:51:36","date_gmt":"2017-02-24T21:51:36","guid":{"rendered":"http:\/\/seecolombia.travel\/blog\/?p=24941"},"modified":"2021-08-23T11:32:44","modified_gmt":"2021-08-23T16:32:44","slug":"si-se-puede-vivir-viajando-2","status":"publish","type":"post","link":"https:\/\/seecolombia.travel\/blog\/2017\/02\/si-se-puede-vivir-viajando-2\/","title":{"rendered":"S\u00ed se puede vivir viajando: el libro de 3 Travel Bloggers"},"content":{"rendered":"<h2 style=\"text-align: center\"><\/h2>\n<h2 style=\"text-align: center\"><strong>** Inscr\u00edbete y asegura tu puesto en la preventa ac\u00e1: <a href=\"http:\/\/www.sisepuedevivirviajando.com\" target=\"_blank\" rel=\"noopener\">Si se puede vivir viajando<\/a>**<\/strong><\/h2>\n<div class=\"tcw\" style=\"margin: 0 auto;width: 100%\" data-id=\"Countdown-59546\"><a title=\"Cuenta atr\u00e1s para la preventa\" href=\"\/\/www.tickcounter.com\/countdown\/59546\/cuenta-atras-para-la-preventa\">Cuenta atr\u00e1s para la preventa<\/a><a title=\"Countdown\" href=\"\/\/www.tickcounter.com\/\">Countdown<\/a><\/div>\n<p>\/\/ <\/p>\n<p>Pocas cosas en la vida causan tanta satisfacci\u00f3n como ver un sue\u00f1o hecho realidad despu\u00e9s de tiempo de trabajo y \u00a0<em><strong>S\u00ed se puede vivir viajando,<\/strong><\/em>\u00a0la evoluci\u00f3n natural del proyecto <strong><a href=\"http:\/\/www.3travelbloggers.com\" target=\"_blank\" rel=\"noopener\">3 Travel Bloggers<\/a>, <\/strong>es uno de estos sue\u00f1os<strong>. <\/strong>Como saben, 3TB es una estrategia en que 9 de los <strong>bloggers de viajes mas populares<\/strong> de Sudam\u00e9rica visitamos un destino en grupos de tres \u00a0y que se puede ver en la lista de reproducci\u00f3n del <strong>canal de You Tube de Daniel Tirado<\/strong> y en los vuelos de <a href=\"http:\/\/www.avianca.com\/es-co\/nuestra-compania\/algunos-aliados\/recorre-el-mundo-con-travel-bloggers.aspx\" target=\"_blank\" rel=\"noopener\">Avianca<\/a>.<\/p>\n<p>Puedes ver nuestros m\u00e1s de 30 cap\u00edtulos ac\u00e1:<\/p>\n<p>&nbsp;<\/p>\n<p>Luego de una serie de conferencias en varias ciudades de Latinoam\u00e9rica bajo el nombre &#8220;<em><strong>S\u00ed se puede vivir viajando<\/strong><\/em>&#8220;, decidimos\u00a0que ese t\u00edtulo tambi\u00e9n se ajustaba a un proyecto del que ven\u00edamos hablando hace tiempo: <strong>un libro colaborativo<\/strong> en el que cont\u00e1ramos cada uno, de forma totalmente independiente, nuestra experiencia sobre como pudimos <strong>convertir nuestra pasi\u00f3n en nuestra forma de vida.<\/strong> Respetando el estilo propio de cada uno de los bloggers del equipo, la \u00fanica regla era tratar de responder a la pregunta &#8220;Si tuviera que empezar de nuevo <strong>\u00bfQu\u00e9 me gustar\u00eda que me hubieran contado?<\/strong>&#8221;<\/p>\n<p>Adem\u00e1s de nuestros textos originales, hemos querido hacerle un homenaje al libro f\u00edsico, porque aunque tambi\u00e9n estar\u00e1 disponible en versi\u00f3n digital, <em><strong>Si se puede vivir viajando<\/strong> <\/em>incluye <strong>un mapa<\/strong> en la sobrecubierta con una plancha de stickers para que <strong>marcar los pa\u00edses que has visitado<\/strong> y los que quieras visitar, que puedes colgar en un lugar que tengas siempre visible, adem\u00e1s de varios elementos escondidos que ser\u00edan imposibles de poner en otro formato que no sea el impreso.<\/p>\n<p><a href=\"http:\/\/www.sisepuedevivirviajando.com\" target=\"_blank\" rel=\"attachment wp-att-24972 noopener\"><img loading=\"lazy\" class=\"aligncenter wp-image-24972 size-full\" src=\"https:\/\/seecolombia.travel\/blog\/wp-content\/uploads\/2017\/02\/sobrecubierta-1.jpg\" alt=\"libro si se puede vivir viajando\" width=\"1226\" height=\"1800\" srcset=\"https:\/\/seecolombia.travel\/blog\/wp-content\/uploads\/2017\/02\/sobrecubierta-1.jpg 1226w, https:\/\/seecolombia.travel\/blog\/wp-content\/uploads\/2017\/02\/sobrecubierta-1-204x300.jpg 204w, https:\/\/seecolombia.travel\/blog\/wp-content\/uploads\/2017\/02\/sobrecubierta-1-768x1128.jpg 768w, https:\/\/seecolombia.travel\/blog\/wp-content\/uploads\/2017\/02\/sobrecubierta-1-697x1024.jpg 697w\" sizes=\"(max-width: 1226px) 100vw, 1226px\" \/><\/a><\/p>\n<p>&nbsp;<\/p>\n<p>Hoy anunciamos con mucha alegr\u00eda que iniciamos la <strong>preventa limitada<\/strong>\u00a0de nuestro libro \u00a0del\u00a0<strong>1 al\u00a010 de Marzo<\/strong>. Durante esos 10 d\u00edas estaremos recibiendo pedidos en <a href=\"http:\/\/www.sisepuedevivirviajando.com\" target=\"_blank\" rel=\"noopener\">www.sisepuedeviajando.com<\/a>\u00a0exclusivamente para lectores del blog y seguidores de nuestro fanpage \u00a0que recibir\u00e1n:<\/p>\n<ul>\n<li>\n<h3><strong><span style=\"color: #ff0000\">15% de descuento<\/span> sobre el precio de venta<\/strong><\/h3>\n<\/li>\n<li>\n<h3><strong>Un <span style=\"color: #ff0000\">ejemplar firmado<\/span> por Daniel Tirado, Marcela Mariscal y JL Pastor.<\/strong><\/h3>\n<\/li>\n<\/ul>\n<h3>Inscr\u00edbete ahora mismo para reservar tu libro en preventa <span style=\"color: #ff0000\">aqu\u00ed <span style=\"color: #000000\">y te estaremos avisando cuando abramos el proceso.\u00a0<\/span><\/span><\/h3>\n<h3><span style=\"color: #ff0000\"><span style=\"color: #000000\">Los libros ser\u00e1n enviados por correo internacional a todo el mundo.\u00a0<\/span><\/span><\/h3>\n<p>Los dejamos con las portadas que abren cada uno de los cap\u00edtulos y esperamos poder verlos pronto en alguna de nuestras presentaciones \ud83d\ude42<\/p>\n<p>&nbsp;<\/p>\n<table>\n<tbody>\n<tr>\n<td><a href=\"http:\/\/www.sisepuedevivirviajando.com\" target=\"_blank\" rel=\"attachment wp-att-24974 noopener\"><img loading=\"lazy\" class=\"aligncenter wp-image-24974 size-full\" src=\"https:\/\/seecolombia.travel\/blog\/wp-content\/uploads\/2017\/02\/daniel-tirado-si-se-puede-vivir-viajando.jpg\" alt=\"Daniel Tirado libro\" width=\"396\" height=\"594\" srcset=\"https:\/\/seecolombia.travel\/blog\/wp-content\/uploads\/2017\/02\/daniel-tirado-si-se-puede-vivir-viajando.jpg 396w, https:\/\/seecolombia.travel\/blog\/wp-content\/uploads\/2017\/02\/daniel-tirado-si-se-puede-vivir-viajando-200x300.jpg 200w\" sizes=\"(max-width: 396px) 100vw, 396px\" \/><\/a><\/td>\n<td><a href=\"http:\/\/www.sisepuedevivirviajando.com\" target=\"_blank\" rel=\"attachment wp-att-24985 noopener\"><img loading=\"lazy\" class=\"size-full wp-image-24985 aligncenter\" src=\"https:\/\/seecolombia.travel\/blog\/wp-content\/uploads\/2017\/02\/Si-se-puede-vivir-viajando-Arturo.jpg\" alt=\"Arturo Bullard libro\" width=\"402\" height=\"592\" srcset=\"https:\/\/seecolombia.travel\/blog\/wp-content\/uploads\/2017\/02\/Si-se-puede-vivir-viajando-Arturo.jpg 402w, https:\/\/seecolombia.travel\/blog\/wp-content\/uploads\/2017\/02\/Si-se-puede-vivir-viajando-Arturo-204x300.jpg 204w\" sizes=\"(max-width: 402px) 100vw, 402px\" \/><\/a><\/td>\n<\/tr>\n<tr>\n<td><a href=\"http:\/\/www.sisepuedevivirviajando.com\" target=\"_blank\" rel=\"attachment wp-att-24978 noopener\"><img loading=\"lazy\" class=\"size-full wp-image-24978 aligncenter\" src=\"https:\/\/seecolombia.travel\/blog\/wp-content\/uploads\/2017\/02\/Laura-Lazzarino-Si-se-puede-vivir-viajando.jpg\" alt=\"Laura Lazzarino libro\" width=\"401\" height=\"592\" srcset=\"https:\/\/seecolombia.travel\/blog\/wp-content\/uploads\/2017\/02\/Laura-Lazzarino-Si-se-puede-vivir-viajando.jpg 401w, https:\/\/seecolombia.travel\/blog\/wp-content\/uploads\/2017\/02\/Laura-Lazzarino-Si-se-puede-vivir-viajando-203x300.jpg 203w\" sizes=\"(max-width: 401px) 100vw, 401px\" \/><\/a><\/td>\n<td><a href=\"http:\/\/www.sisepuedevivirviajando.com\" target=\"_blank\" rel=\"attachment wp-att-24986 noopener\"><img loading=\"lazy\" class=\"aligncenter size-full wp-image-24986\" src=\"https:\/\/seecolombia.travel\/blog\/wp-content\/uploads\/2017\/02\/Si-se-puede-vivir-viajando-Ari.jpg\" alt=\"Libro Arianna Arteaga\" width=\"402\" height=\"592\" srcset=\"https:\/\/seecolombia.travel\/blog\/wp-content\/uploads\/2017\/02\/Si-se-puede-vivir-viajando-Ari.jpg 402w, https:\/\/seecolombia.travel\/blog\/wp-content\/uploads\/2017\/02\/Si-se-puede-vivir-viajando-Ari-204x300.jpg 204w\" sizes=\"(max-width: 402px) 100vw, 402px\" \/><\/a><\/td>\n<\/tr>\n<tr>\n<td><a href=\"http:\/\/www.sisepuedevivirviajando.com\" target=\"_blank\" rel=\"attachment wp-att-25001 noopener\"><img loading=\"lazy\" class=\"aligncenter size-full wp-image-25001\" src=\"https:\/\/seecolombia.travel\/blog\/wp-content\/uploads\/2017\/02\/Si-se-puede-vivir-viajando-Marce-1.jpg\" alt=\"Marcela Mariscal libro\" width=\"399\" height=\"593\" srcset=\"https:\/\/seecolombia.travel\/blog\/wp-content\/uploads\/2017\/02\/Si-se-puede-vivir-viajando-Marce-1.jpg 399w, https:\/\/seecolombia.travel\/blog\/wp-content\/uploads\/2017\/02\/Si-se-puede-vivir-viajando-Marce-1-202x300.jpg 202w\" sizes=\"(max-width: 399px) 100vw, 399px\" \/><\/a><\/td>\n<td><a href=\"http:\/\/www.sisepuedevivirviajando.com\" target=\"_blank\" rel=\"attachment wp-att-24984 noopener\"><img loading=\"lazy\" class=\"aligncenter size-full wp-image-24984\" src=\"https:\/\/seecolombia.travel\/blog\/wp-content\/uploads\/2017\/02\/Si-se-puede-vivir-viajando-JL-Pastor.jpg\" alt=\"JL Pastor libro\" width=\"395\" height=\"592\" srcset=\"https:\/\/seecolombia.travel\/blog\/wp-content\/uploads\/2017\/02\/Si-se-puede-vivir-viajando-JL-Pastor.jpg 395w, https:\/\/seecolombia.travel\/blog\/wp-content\/uploads\/2017\/02\/Si-se-puede-vivir-viajando-JL-Pastor-200x300.jpg 200w\" sizes=\"(max-width: 395px) 100vw, 395px\" \/><\/a><\/td>\n<\/tr>\n<tr>\n<td><a href=\"http:\/\/www.sisepuedevivirviajando.com\" target=\"_blank\" rel=\"attachment wp-att-24981 noopener\"><img loading=\"lazy\" class=\"aligncenter size-full wp-image-24981\" src=\"https:\/\/seecolombia.travel\/blog\/wp-content\/uploads\/2017\/02\/Si-Se-Puede-vivir-viajando-Toya.jpg\" alt=\"Toya Viudes libro\" width=\"412\" height=\"594\" srcset=\"https:\/\/seecolombia.travel\/blog\/wp-content\/uploads\/2017\/02\/Si-Se-Puede-vivir-viajando-Toya.jpg 412w, https:\/\/seecolombia.travel\/blog\/wp-content\/uploads\/2017\/02\/Si-Se-Puede-vivir-viajando-Toya-208x300.jpg 208w\" sizes=\"(max-width: 412px) 100vw, 412px\" \/><\/a><\/td>\n<td><a href=\"http:\/\/www.sisepuedevivirviajando.com\" target=\"_blank\" rel=\"attachment wp-att-24983 noopener\"><img loading=\"lazy\" class=\"aligncenter size-full wp-image-24983\" src=\"https:\/\/seecolombia.travel\/blog\/wp-content\/uploads\/2017\/02\/Si-se-puede-vivir-viajando-Juan-Pablo.jpg\" alt=\"Juan Pablo Villarino libro\" width=\"399\" height=\"594\" srcset=\"https:\/\/seecolombia.travel\/blog\/wp-content\/uploads\/2017\/02\/Si-se-puede-vivir-viajando-Juan-Pablo.jpg 399w, https:\/\/seecolombia.travel\/blog\/wp-content\/uploads\/2017\/02\/Si-se-puede-vivir-viajando-Juan-Pablo-202x300.jpg 202w\" sizes=\"(max-width: 399px) 100vw, 399px\" \/><\/a><\/td>\n<\/tr>\n<\/tbody>\n<\/table>\n<p>!Buenos viajes!<\/p>\n<p><strong>JL<\/strong><\/p>\n","protected":false},"excerpt":{"rendered":"<p>** Inscr\u00edbete y asegura tu puesto en la preventa ac\u00e1: Si se puede vivir viajando** Cuenta atr\u00e1s para la preventaCountdown \/\/ Pocas cosas en la vida causan tanta satisfacci\u00f3n como ver un sue\u00f1o hecho realidad despu\u00e9s de tiempo de trabajo y \u00a0S\u00ed se puede vivir viajando,\u00a0la evoluci\u00f3n natural del proyecto 3 Travel Bloggers, es uno [&hellip;]<\/p>\n","protected":false},"author":3,"featured_media":24943,"comment_status":"open","ping_status":"open","sticky":false,"template":"","format":"standard","meta":{"ngg_post_thumbnail":0},"categories":[2361,1860,1979,865,3028],"tags":[2467,3030,1605,3029,3014],"yoast_head":"<!-- This site is optimized with the Yoast SEO Premium plugin v18.4 (Yoast SEO v18.9) - https:\/\/yoast.com\/wordpress\/plugins\/seo\/ -->\n<title>S\u00ed se puede vivir viajando: el libro de 3 Travel Bloggers - Colombia Travel Blog by See Colombia Travel<\/title>\n<meta name=\"robots\" content=\"index, follow, max-snippet:-1, max-image-preview:large, max-video-preview:-1\" \/>\n<link rel=\"canonical\" href=\"https:\/\/seecolombia.travel\/blog\/2017\/02\/si-se-puede-vivir-viajando-2\/\" \/>\n<meta property=\"og:locale\" content=\"en_US\" \/>\n<meta property=\"og:type\" content=\"article\" \/>\n<meta property=\"og:title\" content=\"S\u00ed se puede vivir viajando: el libro de 3 Travel Bloggers\" \/>\n<meta property=\"og:description\" content=\"** Inscr\u00edbete y asegura tu puesto en la preventa ac\u00e1: Si se puede vivir viajando** Cuenta atr\u00e1s para la preventaCountdown \/\/ Pocas cosas en la vida causan tanta satisfacci\u00f3n como ver un sue\u00f1o hecho realidad despu\u00e9s de tiempo de trabajo y \u00a0S\u00ed se puede vivir viajando,\u00a0la evoluci\u00f3n natural del proyecto 3 Travel Bloggers, es uno [&hellip;]\" \/>\n<meta property=\"og:url\" content=\"https:\/\/seecolombia.travel\/blog\/2017\/02\/si-se-puede-vivir-viajando-2\/\" \/>\n<meta property=\"og:site_name\" content=\"Colombia Travel Blog by See Colombia Travel\" \/>\n<meta property=\"article:published_time\" content=\"2017-02-24T21:51:36+00:00\" \/>\n<meta property=\"article:modified_time\" content=\"2021-08-23T16:32:44+00:00\" \/>\n<meta property=\"og:image\" content=\"https:\/\/seecolombia.travel\/blog\/wp-content\/uploads\/2017\/02\/Si-se-puede-vivir-viajando-.jpg\" \/>\n\t<meta property=\"og:image:width\" content=\"853\" \/>\n\t<meta property=\"og:image:height\" content=\"323\" \/>\n\t<meta property=\"og:image:type\" content=\"image\/jpeg\" \/>\n<meta name=\"twitter:card\" content=\"summary\" \/>\n<meta name=\"twitter:label1\" content=\"Written by\" \/>\n\t<meta name=\"twitter:data1\" content=\"JL\" \/>\n\t<meta name=\"twitter:label2\" content=\"Est. reading time\" \/>\n\t<meta name=\"twitter:data2\" content=\"2 minutes\" \/>\n<script type=\"application\/ld+json\" class=\"yoast-schema-graph\">{\"@context\":\"https:\/\/schema.org\",\"@graph\":[{\"@type\":\"WebSite\",\"@id\":\"https:\/\/seecolombia.travel\/blog\/#website\",\"url\":\"https:\/\/seecolombia.travel\/blog\/\",\"name\":\"Colombia Travel Blog by See Colombia Travel\",\"description\":\"Colombia Travel Blog: An international perspective on travelling in Colombia by world travellers.\",\"potentialAction\":[{\"@type\":\"SearchAction\",\"target\":{\"@type\":\"EntryPoint\",\"urlTemplate\":\"https:\/\/seecolombia.travel\/blog\/?s={search_term_string}\"},\"query-input\":\"required name=search_term_string\"}],\"inLanguage\":\"en-US\"},{\"@type\":\"ImageObject\",\"inLanguage\":\"en-US\",\"@id\":\"https:\/\/seecolombia.travel\/blog\/2017\/02\/si-se-puede-vivir-viajando-2\/#primaryimage\",\"url\":\"https:\/\/seecolombia.travel\/blog\/wp-content\/uploads\/2017\/02\/Si-se-puede-vivir-viajando-.jpg\",\"contentUrl\":\"https:\/\/seecolombia.travel\/blog\/wp-content\/uploads\/2017\/02\/Si-se-puede-vivir-viajando-.jpg\",\"width\":853,\"height\":323,\"caption\":\"Si Se puede vivir viajando\"},{\"@type\":\"WebPage\",\"@id\":\"https:\/\/seecolombia.travel\/blog\/2017\/02\/si-se-puede-vivir-viajando-2\/#webpage\",\"url\":\"https:\/\/seecolombia.travel\/blog\/2017\/02\/si-se-puede-vivir-viajando-2\/\",\"name\":\"S\u00ed se puede vivir viajando: el libro de 3 Travel Bloggers - Colombia Travel Blog by See Colombia Travel\",\"isPartOf\":{\"@id\":\"https:\/\/seecolombia.travel\/blog\/#website\"},\"primaryImageOfPage\":{\"@id\":\"https:\/\/seecolombia.travel\/blog\/2017\/02\/si-se-puede-vivir-viajando-2\/#primaryimage\"},\"datePublished\":\"2017-02-24T21:51:36+00:00\",\"dateModified\":\"2021-08-23T16:32:44+00:00\",\"author\":{\"@id\":\"https:\/\/seecolombia.travel\/blog\/#\/schema\/person\/d83df03ea54d1f0911d7098ebe26db49\"},\"breadcrumb\":{\"@id\":\"https:\/\/seecolombia.travel\/blog\/2017\/02\/si-se-puede-vivir-viajando-2\/#breadcrumb\"},\"inLanguage\":\"en-US\",\"potentialAction\":[{\"@type\":\"ReadAction\",\"target\":[\"https:\/\/seecolombia.travel\/blog\/2017\/02\/si-se-puede-vivir-viajando-2\/\"]}]},{\"@type\":\"BreadcrumbList\",\"@id\":\"https:\/\/seecolombia.travel\/blog\/2017\/02\/si-se-puede-vivir-viajando-2\/#breadcrumb\",\"itemListElement\":[{\"@type\":\"ListItem\",\"position\":1,\"name\":\"Home\",\"item\":\"https:\/\/seecolombia.travel\/blog\/\"},{\"@type\":\"ListItem\",\"position\":2,\"name\":\"S\u00ed se puede vivir viajando: el libro de 3 Travel Bloggers\"}]},{\"@type\":\"Person\",\"@id\":\"https:\/\/seecolombia.travel\/blog\/#\/schema\/person\/d83df03ea54d1f0911d7098ebe26db49\",\"name\":\"JL\",\"image\":{\"@type\":\"ImageObject\",\"inLanguage\":\"en-US\",\"@id\":\"https:\/\/seecolombia.travel\/blog\/#\/schema\/person\/image\/\",\"url\":\"https:\/\/secure.gravatar.com\/avatar\/68a3ba6dc377250ef6eb8cd56865210e?s=96&d=retro&r=g\",\"contentUrl\":\"https:\/\/secure.gravatar.com\/avatar\/68a3ba6dc377250ef6eb8cd56865210e?s=96&d=retro&r=g\",\"caption\":\"JL\"},\"description\":\"Ciudadano del mundo, nuestro Gerente de Marketing y comunicaciones se define como viajero, pap\u00e1, esposo y empresario. Es co-creador de Colombia Travel Blog junto a su esposa Marcela y creador de Fogg, la agencia de contenidos que produce el popular programa 3 Travel Bloggers. ----------- Our Marketing and Communications Manager, a self proclaimed citizen of the world, was born in Peru and raised in a number of different countries \u2013 including Angola, Thailand and Iceland \u2013 which instilled a deep love of travel and cultural diversity within him. With an extensive education in Marketing and Communications and after leaving a successful corporate career in the Telecom Industry, JL is now advocated to professionalize travel blogging in Latin America.\",\"sameAs\":[\"http:\/\/www.seecolombia.travel\"],\"url\":\"https:\/\/seecolombia.travel\/blog\/author\/jl\/\"}]}<\/script>\n<!-- \/ Yoast SEO Premium plugin. -->","yoast_head_json":{"title":"S\u00ed se puede vivir viajando: el libro de 3 Travel Bloggers - Colombia Travel Blog by See Colombia Travel","robots":{"index":"index","follow":"follow","max-snippet":"max-snippet:-1","max-image-preview":"max-image-preview:large","max-video-preview":"max-video-preview:-1"},"canonical":"https:\/\/seecolombia.travel\/blog\/2017\/02\/si-se-puede-vivir-viajando-2\/","og_locale":"en_US","og_type":"article","og_title":"S\u00ed se puede vivir viajando: el libro de 3 Travel Bloggers","og_description":"** Inscr\u00edbete y asegura tu puesto en la preventa ac\u00e1: Si se puede vivir viajando** Cuenta atr\u00e1s para la preventaCountdown \/\/ Pocas cosas en la vida causan tanta satisfacci\u00f3n como ver un sue\u00f1o hecho realidad despu\u00e9s de tiempo de trabajo y \u00a0S\u00ed se puede vivir viajando,\u00a0la evoluci\u00f3n natural del proyecto 3 Travel Bloggers, es uno [&hellip;]","og_url":"https:\/\/seecolombia.travel\/blog\/2017\/02\/si-se-puede-vivir-viajando-2\/","og_site_name":"Colombia Travel Blog by See Colombia Travel","article_published_time":"2017-02-24T21:51:36+00:00","article_modified_time":"2021-08-23T16:32:44+00:00","og_image":[{"width":853,"height":323,"url":"https:\/\/seecolombia.travel\/blog\/wp-content\/uploads\/2017\/02\/Si-se-puede-vivir-viajando-.jpg","type":"image\/jpeg"}],"twitter_card":"summary","twitter_misc":{"Written by":"JL","Est. reading time":"2 minutes"},"schema":{"@context":"https:\/\/schema.org","@graph":[{"@type":"WebSite","@id":"https:\/\/seecolombia.travel\/blog\/#website","url":"https:\/\/seecolombia.travel\/blog\/","name":"Colombia Travel Blog by See Colombia Travel","description":"Colombia Travel Blog: An international perspective on travelling in Colombia by world travellers.","potentialAction":[{"@type":"SearchAction","target":{"@type":"EntryPoint","urlTemplate":"https:\/\/seecolombia.travel\/blog\/?s={search_term_string}"},"query-input":"required name=search_term_string"}],"inLanguage":"en-US"},{"@type":"ImageObject","inLanguage":"en-US","@id":"https:\/\/seecolombia.travel\/blog\/2017\/02\/si-se-puede-vivir-viajando-2\/#primaryimage","url":"https:\/\/seecolombia.travel\/blog\/wp-content\/uploads\/2017\/02\/Si-se-puede-vivir-viajando-.jpg","contentUrl":"https:\/\/seecolombia.travel\/blog\/wp-content\/uploads\/2017\/02\/Si-se-puede-vivir-viajando-.jpg","width":853,"height":323,"caption":"Si Se puede vivir viajando"},{"@type":"WebPage","@id":"https:\/\/seecolombia.travel\/blog\/2017\/02\/si-se-puede-vivir-viajando-2\/#webpage","url":"https:\/\/seecolombia.travel\/blog\/2017\/02\/si-se-puede-vivir-viajando-2\/","name":"S\u00ed se puede vivir viajando: el libro de 3 Travel Bloggers - Colombia Travel Blog by See Colombia Travel","isPartOf":{"@id":"https:\/\/seecolombia.travel\/blog\/#website"},"primaryImageOfPage":{"@id":"https:\/\/seecolombia.travel\/blog\/2017\/02\/si-se-puede-vivir-viajando-2\/#primaryimage"},"datePublished":"2017-02-24T21:51:36+00:00","dateModified":"2021-08-23T16:32:44+00:00","author":{"@id":"https:\/\/seecolombia.travel\/blog\/#\/schema\/person\/d83df03ea54d1f0911d7098ebe26db49"},"breadcrumb":{"@id":"https:\/\/seecolombia.travel\/blog\/2017\/02\/si-se-puede-vivir-viajando-2\/#breadcrumb"},"inLanguage":"en-US","potentialAction":[{"@type":"ReadAction","target":["https:\/\/seecolombia.travel\/blog\/2017\/02\/si-se-puede-vivir-viajando-2\/"]}]},{"@type":"BreadcrumbList","@id":"https:\/\/seecolombia.travel\/blog\/2017\/02\/si-se-puede-vivir-viajando-2\/#breadcrumb","itemListElement":[{"@type":"ListItem","position":1,"name":"Home","item":"https:\/\/seecolombia.travel\/blog\/"},{"@type":"ListItem","position":2,"name":"S\u00ed se puede vivir viajando: el libro de 3 Travel Bloggers"}]},{"@type":"Person","@id":"https:\/\/seecolombia.travel\/blog\/#\/schema\/person\/d83df03ea54d1f0911d7098ebe26db49","name":"JL","image":{"@type":"ImageObject","inLanguage":"en-US","@id":"https:\/\/seecolombia.travel\/blog\/#\/schema\/person\/image\/","url":"https:\/\/secure.gravatar.com\/avatar\/68a3ba6dc377250ef6eb8cd56865210e?s=96&d=retro&r=g","contentUrl":"https:\/\/secure.gravatar.com\/avatar\/68a3ba6dc377250ef6eb8cd56865210e?s=96&d=retro&r=g","caption":"JL"},"description":"Ciudadano del mundo, nuestro Gerente de Marketing y comunicaciones se define como viajero, pap\u00e1, esposo y empresario. Es co-creador de Colombia Travel Blog junto a su esposa Marcela y creador de Fogg, la agencia de contenidos que produce el popular programa 3 Travel Bloggers. ----------- Our Marketing and Communications Manager, a self proclaimed citizen of the world, was born in Peru and raised in a number of different countries \u2013 including Angola, Thailand and Iceland \u2013 which instilled a deep love of travel and cultural diversity within him. With an extensive education in Marketing and Communications and after leaving a successful corporate career in the Telecom Industry, JL is now advocated to professionalize travel blogging in Latin America.","sameAs":["http:\/\/www.seecolombia.travel"],"url":"https:\/\/seecolombia.travel\/blog\/author\/jl\/"}]}},"amp_enabled":true,"_links":{"self":[{"href":"https:\/\/seecolombia.travel\/blog\/wp-json\/wp\/v2\/posts\/24941"}],"collection":[{"href":"https:\/\/seecolombia.travel\/blog\/wp-json\/wp\/v2\/posts"}],"about":[{"href":"https:\/\/seecolombia.travel\/blog\/wp-json\/wp\/v2\/types\/post"}],"author":[{"embeddable":true,"href":"https:\/\/seecolombia.travel\/blog\/wp-json\/wp\/v2\/users\/3"}],"replies":[{"embeddable":true,"href":"https:\/\/seecolombia.travel\/blog\/wp-json\/wp\/v2\/comments?post=24941"}],"version-history":[{"count":56,"href":"https:\/\/seecolombia.travel\/blog\/wp-json\/wp\/v2\/posts\/24941\/revisions"}],"predecessor-version":[{"id":26759,"href":"https:\/\/seecolombia.travel\/blog\/wp-json\/wp\/v2\/posts\/24941\/revisions\/26759"}],"wp:featuredmedia":[{"embeddable":true,"href":"https:\/\/seecolombia.travel\/blog\/wp-json\/wp\/v2\/media\/24943"}],"wp:attachment":[{"href":"https:\/\/seecolombia.travel\/blog\/wp-json\/wp\/v2\/media?parent=24941"}],"wp:term":[{"taxonomy":"category","embeddable":true,"href":"https:\/\/seecolombia.travel\/blog\/wp-json\/wp\/v2\/categories?post=24941"},{"taxonomy":"post_tag","embeddable":true,"href":"https:\/\/seecolombia.travel\/blog\/wp-json\/wp\/v2\/tags?post=24941"}],"curies":[{"name":"wp","href":"https:\/\/api.w.org\/{rel}","templated":true}]}}