{"id":24820,"date":"2017-02-09T12:40:58","date_gmt":"2017-02-09T17:40:58","guid":{"rendered":"http:\/\/seecolombia.travel\/blog\/?p=24820"},"modified":"2021-03-16T21:15:59","modified_gmt":"2021-03-17T02:15:59","slug":"viajar-con-ninos-a-portugal","status":"publish","type":"post","link":"https:\/\/seecolombia.travel\/blog\/2017\/02\/viajar-con-ninos-a-portugal\/","title":{"rendered":"\u00bfPortugal queda en Europa? &#8211; Un post de mam\u00e1 viajera."},"content":{"rendered":"<p>&nbsp;<\/p>\n<p>Yo s\u00e9 que deben estar pensando que me he vuelto loca, \u00a1todo el mundo sabe que <strong>Portugal est\u00e1 en Europa<\/strong>! Pero esa es la pregunta me hizo Maria del Mar con sus 5 a\u00f1os cuando est\u00e1bamos planeando nuestro viaje.<\/p>\n<p>Pero adem\u00e1s por estos lares es una pregunta muy v\u00e1lida, porque por razones\u00a0que desconozco, muchos latinoamericanos\u00a0no integran a <strong>Portugal en sus planes cuando viajan a Europa<\/strong>. \u00a0Y cuando he preguntado por qu\u00e9 , la respuesta es simplemente<em> \u00a1no lo s\u00e9!<\/em><\/p>\n<p>Debo confesar que yo estaba dentro de ese gran n\u00famero de personas que no conoc\u00eda Portugal y lo que es peor, \u00a0en mis 10 a\u00f1os de vivir en Londres, <strong>Portugal nunca estuvo en mi radar<\/strong>. \u00a0Nunca me imagin\u00e9 que este pa\u00eds hermoso tuviera tanta calidez en sus habitantes, tantos lugares, tantos matices, tantos sabores, tantos colores, tanta riqueza dispuesta a ser descubierta y compartida.<\/p>\n<p>Vivo convencida de que las cosas llegan cuando tienen que llegar, los lugares y personas que conocemos llegan a nuestras vidas en el momento justo, y as\u00ed fue Portugal. Es un destino vers\u00e1til, con ofertas para todos los gustos pero que, adem\u00e1s, parece que hubiera sido dise\u00f1ado para <strong>viajar en familia.<\/strong><\/p>\n<p>Ver a nuestra hija gozarse este pa\u00eds como lo hizo, me dej\u00f3 ver por qu\u00e9 ese fue el mejor momento para hacer un <strong>tour por Portugal.<\/strong><\/p>\n<p><strong>Mar\u00eda del Mar<\/strong> a\u00fan no puede escribir, pero, s\u00ed que puede narrar historias (ya pronto la ver\u00e1n en acci\u00f3n en nuestro pr\u00f3ximo <strong>video de\u00a0Portugal<\/strong>). \u00a0Este, a diferencia de otros posts y por primera vez en nuestro blog, va a ser \u201cdictado\u201d por ella y comentado por m\u00ed. Aqu\u00ed encontrar\u00e1n las actividades que m\u00e1s le gustaron a Maria del Mar de nuestro <strong>viaje de familia a Portugal<\/strong>.<\/p>\n<h2 style=\"text-align: left\"><strong>Lo que m\u00e1s le gust\u00f3 de Portugal \u00a0a Maria del Mar fue:<\/strong><\/h2>\n<ol>\n<li>\n<h4><strong><em>\u201cIr a pescar y el elefante. Es la primera vez que pesco y con mi pap\u00e1 atrapamos 6 pescados, dejamos ir a dos porque estaban muy chiquitos y los otros cuatro como no nos los pod\u00edamos llevar se los regalamos a unos ni\u00f1os.\u201d<\/em><\/strong><\/h4>\n<\/li>\n<\/ol>\n<figure id=\"attachment_24829\" aria-describedby=\"caption-attachment-24829\" style=\"width: 800px\" class=\"wp-caption alignright\"><a href=\"http:\/\/seecolombia.travel\/blog\/2017\/02\/viajar-con-ninos-a-portugal\/pescando-en-islas-berlengas\/\" rel=\"attachment wp-att-24829\"><img loading=\"lazy\" class=\"size-full wp-image-24829\" src=\"https:\/\/seecolombia.travel\/blog\/wp-content\/uploads\/2017\/02\/Pescando-en-Islas-Berlengas.png\" alt=\"De pesca en Islas Berlengas en familia\" width=\"800\" height=\"800\" srcset=\"https:\/\/seecolombia.travel\/blog\/wp-content\/uploads\/2017\/02\/Pescando-en-Islas-Berlengas.png 800w, https:\/\/seecolombia.travel\/blog\/wp-content\/uploads\/2017\/02\/Pescando-en-Islas-Berlengas-150x150.png 150w, https:\/\/seecolombia.travel\/blog\/wp-content\/uploads\/2017\/02\/Pescando-en-Islas-Berlengas-300x300.png 300w, https:\/\/seecolombia.travel\/blog\/wp-content\/uploads\/2017\/02\/Pescando-en-Islas-Berlengas-768x768.png 768w, https:\/\/seecolombia.travel\/blog\/wp-content\/uploads\/2017\/02\/Pescando-en-Islas-Berlengas-640x640.png 640w\" sizes=\"(max-width: 800px) 100vw, 800px\" \/><\/a><figcaption id=\"caption-attachment-24829\" class=\"wp-caption-text\">JL &amp; Maria del Mar pescando (por primera vez), el producido del dia y el elefante posando<\/figcaption><\/figure>\n<p>&nbsp;<\/p>\n<p>Este lugar, que parece sacado de una postal, se llama <a href=\"https:\/\/es.wikipedia.org\/wiki\/Archipi%C3%A9lago_de_las_Berlengas\" target=\"_blank\" rel=\"noopener\"><strong><em>Islas Berlengas<\/em><\/strong><\/a> \u00a0y se llega a ella desde <strong>Peniche<\/strong> (a s\u00f3lo 1 hora de Lisboa). Se pueden hacer <a href=\"http:\/\/www.madomistours.pt\/\" target=\"_blank\" rel=\"noopener\"><strong><em>tours de un d\u00eda a Islas Berlengas<\/em><\/strong>\u00a0<\/a>\u00a0y es particularmente especial para familias porque hay actividades para hacer juntos y tambi\u00e9n individualmente. Se pueden hacer caminatas sobre la monta\u00f1a rocosa o explorar la <strong>fortaleza de <\/strong><strong><em>S\u00e3o Jo\u00f5<\/em><\/strong><strong><em> Barista<\/em><\/strong>. Tambi\u00e9n, mientras unos hacen el<strong> tour de pesca<\/strong> los otros pueden hacer <strong>buceo o careteo<\/strong> o simplemente relajarse en la playa. Los pescados se pueden hacer preparar por los pescadores locales para el almuerzo mientras uno disfruta de la isla.<\/p>\n<p>El elefante al que Maria del Mar hace referencia es otra de las grandes atracciones que mantiene el inter\u00e9s de los m\u00e1s chiquitos, pues de regreso a Peniche la tripulaci\u00f3n les pide que los <strong>ayuden a encontrar el elefante<\/strong> mientras miran los islotes rocosos. Y \u00a1oh sorpresa! cuando por fin, despu\u00e9s de buscar y buscar, aparece ante nosotros esta monta\u00f1a gigante que se transforma en un elefante como posando para que le tomemos fotos mientras toma agua del mar.<\/p>\n<ol start=\"2\">\n<li>\n<h4><strong><em>\u201cLeer muchos libros con mi pap\u00e1 y \u00a1Tomar leche en tacitas de chocolate en un castillo!\u201d<\/em><\/strong><\/h4>\n<\/li>\n<\/ol>\n<figure id=\"attachment_24831\" aria-describedby=\"caption-attachment-24831\" style=\"width: 800px\" class=\"wp-caption alignright\"><a href=\"http:\/\/seecolombia.travel\/blog\/2017\/02\/viajar-con-ninos-a-portugal\/ginjinha-en-obidos\/\" rel=\"attachment wp-att-24831\"><img loading=\"lazy\" class=\"size-full wp-image-24831\" src=\"https:\/\/seecolombia.travel\/blog\/wp-content\/uploads\/2017\/02\/Ginjinha-en-\u00d3bidos.jpg\" alt=\"Ginjinha en \u00d3bidos\" width=\"800\" height=\"464\" srcset=\"https:\/\/seecolombia.travel\/blog\/wp-content\/uploads\/2017\/02\/Ginjinha-en-\u00d3bidos.jpg 800w, https:\/\/seecolombia.travel\/blog\/wp-content\/uploads\/2017\/02\/Ginjinha-en-\u00d3bidos-300x174.jpg 300w, https:\/\/seecolombia.travel\/blog\/wp-content\/uploads\/2017\/02\/Ginjinha-en-\u00d3bidos-768x445.jpg 768w\" sizes=\"(max-width: 800px) 100vw, 800px\" \/><\/a><figcaption id=\"caption-attachment-24831\" class=\"wp-caption-text\">Tacitas comestibles de chocolate<\/figcaption><\/figure>\n<p>Este lugar m\u00e1gico donde se mezclan dos de las cosas que Maria del Mar\u00a0m\u00e1s disfruta -libros y chocolates &#8211; se llama <a href=\"http:\/\/www.efetur.com\/noticia\/obidos-la-mayor-libreria-de-portugal-obidos-cultura\/\" target=\"_blank\" rel=\"noopener\"><strong><em>\u00d3bidos \u00a0<\/em><\/strong><\/a>\u00a0que queda solo a 1 hora de Lisboa, a 1 hora de <strong>Coimbra<\/strong> y a solo 20 minutos de <strong>Peniche<\/strong>. Los libros son el \u00e1rea de expertise de JL (como muy bien lo relata en su <a href=\"http:\/\/seecolombia.travel\/blog\/2017\/02\/que-hay-en-portugal\/\" target=\"_blank\" rel=\"noopener\">post sobre Portugal<\/a> ) algo que Maria del Mar ha heredado sin duda alguna. As\u00ed que despu\u00e9s de leer docenas de cuentos escondidos en varias de <strong>las librer\u00edas tem\u00e1ticas<\/strong> que le dan una nueva vida a este pueblo medieval, al final del d\u00eda, los padres y ni\u00f1os se pueden sentar en una tasca a disfrutar, los primeros, de unas deliciosas copas de <em><strong>ginjinha<\/strong><\/em><strong><em>\u00a0<\/em><\/strong><strong><em>o\u00a0<\/em><\/strong><em>Ginja <\/em>(una <em><strong>bebida<\/strong> hecha de guindas, aguardiente, az\u00facar y otros ingredientes)<\/em><em> y<\/em> los segundos, de un poco de leche en tacitas comestibles de chocolate que son el complemento perfecto a una deliciosa comida. \u00a0Aqu\u00ed es el \u00fanico lugar donde es permitido comer chocolate antes de cenar \ud83d\ude09<\/p>\n<ol start=\"3\">\n<li>\n<h4><strong><em>\u201cVer c\u00f3mo se hacen las vajillas de mi mam\u00e1, con las que jugamos a tomar el t\u00e9\u201d<\/em><\/strong><\/h4>\n<p><figure id=\"attachment_24864\" aria-describedby=\"caption-attachment-24864\" style=\"width: 800px\" class=\"wp-caption aligncenter\"><a href=\"http:\/\/seecolombia.travel\/blog\/2017\/02\/viajar-con-ninos-a-portugal\/vajilla-portuguesa\/\" rel=\"attachment wp-att-24864\"><img loading=\"lazy\" class=\"size-full wp-image-24864\" src=\"https:\/\/seecolombia.travel\/blog\/wp-content\/uploads\/2017\/02\/Vajilla-Portuguesa.jpg\" alt=\"Vajilla Portuguesa en Vista Alegre\" width=\"800\" height=\"450\" srcset=\"https:\/\/seecolombia.travel\/blog\/wp-content\/uploads\/2017\/02\/Vajilla-Portuguesa.jpg 800w, https:\/\/seecolombia.travel\/blog\/wp-content\/uploads\/2017\/02\/Vajilla-Portuguesa-300x169.jpg 300w, https:\/\/seecolombia.travel\/blog\/wp-content\/uploads\/2017\/02\/Vajilla-Portuguesa-768x432.jpg 768w\" sizes=\"(max-width: 800px) 100vw, 800px\" \/><\/a><figcaption id=\"caption-attachment-24864\" class=\"wp-caption-text\">Vajilla portuguesa para la reina de Inglaterra.<\/figcaption><\/figure><\/li>\n<\/ol>\n<p>\u00bfLes mencion\u00e9 que JL es amante de los libros? Bueno, lo m\u00edo son las <strong>vajillas y los juegos de t\u00e9<\/strong>. Haber vivido en Inglaterra tanto tiempo, me dej\u00f3 el amor por el t\u00e9 y las muchas maneras de servirlo, algo que Maria del Mar tambi\u00e9n ha heredado. As\u00ed que cuando llegamos y nos hospedamos en el <a href=\"http:\/\/www.hotelmontebelovistaalegre.pt\/\" target=\"_blank\" rel=\"noopener\"><strong><em>Montebello Vista Alegre \u00cdlhavo Hotel<\/em><\/strong>\u00a0<\/a>, yo estaba en el cielo. La famos\u00edsima <a href=\"http:\/\/vistaalegre.com\/international\/\" target=\"_blank\" rel=\"noopener\"><strong><em>f\u00e1brica de porcelana Vista Alegre<\/em><\/strong> <\/a>\u00a0ha existido desde 1824 y desde 1947 incorpor\u00f3\u00a0su museo &#8211; recientemente renovado &#8211; donde se encuentran <strong>m\u00e1s de treinta mil piezas \u00fanicas.<\/strong> El recorrido es emocionante y enriquecedor, es otra forma de aprender sobre la <strong>cultura lusitana<\/strong> y su historia, sobre todo cuando se descubre que en esta f\u00e1brica es donde la familia real de Inglaterra, los Reagan y otros grandes personajes de la historia mundial han mandado a hacer sus <strong>vajillas personales<\/strong>. Es decir que Portugal ha sido testigo, de una manera muy especial, de apartes de la historia mundial y ahora tambi\u00e9n hace parte de nuestra historia familiar.<\/p>\n<ol start=\"4\">\n<li>\n<h4><strong><em>\u201cMontar en poni y ver a mi mam\u00e1 volando\u201d<\/em><\/strong><\/h4>\n<\/li>\n<\/ol>\n<p>Todo esto pas\u00f3 en el <a href=\"http:\/\/www.penaaventura.com.pt\/\" target=\"_blank\" rel=\"noopener\"><strong><em>Pena Aventura Park<\/em><\/strong>\u00a0<\/a>\u00a0que est\u00e1 s\u00f3lo a <strong>una hora de Porto<\/strong> y justo al lado de la frontera con el sur de Espa\u00f1a. La evidencia de esta aventura est\u00e1 aqu\u00ed:<\/p>\n<p style=\"text-align: left\">Este <strong>parque de aventura<\/strong> tiene actividades para todos, grandes y chiquitos. Uno, facilmente, se podr\u00eda quedar 5 d\u00edas haciendo una actividad diferente todos los d\u00edas sin repetir. Las actividades individuales van <strong>desde los 6\u20ac<\/strong> o se pueden comprar <strong>paquetes desde los 13\u20ac<\/strong>. Y para completar esta aventura, a diez pasos del parque est\u00e1 el Pena Park Hotel , que ofrece habitaciones familiares, una comida deliciosa y un spa fant\u00e1stico para despu\u00e9s de un d\u00eda lleno de actividades o de pasear en bicicleta por las monta\u00f1as (el hotel ofrece este servicio). El lugar es paradisiaco y s\u00faper recomendado para viajar en familia, en pareja o con amigos. \u00a1De verdad yo volver\u00eda feliz con mis amigas!<\/p>\n<ol start=\"5\">\n<li>\n<h4><strong><em>\u201cEntrar a las cuevas donde est\u00e1n los vinos\u201d <\/em><\/strong><\/h4>\n<\/li>\n<\/ol>\n<figure id=\"attachment_24832\" aria-describedby=\"caption-attachment-24832\" style=\"width: 800px\" class=\"wp-caption alignright\"><a href=\"http:\/\/seecolombia.travel\/blog\/2017\/02\/viajar-con-ninos-a-portugal\/portugal-norte-cata-de-vinos\/\" rel=\"attachment wp-att-24832\"><img loading=\"lazy\" class=\"size-full wp-image-24832\" src=\"https:\/\/seecolombia.travel\/blog\/wp-content\/uploads\/2017\/02\/PORTUGAL-NORTE-CATA-DE-VINOS-.jpg\" alt=\"Analizando con Maria del Mar las lagrimas del vino\" width=\"800\" height=\"424\" srcset=\"https:\/\/seecolombia.travel\/blog\/wp-content\/uploads\/2017\/02\/PORTUGAL-NORTE-CATA-DE-VINOS-.jpg 800w, https:\/\/seecolombia.travel\/blog\/wp-content\/uploads\/2017\/02\/PORTUGAL-NORTE-CATA-DE-VINOS--300x159.jpg 300w, https:\/\/seecolombia.travel\/blog\/wp-content\/uploads\/2017\/02\/PORTUGAL-NORTE-CATA-DE-VINOS--768x407.jpg 768w\" sizes=\"(max-width: 800px) 100vw, 800px\" \/><\/a><figcaption id=\"caption-attachment-24832\" class=\"wp-caption-text\">Analizando con Maria del Mar las lagrimas del vino<\/figcaption><\/figure>\n<p>Siempre hemos dicho que el hecho de <strong>viajar con ni\u00f1os no significa dejar de hacer las cosas que nos gustan<\/strong> como adultos. Lo que hacemos nosotros, es presentarle las actividades a Maria del Mar de tal forma que sean entretenidas para ella y m\u00e1s f\u00e1ciles para nosotros. El ejemplo claro de esto en nuestro <strong>viaje a Portugal en familia<\/strong> fue c\u00f3mo lograr hacer 3 catas diarias de vino y no fallar en el intento (jaja). \u00a0Ustedes ya se imaginar\u00e1n que lo que m\u00e1s disfrutamos nosotros, fue descubrir el <strong><em>vinho verde<\/em> <\/strong>helado, que JL describe tan bien en su post, pero lo que m\u00e1s disfrut\u00f3 Maria del Mar de las catas, fue cuando nos adentr\u00e1bamos a las cavas oscuras y llenas de botellas cubiertas de polvo. Sobre los hombros de su pap\u00e1, o\u00eda con atenci\u00f3n las historias y los procesos por los que pasan las uvas para llegar hasta ah\u00ed. Aprendimos que a\u00fan hoy en d\u00eda, para hacer un buen vino,\u00a0<strong>el proceso de removido se hace manualmente<\/strong> y Maria del Mar tuvo la oportunidad de girar ella misma las botellas para que los sedimentos se reacomodaran, un proceso que es s\u00faper importante en la elaboraci\u00f3n de vino. \u00bfUstedes le dejar\u00edan mover una botella de muchos a\u00f1os de a\u00f1ejamiento y varios cientos de euros <strong>a una ni\u00f1a de 5 a\u00f1os<\/strong>? Pues nuestros anfitriones\u00a0de <a href=\"http:\/\/www.murganheira.com\/contactos.htm\">Murganheira<\/a>\u00a0s\u00ed y con el mayor de los cuidados Mar\u00eda del Mar lo hizo, haci\u00e9ndola parte de este importante proceso. La disposici\u00f3n de todos para que la visita de Maria del Mar fuera enriquecedora nos dej\u00f3 a Jose y a mi m\u00e1s enamorados de este pa\u00eds que nunca.<\/p>\n<p><em>Nuestro viaje a Portugal fue gracias a la invitaci\u00f3n de \u00a0<\/em><a href=\"https:\/\/www.portugal-aptece.com\/\" target=\"_blank\" rel=\"noopener\"><em>APTECE<\/em><\/a><em>\u00a0y \u00a0<\/em><a href=\"http:\/\/www.visitcentro.com\/\" target=\"_blank\" rel=\"noopener\"><em>Centro de Portugal Tourism Board<\/em><\/a><em>, como parte de su iniciativa de \u00a0<\/em><a href=\"http:\/\/rotadopeixe.com\/project\/?lang=en\" target=\"_blank\" rel=\"noopener\"><em>Rota do Peixe<\/em><\/a><em>\u00a0en el Centro de Portugal. En Oporto y la parte norte del pa\u00eds nuestros anfitriones fueron\u00a0\u00a0<\/em><a href=\"http:\/\/www.portoenorte.pt\/\" target=\"_blank\" rel=\"noopener\"><em>Porto and North of Portugal Tourism Board<\/em><\/a><em>.<\/em><\/p>\n<p>Tambi\u00e9n quiero agradecer especialmente a <a href=\"https:\/\/www.facebook.com\/nelson.carvalheiro?fref=ts\" target=\"_blank\" rel=\"noopener\">Nelson Carvalheiro<\/a> \u00a0a <strong>Jos\u00e9 Manuel Santos<\/strong> de Madomis Tours, nuestro gu\u00eda y mejor amigo de Maria del Mar en Portugal con quien descubrimos las playas y comidas deliciosas del centro del pa\u00eds \u00a0y a \u00a0<strong>Agostinho Peixoto<\/strong> y <strong>Nuno Ferreira<\/strong>, quienes nos hicieron la vida feliz y nos mostraron con mucho orgullo la parte m\u00e1s verde\u00a0 de Portugal, no solo por sus vinos sino por sus espectaculares monta\u00f1as.<\/p>\n<p>Espero que Maria del Mar \u00a0(y yo ;)) los hayamos inspirado para que se animen a <strong>viajar con ni\u00f1os a Portugal.<\/strong><\/p>\n<figure id=\"attachment_24837\" aria-describedby=\"caption-attachment-24837\" style=\"width: 800px\" class=\"wp-caption aligncenter\"><a href=\"http:\/\/seecolombia.travel\/blog\/2017\/02\/viajar-con-ninos-a-portugal\/portugal-centro-viajar-con-ninos\/\" rel=\"attachment wp-att-24837\"><img loading=\"lazy\" class=\"size-full wp-image-24837\" src=\"https:\/\/seecolombia.travel\/blog\/wp-content\/uploads\/2017\/02\/PORTUGAL-CENTRO-viajar-con-ni\u00f1os.jpg\" alt=\"tour en bicicleta portugal\" width=\"800\" height=\"351\" srcset=\"https:\/\/seecolombia.travel\/blog\/wp-content\/uploads\/2017\/02\/PORTUGAL-CENTRO-viajar-con-ni\u00f1os.jpg 800w, https:\/\/seecolombia.travel\/blog\/wp-content\/uploads\/2017\/02\/PORTUGAL-CENTRO-viajar-con-ni\u00f1os-300x132.jpg 300w, https:\/\/seecolombia.travel\/blog\/wp-content\/uploads\/2017\/02\/PORTUGAL-CENTRO-viajar-con-ni\u00f1os-768x337.jpg 768w\" sizes=\"(max-width: 800px) 100vw, 800px\" \/><\/a><figcaption id=\"caption-attachment-24837\" class=\"wp-caption-text\">Paseo en bici desde Praia da Veira hasta Nazar\u00e9 Portugal<\/figcaption><\/figure>\n<p>Pronto estaremos lanzando los videos de Norte y Centro de Portugal en <a href=\"https:\/\/www.facebook.com\/3TravelBloggers\/\" target=\"_blank\" rel=\"noopener\">3 Travel Bloggers<\/a> \u00a0as\u00ed que \u00a1est\u00e9n pendientes!<\/p>\n<p>\u00a1Felices viajes en familia!<\/p>\n<p><strong>Marcela<\/strong><\/p>\n","protected":false},"excerpt":{"rendered":"<p>&nbsp; Yo s\u00e9 que deben estar pensando que me he vuelto loca, \u00a1todo el mundo sabe que Portugal est\u00e1 en Europa! Pero esa es la pregunta me hizo Maria del Mar con sus 5 a\u00f1os cuando est\u00e1bamos planeando nuestro viaje. Pero adem\u00e1s por estos lares es una pregunta muy v\u00e1lida, porque por razones\u00a0que desconozco, muchos [&hellip;]<\/p>\n","protected":false},"author":1,"featured_media":24850,"comment_status":"open","ping_status":"open","sticky":false,"template":"","format":"standard","meta":{"ngg_post_thumbnail":0},"categories":[865,3021,2411,2680,3022],"tags":[2467,2957],"yoast_head":"<!-- This site is optimized with the Yoast SEO Premium plugin v18.4 (Yoast SEO v18.9) - https:\/\/yoast.com\/wordpress\/plugins\/seo\/ -->\n<title>\u00bfPortugal queda en Europa? - Un post de mam\u00e1 viajera. - Colombia Travel Blog by See Colombia Travel<\/title>\n<meta name=\"robots\" content=\"index, follow, max-snippet:-1, max-image-preview:large, max-video-preview:-1\" \/>\n<link rel=\"canonical\" href=\"https:\/\/seecolombia.travel\/blog\/2017\/02\/viajar-con-ninos-a-portugal\/\" \/>\n<meta property=\"og:locale\" content=\"en_US\" \/>\n<meta property=\"og:type\" content=\"article\" \/>\n<meta property=\"og:title\" content=\"\u00bfPortugal queda en Europa? - Un post de mam\u00e1 viajera.\" \/>\n<meta property=\"og:description\" content=\"&nbsp; Yo s\u00e9 que deben estar pensando que me he vuelto loca, \u00a1todo el mundo sabe que Portugal est\u00e1 en Europa! Pero esa es la pregunta me hizo Maria del Mar con sus 5 a\u00f1os cuando est\u00e1bamos planeando nuestro viaje. Pero adem\u00e1s por estos lares es una pregunta muy v\u00e1lida, porque por razones\u00a0que desconozco, muchos [&hellip;]\" \/>\n<meta property=\"og:url\" content=\"https:\/\/seecolombia.travel\/blog\/2017\/02\/viajar-con-ninos-a-portugal\/\" \/>\n<meta property=\"og:site_name\" content=\"Colombia Travel Blog by See Colombia Travel\" \/>\n<meta property=\"article:published_time\" content=\"2017-02-09T17:40:58+00:00\" \/>\n<meta property=\"article:modified_time\" content=\"2021-03-17T02:15:59+00:00\" \/>\n<meta property=\"og:image\" content=\"https:\/\/seecolombia.travel\/blog\/wp-content\/uploads\/2017\/02\/Portugal-Queda-en-Europa.jpg\" \/>\n\t<meta property=\"og:image:width\" content=\"800\" \/>\n\t<meta property=\"og:image:height\" content=\"326\" \/>\n\t<meta property=\"og:image:type\" content=\"image\/jpeg\" \/>\n<meta name=\"twitter:card\" content=\"summary\" \/>\n<meta name=\"twitter:label1\" content=\"Written by\" \/>\n\t<meta name=\"twitter:data1\" content=\"Marcela\" \/>\n\t<meta name=\"twitter:label2\" content=\"Est. reading time\" \/>\n\t<meta name=\"twitter:data2\" content=\"8 minutes\" \/>\n<script type=\"application\/ld+json\" class=\"yoast-schema-graph\">{\"@context\":\"https:\/\/schema.org\",\"@graph\":[{\"@type\":\"WebSite\",\"@id\":\"https:\/\/seecolombia.travel\/blog\/#website\",\"url\":\"https:\/\/seecolombia.travel\/blog\/\",\"name\":\"Colombia Travel Blog by See Colombia Travel\",\"description\":\"Colombia Travel Blog: An international perspective on travelling in Colombia by world travellers.\",\"potentialAction\":[{\"@type\":\"SearchAction\",\"target\":{\"@type\":\"EntryPoint\",\"urlTemplate\":\"https:\/\/seecolombia.travel\/blog\/?s={search_term_string}\"},\"query-input\":\"required name=search_term_string\"}],\"inLanguage\":\"en-US\"},{\"@type\":\"ImageObject\",\"inLanguage\":\"en-US\",\"@id\":\"https:\/\/seecolombia.travel\/blog\/2017\/02\/viajar-con-ninos-a-portugal\/#primaryimage\",\"url\":\"https:\/\/seecolombia.travel\/blog\/wp-content\/uploads\/2017\/02\/Portugal-Queda-en-Europa.jpg\",\"contentUrl\":\"https:\/\/seecolombia.travel\/blog\/wp-content\/uploads\/2017\/02\/Portugal-Queda-en-Europa.jpg\",\"width\":800,\"height\":326,\"caption\":\"Portugal con nilos\"},{\"@type\":\"WebPage\",\"@id\":\"https:\/\/seecolombia.travel\/blog\/2017\/02\/viajar-con-ninos-a-portugal\/#webpage\",\"url\":\"https:\/\/seecolombia.travel\/blog\/2017\/02\/viajar-con-ninos-a-portugal\/\",\"name\":\"\u00bfPortugal queda en Europa? - Un post de mam\u00e1 viajera. - Colombia Travel Blog by See Colombia Travel\",\"isPartOf\":{\"@id\":\"https:\/\/seecolombia.travel\/blog\/#website\"},\"primaryImageOfPage\":{\"@id\":\"https:\/\/seecolombia.travel\/blog\/2017\/02\/viajar-con-ninos-a-portugal\/#primaryimage\"},\"datePublished\":\"2017-02-09T17:40:58+00:00\",\"dateModified\":\"2021-03-17T02:15:59+00:00\",\"author\":{\"@id\":\"https:\/\/seecolombia.travel\/blog\/#\/schema\/person\/c4a859d09f02427fefbe496b839be27a\"},\"breadcrumb\":{\"@id\":\"https:\/\/seecolombia.travel\/blog\/2017\/02\/viajar-con-ninos-a-portugal\/#breadcrumb\"},\"inLanguage\":\"en-US\",\"potentialAction\":[{\"@type\":\"ReadAction\",\"target\":[\"https:\/\/seecolombia.travel\/blog\/2017\/02\/viajar-con-ninos-a-portugal\/\"]}]},{\"@type\":\"BreadcrumbList\",\"@id\":\"https:\/\/seecolombia.travel\/blog\/2017\/02\/viajar-con-ninos-a-portugal\/#breadcrumb\",\"itemListElement\":[{\"@type\":\"ListItem\",\"position\":1,\"name\":\"Home\",\"item\":\"https:\/\/seecolombia.travel\/blog\/\"},{\"@type\":\"ListItem\",\"position\":2,\"name\":\"\u00bfPortugal queda en Europa? &#8211; Un post de mam\u00e1 viajera.\"}]},{\"@type\":\"Person\",\"@id\":\"https:\/\/seecolombia.travel\/blog\/#\/schema\/person\/c4a859d09f02427fefbe496b839be27a\",\"name\":\"Marcela\",\"image\":{\"@type\":\"ImageObject\",\"inLanguage\":\"en-US\",\"@id\":\"https:\/\/seecolombia.travel\/blog\/#\/schema\/person\/image\/\",\"url\":\"https:\/\/secure.gravatar.com\/avatar\/e8fde3eb9081550633d2aa18367738ae?s=96&d=retro&r=g\",\"contentUrl\":\"https:\/\/secure.gravatar.com\/avatar\/e8fde3eb9081550633d2aa18367738ae?s=96&d=retro&r=g\",\"caption\":\"Marcela\"},\"description\":\"After living in England for 10 years and finishing a Hotel Management and a Business degree in London, Marcela decided that she should take her dream holiday before going back home \u2013 so she joined and overland tour to Egypt. She immediately felt a connection with the travel industry. After a month\u2019s traveling in the Middle East, Marcela found herself in Lima, following her dream, working whilst travelling as a tour leader in the whole of South America. For the past 4 years, Marcela has been planning and working to bring her greatest dream to life, to find the best team to deliver Colombia to the world and to make Seecolombia.travel the greatest Colombian tour operator in the world.\",\"url\":\"https:\/\/seecolombia.travel\/blog\/author\/marcela\/\"}]}<\/script>\n<!-- \/ Yoast SEO Premium plugin. -->","yoast_head_json":{"title":"\u00bfPortugal queda en Europa? - Un post de mam\u00e1 viajera. - Colombia Travel Blog by See Colombia Travel","robots":{"index":"index","follow":"follow","max-snippet":"max-snippet:-1","max-image-preview":"max-image-preview:large","max-video-preview":"max-video-preview:-1"},"canonical":"https:\/\/seecolombia.travel\/blog\/2017\/02\/viajar-con-ninos-a-portugal\/","og_locale":"en_US","og_type":"article","og_title":"\u00bfPortugal queda en Europa? - Un post de mam\u00e1 viajera.","og_description":"&nbsp; Yo s\u00e9 que deben estar pensando que me he vuelto loca, \u00a1todo el mundo sabe que Portugal est\u00e1 en Europa! Pero esa es la pregunta me hizo Maria del Mar con sus 5 a\u00f1os cuando est\u00e1bamos planeando nuestro viaje. Pero adem\u00e1s por estos lares es una pregunta muy v\u00e1lida, porque por razones\u00a0que desconozco, muchos [&hellip;]","og_url":"https:\/\/seecolombia.travel\/blog\/2017\/02\/viajar-con-ninos-a-portugal\/","og_site_name":"Colombia Travel Blog by See Colombia Travel","article_published_time":"2017-02-09T17:40:58+00:00","article_modified_time":"2021-03-17T02:15:59+00:00","og_image":[{"width":800,"height":326,"url":"https:\/\/seecolombia.travel\/blog\/wp-content\/uploads\/2017\/02\/Portugal-Queda-en-Europa.jpg","type":"image\/jpeg"}],"twitter_card":"summary","twitter_misc":{"Written by":"Marcela","Est. reading time":"8 minutes"},"schema":{"@context":"https:\/\/schema.org","@graph":[{"@type":"WebSite","@id":"https:\/\/seecolombia.travel\/blog\/#website","url":"https:\/\/seecolombia.travel\/blog\/","name":"Colombia Travel Blog by See Colombia Travel","description":"Colombia Travel Blog: An international perspective on travelling in Colombia by world travellers.","potentialAction":[{"@type":"SearchAction","target":{"@type":"EntryPoint","urlTemplate":"https:\/\/seecolombia.travel\/blog\/?s={search_term_string}"},"query-input":"required name=search_term_string"}],"inLanguage":"en-US"},{"@type":"ImageObject","inLanguage":"en-US","@id":"https:\/\/seecolombia.travel\/blog\/2017\/02\/viajar-con-ninos-a-portugal\/#primaryimage","url":"https:\/\/seecolombia.travel\/blog\/wp-content\/uploads\/2017\/02\/Portugal-Queda-en-Europa.jpg","contentUrl":"https:\/\/seecolombia.travel\/blog\/wp-content\/uploads\/2017\/02\/Portugal-Queda-en-Europa.jpg","width":800,"height":326,"caption":"Portugal con nilos"},{"@type":"WebPage","@id":"https:\/\/seecolombia.travel\/blog\/2017\/02\/viajar-con-ninos-a-portugal\/#webpage","url":"https:\/\/seecolombia.travel\/blog\/2017\/02\/viajar-con-ninos-a-portugal\/","name":"\u00bfPortugal queda en Europa? - Un post de mam\u00e1 viajera. - Colombia Travel Blog by See Colombia Travel","isPartOf":{"@id":"https:\/\/seecolombia.travel\/blog\/#website"},"primaryImageOfPage":{"@id":"https:\/\/seecolombia.travel\/blog\/2017\/02\/viajar-con-ninos-a-portugal\/#primaryimage"},"datePublished":"2017-02-09T17:40:58+00:00","dateModified":"2021-03-17T02:15:59+00:00","author":{"@id":"https:\/\/seecolombia.travel\/blog\/#\/schema\/person\/c4a859d09f02427fefbe496b839be27a"},"breadcrumb":{"@id":"https:\/\/seecolombia.travel\/blog\/2017\/02\/viajar-con-ninos-a-portugal\/#breadcrumb"},"inLanguage":"en-US","potentialAction":[{"@type":"ReadAction","target":["https:\/\/seecolombia.travel\/blog\/2017\/02\/viajar-con-ninos-a-portugal\/"]}]},{"@type":"BreadcrumbList","@id":"https:\/\/seecolombia.travel\/blog\/2017\/02\/viajar-con-ninos-a-portugal\/#breadcrumb","itemListElement":[{"@type":"ListItem","position":1,"name":"Home","item":"https:\/\/seecolombia.travel\/blog\/"},{"@type":"ListItem","position":2,"name":"\u00bfPortugal queda en Europa? &#8211; Un post de mam\u00e1 viajera."}]},{"@type":"Person","@id":"https:\/\/seecolombia.travel\/blog\/#\/schema\/person\/c4a859d09f02427fefbe496b839be27a","name":"Marcela","image":{"@type":"ImageObject","inLanguage":"en-US","@id":"https:\/\/seecolombia.travel\/blog\/#\/schema\/person\/image\/","url":"https:\/\/secure.gravatar.com\/avatar\/e8fde3eb9081550633d2aa18367738ae?s=96&d=retro&r=g","contentUrl":"https:\/\/secure.gravatar.com\/avatar\/e8fde3eb9081550633d2aa18367738ae?s=96&d=retro&r=g","caption":"Marcela"},"description":"After living in England for 10 years and finishing a Hotel Management and a Business degree in London, Marcela decided that she should take her dream holiday before going back home \u2013 so she joined and overland tour to Egypt. She immediately felt a connection with the travel industry. After a month\u2019s traveling in the Middle East, Marcela found herself in Lima, following her dream, working whilst travelling as a tour leader in the whole of South America. For the past 4 years, Marcela has been planning and working to bring her greatest dream to life, to find the best team to deliver Colombia to the world and to make Seecolombia.travel the greatest Colombian tour operator in the world.","url":"https:\/\/seecolombia.travel\/blog\/author\/marcela\/"}]}},"amp_enabled":true,"_links":{"self":[{"href":"https:\/\/seecolombia.travel\/blog\/wp-json\/wp\/v2\/posts\/24820"}],"collection":[{"href":"https:\/\/seecolombia.travel\/blog\/wp-json\/wp\/v2\/posts"}],"about":[{"href":"https:\/\/seecolombia.travel\/blog\/wp-json\/wp\/v2\/types\/post"}],"author":[{"embeddable":true,"href":"https:\/\/seecolombia.travel\/blog\/wp-json\/wp\/v2\/users\/1"}],"replies":[{"embeddable":true,"href":"https:\/\/seecolombia.travel\/blog\/wp-json\/wp\/v2\/comments?post=24820"}],"version-history":[{"count":40,"href":"https:\/\/seecolombia.travel\/blog\/wp-json\/wp\/v2\/posts\/24820\/revisions"}],"predecessor-version":[{"id":26771,"href":"https:\/\/seecolombia.travel\/blog\/wp-json\/wp\/v2\/posts\/24820\/revisions\/26771"}],"wp:featuredmedia":[{"embeddable":true,"href":"https:\/\/seecolombia.travel\/blog\/wp-json\/wp\/v2\/media\/24850"}],"wp:attachment":[{"href":"https:\/\/seecolombia.travel\/blog\/wp-json\/wp\/v2\/media?parent=24820"}],"wp:term":[{"taxonomy":"category","embeddable":true,"href":"https:\/\/seecolombia.travel\/blog\/wp-json\/wp\/v2\/categories?post=24820"},{"taxonomy":"post_tag","embeddable":true,"href":"https:\/\/seecolombia.travel\/blog\/wp-json\/wp\/v2\/tags?post=24820"}],"curies":[{"name":"wp","href":"https:\/\/api.w.org\/{rel}","templated":true}]}}