{"id":24395,"date":"2016-12-23T10:02:06","date_gmt":"2016-12-23T15:02:06","guid":{"rendered":"http:\/\/seecolombia.travel\/blog\/?p=24395"},"modified":"2016-12-23T10:02:06","modified_gmt":"2016-12-23T15:02:06","slug":"5-diferencias-entre-la-navidad-en-colombia-y-en-austria","status":"publish","type":"post","link":"https:\/\/seecolombia.travel\/blog\/2016\/12\/5-diferencias-entre-la-navidad-en-colombia-y-en-austria\/","title":{"rendered":"5 diferencias entre la Navidad en Colombia y en Austria"},"content":{"rendered":"<p style=\"text-align: justify;\">Ya es el tercer a\u00f1o paso\u00a0en <strong>Colombia en diciembre<\/strong> y aunque ya conozca <strong>las tradiciones colombianas<\/strong> a\u00fan me impresiono cada diciembre nuevamente porque la verdad es que las tradiciones y costumbres s\u00ed son bastante distintas a las de Austria. Aqu\u00ed va un resumen de <strong>las 5 diferencias m\u00e1s grandes entre la Navidad en Colombia y en Austria<\/strong>:<\/p>\n<figure id=\"attachment_24467\" aria-describedby=\"caption-attachment-24467\" style=\"width: 800px\" class=\"wp-caption alignnone\"><img loading=\"lazy\" class=\"size-full wp-image-24467\" src=\"http:\/\/seecolombia.travel\/blog\/wp-content\/uploads\/2016\/12\/WhatsApp-Image-2016-12-19-at-10.08.24.jpg\" alt=\"bu\u00f1uelo comida colombia navidad\" width=\"800\" height=\"600\" srcset=\"https:\/\/seecolombia.travel\/blog\/wp-content\/uploads\/2016\/12\/WhatsApp-Image-2016-12-19-at-10.08.24.jpg 800w, https:\/\/seecolombia.travel\/blog\/wp-content\/uploads\/2016\/12\/WhatsApp-Image-2016-12-19-at-10.08.24-300x225.jpg 300w, https:\/\/seecolombia.travel\/blog\/wp-content\/uploads\/2016\/12\/WhatsApp-Image-2016-12-19-at-10.08.24-768x576.jpg 768w\" sizes=\"(max-width: 800px) 100vw, 800px\" \/><figcaption id=\"caption-attachment-24467\" class=\"wp-caption-text\">Los famos\u00edsimos y deliciosos bue\u00f1uelos<\/figcaption><\/figure>\n<h3 style=\"text-align: justify;\">1) La comida<\/h3>\n<p style=\"text-align: justify;\">Cuando preguntas por la <a href=\"http:\/\/seecolombia.travel\/blog\/2013\/12\/7-delicias-culinarias-de-colombia-para-decorar-tu-mesa-en-navidad\/\" target=\"_blank\">comida de <strong>diciembre en Colombia<\/strong><\/a>, seguramente la gente voltea los ojos y con baba en la boca te hablan de <strong>los bu\u00f1uelos,\u00a0la natilla, las hojuelas y dulce de brevas con quesito<\/strong>&#8230; y les recomiendo que prueben cada una de estas delicias! Si pasan <strong>nochebuena con una familia colombiana<\/strong> lo m\u00e1s seguro es que esa noche les servir\u00e1n pavo, pernil, tamales o pollo asado; con una ensalada de papa y manzana.<\/p>\n<figure id=\"attachment_24468\" aria-describedby=\"caption-attachment-24468\" style=\"width: 800px\" class=\"wp-caption alignnone\"><img loading=\"lazy\" class=\"size-full wp-image-24468\" src=\"http:\/\/seecolombia.travel\/blog\/wp-content\/uploads\/2016\/12\/WhatsApp-Image-2016-12-19-at-10.13.57-1.png\" alt=\"galletas navide\u00f1as navidad colombia austria\" width=\"800\" height=\"600\" srcset=\"https:\/\/seecolombia.travel\/blog\/wp-content\/uploads\/2016\/12\/WhatsApp-Image-2016-12-19-at-10.13.57-1.png 800w, https:\/\/seecolombia.travel\/blog\/wp-content\/uploads\/2016\/12\/WhatsApp-Image-2016-12-19-at-10.13.57-1-300x225.png 300w, https:\/\/seecolombia.travel\/blog\/wp-content\/uploads\/2016\/12\/WhatsApp-Image-2016-12-19-at-10.13.57-1-768x576.png 768w\" sizes=\"(max-width: 800px) 100vw, 800px\" \/><figcaption id=\"caption-attachment-24468\" class=\"wp-caption-text\">Los ni\u00f1os ayudan a hacer galletas navide\u00f1as en Austria.<\/figcaption><\/figure>\n<p style=\"text-align: justify;\">En <strong>Austria<\/strong> la comida m\u00e1s t\u00edpica de la temporada son las <strong>galletas navide\u00f1as en una gran cantidad de variedades<\/strong>: galletas de jengibre, medialunas de vainilla, galletas de nuez, de almendras, de coco, de chocolate&#8230; \u00a1de todo lo que se puedan imaginar! En muchas casas en Austria se hacen unas cuantas galletas cada a\u00f1o para <strong>compartirlas con la familia y amigos<\/strong> y yo no he podido dejar esta costumbre y por eso me pongo hacer unas pocas cada a\u00f1o con amigos o familia. En Nochebuena tradicionalmente se prepara un plato muy festivo como un pavo o truchas grandes.<\/p>\n<p><iframe loading=\"lazy\" src=\"https:\/\/www.youtube.com\/embed\/T9RhMao75H4?rel=0&amp;showinfo=0\" width=\"800\" height=\"450\" frameborder=\"0\" allowfullscreen=\"allowfullscreen\"><\/iframe><\/p>\n<h3 style=\"text-align: justify;\">2) El ambiente<\/h3>\n<p style=\"text-align: justify;\">La <strong>\u00e9poca decembrina en Colombia<\/strong>\u00a0 es algo muy especial porque la mayor\u00eda de la gente recibe lo que aqu\u00ed llaman la prima (la mitad del salario mensual adicional) y eso combinado con el &#8220;sabor&#8221; latino de los colombianos significa mucha fiesta, alegr\u00eda y parranda. Teniendo eso en mente los colombianos ponen <strong>los alumbrados, la decoraci\u00f3n navide\u00f1a y la m\u00fasica de diciembre<\/strong> a veces desde octubre&#8230; (\u00a1\u00a1\u00a1Vi el primer local navide\u00f1o a finales de julio!!!)<a href=\"http:\/\/seecolombia.travel\/blog\/2013\/12\/galeria-alumbrado-de-medellin-colombia-2013\/\" target=\"_blank\"> Los alumbrados<\/a> son una cosa de locos en Colombia, especialmente aqu\u00ed en Medell\u00edn donde se selecciona incluso la cuadra m\u00e1s iluminada y la empresas p\u00fablicas llenan los\u00a0espacios p\u00fablicos con todas esas cadenas de luces que parpadean en muchos colores y figuras iluminadas.<\/p>\n<p style=\"text-align: justify;\">En <strong>Austria<\/strong> la <strong>\u00e9poca navide\u00f1a tradicionalmente<\/strong> empieza con el primero de cuatro\u00a0<em>domingos de Adviento<\/em> que son los 4 domingos antes del 24 de diciembre y sobre esa fecha tambi\u00e9n empiezan a poner la decoraci\u00f3n que muchas veces consiste en poner pinos con cadenas de luces blancas a lo largo de las calles y plazas del centro de las ciudades y pueblos. Tambi\u00e9n empiezan a\u00a0abrir los mercados navide\u00f1os donde venden peque\u00f1as artesan\u00edas y comida artesanal pero lo m\u00e1s importante son las bebidas calientes (como el vino caliente con especias o ponche, por ejemplo) para <strong>compartir con los amigos o la familia<\/strong> y a la vez combatir el fr\u00edo, porque <strong>en Austria diciembre es en invierno<\/strong>.<\/p>\n<figure id=\"attachment_24491\" aria-describedby=\"caption-attachment-24491\" style=\"width: 800px\" class=\"wp-caption alignnone\"><img loading=\"lazy\" class=\"size-full wp-image-24491\" src=\"http:\/\/seecolombia.travel\/blog\/wp-content\/uploads\/2016\/12\/IMG_20161219_184136.jpg\" alt=\"alumbrados navidad colombia medellin\" width=\"800\" height=\"569\" srcset=\"https:\/\/seecolombia.travel\/blog\/wp-content\/uploads\/2016\/12\/IMG_20161219_184136.jpg 800w, https:\/\/seecolombia.travel\/blog\/wp-content\/uploads\/2016\/12\/IMG_20161219_184136-300x213.jpg 300w, https:\/\/seecolombia.travel\/blog\/wp-content\/uploads\/2016\/12\/IMG_20161219_184136-768x546.jpg 768w\" sizes=\"(max-width: 800px) 100vw, 800px\" \/><figcaption id=\"caption-attachment-24491\" class=\"wp-caption-text\">El alumbrado navide\u00f1o en Medell\u00edn este a\u00f1o.<\/figcaption><\/figure>\n<h3 style=\"text-align: justify;\">3) Costumbres decembrinas<\/h3>\n<p style=\"text-align: justify;\">En <strong>Colombia<\/strong> se destacan dos <strong>eventos en la temporada navide\u00f1a<\/strong>: el <strong>d\u00eda de las velitas<\/strong> el 7 de diciembre \u00a0y la <strong>novena<\/strong> que se refiere a los 9 d\u00edas antes de la Navidad empezando el 16 de diciembre.<br \/>\nEl <strong>d\u00eda de las velitas<\/strong> probablemente es uno de <strong>mis festejos favoritos de Colombia<\/strong>: Ese d\u00eda se re\u00fane toda la familia a compartir un rato juntos, a comer y luego a prender velitas frente a la casa&#8230; !eso es especialmente emocionante para los ni\u00f1os! Pero no siempre es tan id\u00edlico, en muchas zonas de Medell\u00edn (disculpen, no he ido a otra ciudad en Colombia para el d\u00eda de las velitas) se vuelve una mega fiesta donde los vecinos empiezan a hacer sancochos, parrilladas, etc. en la calle.<br \/>\nLa <strong>Novena<\/strong> es una costumbre cat\u00f3lica que se ha convertido en <strong>un evento social<\/strong> donde las familias, compa\u00f1eros de trabajo, vecinos o gente en espacios p\u00fablicos&#8230; se re\u00fanen acompa\u00f1ados por el <strong>canto de villancicos<\/strong>, algunos a <strong>rezar en la tradici\u00f3n cat\u00f3lica<\/strong>, otros a disfrutar unos tragos tradicionales de Navidad, lo que en muchas casos es una excusa para una parranda de 9 d\u00edas seguidos.<\/p>\n<figure id=\"attachment_24470\" aria-describedby=\"caption-attachment-24470\" style=\"width: 800px\" class=\"wp-caption alignnone\"><img loading=\"lazy\" class=\"size-full wp-image-24470\" src=\"http:\/\/seecolombia.travel\/blog\/wp-content\/uploads\/2016\/12\/PicMonkey-Collage.jpg\" alt=\"navidad colombia austria costumbres tradiciones adviento\" width=\"800\" height=\"500\" srcset=\"https:\/\/seecolombia.travel\/blog\/wp-content\/uploads\/2016\/12\/PicMonkey-Collage.jpg 800w, https:\/\/seecolombia.travel\/blog\/wp-content\/uploads\/2016\/12\/PicMonkey-Collage-300x188.jpg 300w, https:\/\/seecolombia.travel\/blog\/wp-content\/uploads\/2016\/12\/PicMonkey-Collage-768x480.jpg 768w\" sizes=\"(max-width: 800px) 100vw, 800px\" \/><figcaption id=\"caption-attachment-24470\" class=\"wp-caption-text\">Una &#8220;Corona de Adviento&#8221; (Adventskranz) y un &#8220;Calendario de Adviento&#8221; (Adventskalender) de Austria<\/figcaption><\/figure>\n<p style=\"text-align: justify;\">En <strong>Austria<\/strong> solo hay un evento con fecha fija, el <strong>d\u00eda de San Nicol\u00e1s el 6 de diciembre<\/strong> y el d\u00eda anterior el d\u00eda del <em>Krampus,\u00a0<\/em>la tradici\u00f3n alpina m\u00e1s dif\u00edcil de explicar al mundo ya que tiene que ver con unas <strong>criaturas m\u00edsticas que castigan a los ni\u00f1os malos<\/strong> a diferencia de San Nicol\u00e1s que da regalos a los ni\u00f1os buenos.<br \/>\nAdem\u00e1s est\u00e1 la costumbre de tener una &#8220;corona de Adviento&#8221; (<em>Adventskranz<\/em>) en cada casa con 4 velas representando los 4 domingos de Adviento (<em>Adventsonntag<\/em>) y cada domingo se prende una vela m\u00e1s, un &#8220;calendario de Adviento&#8221; (<em>Adventskalender<\/em>) para los ni\u00f1os donde pueden abrir una ventana o recibir un dulcecito cada d\u00eda del 1 al 24 de diciembre como\u00a0<strong>expectativa para la Navidad y caus\u00e1ndoles mucha emoci\u00f3n<\/strong> y finalmente, los mercados de Adviento (<em>Adventmarkt<\/em>) o mercados de Navidad (<em>Weihnachtsmarkt<\/em>) que ya hab\u00eda mencionado. Son mi tradici\u00f3n navide\u00f1a favorita y la extra\u00f1o un poco en Colombia: abrigarse bien para protegerse del fr\u00edo, encontrarse con amigos y por todos los estands de <strong>artesan\u00edas y regalos navide\u00f1os<\/strong> mientras conversamos y tomamos comidas y bebidas calientes.<\/p>\n<figure id=\"attachment_24469\" aria-describedby=\"caption-attachment-24469\" style=\"width: 600px\" class=\"wp-caption alignnone\"><img loading=\"lazy\" class=\"size-full wp-image-24469\" src=\"http:\/\/seecolombia.travel\/blog\/wp-content\/uploads\/2016\/12\/WhatsApp-Image-2016-12-19-at-10.13.56-1.jpg\" alt=\"arbol de navidad colombia\" width=\"600\" height=\"800\" srcset=\"https:\/\/seecolombia.travel\/blog\/wp-content\/uploads\/2016\/12\/WhatsApp-Image-2016-12-19-at-10.13.56-1.jpg 600w, https:\/\/seecolombia.travel\/blog\/wp-content\/uploads\/2016\/12\/WhatsApp-Image-2016-12-19-at-10.13.56-1-225x300.jpg 225w\" sizes=\"(max-width: 600px) 100vw, 600px\" \/><figcaption id=\"caption-attachment-24469\" class=\"wp-caption-text\">El \u00e1rbol de Navidad no puede faltar en ninguna casa&#8230;<\/figcaption><\/figure>\n<h3 style=\"text-align: justify;\">4) El 24 y el 31<\/h3>\n<p style=\"text-align: justify;\">En <strong>Colombia<\/strong> tanto <strong>el 24 como el 31 de diciembre se pasan con la familia<\/strong>&#8230; y si digo con la familia, quiero decir que TODA la familia y las familias colombianos son grandes! Las familias se re\u00fanen y la fiesta empieza con mucha comida, alegr\u00eda y m\u00fasica, la misma m\u00fasica que se ha escuchado durante las semanas y meses pasadas: la <strong>m\u00fasica de diciembre<\/strong>.\u00a0Tengo que admitir lo siguiente aunque sepa que pocos colombianos va a estar de acuerdo conmigo y hasta se podr\u00edan\u00a0sentir ofendidos: No escucho la diferencia entre la m\u00fasica que ponen las emisoras durante el a\u00f1o y la <strong>m\u00fasica\u00a0decembrina<\/strong>, para mi suena a la misma m\u00fasica tropical (pero soy extranjera y crec\u00ed en una cultura diferente). A pesar de ese detalle me encanta porque hacen que <strong>las familias canten y bailen hasta tarde&#8230;<\/strong> y seg\u00fan yo, eso es donde los ni\u00f1os aprenden a bailar \u00a0salsa, cumbia etc desde peque\u00f1os (ya que los extranjeros pensamos que todos los latinos saben bailar &#8220;por naturaleza&#8221;).<\/p>\n<p>En <strong>Austria,<\/strong> Nochebuena tambi\u00e9n se pasa en familia, pero no con todos los primos y t\u00edos, sino de pronto con los abuelos y en los d\u00edas siguientes se re\u00fanen con el resto de la familia y las reuniones no se tratan tanto de la fiesta como en Colombia, sino m\u00e1s de compartir un rato en familia comiendo y bebiendo, pero no bailamos (para eso nos falta el sabor latino \ud83d\ude09 ).<br \/>\nEl <strong>31 de diciembre<\/strong> de hecho se pasa con <strong>los amigos que se re\u00fanen en una casa<\/strong>, salen a una discoteca o hacen un viaje de un par de d\u00edas a alguna otra ciudad.<\/p>\n<p>&nbsp;<\/p>\n<figure id=\"attachment_24471\" aria-describedby=\"caption-attachment-24471\" style=\"width: 800px\" class=\"wp-caption alignnone\"><img loading=\"lazy\" class=\"size-full wp-image-24471\" src=\"http:\/\/seecolombia.travel\/blog\/wp-content\/uploads\/2016\/12\/IMG_1398-1.jpg\" alt=\"navidad invierno nieve austria\" width=\"800\" height=\"600\" srcset=\"https:\/\/seecolombia.travel\/blog\/wp-content\/uploads\/2016\/12\/IMG_1398-1.jpg 800w, https:\/\/seecolombia.travel\/blog\/wp-content\/uploads\/2016\/12\/IMG_1398-1-300x225.jpg 300w, https:\/\/seecolombia.travel\/blog\/wp-content\/uploads\/2016\/12\/IMG_1398-1-768x576.jpg 768w\" sizes=\"(max-width: 800px) 100vw, 800px\" \/><figcaption id=\"caption-attachment-24471\" class=\"wp-caption-text\">Atardecer sobre Salzburg, Austria, en invierno.<\/figcaption><\/figure>\n<div class=\"mceTemp\"><\/div>\n<p>&nbsp;<\/p>\n<h3 style=\"text-align: justify;\">5) El clima<\/h3>\n<p style=\"text-align: justify;\">Lo siento pero lo tengo que mencionar porque para mi hace una gran diferencia que <strong>en Austria es invierno<\/strong> y tradicionalmente hace bastante fr\u00edo en esta \u00e9poca y&#8230;<br \/>\nen <strong>Colombia<\/strong> es al contrario: <strong>hace calor<\/strong> e incluso <strong>vamos a piscina y nos bronceamos en los d\u00edas a final del a\u00f1o, <\/strong>que me parece que es algo especial y ch\u00e9vere tambi\u00e9n.<\/p>\n<p style=\"text-align: justify;\">Feliz Navidad,<\/p>\n<p style=\"text-align: justify;\">Anna<\/p>\n","protected":false},"excerpt":{"rendered":"<p>Ya es el tercer a\u00f1o paso\u00a0en Colombia en diciembre y aunque ya conozca las tradiciones colombianas a\u00fan me impresiono cada diciembre nuevamente porque la verdad es que las tradiciones y costumbres s\u00ed son bastante distintas a las de Austria. Aqu\u00ed va un resumen de las 5 diferencias m\u00e1s grandes entre la Navidad en Colombia y [&hellip;]<\/p>\n","protected":false},"author":88902,"featured_media":24490,"comment_status":"open","ping_status":"open","sticky":false,"template":"","format":"standard","meta":{"ngg_post_thumbnail":0},"categories":[8,4,66,97,393,392,865,1632,1989],"tags":[2872,2927,2973,58,142,2867,200,1605,356],"yoast_head":"<!-- This site is optimized with the Yoast SEO Premium plugin v18.4 (Yoast SEO v18.9) - https:\/\/yoast.com\/wordpress\/plugins\/seo\/ -->\n<title>5 diferencias entre la Navidad en Colombia y en Austria - Colombia Travel Blog by See Colombia Travel<\/title>\n<meta name=\"robots\" content=\"index, follow, max-snippet:-1, max-image-preview:large, max-video-preview:-1\" \/>\n<link rel=\"canonical\" href=\"https:\/\/seecolombia.travel\/blog\/2016\/12\/5-diferencias-entre-la-navidad-en-colombia-y-en-austria\/\" \/>\n<meta property=\"og:locale\" content=\"en_US\" \/>\n<meta property=\"og:type\" content=\"article\" \/>\n<meta property=\"og:title\" content=\"5 diferencias entre la Navidad en Colombia y en Austria\" \/>\n<meta property=\"og:description\" content=\"Ya es el tercer a\u00f1o paso\u00a0en Colombia en diciembre y aunque ya conozca las tradiciones colombianas a\u00fan me impresiono cada diciembre nuevamente porque la verdad es que las tradiciones y costumbres s\u00ed son bastante distintas a las de Austria. Aqu\u00ed va un resumen de las 5 diferencias m\u00e1s grandes entre la Navidad en Colombia y [&hellip;]\" \/>\n<meta property=\"og:url\" content=\"https:\/\/seecolombia.travel\/blog\/2016\/12\/5-diferencias-entre-la-navidad-en-colombia-y-en-austria\/\" \/>\n<meta property=\"og:site_name\" content=\"Colombia Travel Blog by See Colombia Travel\" \/>\n<meta property=\"article:published_time\" content=\"2016-12-23T15:02:06+00:00\" \/>\n<meta property=\"og:image\" content=\"https:\/\/seecolombia.travel\/blog\/wp-content\/uploads\/2016\/12\/IMG_20161219_200012.jpg\" \/>\n\t<meta property=\"og:image:width\" content=\"3128\" \/>\n\t<meta property=\"og:image:height\" content=\"1570\" \/>\n\t<meta property=\"og:image:type\" content=\"image\/jpeg\" \/>\n<meta name=\"twitter:card\" content=\"summary\" \/>\n<meta name=\"twitter:label1\" content=\"Written by\" \/>\n\t<meta name=\"twitter:data1\" content=\"Anna\" \/>\n\t<meta name=\"twitter:label2\" content=\"Est. reading time\" \/>\n\t<meta name=\"twitter:data2\" content=\"7 minutes\" \/>\n<script type=\"application\/ld+json\" class=\"yoast-schema-graph\">{\"@context\":\"https:\/\/schema.org\",\"@graph\":[{\"@type\":\"WebSite\",\"@id\":\"https:\/\/seecolombia.travel\/blog\/#website\",\"url\":\"https:\/\/seecolombia.travel\/blog\/\",\"name\":\"Colombia Travel Blog by See Colombia Travel\",\"description\":\"Colombia Travel Blog: An international perspective on travelling in Colombia by world travellers.\",\"potentialAction\":[{\"@type\":\"SearchAction\",\"target\":{\"@type\":\"EntryPoint\",\"urlTemplate\":\"https:\/\/seecolombia.travel\/blog\/?s={search_term_string}\"},\"query-input\":\"required name=search_term_string\"}],\"inLanguage\":\"en-US\"},{\"@type\":\"ImageObject\",\"inLanguage\":\"en-US\",\"@id\":\"https:\/\/seecolombia.travel\/blog\/2016\/12\/5-diferencias-entre-la-navidad-en-colombia-y-en-austria\/#primaryimage\",\"url\":\"https:\/\/seecolombia.travel\/blog\/wp-content\/uploads\/2016\/12\/IMG_20161219_200012.jpg\",\"contentUrl\":\"https:\/\/seecolombia.travel\/blog\/wp-content\/uploads\/2016\/12\/IMG_20161219_200012.jpg\",\"width\":3128,\"height\":1570,\"caption\":\"alumbrados navidad colombia\"},{\"@type\":\"WebPage\",\"@id\":\"https:\/\/seecolombia.travel\/blog\/2016\/12\/5-diferencias-entre-la-navidad-en-colombia-y-en-austria\/#webpage\",\"url\":\"https:\/\/seecolombia.travel\/blog\/2016\/12\/5-diferencias-entre-la-navidad-en-colombia-y-en-austria\/\",\"name\":\"5 diferencias entre la Navidad en Colombia y en Austria - Colombia Travel Blog by See Colombia Travel\",\"isPartOf\":{\"@id\":\"https:\/\/seecolombia.travel\/blog\/#website\"},\"primaryImageOfPage\":{\"@id\":\"https:\/\/seecolombia.travel\/blog\/2016\/12\/5-diferencias-entre-la-navidad-en-colombia-y-en-austria\/#primaryimage\"},\"datePublished\":\"2016-12-23T15:02:06+00:00\",\"dateModified\":\"2016-12-23T15:02:06+00:00\",\"author\":{\"@id\":\"https:\/\/seecolombia.travel\/blog\/#\/schema\/person\/c40f079d00b972900111650745196f7c\"},\"breadcrumb\":{\"@id\":\"https:\/\/seecolombia.travel\/blog\/2016\/12\/5-diferencias-entre-la-navidad-en-colombia-y-en-austria\/#breadcrumb\"},\"inLanguage\":\"en-US\",\"potentialAction\":[{\"@type\":\"ReadAction\",\"target\":[\"https:\/\/seecolombia.travel\/blog\/2016\/12\/5-diferencias-entre-la-navidad-en-colombia-y-en-austria\/\"]}]},{\"@type\":\"BreadcrumbList\",\"@id\":\"https:\/\/seecolombia.travel\/blog\/2016\/12\/5-diferencias-entre-la-navidad-en-colombia-y-en-austria\/#breadcrumb\",\"itemListElement\":[{\"@type\":\"ListItem\",\"position\":1,\"name\":\"Home\",\"item\":\"https:\/\/seecolombia.travel\/blog\/\"},{\"@type\":\"ListItem\",\"position\":2,\"name\":\"5 diferencias entre la Navidad en Colombia y en Austria\"}]},{\"@type\":\"Person\",\"@id\":\"https:\/\/seecolombia.travel\/blog\/#\/schema\/person\/c40f079d00b972900111650745196f7c\",\"name\":\"Anna\",\"image\":{\"@type\":\"ImageObject\",\"inLanguage\":\"en-US\",\"@id\":\"https:\/\/seecolombia.travel\/blog\/#\/schema\/person\/image\/\",\"url\":\"https:\/\/secure.gravatar.com\/avatar\/a8f2ffe84e4963f808f629e83cfe7aa3?s=96&d=retro&r=g\",\"contentUrl\":\"https:\/\/secure.gravatar.com\/avatar\/a8f2ffe84e4963f808f629e83cfe7aa3?s=96&d=retro&r=g\",\"caption\":\"Anna\"},\"description\":\"Hola, mi nombre es Anna. Soy de Austria pero hace m\u00e1s de 1 a\u00f1o vivo en Medell\u00edn, enamorada de Colombia y ama\u00f1ada con la cultura paisa. A mis 18 a\u00f1os me fui a vivir a Ecuador y desde entonces he vivido y viajado en distintos pa\u00edses de Am\u00e9rica del Sur, pero el lugar m\u00e1s interesante para vivir, recorrer y descubrir me parece Colombia.\",\"url\":\"https:\/\/seecolombia.travel\/blog\/author\/anna\/\"}]}<\/script>\n<!-- \/ Yoast SEO Premium plugin. -->","yoast_head_json":{"title":"5 diferencias entre la Navidad en Colombia y en Austria - Colombia Travel Blog by See Colombia Travel","robots":{"index":"index","follow":"follow","max-snippet":"max-snippet:-1","max-image-preview":"max-image-preview:large","max-video-preview":"max-video-preview:-1"},"canonical":"https:\/\/seecolombia.travel\/blog\/2016\/12\/5-diferencias-entre-la-navidad-en-colombia-y-en-austria\/","og_locale":"en_US","og_type":"article","og_title":"5 diferencias entre la Navidad en Colombia y en Austria","og_description":"Ya es el tercer a\u00f1o paso\u00a0en Colombia en diciembre y aunque ya conozca las tradiciones colombianas a\u00fan me impresiono cada diciembre nuevamente porque la verdad es que las tradiciones y costumbres s\u00ed son bastante distintas a las de Austria. Aqu\u00ed va un resumen de las 5 diferencias m\u00e1s grandes entre la Navidad en Colombia y [&hellip;]","og_url":"https:\/\/seecolombia.travel\/blog\/2016\/12\/5-diferencias-entre-la-navidad-en-colombia-y-en-austria\/","og_site_name":"Colombia Travel Blog by See Colombia Travel","article_published_time":"2016-12-23T15:02:06+00:00","og_image":[{"width":3128,"height":1570,"url":"https:\/\/seecolombia.travel\/blog\/wp-content\/uploads\/2016\/12\/IMG_20161219_200012.jpg","type":"image\/jpeg"}],"twitter_card":"summary","twitter_misc":{"Written by":"Anna","Est. reading time":"7 minutes"},"schema":{"@context":"https:\/\/schema.org","@graph":[{"@type":"WebSite","@id":"https:\/\/seecolombia.travel\/blog\/#website","url":"https:\/\/seecolombia.travel\/blog\/","name":"Colombia Travel Blog by See Colombia Travel","description":"Colombia Travel Blog: An international perspective on travelling in Colombia by world travellers.","potentialAction":[{"@type":"SearchAction","target":{"@type":"EntryPoint","urlTemplate":"https:\/\/seecolombia.travel\/blog\/?s={search_term_string}"},"query-input":"required name=search_term_string"}],"inLanguage":"en-US"},{"@type":"ImageObject","inLanguage":"en-US","@id":"https:\/\/seecolombia.travel\/blog\/2016\/12\/5-diferencias-entre-la-navidad-en-colombia-y-en-austria\/#primaryimage","url":"https:\/\/seecolombia.travel\/blog\/wp-content\/uploads\/2016\/12\/IMG_20161219_200012.jpg","contentUrl":"https:\/\/seecolombia.travel\/blog\/wp-content\/uploads\/2016\/12\/IMG_20161219_200012.jpg","width":3128,"height":1570,"caption":"alumbrados navidad colombia"},{"@type":"WebPage","@id":"https:\/\/seecolombia.travel\/blog\/2016\/12\/5-diferencias-entre-la-navidad-en-colombia-y-en-austria\/#webpage","url":"https:\/\/seecolombia.travel\/blog\/2016\/12\/5-diferencias-entre-la-navidad-en-colombia-y-en-austria\/","name":"5 diferencias entre la Navidad en Colombia y en Austria - Colombia Travel Blog by See Colombia Travel","isPartOf":{"@id":"https:\/\/seecolombia.travel\/blog\/#website"},"primaryImageOfPage":{"@id":"https:\/\/seecolombia.travel\/blog\/2016\/12\/5-diferencias-entre-la-navidad-en-colombia-y-en-austria\/#primaryimage"},"datePublished":"2016-12-23T15:02:06+00:00","dateModified":"2016-12-23T15:02:06+00:00","author":{"@id":"https:\/\/seecolombia.travel\/blog\/#\/schema\/person\/c40f079d00b972900111650745196f7c"},"breadcrumb":{"@id":"https:\/\/seecolombia.travel\/blog\/2016\/12\/5-diferencias-entre-la-navidad-en-colombia-y-en-austria\/#breadcrumb"},"inLanguage":"en-US","potentialAction":[{"@type":"ReadAction","target":["https:\/\/seecolombia.travel\/blog\/2016\/12\/5-diferencias-entre-la-navidad-en-colombia-y-en-austria\/"]}]},{"@type":"BreadcrumbList","@id":"https:\/\/seecolombia.travel\/blog\/2016\/12\/5-diferencias-entre-la-navidad-en-colombia-y-en-austria\/#breadcrumb","itemListElement":[{"@type":"ListItem","position":1,"name":"Home","item":"https:\/\/seecolombia.travel\/blog\/"},{"@type":"ListItem","position":2,"name":"5 diferencias entre la Navidad en Colombia y en Austria"}]},{"@type":"Person","@id":"https:\/\/seecolombia.travel\/blog\/#\/schema\/person\/c40f079d00b972900111650745196f7c","name":"Anna","image":{"@type":"ImageObject","inLanguage":"en-US","@id":"https:\/\/seecolombia.travel\/blog\/#\/schema\/person\/image\/","url":"https:\/\/secure.gravatar.com\/avatar\/a8f2ffe84e4963f808f629e83cfe7aa3?s=96&d=retro&r=g","contentUrl":"https:\/\/secure.gravatar.com\/avatar\/a8f2ffe84e4963f808f629e83cfe7aa3?s=96&d=retro&r=g","caption":"Anna"},"description":"Hola, mi nombre es Anna. Soy de Austria pero hace m\u00e1s de 1 a\u00f1o vivo en Medell\u00edn, enamorada de Colombia y ama\u00f1ada con la cultura paisa. A mis 18 a\u00f1os me fui a vivir a Ecuador y desde entonces he vivido y viajado en distintos pa\u00edses de Am\u00e9rica del Sur, pero el lugar m\u00e1s interesante para vivir, recorrer y descubrir me parece Colombia.","url":"https:\/\/seecolombia.travel\/blog\/author\/anna\/"}]}},"amp_enabled":true,"_links":{"self":[{"href":"https:\/\/seecolombia.travel\/blog\/wp-json\/wp\/v2\/posts\/24395"}],"collection":[{"href":"https:\/\/seecolombia.travel\/blog\/wp-json\/wp\/v2\/posts"}],"about":[{"href":"https:\/\/seecolombia.travel\/blog\/wp-json\/wp\/v2\/types\/post"}],"author":[{"embeddable":true,"href":"https:\/\/seecolombia.travel\/blog\/wp-json\/wp\/v2\/users\/88902"}],"replies":[{"embeddable":true,"href":"https:\/\/seecolombia.travel\/blog\/wp-json\/wp\/v2\/comments?post=24395"}],"version-history":[{"count":12,"href":"https:\/\/seecolombia.travel\/blog\/wp-json\/wp\/v2\/posts\/24395\/revisions"}],"predecessor-version":[{"id":24492,"href":"https:\/\/seecolombia.travel\/blog\/wp-json\/wp\/v2\/posts\/24395\/revisions\/24492"}],"wp:featuredmedia":[{"embeddable":true,"href":"https:\/\/seecolombia.travel\/blog\/wp-json\/wp\/v2\/media\/24490"}],"wp:attachment":[{"href":"https:\/\/seecolombia.travel\/blog\/wp-json\/wp\/v2\/media?parent=24395"}],"wp:term":[{"taxonomy":"category","embeddable":true,"href":"https:\/\/seecolombia.travel\/blog\/wp-json\/wp\/v2\/categories?post=24395"},{"taxonomy":"post_tag","embeddable":true,"href":"https:\/\/seecolombia.travel\/blog\/wp-json\/wp\/v2\/tags?post=24395"}],"curies":[{"name":"wp","href":"https:\/\/api.w.org\/{rel}","templated":true}]}}