{"id":19950,"date":"2015-09-02T11:25:51","date_gmt":"2015-09-02T16:25:51","guid":{"rendered":"http:\/\/seecolombia.travel\/blog\/?p=19950"},"modified":"2016-05-11T15:17:57","modified_gmt":"2016-05-11T20:17:57","slug":"feliz-cumpleanos-jl","status":"publish","type":"post","link":"https:\/\/seecolombia.travel\/blog\/2015\/09\/feliz-cumpleanos-jl\/","title":{"rendered":"\u00a1Feliz Cumplea\u00f1os, JL!"},"content":{"rendered":"<p>&nbsp;<\/p>\n<p>Estamos felices de poder celebrar contigo este tu cumplea\u00f1os n\u00famero 20 x 2. En toda tu vida has tenido logros tan grandes y locos y has tocado a tantas personas con tu empuje, dedicaci\u00f3n e ideas imparables que decid\u00ed pedirles a tus amigos unas palabras para esta fecha tan especial.<\/p>\n<p>Feliz, feliz, feliz, feliz cumplea\u00f1os mi oso. Maria del Mar y yo estamos muy orgullosas de ti y sabemos que este nuevo a\u00f1o te traer\u00e1 a\u00fan m\u00e1s amor, salud, logros y por supuesto muchos m\u00e1s viajes\u2026. As\u00ed como nos gusta!<\/p>\n<p>Aqu\u00ed te dejo el video que hicimos con mucho amor, disfrutalo!<\/p>\n<p>Te amamos,<\/p>\n<p>Marcela &amp; Maria del Mar<\/p>\n<p>&nbsp;<\/p>\n<p>Tienen que verlo hasta el final!!!<\/p>\n<p><iframe loading=\"lazy\" src=\"https:\/\/player.vimeo.com\/video\/137891628\" width=\"600\" height=\"466\" frameborder=\"0\" allowfullscreen=\"allowfullscreen\"><\/iframe><\/p>\n<p><a href=\"https:\/\/vimeo.com\/137891628\">FELIZ_CUMPLEAN\u0303OS_JL_PASTOR<\/a> from <a href=\"https:\/\/vimeo.com\/imaginerfilms\">Imaginer Films<\/a> on <a href=\"https:\/\/vimeo.com\">Vimeo<\/a>.<\/p>\n","protected":false},"excerpt":{"rendered":"<p>&nbsp; Estamos felices de poder celebrar contigo este tu cumplea\u00f1os n\u00famero 20 x 2. En toda tu vida has tenido logros tan grandes y locos y has tocado a tantas personas con tu empuje, dedicaci\u00f3n e ideas imparables que decid\u00ed pedirles a tus amigos unas palabras para esta fecha tan especial. Feliz, feliz, feliz, feliz [&hellip;]<\/p>\n","protected":false},"author":5,"featured_media":19951,"comment_status":"open","ping_status":"open","sticky":false,"template":"","format":"standard","meta":{"ngg_post_thumbnail":0},"categories":[2361,4],"tags":[2973,2910,1605],"yoast_head":"<!-- This site is optimized with the Yoast SEO Premium plugin v18.4 (Yoast SEO v18.9) - https:\/\/yoast.com\/wordpress\/plugins\/seo\/ -->\n<title>\u00a1Feliz Cumplea\u00f1os, JL! - Colombia Travel Blog by See Colombia Travel<\/title>\n<meta name=\"robots\" content=\"index, follow, max-snippet:-1, max-image-preview:large, max-video-preview:-1\" \/>\n<link rel=\"canonical\" href=\"https:\/\/seecolombia.travel\/blog\/2015\/09\/feliz-cumpleanos-jl\/\" \/>\n<meta property=\"og:locale\" content=\"en_US\" \/>\n<meta property=\"og:type\" content=\"article\" \/>\n<meta property=\"og:title\" content=\"\u00a1Feliz Cumplea\u00f1os, JL!\" \/>\n<meta property=\"og:description\" content=\"&nbsp; Estamos felices de poder celebrar contigo este tu cumplea\u00f1os n\u00famero 20 x 2. En toda tu vida has tenido logros tan grandes y locos y has tocado a tantas personas con tu empuje, dedicaci\u00f3n e ideas imparables que decid\u00ed pedirles a tus amigos unas palabras para esta fecha tan especial. Feliz, feliz, feliz, feliz [&hellip;]\" \/>\n<meta property=\"og:url\" content=\"https:\/\/seecolombia.travel\/blog\/2015\/09\/feliz-cumpleanos-jl\/\" \/>\n<meta property=\"og:site_name\" content=\"Colombia Travel Blog by See Colombia Travel\" \/>\n<meta property=\"article:published_time\" content=\"2015-09-02T16:25:51+00:00\" \/>\n<meta property=\"article:modified_time\" content=\"2016-05-11T20:17:57+00:00\" \/>\n<meta property=\"og:image\" content=\"https:\/\/seecolombia.travel\/blog\/wp-content\/uploads\/2015\/09\/10422169_581643711978905_6187353661216902144_ncrop.jpg\" \/>\n\t<meta property=\"og:image:width\" content=\"800\" \/>\n\t<meta property=\"og:image:height\" content=\"238\" \/>\n\t<meta property=\"og:image:type\" content=\"image\/jpeg\" \/>\n<meta name=\"twitter:card\" content=\"summary\" \/>\n<meta name=\"twitter:label1\" content=\"Written by\" \/>\n\t<meta name=\"twitter:data1\" content=\"Chris\" \/>\n\t<meta name=\"twitter:label2\" content=\"Est. reading time\" \/>\n\t<meta name=\"twitter:data2\" content=\"1 minute\" \/>\n<script type=\"application\/ld+json\" class=\"yoast-schema-graph\">{\"@context\":\"https:\/\/schema.org\",\"@graph\":[{\"@type\":\"WebSite\",\"@id\":\"https:\/\/seecolombia.travel\/blog\/#website\",\"url\":\"https:\/\/seecolombia.travel\/blog\/\",\"name\":\"Colombia Travel Blog by See Colombia Travel\",\"description\":\"Colombia Travel Blog: An international perspective on travelling in Colombia by world travellers.\",\"potentialAction\":[{\"@type\":\"SearchAction\",\"target\":{\"@type\":\"EntryPoint\",\"urlTemplate\":\"https:\/\/seecolombia.travel\/blog\/?s={search_term_string}\"},\"query-input\":\"required name=search_term_string\"}],\"inLanguage\":\"en-US\"},{\"@type\":\"ImageObject\",\"inLanguage\":\"en-US\",\"@id\":\"https:\/\/seecolombia.travel\/blog\/2015\/09\/feliz-cumpleanos-jl\/#primaryimage\",\"url\":\"https:\/\/seecolombia.travel\/blog\/wp-content\/uploads\/2015\/09\/10422169_581643711978905_6187353661216902144_ncrop.jpg\",\"contentUrl\":\"https:\/\/seecolombia.travel\/blog\/wp-content\/uploads\/2015\/09\/10422169_581643711978905_6187353661216902144_ncrop.jpg\",\"width\":800,\"height\":238,\"caption\":\"Feliz cumpleanos JL\"},{\"@type\":\"WebPage\",\"@id\":\"https:\/\/seecolombia.travel\/blog\/2015\/09\/feliz-cumpleanos-jl\/#webpage\",\"url\":\"https:\/\/seecolombia.travel\/blog\/2015\/09\/feliz-cumpleanos-jl\/\",\"name\":\"\u00a1Feliz Cumplea\u00f1os, JL! - Colombia Travel Blog by See Colombia Travel\",\"isPartOf\":{\"@id\":\"https:\/\/seecolombia.travel\/blog\/#website\"},\"primaryImageOfPage\":{\"@id\":\"https:\/\/seecolombia.travel\/blog\/2015\/09\/feliz-cumpleanos-jl\/#primaryimage\"},\"datePublished\":\"2015-09-02T16:25:51+00:00\",\"dateModified\":\"2016-05-11T20:17:57+00:00\",\"author\":{\"@id\":\"https:\/\/seecolombia.travel\/blog\/#\/schema\/person\/06325007b1e564f887bb4e43855a53dc\"},\"breadcrumb\":{\"@id\":\"https:\/\/seecolombia.travel\/blog\/2015\/09\/feliz-cumpleanos-jl\/#breadcrumb\"},\"inLanguage\":\"en-US\",\"potentialAction\":[{\"@type\":\"ReadAction\",\"target\":[\"https:\/\/seecolombia.travel\/blog\/2015\/09\/feliz-cumpleanos-jl\/\"]}]},{\"@type\":\"BreadcrumbList\",\"@id\":\"https:\/\/seecolombia.travel\/blog\/2015\/09\/feliz-cumpleanos-jl\/#breadcrumb\",\"itemListElement\":[{\"@type\":\"ListItem\",\"position\":1,\"name\":\"Home\",\"item\":\"https:\/\/seecolombia.travel\/blog\/\"},{\"@type\":\"ListItem\",\"position\":2,\"name\":\"\u00a1Feliz Cumplea\u00f1os, JL!\"}]},{\"@type\":\"Person\",\"@id\":\"https:\/\/seecolombia.travel\/blog\/#\/schema\/person\/06325007b1e564f887bb4e43855a53dc\",\"name\":\"Chris\",\"image\":{\"@type\":\"ImageObject\",\"inLanguage\":\"en-US\",\"@id\":\"https:\/\/seecolombia.travel\/blog\/#\/schema\/person\/image\/\",\"url\":\"https:\/\/secure.gravatar.com\/avatar\/25ee1ba433dbef5f2ed1e6d6275605e9?s=96&d=retro&r=g\",\"contentUrl\":\"https:\/\/secure.gravatar.com\/avatar\/25ee1ba433dbef5f2ed1e6d6275605e9?s=96&d=retro&r=g\",\"caption\":\"Chris\"},\"description\":\"I'm Chris and I'm the Colombia Travel Blog's resident Colombia travel expert and our editor. In nearly 4 years in the country, I have visited 31 of Colombia's 32 departments, and that last 1 is on the way! Colombia has been my home for years and I'm still not bored of exploring its diversity and magic, and getting to know its wonderful people. You can follow more of my adventures on Facebook @ChrisBellTravel and Instagram @ChrisBellColombia\",\"url\":\"https:\/\/seecolombia.travel\/blog\/author\/chris\/\"}]}<\/script>\n<!-- \/ Yoast SEO Premium plugin. -->","yoast_head_json":{"title":"\u00a1Feliz Cumplea\u00f1os, JL! - Colombia Travel Blog by See Colombia Travel","robots":{"index":"index","follow":"follow","max-snippet":"max-snippet:-1","max-image-preview":"max-image-preview:large","max-video-preview":"max-video-preview:-1"},"canonical":"https:\/\/seecolombia.travel\/blog\/2015\/09\/feliz-cumpleanos-jl\/","og_locale":"en_US","og_type":"article","og_title":"\u00a1Feliz Cumplea\u00f1os, JL!","og_description":"&nbsp; Estamos felices de poder celebrar contigo este tu cumplea\u00f1os n\u00famero 20 x 2. En toda tu vida has tenido logros tan grandes y locos y has tocado a tantas personas con tu empuje, dedicaci\u00f3n e ideas imparables que decid\u00ed pedirles a tus amigos unas palabras para esta fecha tan especial. Feliz, feliz, feliz, feliz [&hellip;]","og_url":"https:\/\/seecolombia.travel\/blog\/2015\/09\/feliz-cumpleanos-jl\/","og_site_name":"Colombia Travel Blog by See Colombia Travel","article_published_time":"2015-09-02T16:25:51+00:00","article_modified_time":"2016-05-11T20:17:57+00:00","og_image":[{"width":800,"height":238,"url":"https:\/\/seecolombia.travel\/blog\/wp-content\/uploads\/2015\/09\/10422169_581643711978905_6187353661216902144_ncrop.jpg","type":"image\/jpeg"}],"twitter_card":"summary","twitter_misc":{"Written by":"Chris","Est. reading time":"1 minute"},"schema":{"@context":"https:\/\/schema.org","@graph":[{"@type":"WebSite","@id":"https:\/\/seecolombia.travel\/blog\/#website","url":"https:\/\/seecolombia.travel\/blog\/","name":"Colombia Travel Blog by See Colombia Travel","description":"Colombia Travel Blog: An international perspective on travelling in Colombia by world travellers.","potentialAction":[{"@type":"SearchAction","target":{"@type":"EntryPoint","urlTemplate":"https:\/\/seecolombia.travel\/blog\/?s={search_term_string}"},"query-input":"required name=search_term_string"}],"inLanguage":"en-US"},{"@type":"ImageObject","inLanguage":"en-US","@id":"https:\/\/seecolombia.travel\/blog\/2015\/09\/feliz-cumpleanos-jl\/#primaryimage","url":"https:\/\/seecolombia.travel\/blog\/wp-content\/uploads\/2015\/09\/10422169_581643711978905_6187353661216902144_ncrop.jpg","contentUrl":"https:\/\/seecolombia.travel\/blog\/wp-content\/uploads\/2015\/09\/10422169_581643711978905_6187353661216902144_ncrop.jpg","width":800,"height":238,"caption":"Feliz cumpleanos JL"},{"@type":"WebPage","@id":"https:\/\/seecolombia.travel\/blog\/2015\/09\/feliz-cumpleanos-jl\/#webpage","url":"https:\/\/seecolombia.travel\/blog\/2015\/09\/feliz-cumpleanos-jl\/","name":"\u00a1Feliz Cumplea\u00f1os, JL! - Colombia Travel Blog by See Colombia Travel","isPartOf":{"@id":"https:\/\/seecolombia.travel\/blog\/#website"},"primaryImageOfPage":{"@id":"https:\/\/seecolombia.travel\/blog\/2015\/09\/feliz-cumpleanos-jl\/#primaryimage"},"datePublished":"2015-09-02T16:25:51+00:00","dateModified":"2016-05-11T20:17:57+00:00","author":{"@id":"https:\/\/seecolombia.travel\/blog\/#\/schema\/person\/06325007b1e564f887bb4e43855a53dc"},"breadcrumb":{"@id":"https:\/\/seecolombia.travel\/blog\/2015\/09\/feliz-cumpleanos-jl\/#breadcrumb"},"inLanguage":"en-US","potentialAction":[{"@type":"ReadAction","target":["https:\/\/seecolombia.travel\/blog\/2015\/09\/feliz-cumpleanos-jl\/"]}]},{"@type":"BreadcrumbList","@id":"https:\/\/seecolombia.travel\/blog\/2015\/09\/feliz-cumpleanos-jl\/#breadcrumb","itemListElement":[{"@type":"ListItem","position":1,"name":"Home","item":"https:\/\/seecolombia.travel\/blog\/"},{"@type":"ListItem","position":2,"name":"\u00a1Feliz Cumplea\u00f1os, JL!"}]},{"@type":"Person","@id":"https:\/\/seecolombia.travel\/blog\/#\/schema\/person\/06325007b1e564f887bb4e43855a53dc","name":"Chris","image":{"@type":"ImageObject","inLanguage":"en-US","@id":"https:\/\/seecolombia.travel\/blog\/#\/schema\/person\/image\/","url":"https:\/\/secure.gravatar.com\/avatar\/25ee1ba433dbef5f2ed1e6d6275605e9?s=96&d=retro&r=g","contentUrl":"https:\/\/secure.gravatar.com\/avatar\/25ee1ba433dbef5f2ed1e6d6275605e9?s=96&d=retro&r=g","caption":"Chris"},"description":"I'm Chris and I'm the Colombia Travel Blog's resident Colombia travel expert and our editor. In nearly 4 years in the country, I have visited 31 of Colombia's 32 departments, and that last 1 is on the way! Colombia has been my home for years and I'm still not bored of exploring its diversity and magic, and getting to know its wonderful people. You can follow more of my adventures on Facebook @ChrisBellTravel and Instagram @ChrisBellColombia","url":"https:\/\/seecolombia.travel\/blog\/author\/chris\/"}]}},"amp_enabled":true,"_links":{"self":[{"href":"https:\/\/seecolombia.travel\/blog\/wp-json\/wp\/v2\/posts\/19950"}],"collection":[{"href":"https:\/\/seecolombia.travel\/blog\/wp-json\/wp\/v2\/posts"}],"about":[{"href":"https:\/\/seecolombia.travel\/blog\/wp-json\/wp\/v2\/types\/post"}],"author":[{"embeddable":true,"href":"https:\/\/seecolombia.travel\/blog\/wp-json\/wp\/v2\/users\/5"}],"replies":[{"embeddable":true,"href":"https:\/\/seecolombia.travel\/blog\/wp-json\/wp\/v2\/comments?post=19950"}],"version-history":[{"count":5,"href":"https:\/\/seecolombia.travel\/blog\/wp-json\/wp\/v2\/posts\/19950\/revisions"}],"predecessor-version":[{"id":19956,"href":"https:\/\/seecolombia.travel\/blog\/wp-json\/wp\/v2\/posts\/19950\/revisions\/19956"}],"wp:featuredmedia":[{"embeddable":true,"href":"https:\/\/seecolombia.travel\/blog\/wp-json\/wp\/v2\/media\/19951"}],"wp:attachment":[{"href":"https:\/\/seecolombia.travel\/blog\/wp-json\/wp\/v2\/media?parent=19950"}],"wp:term":[{"taxonomy":"category","embeddable":true,"href":"https:\/\/seecolombia.travel\/blog\/wp-json\/wp\/v2\/categories?post=19950"},{"taxonomy":"post_tag","embeddable":true,"href":"https:\/\/seecolombia.travel\/blog\/wp-json\/wp\/v2\/tags?post=19950"}],"curies":[{"name":"wp","href":"https:\/\/api.w.org\/{rel}","templated":true}]}}