{"id":17190,"date":"2014-12-16T10:45:23","date_gmt":"2014-12-16T15:45:23","guid":{"rendered":"http:\/\/seecolombia.travel\/blog\/?p=17190"},"modified":"2016-05-11T15:34:52","modified_gmt":"2016-05-11T20:34:52","slug":"los-rostros-de-mistura-2014-la-feria-gastronomica-mas-importante-de-latinoamerica","status":"publish","type":"post","link":"https:\/\/seecolombia.travel\/blog\/2014\/12\/los-rostros-de-mistura-2014-la-feria-gastronomica-mas-importante-de-latinoamerica\/","title":{"rendered":"Blog de viajes Peru: Los Rostros de Mistura 2014: la feria gastron\u00f3mica m\u00e1s importante de latinoam\u00e9rica"},"content":{"rendered":"<p>&nbsp;<\/p>\n<p>Sin lugar a dudas,\u00a0<strong>Mistura\u00a0se ha convertido en la feria gastron\u00f3mica m\u00e1s importante de Am\u00e9rica<\/strong>, ratificando su posici\u00f3n a lo largo de 7 a\u00f1os consecutivos. Quiz\u00e1s el hecho de que\u00a0<strong>Lima\u00a0es considerada la Capital Gastron\u00f3mica del continente<\/strong> contribuya a que los ojos del mundo se posen en este evento que tuvo, por objetivo inicial, acercar al productor agropecuario con el\u00a0consumidor final, a trav\u00e9s de propuestas gastron\u00f3micas art\u00edsticamente\u00a0esculpidas por nuestros cocineros.<\/p>\n<p>Con muchos detractores en el sector, los que opinan que este objetivo fue sobrepasado por los intereses comerciales de algunos expositores y, al mismo tiempo, con varios defensores, <strong>Mistura sigue siendo el m\u00e1s importante referente promocional de nuestra vasta oferta culinaria<\/strong>. Pero como no me interesa ahondar en esos detalles prefiero, esta vez, rendir culto a aquellos hombres y mujeres que son uno de <strong>los principales protagonistas de nuestra cultura gastron\u00f3mica.<\/strong><\/p>\n<p>&nbsp;<\/p>\n<figure id=\"attachment_17192\" aria-describedby=\"caption-attachment-17192\" style=\"width: 697px\" class=\"wp-caption aligncenter\"><a href=\"http:\/\/seecolombia.travel\/blog\/2014\/12\/los-rostros-de-mistura-2014-la-feria-gastronomica-mas-importante-de-latinoamerica\/2014-09-04-mistura-53\/\" rel=\"attachment wp-att-17192\"><img loading=\"lazy\" class=\"size-full wp-image-17192\" src=\"http:\/\/seecolombia.travel\/blog\/wp-content\/uploads\/2014\/12\/2014-09-04-Mistura-53.jpg\" alt=\"Los Rostros de Mistura 2014\" width=\"697\" height=\"523\" srcset=\"https:\/\/seecolombia.travel\/blog\/wp-content\/uploads\/2014\/12\/2014-09-04-Mistura-53.jpg 697w, https:\/\/seecolombia.travel\/blog\/wp-content\/uploads\/2014\/12\/2014-09-04-Mistura-53-300x225.jpg 300w\" sizes=\"(max-width: 697px) 100vw, 697px\" \/><\/a><figcaption id=\"caption-attachment-17192\" class=\"wp-caption-text\">Los Rostros de Mistura 2014<\/figcaption><\/figure>\n<h4><\/h4>\n<h4>Misky Yakus<\/h4>\n<p>Don Jos\u00e9 Luis Mendoza fue nuestro anfitri\u00f3n favorito en Mistura. Desde que lo conocimos mostr\u00f3 un gran carisma y compromiso con lo que hace: llevar adelante su negocio de<strong> emolientes, c\u00e9lebre\u00a0bebida peruana, que posee beneficios para la salud indudables.<\/strong> Cada d\u00eda que lleg\u00e1bamos a la feria insit\u00eda en que visitemos su stand, el mismo que atend\u00eda junto a sus j\u00f3venes hijos.<\/p>\n<p>Entre las fragancias de membrillo, cebada y hierbas, nos cont\u00f3 como trajo a Lima el oficio de preparar la tradicional bebida que sus padres, en Chetilla (Cajamarca), preparaban . Dem\u00e1s est\u00e1 decir que <strong>sus m\u00e1s de 30 a\u00f1os de experiencia son evidentes en el emoliente m\u00e1s delicioso que he probado en mi vida<\/strong>.\u00a0No en vano llevan el nombre de Misky Yakus, frase quechua que significa &#8220;aguas dulces&#8221;, &#8220;aguas ricas&#8221;. A ellos los puedes encontrar, de<strong> Lunes a Domingo de 6 am a 3 pm, en el mercado de San Roque en Surco (Lima)<\/strong>.\u00a0<a title=\"Misky Yakus en FB\" href=\"http:\/\/www.placeok.com\/wp-admin\/www.facebook.com\/misky.yakus?fref=ts\" target=\"_blank\">Facebook aqu\u00ed<\/a>.<\/p>\n<p>&nbsp;<\/p>\n<figure id=\"attachment_17193\" aria-describedby=\"caption-attachment-17193\" style=\"width: 697px\" class=\"wp-caption aligncenter\"><a href=\"http:\/\/seecolombia.travel\/blog\/2014\/12\/los-rostros-de-mistura-2014-la-feria-gastronomica-mas-importante-de-latinoamerica\/2014-09-07-mistura-88\/\" rel=\"attachment wp-att-17193\"><img loading=\"lazy\" class=\"size-full wp-image-17193\" src=\"http:\/\/seecolombia.travel\/blog\/wp-content\/uploads\/2014\/12\/2014-09-07-Mistura-88.jpg\" alt=\"Los Rostros de Mistura 2014\" width=\"697\" height=\"523\" srcset=\"https:\/\/seecolombia.travel\/blog\/wp-content\/uploads\/2014\/12\/2014-09-07-Mistura-88.jpg 697w, https:\/\/seecolombia.travel\/blog\/wp-content\/uploads\/2014\/12\/2014-09-07-Mistura-88-300x225.jpg 300w\" sizes=\"(max-width: 697px) 100vw, 697px\" \/><\/a><figcaption id=\"caption-attachment-17193\" class=\"wp-caption-text\">El Punto del Sabor<\/figcaption><\/figure>\n<p>&nbsp;<\/p>\n<h4>Dulces Rosita<\/h4>\n<p>La se\u00f1ora Rosa fue la responsable de que, por primera vez, <strong>probara un suculento vaso de &#8220;leche cortada&#8221;<\/strong>, el cual -como su nombre lo indica- es un dulce que espera que la leche pase por un proceso de fermentaci\u00f3n natural <strong>hasta que cuaje al punto de poder ser consumida con miel de chancaca.<\/strong><\/p>\n<p>El negocio familiar de Rosa <strong>tiene por escenario una carretilla (food cart) en la plaza central de\u00a0<a title=\"De Lima a las ruinas de Pachacamac gracias al tour del Mirab\u00fas\" href=\"http:\/\/www.placeok.com\/mirabus-tour-lima-pachacamac\/\" target=\"_blank\">Pachacamac<\/a>, al sur de Lima<\/strong>, donde es visitada por numerosos comensales, nacionales y extranjeros, los cuales tienen la opci\u00f3n adicional de <strong>probar picarones, champ\u00fas de fruta, mazamorra de cochino y dulces de calabaza<\/strong>.\u00a0Con 20 a\u00f1os de experiencia y un trato amable, Rosita te espera de 2 a 10 pm los s\u00e1bados, domingos y feriados.\u00a0<a title=\"Dulces Rosita en FB\" href=\"http:\/\/www.placeok.com\/wp-admin\/www.facebook.com\/DulcesRositaPachacamac?fref=ts\" target=\"_blank\">Facebook aqu\u00ed<\/a>.<\/p>\n<p>&nbsp;<\/p>\n<figure id=\"attachment_17194\" aria-describedby=\"caption-attachment-17194\" style=\"width: 697px\" class=\"wp-caption aligncenter\"><a href=\"http:\/\/seecolombia.travel\/blog\/2014\/12\/los-rostros-de-mistura-2014-la-feria-gastronomica-mas-importante-de-latinoamerica\/2014-09-07-mistura-11-1\/\" rel=\"attachment wp-att-17194\"><img loading=\"lazy\" class=\"size-full wp-image-17194\" src=\"http:\/\/seecolombia.travel\/blog\/wp-content\/uploads\/2014\/12\/2014-09-07-Mistura-11-1.jpg\" alt=\"Los Rostros de Mistura 2014\" width=\"697\" height=\"523\" srcset=\"https:\/\/seecolombia.travel\/blog\/wp-content\/uploads\/2014\/12\/2014-09-07-Mistura-11-1.jpg 697w, https:\/\/seecolombia.travel\/blog\/wp-content\/uploads\/2014\/12\/2014-09-07-Mistura-11-1-300x225.jpg 300w\" sizes=\"(max-width: 697px) 100vw, 697px\" \/><\/a><figcaption id=\"caption-attachment-17194\" class=\"wp-caption-text\">Anticucheria Juancito<\/figcaption><\/figure>\n<h4><\/h4>\n<h4>Anticucher\u00eda Juancito<\/h4>\n<p>Juan Tumpay es un agradable caballero, <strong>originario de Cusco, quien vivi\u00f3 en una familia que amaba la cocina<\/strong>. Fue por ello que\u00a0desde ni\u00f1o ve\u00eda como en casa se preparaban unos deliciosos potajes, entre ellos los anticuchos<strong> (brochetas de coraz\u00f3n de res)<\/strong> que raramente sol\u00edan verse en la capital imperial. Lleg\u00f3 as\u00ed a Lima con sus t\u00edos decididos a forjarse un futuro mejor, son ellos los\u00a0que lo motivaron a iniciarse en la venta de comida en la calle con una carretilla de anticuchos, <strong>emulando lo que hac\u00eda su t\u00edo en el distrito lime\u00f1o de Jes\u00fas Mar\u00eda.<\/strong><\/p>\n<p>Juancito pas\u00f3 de ser ayudante del t\u00edo y de do\u00f1a Antonia, anticuchera de ese distrito, a tener su propia carretilla en Bre\u00f1a. <strong>Fue all\u00ed que se anim\u00f3 a abrir un\u00a0local propio,<\/strong> pero al no encontrar la aceptaci\u00f3n esperada, decidi\u00f3 regresar con su carretilla a Jes\u00fas Mar\u00eda. Esto sucedi\u00f3 en la peor \u00e9poca pol\u00edtica de Lima, cuando el terrorismo asolaba las calles y <strong>era raro pensar en salir a comer fuera de casa.<\/strong><\/p>\n<p>Pero la rica saz\u00f3n de don Juan hizo que la gente se anime a comer al paso. <strong>El \u00e9xito le sonri\u00f3 y esta vez abri\u00f3 un local que, hasta ahora, se\u00a0llena de gente<\/strong>. Son dos a\u00f1os los que ha pasado en Mistura y se siente feliz por ello ya que lleg\u00f3 invitado al resultar ganador del concurso de Nuevos Talentos de la Gastronom\u00eda organizado por un banco local. <strong>Sus anticuchos, con el delicioso toque de la sal de Maras (Cusco), son tan buenos que s\u00ed no los probaron en Mistura los pueden encontrar en su restaurante, todos los d\u00edas<\/strong>, de 4pm a 3 am.\u00a0<a title=\"Anticuher\u00eda Juancito de Jes\u00fas Mar\u00eda en FB\" href=\"https:\/\/www.facebook.com\/pages\/Anticucheria-Juancito\/141406569390477\" target=\"_blank\">Facebook aqu\u00ed<\/a>.<\/p>\n<p>&nbsp;<\/p>\n<figure id=\"attachment_17195\" aria-describedby=\"caption-attachment-17195\" style=\"width: 700px\" class=\"wp-caption aligncenter\"><a href=\"http:\/\/seecolombia.travel\/blog\/2014\/12\/los-rostros-de-mistura-2014-la-feria-gastronomica-mas-importante-de-latinoamerica\/2014-09-07-mistura-65-cremoladasangelica\/\" rel=\"attachment wp-att-17195\"><img loading=\"lazy\" class=\"size-full wp-image-17195\" src=\"http:\/\/seecolombia.travel\/blog\/wp-content\/uploads\/2014\/12\/2014-09-07-Mistura-65-CremoladasAngelica.jpg\" alt=\"Los Rostros de Mistura 2014\" width=\"700\" height=\"523\" srcset=\"https:\/\/seecolombia.travel\/blog\/wp-content\/uploads\/2014\/12\/2014-09-07-Mistura-65-CremoladasAngelica.jpg 700w, https:\/\/seecolombia.travel\/blog\/wp-content\/uploads\/2014\/12\/2014-09-07-Mistura-65-CremoladasAngelica-300x224.jpg 300w\" sizes=\"(max-width: 700px) 100vw, 700px\" \/><\/a><figcaption id=\"caption-attachment-17195\" class=\"wp-caption-text\">Cremoladas Angelica<\/figcaption><\/figure>\n<h4><\/h4>\n<h4>Cremoladas Ang\u00e9lica<\/h4>\n<p>Ang\u00e9lica Obreg\u00f3n Carpio es una mujer tan emprededora como agradable, me cont\u00f3 que se inici\u00f3 en el dulce mundo de las cremoladas gracias a una &#8220;casera&#8221;.<strong> Resulta que vend\u00eda frutas en la calle, junto a su esposo, en el distrito de La Molina<\/strong>. C\u00f3mo le iba relativamente bien pudo invertir en la compra de un local, all\u00ed continu\u00f3\u00a0con la venta de frutas pero notaba que en ese negocio se perd\u00eda muchos insumos ya que, como comprender\u00e1n, es un alimento perecible. Al no saber qu\u00e9 hacer, un d\u00eda se puso a conversar con una cliente asidua a su puesto,<strong> fue en ese momento que ella le cont\u00f3 que preparaba cremoladas con la fruta que le sol\u00eda comprar;<\/strong> adem\u00e1s le sugiri\u00f3 que intente hacer lo mismo e incluso, le ense\u00f1\u00f3 como prepararla.<\/p>\n<p>As\u00ed Ang\u00e9lica inici\u00f3 un segundo negocio dentro de un mismo local, pero a\u00fan no estaba contenta con el resultado y decidi\u00f3 capacitarse en la Universidad Agraria La Molina d\u00f3nde descubri\u00f3 que la clave para preparar una de las mejores cremoladas de Lima, se encontraba en <strong>la elaboraci\u00f3n de un n\u00e9ctar de frutas y no un simple jugo que pon\u00eda a congelar.<\/strong><\/p>\n<p>Actualmente ofrece a sus fieles clientes <strong>una variedad de 53 sabores (en\u00a0Mistura lanz\u00f3 los de taperiba, a\u00e7ai y\u00a0copo azu).<\/strong> Te invito a visitarla en cualquiera de sus dos locales en La Molina ( de Lunes a Domingo de 9 am a 10 pm) o en <strong>su punto de venta en el Parque de la Amistad de Surco. (de Martes a Domingo de 11 am a 8 pm<\/strong>).\u00a0<a title=\"Cremoladas Ang\u00e9lica en Facebook\" href=\"https:\/\/www.facebook.com\/angelicacremoladas?fref=ts\" target=\"_blank\">Facebook aqu\u00ed<\/a>.<\/p>\n<p>&nbsp;<\/p>\n<figure id=\"attachment_17197\" aria-describedby=\"caption-attachment-17197\" style=\"width: 384px\" class=\"wp-caption aligncenter\"><a href=\"http:\/\/seecolombia.travel\/blog\/2014\/12\/los-rostros-de-mistura-2014-la-feria-gastronomica-mas-importante-de-latinoamerica\/2014-09-07-mistura-68\/\" rel=\"attachment wp-att-17197\"><img loading=\"lazy\" class=\"size-full wp-image-17197\" src=\"http:\/\/seecolombia.travel\/blog\/wp-content\/uploads\/2014\/12\/2014-09-07-Mistura-68.jpg\" alt=\"Los Rostros de Mistura 2014\" width=\"384\" height=\"523\" srcset=\"https:\/\/seecolombia.travel\/blog\/wp-content\/uploads\/2014\/12\/2014-09-07-Mistura-68.jpg 384w, https:\/\/seecolombia.travel\/blog\/wp-content\/uploads\/2014\/12\/2014-09-07-Mistura-68-220x300.jpg 220w\" sizes=\"(max-width: 384px) 100vw, 384px\" \/><\/a><figcaption id=\"caption-attachment-17197\" class=\"wp-caption-text\">Cremoladas Angelica<\/figcaption><\/figure>\n<p>&nbsp;<\/p>\n<h4>Yuquitas El Punto del Sabor<\/h4>\n<p>Nazario Ichpas es el emprendedor que, a manera de ganarse la vida, <strong>en 1988 empez\u00f3 a trabajar ayudando a un vendedor ambulante de yuquitas fritas<\/strong> en las calles del distrito de Magdalena, fue all\u00ed que se dio cuenta que ese negocio era rentable y se anim\u00f3 a <strong>tener su puesto propio, corr\u00eda ya el a\u00f1o de 1993.<\/strong><\/p>\n<p>El cuidar mucho la receta para llegar al &#8220;punto de sabor&#8221; exacto en <strong>la elaboraci\u00f3n de yuquitas y bombitas fritas a base de harina de yuca, trigo, camote y quinua<\/strong>, le permiti\u00f3 que se convierta en el\u00a0preferido del barrio. Fue as\u00ed que el p\u00fablico lo hizo ganador del concurso de Nuevos Talentos en Gastronom\u00eda en la categor\u00eda de dulces,<strong> que le permiti\u00f3 ser invitado a participar de Mistura<\/strong>. Ya son dos a\u00f1os ofreciendo sus productos en esta feria internacional y se siente muy contento por ello. Vis\u00edtalo en alguna de <strong>sus dos carretillas en Magdalena donde lo encuentras de Lunes a Domingo de 10 am a 6.30 pm.<\/strong>\u00a0<a title=\"Yuquitas El Punto del Sabor en FB\" href=\"https:\/\/www.facebook.com\/pages\/Yuquitas-Fritas-El-Punto-del-Sabor\/159579854241123?fref=ts\" target=\"_blank\">Facebook aqu\u00ed<\/a>.<\/p>\n<p>&nbsp;<\/p>\n<figure id=\"attachment_17198\" aria-describedby=\"caption-attachment-17198\" style=\"width: 697px\" class=\"wp-caption aligncenter\"><a href=\"http:\/\/seecolombia.travel\/blog\/2014\/12\/los-rostros-de-mistura-2014-la-feria-gastronomica-mas-importante-de-latinoamerica\/2014-09-11-mistura-27-cachangashectitors\/\" rel=\"attachment wp-att-17198\"><img loading=\"lazy\" class=\"size-full wp-image-17198\" src=\"http:\/\/seecolombia.travel\/blog\/wp-content\/uploads\/2014\/12\/2014-09-11-Mistura-27-CachangasHectitors.jpg\" alt=\"Los Rostros de Mistura 2014\" width=\"697\" height=\"523\" srcset=\"https:\/\/seecolombia.travel\/blog\/wp-content\/uploads\/2014\/12\/2014-09-11-Mistura-27-CachangasHectitors.jpg 697w, https:\/\/seecolombia.travel\/blog\/wp-content\/uploads\/2014\/12\/2014-09-11-Mistura-27-CachangasHectitors-300x225.jpg 300w\" sizes=\"(max-width: 697px) 100vw, 697px\" \/><\/a><figcaption id=\"caption-attachment-17198\" class=\"wp-caption-text\">Hectitor&#8217;s del Norte<\/figcaption><\/figure>\n<h4><\/h4>\n<h4>Hectitor\u00b4s del Norte<\/h4>\n<p>No, no se llama Hector, pero el padre de Salatiel Burga s\u00ed. Fue \u00e9l quien lo inspir\u00f3 para llevar adelante su negocio de comida. Cuando Salatiel viv\u00eda en el norte del Per\u00fa, en 1995, <strong>decidi\u00f3 abrir un negocio de comida r\u00e1pida en Chiclayo.<\/strong> All\u00ed vend\u00eda \u00fanicamente cachangas rellenas de queso (una especie de masa elaborada con harina y frita) acompa\u00f1adas del champ\u00fa norte\u00f1o, que <strong>es un tipo de licuado de ma\u00edz mote con miel de chancaca.<\/strong> Tuvo acogida y el deseo de hacer lo mismo en Lima, lo traslad\u00f3 hasta la capital.<\/p>\n<p>Es por ello que, desde hace 9 a\u00f1os, ofrece a sus clientes cachangas rellenas con lo m\u00e1s deseado: <strong>pollo, jam\u00f3n, queso, lomo saltado, saltado oriental, verduras y much\u00edsimos sabores m\u00e1s<\/strong>. Participar de Mistura por 4 a\u00f1os lo ha hecho muy famoso, por ello cuenta con <strong>varios locales en Lima en los cuales atiende todos los d\u00edas de 8 am a 10 pm<\/strong>.\u00a0Sus metas se abocan ahora en vender sus cachangas pre-cocidas y el relleno envasado para que puedan ser preparadas en casa.\u00a0<a title=\"Hectitor\u00b4s del Norte en FB\" href=\"http:\/\/www.placeok.com\/wp-admin\/www.facebook.com\/gustitos.delnorte?fref=ts\" target=\"_blank\">Facebook aqu\u00ed<\/a>.<\/p>\n<p>&nbsp;<\/p>\n<figure id=\"attachment_17199\" aria-describedby=\"caption-attachment-17199\" style=\"width: 392px\" class=\"wp-caption aligncenter\"><a href=\"http:\/\/seecolombia.travel\/blog\/2014\/12\/los-rostros-de-mistura-2014-la-feria-gastronomica-mas-importante-de-latinoamerica\/2014-09-04-mistura-54\/\" rel=\"attachment wp-att-17199\"><img loading=\"lazy\" class=\"size-full wp-image-17199\" src=\"http:\/\/seecolombia.travel\/blog\/wp-content\/uploads\/2014\/12\/2014-09-04-Mistura-54.jpg\" alt=\"Los Rostros de Mistura 2014\" width=\"392\" height=\"523\" srcset=\"https:\/\/seecolombia.travel\/blog\/wp-content\/uploads\/2014\/12\/2014-09-04-Mistura-54.jpg 392w, https:\/\/seecolombia.travel\/blog\/wp-content\/uploads\/2014\/12\/2014-09-04-Mistura-54-224x300.jpg 224w\" sizes=\"(max-width: 392px) 100vw, 392px\" \/><\/a><figcaption id=\"caption-attachment-17199\" class=\"wp-caption-text\">Los Rostros de Mistura 2014<\/figcaption><\/figure>\n<h4><\/h4>\n<h4>Al Cilindro de Javi<\/h4>\n<p>Javier Olano nos recibi\u00f3 en su stand del mundo de las brasas en Mistura para contarnos c\u00f3mo, de forma casual y preparando parrillas<strong> para las reuniones en casa con los amigos, se inici\u00f3 en su negocio.<\/strong> Su gusto por la comida no se limit\u00f3 a usar un \u00fanico m\u00e9todo de cocci\u00f3n de carnes sino que lo empuj\u00f3 a probar el cilindro, que apareci\u00f3 hace unos a\u00f1os atr\u00e1s y que ofrec\u00eda una saz\u00f3n diferente a\u00a0las piezas de pollo \u00a0o chancho que pasaban por all\u00ed. <strong>Como empez\u00f3 a recibir la idea de preparar comida a delivery, decidi\u00f3 tomar esa oportunidad en serio.<\/strong><\/p>\n<p>El negocio fue creciendo y por ello decidi\u00f3 tocar las puertas de Mistura, en el 2010, para participar. Pero no fue aceptado, <strong>&#8220;eres muy nuevo&#8221; le dijeron.<\/strong> Su mayor sue\u00f1o se vio frustrado y entr\u00f3 en depresi\u00f3n, sin embargo, ferviente como era opt\u00f3 por dejar esa actitud y empez\u00f3 a orar, todos los d\u00edas, para saber qu\u00e9 camino seguir. De forma inesperada empezaron a llegar las invitaciones para atender eventos y \u00e9l se dio cuenta que <strong>&#8220;los tiempos de Dios no son los mismos que los del hombre&#8221;<\/strong>. Empez\u00f3 as\u00ed el periodo de &#8220;entrenamiento&#8221; para que, exactamente un a\u00f1o despu\u00e9s, los organizadores de Mistura lo llamaran a participar.<strong> \u00a1S\u00ed, ahora lo buscaban a \u00e9l!<\/strong><\/p>\n<p>Con tres a\u00f1os en Mistura, un restaurante en Lur\u00edn (S\u00e1bados, Domingos y Feriados 10 am &#8211; 6 pm) y otro en en el Parque de la Amistad en Surco (Martes a Domingo de 11 am a 8 pm), <strong>Javier los espera con la mesa ya puesta<\/strong>.\u00a0<a title=\"Al Cilindro de Javi en FB\" href=\"https:\/\/www.facebook.com\/alcilindro.javi?fref=ts\" target=\"_blank\">Facebook aqu\u00ed<\/a>.<\/p>\n<p>&nbsp;<\/p>\n<figure id=\"attachment_17200\" aria-describedby=\"caption-attachment-17200\" style=\"width: 700px\" class=\"wp-caption aligncenter\"><a href=\"http:\/\/seecolombia.travel\/blog\/2014\/12\/los-rostros-de-mistura-2014-la-feria-gastronomica-mas-importante-de-latinoamerica\/2014-09-11-mistura-131-gotitasdeamor\/\" rel=\"attachment wp-att-17200\"><img loading=\"lazy\" class=\"size-full wp-image-17200\" src=\"http:\/\/seecolombia.travel\/blog\/wp-content\/uploads\/2014\/12\/2014-09-11-Mistura-131-GotitasdeAmor.jpg\" alt=\"Los Rostros de Mistura 2014\" width=\"700\" height=\"523\" srcset=\"https:\/\/seecolombia.travel\/blog\/wp-content\/uploads\/2014\/12\/2014-09-11-Mistura-131-GotitasdeAmor.jpg 700w, https:\/\/seecolombia.travel\/blog\/wp-content\/uploads\/2014\/12\/2014-09-11-Mistura-131-GotitasdeAmor-300x224.jpg 300w\" sizes=\"(max-width: 700px) 100vw, 700px\" \/><\/a><figcaption id=\"caption-attachment-17200\" class=\"wp-caption-text\">Gotitas de Amor<\/figcaption><\/figure>\n<h4><\/h4>\n<h4>Gotitas de Amor<\/h4>\n<p><strong>Do\u00f1a Matilde Castillo vende diversos dulces tradicionales en su carretilla en el distrito de San Martin de Porres, en Lima<\/strong>. Empez\u00f3 exactamente hace 20 a\u00f1os en el mercado, en donde destacaba ya\u00a0que su puesto era impecablemente blanco, limpio y ordenado. Esto atrajo a sus comensales quienes se deleitaron por lo rico de sus potajes.<strong> \u00a1Qui\u00e9n dir\u00eda que iba a ser tan exitosa si tuvo que empezar por necesidad ya que su esposo cay\u00f3 enfermo!<\/strong> En ese momento fue una amiga la que le prest\u00f3 la olla y los insumos para preparar mazamorra morada (incluso le tuvo que explicar c\u00f3mo hacerlo), pero las &#8220;gotitas de amor&#8221; que incluy\u00f3 en la f\u00f3rmula hizo que sobresaliera.<\/p>\n<p>Actualmente cuenta con el apoyo del gobierno distrital y <strong>ofrece sus postres en la puerta del Municipio.<\/strong> All\u00ed encontrar\u00e1n un s\u00faper delicioso champ\u00fa de frutas, una extraordinaria mazamorra morada o<strong> un exquisito arroz con leche, entre otros dulces m\u00e1s<\/strong>. Vamos, an\u00edmense a visitarla que no en vano gan\u00f3 el primer puesto, en un concurso nacional, con el mejor champ\u00fa de guanabana del Per\u00fa.<strong> La encuentran de Lunes a Viernes de 11 am a 9 pm<\/strong>.\u00a0<a title=\"Gotitas o Champ\u00fas de Amor en FB\" href=\"https:\/\/www.facebook.com\/champusdeamor\" target=\"_blank\">Facebook aqu\u00ed<\/a>.<\/p>\n<p><b><i>Tipo de evento:<\/i><\/b>\u00a0Feria Gastron\u00f3mica<br \/>\n<b><i>Lugar:<\/i><\/b>\u00a0Lima, Per\u00fa<br \/>\n<b><i>Edici\u00f3n:<\/i><\/b>\u00a0Anual (Setiembre)<br \/>\n<b><i>Costo:<\/i><\/b>\u00a0S\/. 25,00 (2014)<\/p>\n<p>Lourdes<\/p>\n<p>&nbsp;<\/p>\n","protected":false},"excerpt":{"rendered":"<p>&nbsp; Sin lugar a dudas,\u00a0Mistura\u00a0se ha convertido en la feria gastron\u00f3mica m\u00e1s importante de Am\u00e9rica, ratificando su posici\u00f3n a lo largo de 7 a\u00f1os consecutivos. Quiz\u00e1s el hecho de que\u00a0Lima\u00a0es considerada la Capital Gastron\u00f3mica del continente contribuya a que los ojos del mundo se posen en este evento que tuvo, por objetivo inicial, acercar al [&hellip;]<\/p>\n","protected":false},"author":88898,"featured_media":17202,"comment_status":"open","ping_status":"open","sticky":false,"template":"","format":"standard","meta":{"ngg_post_thumbnail":0},"categories":[1851,1860,4,865,2364,2363,1],"tags":[1605,2952,2951,2960],"yoast_head":"<!-- This site is optimized with the Yoast SEO Premium plugin v18.4 (Yoast SEO v18.9) - https:\/\/yoast.com\/wordpress\/plugins\/seo\/ -->\n<title>Blog de viajes Peru: Los Rostros de Mistura 2014: la feria gastron\u00f3mica m\u00e1s importante de latinoam\u00e9rica - Colombia Travel Blog by See Colombia Travel<\/title>\n<meta name=\"robots\" content=\"index, follow, max-snippet:-1, max-image-preview:large, max-video-preview:-1\" \/>\n<link rel=\"canonical\" href=\"https:\/\/seecolombia.travel\/blog\/2014\/12\/los-rostros-de-mistura-2014-la-feria-gastronomica-mas-importante-de-latinoamerica\/\" \/>\n<meta property=\"og:locale\" content=\"en_US\" \/>\n<meta property=\"og:type\" content=\"article\" \/>\n<meta property=\"og:title\" content=\"Blog de viajes Peru: Los Rostros de Mistura 2014: la feria gastron\u00f3mica m\u00e1s importante de latinoam\u00e9rica\" \/>\n<meta property=\"og:description\" content=\"&nbsp; Sin lugar a dudas,\u00a0Mistura\u00a0se ha convertido en la feria gastron\u00f3mica m\u00e1s importante de Am\u00e9rica, ratificando su posici\u00f3n a lo largo de 7 a\u00f1os consecutivos. Quiz\u00e1s el hecho de que\u00a0Lima\u00a0es considerada la Capital Gastron\u00f3mica del continente contribuya a que los ojos del mundo se posen en este evento que tuvo, por objetivo inicial, acercar al [&hellip;]\" \/>\n<meta property=\"og:url\" content=\"https:\/\/seecolombia.travel\/blog\/2014\/12\/los-rostros-de-mistura-2014-la-feria-gastronomica-mas-importante-de-latinoamerica\/\" \/>\n<meta property=\"og:site_name\" content=\"Colombia Travel Blog by See Colombia Travel\" \/>\n<meta property=\"article:published_time\" content=\"2014-12-16T15:45:23+00:00\" \/>\n<meta property=\"article:modified_time\" content=\"2016-05-11T20:34:52+00:00\" \/>\n<meta property=\"og:image\" content=\"https:\/\/seecolombia.travel\/blog\/wp-content\/uploads\/2014\/12\/2014-09-07-Mistura-11crop.jpg\" \/>\n\t<meta property=\"og:image:width\" content=\"697\" \/>\n\t<meta property=\"og:image:height\" content=\"256\" \/>\n\t<meta property=\"og:image:type\" content=\"image\/jpeg\" \/>\n<meta name=\"twitter:card\" content=\"summary\" \/>\n<meta name=\"twitter:label1\" content=\"Written by\" \/>\n\t<meta name=\"twitter:data1\" content=\"Lourdes Chuquipiondo\" \/>\n\t<meta name=\"twitter:label2\" content=\"Est. reading time\" \/>\n\t<meta name=\"twitter:data2\" content=\"10 minutes\" \/>\n<script type=\"application\/ld+json\" class=\"yoast-schema-graph\">{\"@context\":\"https:\/\/schema.org\",\"@graph\":[{\"@type\":\"WebSite\",\"@id\":\"https:\/\/seecolombia.travel\/blog\/#website\",\"url\":\"https:\/\/seecolombia.travel\/blog\/\",\"name\":\"Colombia Travel Blog by See Colombia Travel\",\"description\":\"Colombia Travel Blog: An international perspective on travelling in Colombia by world travellers.\",\"potentialAction\":[{\"@type\":\"SearchAction\",\"target\":{\"@type\":\"EntryPoint\",\"urlTemplate\":\"https:\/\/seecolombia.travel\/blog\/?s={search_term_string}\"},\"query-input\":\"required name=search_term_string\"}],\"inLanguage\":\"en-US\"},{\"@type\":\"ImageObject\",\"inLanguage\":\"en-US\",\"@id\":\"https:\/\/seecolombia.travel\/blog\/2014\/12\/los-rostros-de-mistura-2014-la-feria-gastronomica-mas-importante-de-latinoamerica\/#primaryimage\",\"url\":\"https:\/\/seecolombia.travel\/blog\/wp-content\/uploads\/2014\/12\/2014-09-07-Mistura-11crop.jpg\",\"contentUrl\":\"https:\/\/seecolombia.travel\/blog\/wp-content\/uploads\/2014\/12\/2014-09-07-Mistura-11crop.jpg\",\"width\":697,\"height\":256,\"caption\":\"Los Rostros de Mistura 2014\"},{\"@type\":\"WebPage\",\"@id\":\"https:\/\/seecolombia.travel\/blog\/2014\/12\/los-rostros-de-mistura-2014-la-feria-gastronomica-mas-importante-de-latinoamerica\/#webpage\",\"url\":\"https:\/\/seecolombia.travel\/blog\/2014\/12\/los-rostros-de-mistura-2014-la-feria-gastronomica-mas-importante-de-latinoamerica\/\",\"name\":\"Blog de viajes Peru: Los Rostros de Mistura 2014: la feria gastron\u00f3mica m\u00e1s importante de latinoam\u00e9rica - Colombia Travel Blog by See Colombia Travel\",\"isPartOf\":{\"@id\":\"https:\/\/seecolombia.travel\/blog\/#website\"},\"primaryImageOfPage\":{\"@id\":\"https:\/\/seecolombia.travel\/blog\/2014\/12\/los-rostros-de-mistura-2014-la-feria-gastronomica-mas-importante-de-latinoamerica\/#primaryimage\"},\"datePublished\":\"2014-12-16T15:45:23+00:00\",\"dateModified\":\"2016-05-11T20:34:52+00:00\",\"author\":{\"@id\":\"https:\/\/seecolombia.travel\/blog\/#\/schema\/person\/cd32922c38629e07c61ce44756c3902d\"},\"breadcrumb\":{\"@id\":\"https:\/\/seecolombia.travel\/blog\/2014\/12\/los-rostros-de-mistura-2014-la-feria-gastronomica-mas-importante-de-latinoamerica\/#breadcrumb\"},\"inLanguage\":\"en-US\",\"potentialAction\":[{\"@type\":\"ReadAction\",\"target\":[\"https:\/\/seecolombia.travel\/blog\/2014\/12\/los-rostros-de-mistura-2014-la-feria-gastronomica-mas-importante-de-latinoamerica\/\"]}]},{\"@type\":\"BreadcrumbList\",\"@id\":\"https:\/\/seecolombia.travel\/blog\/2014\/12\/los-rostros-de-mistura-2014-la-feria-gastronomica-mas-importante-de-latinoamerica\/#breadcrumb\",\"itemListElement\":[{\"@type\":\"ListItem\",\"position\":1,\"name\":\"Home\",\"item\":\"https:\/\/seecolombia.travel\/blog\/\"},{\"@type\":\"ListItem\",\"position\":2,\"name\":\"Blog de viajes Peru: Los Rostros de Mistura 2014: la feria gastron\u00f3mica m\u00e1s importante de latinoam\u00e9rica\"}]},{\"@type\":\"Person\",\"@id\":\"https:\/\/seecolombia.travel\/blog\/#\/schema\/person\/cd32922c38629e07c61ce44756c3902d\",\"name\":\"Lourdes Chuquipiondo\",\"image\":{\"@type\":\"ImageObject\",\"inLanguage\":\"en-US\",\"@id\":\"https:\/\/seecolombia.travel\/blog\/#\/schema\/person\/image\/\",\"url\":\"https:\/\/secure.gravatar.com\/avatar\/0d8f6f526c101e4ed4b5bd1eefd71fff?s=96&d=retro&r=g\",\"contentUrl\":\"https:\/\/secure.gravatar.com\/avatar\/0d8f6f526c101e4ed4b5bd1eefd71fff?s=96&d=retro&r=g\",\"caption\":\"Lourdes Chuquipiondo\"},\"description\":\"Lourdes Chuquipiondo es una Comunicadora Social de Per\u00fa, Especialista en Proyectos de Desarrollo, amante de los viajes y de la gastronom\u00eda, fot\u00f3grafa amateur y emprendedora. Durante muchos a\u00f1os trabaj\u00f3 para diversos organismos de desarrollo, nacionales e internacionales, como responsable del dise\u00f1o de estrategas de comunicaci\u00f3n y la producci\u00f3n de contenidos. Actualmente es directora del blog de recomendaciones tur\u00edsticas placeOK, el cual r\u00e1pidamente ha sido reconocido por diversas organizaciones y empresas del sector tur\u00edstico en sudam\u00e9rica e, incluso, en B\u00e9lgica. Adicionalmente, Lourdes es colaboradora de la prestigiosa red internacional de turismo Tripatini.com donde publica rese\u00f1as de diversos destinos.\",\"sameAs\":[\"http:\/\/www.placeok.com\"],\"url\":\"https:\/\/seecolombia.travel\/blog\/author\/lourdes\/\"}]}<\/script>\n<!-- \/ Yoast SEO Premium plugin. -->","yoast_head_json":{"title":"Blog de viajes Peru: Los Rostros de Mistura 2014: la feria gastron\u00f3mica m\u00e1s importante de latinoam\u00e9rica - Colombia Travel Blog by See Colombia Travel","robots":{"index":"index","follow":"follow","max-snippet":"max-snippet:-1","max-image-preview":"max-image-preview:large","max-video-preview":"max-video-preview:-1"},"canonical":"https:\/\/seecolombia.travel\/blog\/2014\/12\/los-rostros-de-mistura-2014-la-feria-gastronomica-mas-importante-de-latinoamerica\/","og_locale":"en_US","og_type":"article","og_title":"Blog de viajes Peru: Los Rostros de Mistura 2014: la feria gastron\u00f3mica m\u00e1s importante de latinoam\u00e9rica","og_description":"&nbsp; Sin lugar a dudas,\u00a0Mistura\u00a0se ha convertido en la feria gastron\u00f3mica m\u00e1s importante de Am\u00e9rica, ratificando su posici\u00f3n a lo largo de 7 a\u00f1os consecutivos. Quiz\u00e1s el hecho de que\u00a0Lima\u00a0es considerada la Capital Gastron\u00f3mica del continente contribuya a que los ojos del mundo se posen en este evento que tuvo, por objetivo inicial, acercar al [&hellip;]","og_url":"https:\/\/seecolombia.travel\/blog\/2014\/12\/los-rostros-de-mistura-2014-la-feria-gastronomica-mas-importante-de-latinoamerica\/","og_site_name":"Colombia Travel Blog by See Colombia Travel","article_published_time":"2014-12-16T15:45:23+00:00","article_modified_time":"2016-05-11T20:34:52+00:00","og_image":[{"width":697,"height":256,"url":"https:\/\/seecolombia.travel\/blog\/wp-content\/uploads\/2014\/12\/2014-09-07-Mistura-11crop.jpg","type":"image\/jpeg"}],"twitter_card":"summary","twitter_misc":{"Written by":"Lourdes Chuquipiondo","Est. reading time":"10 minutes"},"schema":{"@context":"https:\/\/schema.org","@graph":[{"@type":"WebSite","@id":"https:\/\/seecolombia.travel\/blog\/#website","url":"https:\/\/seecolombia.travel\/blog\/","name":"Colombia Travel Blog by See Colombia Travel","description":"Colombia Travel Blog: An international perspective on travelling in Colombia by world travellers.","potentialAction":[{"@type":"SearchAction","target":{"@type":"EntryPoint","urlTemplate":"https:\/\/seecolombia.travel\/blog\/?s={search_term_string}"},"query-input":"required name=search_term_string"}],"inLanguage":"en-US"},{"@type":"ImageObject","inLanguage":"en-US","@id":"https:\/\/seecolombia.travel\/blog\/2014\/12\/los-rostros-de-mistura-2014-la-feria-gastronomica-mas-importante-de-latinoamerica\/#primaryimage","url":"https:\/\/seecolombia.travel\/blog\/wp-content\/uploads\/2014\/12\/2014-09-07-Mistura-11crop.jpg","contentUrl":"https:\/\/seecolombia.travel\/blog\/wp-content\/uploads\/2014\/12\/2014-09-07-Mistura-11crop.jpg","width":697,"height":256,"caption":"Los Rostros de Mistura 2014"},{"@type":"WebPage","@id":"https:\/\/seecolombia.travel\/blog\/2014\/12\/los-rostros-de-mistura-2014-la-feria-gastronomica-mas-importante-de-latinoamerica\/#webpage","url":"https:\/\/seecolombia.travel\/blog\/2014\/12\/los-rostros-de-mistura-2014-la-feria-gastronomica-mas-importante-de-latinoamerica\/","name":"Blog de viajes Peru: Los Rostros de Mistura 2014: la feria gastron\u00f3mica m\u00e1s importante de latinoam\u00e9rica - Colombia Travel Blog by See Colombia Travel","isPartOf":{"@id":"https:\/\/seecolombia.travel\/blog\/#website"},"primaryImageOfPage":{"@id":"https:\/\/seecolombia.travel\/blog\/2014\/12\/los-rostros-de-mistura-2014-la-feria-gastronomica-mas-importante-de-latinoamerica\/#primaryimage"},"datePublished":"2014-12-16T15:45:23+00:00","dateModified":"2016-05-11T20:34:52+00:00","author":{"@id":"https:\/\/seecolombia.travel\/blog\/#\/schema\/person\/cd32922c38629e07c61ce44756c3902d"},"breadcrumb":{"@id":"https:\/\/seecolombia.travel\/blog\/2014\/12\/los-rostros-de-mistura-2014-la-feria-gastronomica-mas-importante-de-latinoamerica\/#breadcrumb"},"inLanguage":"en-US","potentialAction":[{"@type":"ReadAction","target":["https:\/\/seecolombia.travel\/blog\/2014\/12\/los-rostros-de-mistura-2014-la-feria-gastronomica-mas-importante-de-latinoamerica\/"]}]},{"@type":"BreadcrumbList","@id":"https:\/\/seecolombia.travel\/blog\/2014\/12\/los-rostros-de-mistura-2014-la-feria-gastronomica-mas-importante-de-latinoamerica\/#breadcrumb","itemListElement":[{"@type":"ListItem","position":1,"name":"Home","item":"https:\/\/seecolombia.travel\/blog\/"},{"@type":"ListItem","position":2,"name":"Blog de viajes Peru: Los Rostros de Mistura 2014: la feria gastron\u00f3mica m\u00e1s importante de latinoam\u00e9rica"}]},{"@type":"Person","@id":"https:\/\/seecolombia.travel\/blog\/#\/schema\/person\/cd32922c38629e07c61ce44756c3902d","name":"Lourdes Chuquipiondo","image":{"@type":"ImageObject","inLanguage":"en-US","@id":"https:\/\/seecolombia.travel\/blog\/#\/schema\/person\/image\/","url":"https:\/\/secure.gravatar.com\/avatar\/0d8f6f526c101e4ed4b5bd1eefd71fff?s=96&d=retro&r=g","contentUrl":"https:\/\/secure.gravatar.com\/avatar\/0d8f6f526c101e4ed4b5bd1eefd71fff?s=96&d=retro&r=g","caption":"Lourdes Chuquipiondo"},"description":"Lourdes Chuquipiondo es una Comunicadora Social de Per\u00fa, Especialista en Proyectos de Desarrollo, amante de los viajes y de la gastronom\u00eda, fot\u00f3grafa amateur y emprendedora. Durante muchos a\u00f1os trabaj\u00f3 para diversos organismos de desarrollo, nacionales e internacionales, como responsable del dise\u00f1o de estrategas de comunicaci\u00f3n y la producci\u00f3n de contenidos. Actualmente es directora del blog de recomendaciones tur\u00edsticas placeOK, el cual r\u00e1pidamente ha sido reconocido por diversas organizaciones y empresas del sector tur\u00edstico en sudam\u00e9rica e, incluso, en B\u00e9lgica. Adicionalmente, Lourdes es colaboradora de la prestigiosa red internacional de turismo Tripatini.com donde publica rese\u00f1as de diversos destinos.","sameAs":["http:\/\/www.placeok.com"],"url":"https:\/\/seecolombia.travel\/blog\/author\/lourdes\/"}]}},"amp_enabled":true,"_links":{"self":[{"href":"https:\/\/seecolombia.travel\/blog\/wp-json\/wp\/v2\/posts\/17190"}],"collection":[{"href":"https:\/\/seecolombia.travel\/blog\/wp-json\/wp\/v2\/posts"}],"about":[{"href":"https:\/\/seecolombia.travel\/blog\/wp-json\/wp\/v2\/types\/post"}],"author":[{"embeddable":true,"href":"https:\/\/seecolombia.travel\/blog\/wp-json\/wp\/v2\/users\/88898"}],"replies":[{"embeddable":true,"href":"https:\/\/seecolombia.travel\/blog\/wp-json\/wp\/v2\/comments?post=17190"}],"version-history":[{"count":12,"href":"https:\/\/seecolombia.travel\/blog\/wp-json\/wp\/v2\/posts\/17190\/revisions"}],"predecessor-version":[{"id":22503,"href":"https:\/\/seecolombia.travel\/blog\/wp-json\/wp\/v2\/posts\/17190\/revisions\/22503"}],"wp:featuredmedia":[{"embeddable":true,"href":"https:\/\/seecolombia.travel\/blog\/wp-json\/wp\/v2\/media\/17202"}],"wp:attachment":[{"href":"https:\/\/seecolombia.travel\/blog\/wp-json\/wp\/v2\/media?parent=17190"}],"wp:term":[{"taxonomy":"category","embeddable":true,"href":"https:\/\/seecolombia.travel\/blog\/wp-json\/wp\/v2\/categories?post=17190"},{"taxonomy":"post_tag","embeddable":true,"href":"https:\/\/seecolombia.travel\/blog\/wp-json\/wp\/v2\/tags?post=17190"}],"curies":[{"name":"wp","href":"https:\/\/api.w.org\/{rel}","templated":true}]}}