{"id":16749,"date":"2014-11-21T08:00:06","date_gmt":"2014-11-21T13:00:06","guid":{"rendered":"http:\/\/seecolombia.travel\/blog\/?p=16749"},"modified":"2021-08-23T10:54:39","modified_gmt":"2021-08-23T15:54:39","slug":"viernes-de-falcao-el-dia-que-conoci-a-mi-heroe-colombiano","status":"publish","type":"post","link":"https:\/\/seecolombia.travel\/blog\/2014\/11\/viernes-de-falcao-el-dia-que-conoci-a-mi-heroe-colombiano\/","title":{"rendered":"Viernes de Falcao: El d\u00eda que conoc\u00ed a mi h\u00e9roe colombiano"},"content":{"rendered":"<p>En diciembre 3 de 2012 revise mis correos electr\u00f3nicos. Ahora bien esto no parece ser ning\u00fan acontecimiento trascendental, pero aquellos que me conocen bien saben que detesto revisar mis mensajes: las \u00fanicas personas que usan el correo para contactarme quiz\u00e1s lo hacen para darme malas noticias. As\u00ed que imaginen mi agradable sorpresa cuando el primer mensaje nuevo en mi bandeja de entrada apareci\u00f3 con las siguientes palabras:<\/p>\n<blockquote><p>\u00a1FELICITACIONES! Me complace anunciarle que es el afortunado ganador del premio mayor para viajar a Madrid con un acompa\u00f1ante y conocer a Radamel Falcao, adem\u00e1s de verlo jugar este domingo 9 de Diciembre.<\/p><\/blockquote>\n<p>Para ser honesto, me tome unos segundos para registrarme: el venerable incondicional de <a href=\"http:\/\/seecolombia.travel\/\" target=\"_blank\" rel=\"noopener\">See Colombia Travel<\/a>, el Sr. Paul Fowler, me hab\u00eda enviado un link de goal.com promocionando un concurso para conocer a <a href=\"http:\/\/seecolombia.travel\/blog\/2012\/11\/larespuestaesfalcao-a-look-at-our-friends-from-goal-coms-radamel-falcao-special\/\" target=\"_blank\" rel=\"noopener\">Falcao<\/a> algunas semanas antes, pero hab\u00eda entrado sin pensarlo bien y posteriormente lo hab\u00eda olvidado\u2026supongo que fue suerte ya que ocasionalmente me tomo el trabajo de iniciar sesi\u00f3n en Hotmail&#8230;<\/p>\n<figure id=\"attachment_8111\" aria-describedby=\"caption-attachment-8111\" style=\"width: 672px\" class=\"wp-caption aligncenter\"><a href=\"http:\/\/seecolombia.travel\/blog\/2013\/05\/falcaofriday-the-day-i-met-a-colombian-hero\/912094_10151695343015499_1731228567_n\/\" rel=\"attachment wp-att-8111\"><img loading=\"lazy\" class=\" wp-image-8111 \" src=\"https:\/\/seecolombia.travel\/blog\/wp-content\/uploads\/2013\/05\/912094_10151695343015499_1731228567_n.jpg\" alt=\"Chris and Falcao. Lads.\" width=\"672\" height=\"504\" srcset=\"https:\/\/seecolombia.travel\/blog\/wp-content\/uploads\/2013\/05\/912094_10151695343015499_1731228567_n.jpg 960w, https:\/\/seecolombia.travel\/blog\/wp-content\/uploads\/2013\/05\/912094_10151695343015499_1731228567_n-300x225.jpg 300w, https:\/\/seecolombia.travel\/blog\/wp-content\/uploads\/2013\/05\/912094_10151695343015499_1731228567_n-768x576.jpg 768w\" sizes=\"(max-width: 672px) 100vw, 672px\" \/><\/a><figcaption id=\"caption-attachment-8111\" class=\"wp-caption-text\">Chris y Falcao.<\/figcaption><\/figure>\n<p>&nbsp;<\/p>\n<p>De cualquier forma, estoy divagando: me puse en contacto con el remitente y tan solo 5 d\u00edas despu\u00e9s mi papa y yo est\u00e1bamos sentados en un vuelo con rumbo a Madrid.\u00a0 Pasamos un buen par de d\u00edas bajo el sol, revisando todo lo que la ciudad tiene para ofrecer (tapas y cervezas a decir verdad aunque fuimos al Prado) antes de que pasaran por nosotros al hotel cinco estrellas (La-Di-Da!) y escaparnos al estadio Vicente Calder\u00f3n para ver el partido del Atletico Madrid vs Deportivo la Coru\u00f1a.<\/p>\n<p>Ahora, antes de que el juego comenzara, hab\u00edamos estado discutiendo la posibilidad de que Falcao anotara un gol, dado su destreza como goleador\u00a0 y la alta posici\u00f3n que el Atl\u00e9tico hab\u00eda conseguido en la Liga, se ve\u00eda como una posibilidad real. B\u00e1sicamente hab\u00edamos concordado en que quedar\u00edamos satisfechos con que lo hiciera por lo menos una vez; \u00bfqui\u00e9n\u00a0quiere conocer a un delantero frustrado despu\u00e9s de un mal desempe\u00f1o?<\/p>\n<p>Afortunadamente Falcao ley\u00f3 el guion\u2026 y anoto 5 en una victoria de 6-0. No solo 5 rasgu\u00f1os sino que el segundo gol fue quiz\u00e1s el mejor gol que haya visto en directo. Una torsi\u00f3n, un clavado de primera categor\u00eda. Ver la actuaci\u00f3n de Falcao en vivo me confirmo lo que yo (y la mayor parte del mundo futbol\u00edstico) hemos estado diciendo durante a\u00f1os: \u00a1ese chico s\u00ed que sabe jugar!<\/p>\n<p>&nbsp;<\/p>\n<figure id=\"attachment_8112\" aria-describedby=\"caption-attachment-8112\" style=\"width: 672px\" class=\"wp-caption aligncenter\"><a href=\"http:\/\/seecolombia.travel\/blog\/2013\/05\/falcaofriday-the-day-i-met-a-colombian-hero\/912748_10151695343010499_116494130_n\/\" rel=\"attachment wp-att-8112\"><img loading=\"lazy\" class=\" wp-image-8112 \" src=\"https:\/\/seecolombia.travel\/blog\/wp-content\/uploads\/2013\/05\/912748_10151695343010499_116494130_n.jpg\" alt=\"Sign me!\" width=\"672\" height=\"447\" srcset=\"https:\/\/seecolombia.travel\/blog\/wp-content\/uploads\/2013\/05\/912748_10151695343010499_116494130_n.jpg 960w, https:\/\/seecolombia.travel\/blog\/wp-content\/uploads\/2013\/05\/912748_10151695343010499_116494130_n-300x199.jpg 300w\" sizes=\"(max-width: 672px) 100vw, 672px\" \/><\/a><figcaption id=\"caption-attachment-8112\" class=\"wp-caption-text\">F\u00edrmame!<\/figcaption><\/figure>\n<p>&nbsp;<\/p>\n<p>Despu\u00e9s del partido nos llevaron al interior del estadio. Despu\u00e9s de una larga espera de lo parecieron horas (quiz\u00e1 una hora para ser justo) sali\u00f3 Falcao para el encuentro y el saludo. En realidad no estaba esperando mucho, \u00e9l hab\u00eda acabado de hacer un gran esfuerzo por su carrera y ciertamente estar\u00eda agotado. En realidad \u00e9l fue una de las \u201ccelebridades\u201d m\u00e1s amigables que he conocido: conversador y generoso con su tiempo. \u00bfQu\u00e9 m\u00e1s podr\u00eda esperar de un Colombiano (y un coste\u00f1o, por cierto)?<\/p>\n<p>Falcao habla poco ingles pero afortunadamente yo hablo espa\u00f1ol, asi que disfrutamos de una corta y agradable charla sobre todas las cosas en Colombia. \u00a1Aunque como muchos colombianos que conozco, la pregunta de si ya hab\u00eda tenido una novia colombiana, era la numero uno en su lista de intereses! Resist\u00ed la tentaci\u00f3n de rogarle que firmara con el Manchester United, pero lo deje con el siguiente mensaje: \u00a1Nos vemos en Colombia! (amigable o amenazante dependiendo de su punto de vista, supongo).<\/p>\n<p>&nbsp;<\/p>\n<figure id=\"attachment_8113\" aria-describedby=\"caption-attachment-8113\" style=\"width: 448px\" class=\"wp-caption aligncenter\"><a href=\"http:\/\/seecolombia.travel\/blog\/2013\/05\/falcaofriday-the-day-i-met-a-colombian-hero\/954555_10151695343005499_580958683_n\/\" rel=\"attachment wp-att-8113\"><img loading=\"lazy\" class=\" wp-image-8113 \" src=\"https:\/\/seecolombia.travel\/blog\/wp-content\/uploads\/2013\/05\/954555_10151695343005499_580958683_n.jpg\" alt=\"Say cheese\" width=\"448\" height=\"672\" srcset=\"https:\/\/seecolombia.travel\/blog\/wp-content\/uploads\/2013\/05\/954555_10151695343005499_580958683_n.jpg 640w, https:\/\/seecolombia.travel\/blog\/wp-content\/uploads\/2013\/05\/954555_10151695343005499_580958683_n-200x300.jpg 200w\" sizes=\"(max-width: 448px) 100vw, 448px\" \/><\/a><figcaption id=\"caption-attachment-8113\" class=\"wp-caption-text\">Digan whisky<\/figcaption><\/figure>\n<p>&nbsp;<\/p>\n<p>Tomamos algunas fotos, firm\u00f3 aut\u00f3grafos y despu\u00e9s, se fue a saludar a la prensa. Corto y dulce (al igual que \u00e9l mismo, de hecho) Nos fuimos, de regreso a la agradable noche madrile\u00f1a, aun con gran entusiasmo despu\u00e9s de aquella experiencia.<\/p>\n<p>Radamel (ahora ya lo puedo llamar por su primer nombre, \u00a1ya sabes!) en un h\u00e9roe nacional por una buena raz\u00f3n: es un jugador muy talentoso, amigable y con los pies en la tierra; pr\u00e1cticamente el representa exactamente lo que las personas aman de los colombianos y me siento muy afortunado de haberlo podido conocer\u2026conozco muchos pero muchos colombianos a quienes les hubiera encantando tener esta oportunidad&#8230;<\/p>\n<p><strong>\u00a1Vamos Colombia!<\/strong><\/p>\n<p>&nbsp;<\/p>\n<figure id=\"attachment_14539\" aria-describedby=\"caption-attachment-14539\" style=\"width: 800px\" class=\"wp-caption aligncenter\"><a href=\"http:\/\/seecolombia.travel\/blog\/2014\/04\/world-cup-countdown-falcao\/radamel-falcao\/\" rel=\"attachment wp-att-14539\"><img loading=\"lazy\" class=\"size-full wp-image-14539\" src=\"https:\/\/seecolombia.travel\/blog\/wp-content\/uploads\/2014\/04\/Radamel-Falcao.jpg\" alt=\"Radamel Falcao\" width=\"800\" height=\"533\" srcset=\"https:\/\/seecolombia.travel\/blog\/wp-content\/uploads\/2014\/04\/Radamel-Falcao.jpg 800w, https:\/\/seecolombia.travel\/blog\/wp-content\/uploads\/2014\/04\/Radamel-Falcao-300x199.jpg 300w\" sizes=\"(max-width: 800px) 100vw, 800px\" \/><\/a><figcaption id=\"caption-attachment-14539\" class=\"wp-caption-text\">Golazo!<\/figcaption><\/figure>\n<p>&nbsp;<\/p>\n<p>Escrito por: Chris<\/p>\n<p>Traducido por: Carolina<\/p>\n<p>(Fotos cortes\u00eda de Chris, Goal.com y Western Union)<\/p>\n","protected":false},"excerpt":{"rendered":"<p>En diciembre 3 de 2012 revise mis correos electr\u00f3nicos. Ahora bien esto no parece ser ning\u00fan acontecimiento trascendental, pero aquellos que me conocen bien saben que detesto revisar mis mensajes: las \u00fanicas personas que usan el correo para contactarme quiz\u00e1s lo hacen para darme malas noticias. As\u00ed que imaginen mi agradable sorpresa cuando el primer [&hellip;]<\/p>\n","protected":false},"author":88892,"featured_media":23521,"comment_status":"open","ping_status":"open","sticky":false,"template":"","format":"standard","meta":{"ngg_post_thumbnail":0},"categories":[115,624,625,626,4,66],"tags":[2973,213,2885,2962,1605,2957,345,2951],"yoast_head":"<!-- This site is optimized with the Yoast SEO Premium plugin v18.4 (Yoast SEO v18.9) - https:\/\/yoast.com\/wordpress\/plugins\/seo\/ -->\n<title>Viernes de Falcao: El d\u00eda que conoc\u00ed a mi h\u00e9roe colombiano - Colombia Travel Blog by See Colombia Travel<\/title>\n<meta name=\"robots\" content=\"index, follow, max-snippet:-1, max-image-preview:large, max-video-preview:-1\" \/>\n<link rel=\"canonical\" href=\"https:\/\/seecolombia.travel\/blog\/2014\/11\/viernes-de-falcao-el-dia-que-conoci-a-mi-heroe-colombiano\/\" \/>\n<meta property=\"og:locale\" content=\"en_US\" \/>\n<meta property=\"og:type\" content=\"article\" \/>\n<meta property=\"og:title\" content=\"Viernes de Falcao: El d\u00eda que conoc\u00ed a mi h\u00e9roe colombiano\" \/>\n<meta property=\"og:description\" content=\"En diciembre 3 de 2012 revise mis correos electr\u00f3nicos. Ahora bien esto no parece ser ning\u00fan acontecimiento trascendental, pero aquellos que me conocen bien saben que detesto revisar mis mensajes: las \u00fanicas personas que usan el correo para contactarme quiz\u00e1s lo hacen para darme malas noticias. As\u00ed que imaginen mi agradable sorpresa cuando el primer [&hellip;]\" \/>\n<meta property=\"og:url\" content=\"https:\/\/seecolombia.travel\/blog\/2014\/11\/viernes-de-falcao-el-dia-que-conoci-a-mi-heroe-colombiano\/\" \/>\n<meta property=\"og:site_name\" content=\"Colombia Travel Blog by See Colombia Travel\" \/>\n<meta property=\"article:published_time\" content=\"2014-11-21T13:00:06+00:00\" \/>\n<meta property=\"article:modified_time\" content=\"2021-08-23T15:54:39+00:00\" \/>\n<meta property=\"og:image\" content=\"https:\/\/seecolombia.travel\/blog\/wp-content\/uploads\/2014\/11\/IMG_3039-1024x768.jpg\" \/>\n\t<meta property=\"og:image:width\" content=\"1024\" \/>\n\t<meta property=\"og:image:height\" content=\"768\" \/>\n\t<meta property=\"og:image:type\" content=\"image\/jpeg\" \/>\n<meta name=\"twitter:card\" content=\"summary\" \/>\n<meta name=\"twitter:label1\" content=\"Written by\" \/>\n\t<meta name=\"twitter:data1\" content=\"Carolina Parra\" \/>\n\t<meta name=\"twitter:label2\" content=\"Est. reading time\" \/>\n\t<meta name=\"twitter:data2\" content=\"4 minutes\" \/>\n<script type=\"application\/ld+json\" class=\"yoast-schema-graph\">{\"@context\":\"https:\/\/schema.org\",\"@graph\":[{\"@type\":\"WebSite\",\"@id\":\"https:\/\/seecolombia.travel\/blog\/#website\",\"url\":\"https:\/\/seecolombia.travel\/blog\/\",\"name\":\"Colombia Travel Blog by See Colombia Travel\",\"description\":\"Colombia Travel Blog: An international perspective on travelling in Colombia by world travellers.\",\"potentialAction\":[{\"@type\":\"SearchAction\",\"target\":{\"@type\":\"EntryPoint\",\"urlTemplate\":\"https:\/\/seecolombia.travel\/blog\/?s={search_term_string}\"},\"query-input\":\"required name=search_term_string\"}],\"inLanguage\":\"en-US\"},{\"@type\":\"ImageObject\",\"inLanguage\":\"en-US\",\"@id\":\"https:\/\/seecolombia.travel\/blog\/2014\/11\/viernes-de-falcao-el-dia-que-conoci-a-mi-heroe-colombiano\/#primaryimage\",\"url\":\"https:\/\/seecolombia.travel\/blog\/wp-content\/uploads\/2014\/11\/IMG_3039.jpg\",\"contentUrl\":\"https:\/\/seecolombia.travel\/blog\/wp-content\/uploads\/2014\/11\/IMG_3039.jpg\",\"width\":4320,\"height\":3240,\"caption\":\"radamel falcao atletico madrid\"},{\"@type\":\"WebPage\",\"@id\":\"https:\/\/seecolombia.travel\/blog\/2014\/11\/viernes-de-falcao-el-dia-que-conoci-a-mi-heroe-colombiano\/#webpage\",\"url\":\"https:\/\/seecolombia.travel\/blog\/2014\/11\/viernes-de-falcao-el-dia-que-conoci-a-mi-heroe-colombiano\/\",\"name\":\"Viernes de Falcao: El d\u00eda que conoc\u00ed a mi h\u00e9roe colombiano - Colombia Travel Blog by See Colombia Travel\",\"isPartOf\":{\"@id\":\"https:\/\/seecolombia.travel\/blog\/#website\"},\"primaryImageOfPage\":{\"@id\":\"https:\/\/seecolombia.travel\/blog\/2014\/11\/viernes-de-falcao-el-dia-que-conoci-a-mi-heroe-colombiano\/#primaryimage\"},\"datePublished\":\"2014-11-21T13:00:06+00:00\",\"dateModified\":\"2021-08-23T15:54:39+00:00\",\"author\":{\"@id\":\"https:\/\/seecolombia.travel\/blog\/#\/schema\/person\/1a8dfc8e32bef464a17d083ff793fab8\"},\"breadcrumb\":{\"@id\":\"https:\/\/seecolombia.travel\/blog\/2014\/11\/viernes-de-falcao-el-dia-que-conoci-a-mi-heroe-colombiano\/#breadcrumb\"},\"inLanguage\":\"en-US\",\"potentialAction\":[{\"@type\":\"ReadAction\",\"target\":[\"https:\/\/seecolombia.travel\/blog\/2014\/11\/viernes-de-falcao-el-dia-que-conoci-a-mi-heroe-colombiano\/\"]}]},{\"@type\":\"BreadcrumbList\",\"@id\":\"https:\/\/seecolombia.travel\/blog\/2014\/11\/viernes-de-falcao-el-dia-que-conoci-a-mi-heroe-colombiano\/#breadcrumb\",\"itemListElement\":[{\"@type\":\"ListItem\",\"position\":1,\"name\":\"Home\",\"item\":\"https:\/\/seecolombia.travel\/blog\/\"},{\"@type\":\"ListItem\",\"position\":2,\"name\":\"Viernes de Falcao: El d\u00eda que conoc\u00ed a mi h\u00e9roe colombiano\"}]},{\"@type\":\"Person\",\"@id\":\"https:\/\/seecolombia.travel\/blog\/#\/schema\/person\/1a8dfc8e32bef464a17d083ff793fab8\",\"name\":\"Carolina Parra\",\"image\":{\"@type\":\"ImageObject\",\"inLanguage\":\"en-US\",\"@id\":\"https:\/\/seecolombia.travel\/blog\/#\/schema\/person\/image\/\",\"url\":\"https:\/\/secure.gravatar.com\/avatar\/c9e6563d7aebe647ff6f6ec529984132?s=96&d=retro&r=g\",\"contentUrl\":\"https:\/\/secure.gravatar.com\/avatar\/c9e6563d7aebe647ff6f6ec529984132?s=96&d=retro&r=g\",\"caption\":\"Carolina Parra\"},\"description\":\"Hola! Soy una rolita apasionada por mostrar los lugares mas ch\u00e9veres que puede ofrecer mi pa\u00eds al resto del mundo . Me divierto escuchando las historias contadas por extranjeros y de hecho he disfrutado traducir los posts m\u00e1s populares, siempre busco mantener la chispa y el estilo de cada autor. Creo que puedes llevar mucho tiempo viviendo en un lugar y no conocerlo por eso he decidido emprender un viaje por el pa\u00eds el cual estar\u00e9 compartiendo con ustedes.\",\"url\":\"https:\/\/seecolombia.travel\/blog\/author\/carolina\/\"}]}<\/script>\n<!-- \/ Yoast SEO Premium plugin. -->","yoast_head_json":{"title":"Viernes de Falcao: El d\u00eda que conoc\u00ed a mi h\u00e9roe colombiano - Colombia Travel Blog by See Colombia Travel","robots":{"index":"index","follow":"follow","max-snippet":"max-snippet:-1","max-image-preview":"max-image-preview:large","max-video-preview":"max-video-preview:-1"},"canonical":"https:\/\/seecolombia.travel\/blog\/2014\/11\/viernes-de-falcao-el-dia-que-conoci-a-mi-heroe-colombiano\/","og_locale":"en_US","og_type":"article","og_title":"Viernes de Falcao: El d\u00eda que conoc\u00ed a mi h\u00e9roe colombiano","og_description":"En diciembre 3 de 2012 revise mis correos electr\u00f3nicos. Ahora bien esto no parece ser ning\u00fan acontecimiento trascendental, pero aquellos que me conocen bien saben que detesto revisar mis mensajes: las \u00fanicas personas que usan el correo para contactarme quiz\u00e1s lo hacen para darme malas noticias. As\u00ed que imaginen mi agradable sorpresa cuando el primer [&hellip;]","og_url":"https:\/\/seecolombia.travel\/blog\/2014\/11\/viernes-de-falcao-el-dia-que-conoci-a-mi-heroe-colombiano\/","og_site_name":"Colombia Travel Blog by See Colombia Travel","article_published_time":"2014-11-21T13:00:06+00:00","article_modified_time":"2021-08-23T15:54:39+00:00","og_image":[{"width":1024,"height":768,"url":"https:\/\/seecolombia.travel\/blog\/wp-content\/uploads\/2014\/11\/IMG_3039-1024x768.jpg","type":"image\/jpeg"}],"twitter_card":"summary","twitter_misc":{"Written by":"Carolina Parra","Est. reading time":"4 minutes"},"schema":{"@context":"https:\/\/schema.org","@graph":[{"@type":"WebSite","@id":"https:\/\/seecolombia.travel\/blog\/#website","url":"https:\/\/seecolombia.travel\/blog\/","name":"Colombia Travel Blog by See Colombia Travel","description":"Colombia Travel Blog: An international perspective on travelling in Colombia by world travellers.","potentialAction":[{"@type":"SearchAction","target":{"@type":"EntryPoint","urlTemplate":"https:\/\/seecolombia.travel\/blog\/?s={search_term_string}"},"query-input":"required name=search_term_string"}],"inLanguage":"en-US"},{"@type":"ImageObject","inLanguage":"en-US","@id":"https:\/\/seecolombia.travel\/blog\/2014\/11\/viernes-de-falcao-el-dia-que-conoci-a-mi-heroe-colombiano\/#primaryimage","url":"https:\/\/seecolombia.travel\/blog\/wp-content\/uploads\/2014\/11\/IMG_3039.jpg","contentUrl":"https:\/\/seecolombia.travel\/blog\/wp-content\/uploads\/2014\/11\/IMG_3039.jpg","width":4320,"height":3240,"caption":"radamel falcao atletico madrid"},{"@type":"WebPage","@id":"https:\/\/seecolombia.travel\/blog\/2014\/11\/viernes-de-falcao-el-dia-que-conoci-a-mi-heroe-colombiano\/#webpage","url":"https:\/\/seecolombia.travel\/blog\/2014\/11\/viernes-de-falcao-el-dia-que-conoci-a-mi-heroe-colombiano\/","name":"Viernes de Falcao: El d\u00eda que conoc\u00ed a mi h\u00e9roe colombiano - Colombia Travel Blog by See Colombia Travel","isPartOf":{"@id":"https:\/\/seecolombia.travel\/blog\/#website"},"primaryImageOfPage":{"@id":"https:\/\/seecolombia.travel\/blog\/2014\/11\/viernes-de-falcao-el-dia-que-conoci-a-mi-heroe-colombiano\/#primaryimage"},"datePublished":"2014-11-21T13:00:06+00:00","dateModified":"2021-08-23T15:54:39+00:00","author":{"@id":"https:\/\/seecolombia.travel\/blog\/#\/schema\/person\/1a8dfc8e32bef464a17d083ff793fab8"},"breadcrumb":{"@id":"https:\/\/seecolombia.travel\/blog\/2014\/11\/viernes-de-falcao-el-dia-que-conoci-a-mi-heroe-colombiano\/#breadcrumb"},"inLanguage":"en-US","potentialAction":[{"@type":"ReadAction","target":["https:\/\/seecolombia.travel\/blog\/2014\/11\/viernes-de-falcao-el-dia-que-conoci-a-mi-heroe-colombiano\/"]}]},{"@type":"BreadcrumbList","@id":"https:\/\/seecolombia.travel\/blog\/2014\/11\/viernes-de-falcao-el-dia-que-conoci-a-mi-heroe-colombiano\/#breadcrumb","itemListElement":[{"@type":"ListItem","position":1,"name":"Home","item":"https:\/\/seecolombia.travel\/blog\/"},{"@type":"ListItem","position":2,"name":"Viernes de Falcao: El d\u00eda que conoc\u00ed a mi h\u00e9roe colombiano"}]},{"@type":"Person","@id":"https:\/\/seecolombia.travel\/blog\/#\/schema\/person\/1a8dfc8e32bef464a17d083ff793fab8","name":"Carolina Parra","image":{"@type":"ImageObject","inLanguage":"en-US","@id":"https:\/\/seecolombia.travel\/blog\/#\/schema\/person\/image\/","url":"https:\/\/secure.gravatar.com\/avatar\/c9e6563d7aebe647ff6f6ec529984132?s=96&d=retro&r=g","contentUrl":"https:\/\/secure.gravatar.com\/avatar\/c9e6563d7aebe647ff6f6ec529984132?s=96&d=retro&r=g","caption":"Carolina Parra"},"description":"Hola! Soy una rolita apasionada por mostrar los lugares mas ch\u00e9veres que puede ofrecer mi pa\u00eds al resto del mundo . Me divierto escuchando las historias contadas por extranjeros y de hecho he disfrutado traducir los posts m\u00e1s populares, siempre busco mantener la chispa y el estilo de cada autor. Creo que puedes llevar mucho tiempo viviendo en un lugar y no conocerlo por eso he decidido emprender un viaje por el pa\u00eds el cual estar\u00e9 compartiendo con ustedes.","url":"https:\/\/seecolombia.travel\/blog\/author\/carolina\/"}]}},"amp_enabled":true,"_links":{"self":[{"href":"https:\/\/seecolombia.travel\/blog\/wp-json\/wp\/v2\/posts\/16749"}],"collection":[{"href":"https:\/\/seecolombia.travel\/blog\/wp-json\/wp\/v2\/posts"}],"about":[{"href":"https:\/\/seecolombia.travel\/blog\/wp-json\/wp\/v2\/types\/post"}],"author":[{"embeddable":true,"href":"https:\/\/seecolombia.travel\/blog\/wp-json\/wp\/v2\/users\/88892"}],"replies":[{"embeddable":true,"href":"https:\/\/seecolombia.travel\/blog\/wp-json\/wp\/v2\/comments?post=16749"}],"version-history":[{"count":13,"href":"https:\/\/seecolombia.travel\/blog\/wp-json\/wp\/v2\/posts\/16749\/revisions"}],"predecessor-version":[{"id":26656,"href":"https:\/\/seecolombia.travel\/blog\/wp-json\/wp\/v2\/posts\/16749\/revisions\/26656"}],"wp:featuredmedia":[{"embeddable":true,"href":"https:\/\/seecolombia.travel\/blog\/wp-json\/wp\/v2\/media\/23521"}],"wp:attachment":[{"href":"https:\/\/seecolombia.travel\/blog\/wp-json\/wp\/v2\/media?parent=16749"}],"wp:term":[{"taxonomy":"category","embeddable":true,"href":"https:\/\/seecolombia.travel\/blog\/wp-json\/wp\/v2\/categories?post=16749"},{"taxonomy":"post_tag","embeddable":true,"href":"https:\/\/seecolombia.travel\/blog\/wp-json\/wp\/v2\/tags?post=16749"}],"curies":[{"name":"wp","href":"https:\/\/api.w.org\/{rel}","templated":true}]}}