{"id":16688,"date":"2014-11-11T11:51:01","date_gmt":"2014-11-11T16:51:01","guid":{"rendered":"http:\/\/seecolombia.travel\/blog\/?p=16688"},"modified":"2016-05-11T16:05:34","modified_gmt":"2016-05-11T21:05:34","slug":"foto-galeria-de-colombia-la-selva-amazonica","status":"publish","type":"post","link":"https:\/\/seecolombia.travel\/blog\/2014\/11\/foto-galeria-de-colombia-la-selva-amazonica\/","title":{"rendered":"Foto Galer\u00eda de Colombia: La selva Amaz\u00f3nica"},"content":{"rendered":"<p>La selva amaz\u00f3nica es uno de los ecosistemas m\u00e1s importantes del mundo y <strong>un sin\u00f3nimo de aventura<\/strong> desde que los europeos se embarcaron en estas aguas por primera vez en 1541. La palabra \u201cAmazonas viene de la <strong>naci\u00f3n de todas las guerreras<\/strong> descritas por primera vez por el historiador griego Herodoto, el primer europeo en navegar el rio, Francisco de Orellana declaro haber luchado contra una tribu de guerreras despiadadas, por lo que <strong>otorgo el m\u00edtico nombre \u00a0al rio y a la selva que lo rodeaba.\u00a0<\/strong><\/p>\n<p>La selva y el rio han atra\u00eddo muchas personas <strong>en busca de aventura y nuevas experiencias,<\/strong> y la cuenca del Amazonas continua sorprendi\u00e9ndonos, con los descubrimientos que se dan cada a\u00f1o. <strong>Colombia es lo suficientemente afortunada para contener una gran parte de la selva amaz\u00f3nica<\/strong> la cual es un lugar popularmente visitado por extranjeros. Sigue siendo uno de los <strong>lugares m\u00e1s ex\u00f3ticos, fascinantes y fotog\u00e9nicos en la tierra.<\/strong><\/p>\n<p>As\u00ed que aqu\u00ed te dejamos con la <strong>selecci\u00f3n de las mejores fotos de See Colombia en nuestro recorrido por la selva amaz\u00f3nica:<\/strong><\/p>\n<p>&nbsp;<\/p>\n<figure id=\"attachment_14717\" aria-describedby=\"caption-attachment-14717\" style=\"width: 800px\" class=\"wp-caption aligncenter\"><a href=\"http:\/\/seecolombia.travel\/blog\/2014\/05\/amazon-photo-gallery\/macaw\/\" rel=\"attachment wp-att-14717\"><img loading=\"lazy\" class=\"size-full wp-image-14717\" src=\"http:\/\/seecolombia.travel\/blog\/wp-content\/uploads\/2014\/05\/Macaw.jpg\" alt=\"Macaw\" width=\"800\" height=\"600\" srcset=\"https:\/\/seecolombia.travel\/blog\/wp-content\/uploads\/2014\/05\/Macaw.jpg 800w, https:\/\/seecolombia.travel\/blog\/wp-content\/uploads\/2014\/05\/Macaw-300x225.jpg 300w\" sizes=\"(max-width: 800px) 100vw, 800px\" \/><\/a><figcaption id=\"caption-attachment-14717\" class=\"wp-caption-text\">Un impresionante guacamayo azul y amarillo<\/figcaption><\/figure>\n<p>&nbsp;<\/p>\n<figure id=\"attachment_14718\" aria-describedby=\"caption-attachment-14718\" style=\"width: 800px\" class=\"wp-caption aligncenter\"><a href=\"http:\/\/seecolombia.travel\/blog\/2014\/05\/amazon-photo-gallery\/giant-amazon-tree\/\" rel=\"attachment wp-att-14718\"><img loading=\"lazy\" class=\"size-full wp-image-14718\" src=\"http:\/\/seecolombia.travel\/blog\/wp-content\/uploads\/2014\/05\/Giant-Amazon-Tree.jpg\" alt=\"Giant Amazon Tree\" width=\"800\" height=\"600\" srcset=\"https:\/\/seecolombia.travel\/blog\/wp-content\/uploads\/2014\/05\/Giant-Amazon-Tree.jpg 800w, https:\/\/seecolombia.travel\/blog\/wp-content\/uploads\/2014\/05\/Giant-Amazon-Tree-300x225.jpg 300w\" sizes=\"(max-width: 800px) 100vw, 800px\" \/><\/a><figcaption id=\"caption-attachment-14718\" class=\"wp-caption-text\">El sistema gigantesco de la ra\u00edz de un \u00e1rbol en el Amazonas<\/figcaption><\/figure>\n<p>&nbsp;<\/p>\n<figure id=\"attachment_14719\" aria-describedby=\"caption-attachment-14719\" style=\"width: 800px\" class=\"wp-caption aligncenter\"><a href=\"http:\/\/seecolombia.travel\/blog\/2014\/05\/amazon-photo-gallery\/piranha\/\" rel=\"attachment wp-att-14719\"><img loading=\"lazy\" class=\"size-full wp-image-14719\" src=\"http:\/\/seecolombia.travel\/blog\/wp-content\/uploads\/2014\/05\/Piranha.jpg\" alt=\"Piranha\" width=\"800\" height=\"600\" srcset=\"https:\/\/seecolombia.travel\/blog\/wp-content\/uploads\/2014\/05\/Piranha.jpg 800w, https:\/\/seecolombia.travel\/blog\/wp-content\/uploads\/2014\/05\/Piranha-300x225.jpg 300w\" sizes=\"(max-width: 800px) 100vw, 800px\" \/><\/a><figcaption id=\"caption-attachment-14719\" class=\"wp-caption-text\">Un acercamiento a los dientes de la pira\u00f1a<\/figcaption><\/figure>\n<p>&nbsp;<\/p>\n<figure id=\"attachment_14720\" aria-describedby=\"caption-attachment-14720\" style=\"width: 800px\" class=\"wp-caption aligncenter\"><a href=\"http:\/\/seecolombia.travel\/blog\/2014\/05\/amazon-photo-gallery\/swimming-in-tarapoto-lake\/\" rel=\"attachment wp-att-14720\"><img loading=\"lazy\" class=\"size-full wp-image-14720\" src=\"http:\/\/seecolombia.travel\/blog\/wp-content\/uploads\/2014\/05\/Swimming-in-Tarapoto-Lake.jpg\" alt=\"Swimming in Tarapoto Lake\" width=\"800\" height=\"600\" srcset=\"https:\/\/seecolombia.travel\/blog\/wp-content\/uploads\/2014\/05\/Swimming-in-Tarapoto-Lake.jpg 800w, https:\/\/seecolombia.travel\/blog\/wp-content\/uploads\/2014\/05\/Swimming-in-Tarapoto-Lake-300x225.jpg 300w\" sizes=\"(max-width: 800px) 100vw, 800px\" \/><\/a><figcaption id=\"caption-attachment-14720\" class=\"wp-caption-text\">Un salto de f\u00e9 en el LagoTarapoto &#8211; aqu\u00ed es donde atrapamos la pira\u00f1a!<\/figcaption><\/figure>\n<p>&nbsp;<\/p>\n<figure id=\"attachment_14721\" aria-describedby=\"caption-attachment-14721\" style=\"width: 600px\" class=\"wp-caption aligncenter\"><a href=\"http:\/\/seecolombia.travel\/blog\/2014\/05\/amazon-photo-gallery\/tall-tree-amazon\/\" rel=\"attachment wp-att-14721\"><img loading=\"lazy\" class=\"size-full wp-image-14721\" src=\"http:\/\/seecolombia.travel\/blog\/wp-content\/uploads\/2014\/05\/Tall-tree-Amazon.jpg\" alt=\"Tall tree Amazon\" width=\"600\" height=\"800\" srcset=\"https:\/\/seecolombia.travel\/blog\/wp-content\/uploads\/2014\/05\/Tall-tree-Amazon.jpg 600w, https:\/\/seecolombia.travel\/blog\/wp-content\/uploads\/2014\/05\/Tall-tree-Amazon-225x300.jpg 225w\" sizes=\"(max-width: 600px) 100vw, 600px\" \/><\/a><figcaption id=\"caption-attachment-14721\" class=\"wp-caption-text\">\u00c1rboles tan grande como este son los que caracterizan a la selva.<\/figcaption><\/figure>\n<p>&nbsp;<\/p>\n<figure id=\"attachment_14722\" aria-describedby=\"caption-attachment-14722\" style=\"width: 800px\" class=\"wp-caption aligncenter\"><a href=\"http:\/\/seecolombia.travel\/blog\/2014\/05\/amazon-photo-gallery\/baby-caiman\/\" rel=\"attachment wp-att-14722\"><img loading=\"lazy\" class=\"size-full wp-image-14722\" src=\"http:\/\/seecolombia.travel\/blog\/wp-content\/uploads\/2014\/05\/Baby-Caiman.jpg\" alt=\"Baby Caiman\" width=\"800\" height=\"600\" srcset=\"https:\/\/seecolombia.travel\/blog\/wp-content\/uploads\/2014\/05\/Baby-Caiman.jpg 800w, https:\/\/seecolombia.travel\/blog\/wp-content\/uploads\/2014\/05\/Baby-Caiman-300x225.jpg 300w\" sizes=\"(max-width: 800px) 100vw, 800px\" \/><\/a><figcaption id=\"caption-attachment-14722\" class=\"wp-caption-text\">Levantarse cerca de un bebe caim\u00e1n<\/figcaption><\/figure>\n<p>&nbsp;<\/p>\n<figure id=\"attachment_14723\" aria-describedby=\"caption-attachment-14723\" style=\"width: 800px\" class=\"wp-caption aligncenter\"><a href=\"http:\/\/seecolombia.travel\/blog\/2014\/05\/amazon-photo-gallery\/the-amazon-river\/\" rel=\"attachment wp-att-14723\"><img loading=\"lazy\" class=\"size-full wp-image-14723\" src=\"http:\/\/seecolombia.travel\/blog\/wp-content\/uploads\/2014\/05\/The-Amazon-River.jpg\" alt=\"The Amazon River\" width=\"800\" height=\"600\" srcset=\"https:\/\/seecolombia.travel\/blog\/wp-content\/uploads\/2014\/05\/The-Amazon-River.jpg 800w, https:\/\/seecolombia.travel\/blog\/wp-content\/uploads\/2014\/05\/The-Amazon-River-300x225.jpg 300w\" sizes=\"(max-width: 800px) 100vw, 800px\" \/><\/a><figcaption id=\"caption-attachment-14723\" class=\"wp-caption-text\">La corriente principal del Rio Amazonas.<\/figcaption><\/figure>\n<p>&nbsp;<\/p>\n<p>Esperamos que les haya gustado las im\u00e1genes:<strong> \u00a1Por supuesto disfrute tomarlas!<\/strong> Si tienes alguna pregunta acerca de viajar a la regi\u00f3n amaz\u00f3nica de Colombia, cont\u00e1ctanos. <strong>Siempre nos agrada ser de ayuda&#8230;<\/strong><\/p>\n<p>Escrito por: Chris<\/p>\n<p>Traducido por: Carolina<\/p>\n","protected":false},"excerpt":{"rendered":"<p>La selva amaz\u00f3nica es uno de los ecosistemas m\u00e1s importantes del mundo y un sin\u00f3nimo de aventura desde que los europeos se embarcaron en estas aguas por primera vez en 1541. La palabra \u201cAmazonas viene de la naci\u00f3n de todas las guerreras descritas por primera vez por el historiador griego Herodoto, el primer europeo en [&hellip;]<\/p>\n","protected":false},"author":88892,"featured_media":14727,"comment_status":"open","ping_status":"open","sticky":false,"template":"","format":"standard","meta":{"ngg_post_thumbnail":0},"categories":[1580,1860,624,625,4,865],"tags":[2973,2912,1605,403,2335,2883],"yoast_head":"<!-- This site is optimized with the Yoast SEO Premium plugin v18.4 (Yoast SEO v18.9) - https:\/\/yoast.com\/wordpress\/plugins\/seo\/ -->\n<title>Foto Galer\u00eda de Colombia: La selva Amaz\u00f3nica - Colombia Travel Blog by See Colombia Travel<\/title>\n<meta name=\"robots\" content=\"index, follow, max-snippet:-1, max-image-preview:large, max-video-preview:-1\" \/>\n<link rel=\"canonical\" href=\"https:\/\/seecolombia.travel\/blog\/2014\/11\/foto-galeria-de-colombia-la-selva-amazonica\/\" \/>\n<meta property=\"og:locale\" content=\"en_US\" \/>\n<meta property=\"og:type\" content=\"article\" \/>\n<meta property=\"og:title\" content=\"Foto Galer\u00eda de Colombia: La selva Amaz\u00f3nica\" \/>\n<meta property=\"og:description\" content=\"La selva amaz\u00f3nica es uno de los ecosistemas m\u00e1s importantes del mundo y un sin\u00f3nimo de aventura desde que los europeos se embarcaron en estas aguas por primera vez en 1541. La palabra \u201cAmazonas viene de la naci\u00f3n de todas las guerreras descritas por primera vez por el historiador griego Herodoto, el primer europeo en [&hellip;]\" \/>\n<meta property=\"og:url\" content=\"https:\/\/seecolombia.travel\/blog\/2014\/11\/foto-galeria-de-colombia-la-selva-amazonica\/\" \/>\n<meta property=\"og:site_name\" content=\"Colombia Travel Blog by See Colombia Travel\" \/>\n<meta property=\"article:published_time\" content=\"2014-11-11T16:51:01+00:00\" \/>\n<meta property=\"article:modified_time\" content=\"2016-05-11T21:05:34+00:00\" \/>\n<meta property=\"og:image\" content=\"https:\/\/seecolombia.travel\/blog\/wp-content\/uploads\/2014\/05\/Amazon-Tributary-Featured.jpg\" \/>\n\t<meta property=\"og:image:width\" content=\"800\" \/>\n\t<meta property=\"og:image:height\" content=\"330\" \/>\n\t<meta property=\"og:image:type\" content=\"image\/jpeg\" \/>\n<meta name=\"twitter:card\" content=\"summary\" \/>\n<meta name=\"twitter:label1\" content=\"Written by\" \/>\n\t<meta name=\"twitter:data1\" content=\"Carolina Parra\" \/>\n\t<meta name=\"twitter:label2\" content=\"Est. reading time\" \/>\n\t<meta name=\"twitter:data2\" content=\"2 minutes\" \/>\n<script type=\"application\/ld+json\" class=\"yoast-schema-graph\">{\"@context\":\"https:\/\/schema.org\",\"@graph\":[{\"@type\":\"WebSite\",\"@id\":\"https:\/\/seecolombia.travel\/blog\/#website\",\"url\":\"https:\/\/seecolombia.travel\/blog\/\",\"name\":\"Colombia Travel Blog by See Colombia Travel\",\"description\":\"Colombia Travel Blog: An international perspective on travelling in Colombia by world travellers.\",\"potentialAction\":[{\"@type\":\"SearchAction\",\"target\":{\"@type\":\"EntryPoint\",\"urlTemplate\":\"https:\/\/seecolombia.travel\/blog\/?s={search_term_string}\"},\"query-input\":\"required name=search_term_string\"}],\"inLanguage\":\"en-US\"},{\"@type\":\"ImageObject\",\"inLanguage\":\"en-US\",\"@id\":\"https:\/\/seecolombia.travel\/blog\/2014\/11\/foto-galeria-de-colombia-la-selva-amazonica\/#primaryimage\",\"url\":\"https:\/\/seecolombia.travel\/blog\/wp-content\/uploads\/2014\/05\/Amazon-Tributary-Featured.jpg\",\"contentUrl\":\"https:\/\/seecolombia.travel\/blog\/wp-content\/uploads\/2014\/05\/Amazon-Tributary-Featured.jpg\",\"width\":800,\"height\":330,\"caption\":\"Amazon Tributary\"},{\"@type\":\"WebPage\",\"@id\":\"https:\/\/seecolombia.travel\/blog\/2014\/11\/foto-galeria-de-colombia-la-selva-amazonica\/#webpage\",\"url\":\"https:\/\/seecolombia.travel\/blog\/2014\/11\/foto-galeria-de-colombia-la-selva-amazonica\/\",\"name\":\"Foto Galer\u00eda de Colombia: La selva Amaz\u00f3nica - Colombia Travel Blog by See Colombia Travel\",\"isPartOf\":{\"@id\":\"https:\/\/seecolombia.travel\/blog\/#website\"},\"primaryImageOfPage\":{\"@id\":\"https:\/\/seecolombia.travel\/blog\/2014\/11\/foto-galeria-de-colombia-la-selva-amazonica\/#primaryimage\"},\"datePublished\":\"2014-11-11T16:51:01+00:00\",\"dateModified\":\"2016-05-11T21:05:34+00:00\",\"author\":{\"@id\":\"https:\/\/seecolombia.travel\/blog\/#\/schema\/person\/1a8dfc8e32bef464a17d083ff793fab8\"},\"breadcrumb\":{\"@id\":\"https:\/\/seecolombia.travel\/blog\/2014\/11\/foto-galeria-de-colombia-la-selva-amazonica\/#breadcrumb\"},\"inLanguage\":\"en-US\",\"potentialAction\":[{\"@type\":\"ReadAction\",\"target\":[\"https:\/\/seecolombia.travel\/blog\/2014\/11\/foto-galeria-de-colombia-la-selva-amazonica\/\"]}]},{\"@type\":\"BreadcrumbList\",\"@id\":\"https:\/\/seecolombia.travel\/blog\/2014\/11\/foto-galeria-de-colombia-la-selva-amazonica\/#breadcrumb\",\"itemListElement\":[{\"@type\":\"ListItem\",\"position\":1,\"name\":\"Home\",\"item\":\"https:\/\/seecolombia.travel\/blog\/\"},{\"@type\":\"ListItem\",\"position\":2,\"name\":\"Foto Galer\u00eda de Colombia: La selva Amaz\u00f3nica\"}]},{\"@type\":\"Person\",\"@id\":\"https:\/\/seecolombia.travel\/blog\/#\/schema\/person\/1a8dfc8e32bef464a17d083ff793fab8\",\"name\":\"Carolina Parra\",\"image\":{\"@type\":\"ImageObject\",\"inLanguage\":\"en-US\",\"@id\":\"https:\/\/seecolombia.travel\/blog\/#\/schema\/person\/image\/\",\"url\":\"https:\/\/secure.gravatar.com\/avatar\/c9e6563d7aebe647ff6f6ec529984132?s=96&d=retro&r=g\",\"contentUrl\":\"https:\/\/secure.gravatar.com\/avatar\/c9e6563d7aebe647ff6f6ec529984132?s=96&d=retro&r=g\",\"caption\":\"Carolina Parra\"},\"description\":\"Hola! Soy una rolita apasionada por mostrar los lugares mas ch\u00e9veres que puede ofrecer mi pa\u00eds al resto del mundo . Me divierto escuchando las historias contadas por extranjeros y de hecho he disfrutado traducir los posts m\u00e1s populares, siempre busco mantener la chispa y el estilo de cada autor. Creo que puedes llevar mucho tiempo viviendo en un lugar y no conocerlo por eso he decidido emprender un viaje por el pa\u00eds el cual estar\u00e9 compartiendo con ustedes.\",\"url\":\"https:\/\/seecolombia.travel\/blog\/author\/carolina\/\"}]}<\/script>\n<!-- \/ Yoast SEO Premium plugin. -->","yoast_head_json":{"title":"Foto Galer\u00eda de Colombia: La selva Amaz\u00f3nica - Colombia Travel Blog by See Colombia Travel","robots":{"index":"index","follow":"follow","max-snippet":"max-snippet:-1","max-image-preview":"max-image-preview:large","max-video-preview":"max-video-preview:-1"},"canonical":"https:\/\/seecolombia.travel\/blog\/2014\/11\/foto-galeria-de-colombia-la-selva-amazonica\/","og_locale":"en_US","og_type":"article","og_title":"Foto Galer\u00eda de Colombia: La selva Amaz\u00f3nica","og_description":"La selva amaz\u00f3nica es uno de los ecosistemas m\u00e1s importantes del mundo y un sin\u00f3nimo de aventura desde que los europeos se embarcaron en estas aguas por primera vez en 1541. La palabra \u201cAmazonas viene de la naci\u00f3n de todas las guerreras descritas por primera vez por el historiador griego Herodoto, el primer europeo en [&hellip;]","og_url":"https:\/\/seecolombia.travel\/blog\/2014\/11\/foto-galeria-de-colombia-la-selva-amazonica\/","og_site_name":"Colombia Travel Blog by See Colombia Travel","article_published_time":"2014-11-11T16:51:01+00:00","article_modified_time":"2016-05-11T21:05:34+00:00","og_image":[{"width":800,"height":330,"url":"https:\/\/seecolombia.travel\/blog\/wp-content\/uploads\/2014\/05\/Amazon-Tributary-Featured.jpg","type":"image\/jpeg"}],"twitter_card":"summary","twitter_misc":{"Written by":"Carolina Parra","Est. reading time":"2 minutes"},"schema":{"@context":"https:\/\/schema.org","@graph":[{"@type":"WebSite","@id":"https:\/\/seecolombia.travel\/blog\/#website","url":"https:\/\/seecolombia.travel\/blog\/","name":"Colombia Travel Blog by See Colombia Travel","description":"Colombia Travel Blog: An international perspective on travelling in Colombia by world travellers.","potentialAction":[{"@type":"SearchAction","target":{"@type":"EntryPoint","urlTemplate":"https:\/\/seecolombia.travel\/blog\/?s={search_term_string}"},"query-input":"required name=search_term_string"}],"inLanguage":"en-US"},{"@type":"ImageObject","inLanguage":"en-US","@id":"https:\/\/seecolombia.travel\/blog\/2014\/11\/foto-galeria-de-colombia-la-selva-amazonica\/#primaryimage","url":"https:\/\/seecolombia.travel\/blog\/wp-content\/uploads\/2014\/05\/Amazon-Tributary-Featured.jpg","contentUrl":"https:\/\/seecolombia.travel\/blog\/wp-content\/uploads\/2014\/05\/Amazon-Tributary-Featured.jpg","width":800,"height":330,"caption":"Amazon Tributary"},{"@type":"WebPage","@id":"https:\/\/seecolombia.travel\/blog\/2014\/11\/foto-galeria-de-colombia-la-selva-amazonica\/#webpage","url":"https:\/\/seecolombia.travel\/blog\/2014\/11\/foto-galeria-de-colombia-la-selva-amazonica\/","name":"Foto Galer\u00eda de Colombia: La selva Amaz\u00f3nica - Colombia Travel Blog by See Colombia Travel","isPartOf":{"@id":"https:\/\/seecolombia.travel\/blog\/#website"},"primaryImageOfPage":{"@id":"https:\/\/seecolombia.travel\/blog\/2014\/11\/foto-galeria-de-colombia-la-selva-amazonica\/#primaryimage"},"datePublished":"2014-11-11T16:51:01+00:00","dateModified":"2016-05-11T21:05:34+00:00","author":{"@id":"https:\/\/seecolombia.travel\/blog\/#\/schema\/person\/1a8dfc8e32bef464a17d083ff793fab8"},"breadcrumb":{"@id":"https:\/\/seecolombia.travel\/blog\/2014\/11\/foto-galeria-de-colombia-la-selva-amazonica\/#breadcrumb"},"inLanguage":"en-US","potentialAction":[{"@type":"ReadAction","target":["https:\/\/seecolombia.travel\/blog\/2014\/11\/foto-galeria-de-colombia-la-selva-amazonica\/"]}]},{"@type":"BreadcrumbList","@id":"https:\/\/seecolombia.travel\/blog\/2014\/11\/foto-galeria-de-colombia-la-selva-amazonica\/#breadcrumb","itemListElement":[{"@type":"ListItem","position":1,"name":"Home","item":"https:\/\/seecolombia.travel\/blog\/"},{"@type":"ListItem","position":2,"name":"Foto Galer\u00eda de Colombia: La selva Amaz\u00f3nica"}]},{"@type":"Person","@id":"https:\/\/seecolombia.travel\/blog\/#\/schema\/person\/1a8dfc8e32bef464a17d083ff793fab8","name":"Carolina Parra","image":{"@type":"ImageObject","inLanguage":"en-US","@id":"https:\/\/seecolombia.travel\/blog\/#\/schema\/person\/image\/","url":"https:\/\/secure.gravatar.com\/avatar\/c9e6563d7aebe647ff6f6ec529984132?s=96&d=retro&r=g","contentUrl":"https:\/\/secure.gravatar.com\/avatar\/c9e6563d7aebe647ff6f6ec529984132?s=96&d=retro&r=g","caption":"Carolina Parra"},"description":"Hola! Soy una rolita apasionada por mostrar los lugares mas ch\u00e9veres que puede ofrecer mi pa\u00eds al resto del mundo . Me divierto escuchando las historias contadas por extranjeros y de hecho he disfrutado traducir los posts m\u00e1s populares, siempre busco mantener la chispa y el estilo de cada autor. Creo que puedes llevar mucho tiempo viviendo en un lugar y no conocerlo por eso he decidido emprender un viaje por el pa\u00eds el cual estar\u00e9 compartiendo con ustedes.","url":"https:\/\/seecolombia.travel\/blog\/author\/carolina\/"}]}},"amp_enabled":true,"_links":{"self":[{"href":"https:\/\/seecolombia.travel\/blog\/wp-json\/wp\/v2\/posts\/16688"}],"collection":[{"href":"https:\/\/seecolombia.travel\/blog\/wp-json\/wp\/v2\/posts"}],"about":[{"href":"https:\/\/seecolombia.travel\/blog\/wp-json\/wp\/v2\/types\/post"}],"author":[{"embeddable":true,"href":"https:\/\/seecolombia.travel\/blog\/wp-json\/wp\/v2\/users\/88892"}],"replies":[{"embeddable":true,"href":"https:\/\/seecolombia.travel\/blog\/wp-json\/wp\/v2\/comments?post=16688"}],"version-history":[{"count":10,"href":"https:\/\/seecolombia.travel\/blog\/wp-json\/wp\/v2\/posts\/16688\/revisions"}],"predecessor-version":[{"id":22518,"href":"https:\/\/seecolombia.travel\/blog\/wp-json\/wp\/v2\/posts\/16688\/revisions\/22518"}],"wp:featuredmedia":[{"embeddable":true,"href":"https:\/\/seecolombia.travel\/blog\/wp-json\/wp\/v2\/media\/14727"}],"wp:attachment":[{"href":"https:\/\/seecolombia.travel\/blog\/wp-json\/wp\/v2\/media?parent=16688"}],"wp:term":[{"taxonomy":"category","embeddable":true,"href":"https:\/\/seecolombia.travel\/blog\/wp-json\/wp\/v2\/categories?post=16688"},{"taxonomy":"post_tag","embeddable":true,"href":"https:\/\/seecolombia.travel\/blog\/wp-json\/wp\/v2\/tags?post=16688"}],"curies":[{"name":"wp","href":"https:\/\/api.w.org\/{rel}","templated":true}]}}