{"id":15661,"date":"2014-09-02T06:13:15","date_gmt":"2014-09-02T11:13:15","guid":{"rendered":"http:\/\/seecolombia.travel\/blog\/?p=15661"},"modified":"2016-05-11T15:52:48","modified_gmt":"2016-05-11T20:52:48","slug":"cafe-en-lima-peru","status":"publish","type":"post","link":"https:\/\/seecolombia.travel\/blog\/2014\/09\/cafe-en-lima-peru\/","title":{"rendered":"Blog de viajes Per\u00fa:  La Cafetera, un caf\u00e9 en Lima que hay que visitar."},"content":{"rendered":"<figure id=\"attachment_15962\" aria-describedby=\"caption-attachment-15962\" style=\"width: 316px\" class=\"wp-caption alignright\"><a href=\"http:\/\/seecolombia.travel\/blog\/2014\/09\/cafe-en-lima-peru\/mejor-cafe-en-lima-la-cafetera-fachada-2\/\" rel=\"attachment wp-att-15962\"><img loading=\"lazy\" class=\"wp-image-15962 \" src=\"http:\/\/seecolombia.travel\/blog\/wp-content\/uploads\/2014\/08\/Mejor-cafe-en-Lima-La-Cafetera-Fachada-2.jpg\" alt=\"La Cafetera Manuel Bonilla\" width=\"316\" height=\"424\" srcset=\"https:\/\/seecolombia.travel\/blog\/wp-content\/uploads\/2014\/08\/Mejor-cafe-en-Lima-La-Cafetera-Fachada-2.jpg 395w, https:\/\/seecolombia.travel\/blog\/wp-content\/uploads\/2014\/08\/Mejor-cafe-en-Lima-La-Cafetera-Fachada-2-223x300.jpg 223w\" sizes=\"(max-width: 316px) 100vw, 316px\" \/><\/a><figcaption id=\"caption-attachment-15962\" class=\"wp-caption-text\">Fachada de La Cafetera en la trendy calle Manuel Bonilla de Miraflores.<\/figcaption><\/figure>\n<p>&nbsp;<\/p>\n<p><em><strong style=\"line-height: 1.6em;\">\u201cDEBER DE TODO CAT\u00d3LICO ES SECUNDAR LA OBRA DE LA CENSURA CAT\u00d3LICA\u201d.<\/strong><\/em><\/p>\n<p>As\u00ed, en may\u00fasculas y de forma contundente finaliza el documento \u00a0enmarcado que lista nombres de <strong>pel\u00edculas clasificadas en<\/strong>\u00a0las categor\u00edas de \u00a0<strong>\u201cBUENA\u201d<\/strong>, \u201cREGULAR <strong>(con escenas inconvenientes)<\/strong>\u201d \u201d ESCABROSA <strong>(con serios problemas morales)<\/strong>\u201d y \u201c<strong>MALA \u2013 CONDENADA<\/strong>\u201d, entre otras figuran las seguramente escandalosas \u201c<em>Bartolo toca la flauta<\/em>\u201d (??), \u201c<em>B\u00e9same mucho<\/em>\u201d, \u201c<em>El Sombrero de Tres Picos<\/em>\u201d y \u00a0la enigm\u00e1tica \u201c<strong><em>El Adulterio o El Abuelo<\/em><\/strong>\u201d (muero de curiosidad por conocer la trama de esta \u00faltima: \u00bfPor que hay que elegir entre una infidelidad y el pobre viejito?)<\/p>\n<p>Hace mucho tiempo que <strong>tomar un caf\u00e9 en un local dej\u00f3 de ser algo utilitario<\/strong> para convertirse en una experiencia: una experiencia de sabores, de aromas, pero m\u00e1s all\u00e1 de eso, un lugar de vivencias compartidas que\u00a0<strong>nos cuenten una historia y nos inviten a la conversaci\u00f3n<\/strong>. <em><strong>La Cafetera<\/strong><\/em>, en la calle Manuel Bonilla de Miraflores, en Lima, es eso: un espacio que no se limita \u00a0a servir un excelente caf\u00e9 y una oferta amplisima en comida \u00a0&#8211; que va desde spaghetti a la carbonara hasta elaboradas hamburguesas\u00a0<span style=\"line-height: 1.6em;\">que solo puedo poco originalmente calificar de deliciosas &#8211; sino que tiene <\/span><strong style=\"line-height: 1.6em;\">un concepto y una historia detr\u00e1s que provocan querer quedarse a ser parte del ambiente que se vive\u00a0ah\u00ed\u00a0cotidianamente.<\/strong><\/p>\n<p>Ese cuadro con la lista del 20 de Noviembre de 1945 de pel\u00edculas aceptadas y condenadas por la <em>Acci\u00f3n Cat\u00f3lica y El Secretariado de Moralidad<\/em>\u00a0<em>de Lima<\/em> que cuelga \u00a0en la pared junto a mi mesa es parte &#8211; como casi toda la decoraci\u00f3n &#8211; del pasado y del presente de la familia del director del caf\u00e9,<strong>\u00a0Alfredo Rusca<\/strong>\u00a0, quien busca hacer de\u00a0<strong><em>La Cafetera<\/em> un espacio cultural <\/strong>similar a los que se pueden encontrar en ciudades europeas, incentivando por ejemplo <strong>muestras de arte, proyecciones de pel\u00edculas y \u00a0peque\u00f1os\u00a0conciertos sobre todo de indie folk.<\/strong><\/p>\n<figure id=\"attachment_15971\" aria-describedby=\"caption-attachment-15971\" style=\"width: 640px\" class=\"wp-caption aligncenter\"><a href=\"http:\/\/seecolombia.travel\/blog\/2014\/09\/cafe-en-lima-peru\/mejores-cafes-en-miraflores-la-cafetera-7\/\" rel=\"attachment wp-att-15971\"><img loading=\"lazy\" class=\" wp-image-15971 \" src=\"http:\/\/seecolombia.travel\/blog\/wp-content\/uploads\/2014\/08\/Mejores-Cafes-en-Miraflores-La-Cafetera-7-e1409163100160.jpg\" alt=\"Cafe en Miraflores La Cafetera\" width=\"640\" height=\"360\" \/><\/a><figcaption id=\"caption-attachment-15971\" class=\"wp-caption-text\">En las paredes de La Cafetera cuelga esta curiosa lista de pel\u00edculas &#8220;aptas&#8221;, no aptas y condenadas al fuego eterno.<\/figcaption><\/figure>\n<p>&nbsp;<\/p>\n<figure id=\"attachment_15995\" aria-describedby=\"caption-attachment-15995\" style=\"width: 210px\" class=\"wp-caption alignleft\"><a href=\"http:\/\/seecolombia.travel\/blog\/2014\/09\/cafe-en-lima-peru\/cafes-en-lima-la-cafetera-3\/\" rel=\"attachment wp-att-15995\"><img loading=\"lazy\" class=\"size-medium wp-image-15995\" src=\"http:\/\/seecolombia.travel\/blog\/wp-content\/uploads\/2014\/08\/Cafes-en-Lima-La-Cafetera-3-210x300.jpg\" alt=\"Cafes en Lima Peru\" width=\"210\" height=\"300\" srcset=\"https:\/\/seecolombia.travel\/blog\/wp-content\/uploads\/2014\/08\/Cafes-en-Lima-La-Cafetera-3-210x300.jpg 210w, https:\/\/seecolombia.travel\/blog\/wp-content\/uploads\/2014\/08\/Cafes-en-Lima-La-Cafetera-3.jpg 450w\" sizes=\"(max-width: 210px) 100vw, 210px\" \/><\/a><figcaption id=\"caption-attachment-15995\" class=\"wp-caption-text\">Un exquisito almuerzo de La Cafetera<\/figcaption><\/figure>\n<p>Manuel Bonilla es una calle en el \u00a0coraz\u00f3n del tradicional distrito de \u00a0Miraflores, <strong>a muy pocos pasos de su parque central<\/strong> y que desde hace unos 5 a\u00f1os ha empezado un proceso de transformaci\u00f3n, un renacimiento liderado por <strong>bares de moda, restaurantes y caf\u00e9s<\/strong>\u00a0 que le han cambiado la cara a esta parte del barrio. De hecho, casi toda la cuadra es desde hace generaciones propiedad de la familia de Alfredo (\u00e9l mismo vive en el segundo piso del caf\u00e9), lo que explica el enorme inter\u00e9s y pasi\u00f3n con el que se ha planteado el reto de <strong>convertir\u00a0\u00a0esta v\u00eda en una especie de strip mall<\/strong> con locales parecidos al suyo que enriquezcan la vida cultural de la zona.<\/p>\n<p>Por si el ambiente y las actividades culturales \u00a0no fueran suficientes para convertirse en un asiduo, <strong style=\"line-height: 1.6em;\">la relaci\u00f3n precio-calidad de La Cafetera es de las mejores<\/strong> que he experimentado en Lima. Su men\u00fa de almuerzo &#8220;El Bitute&#8221; \u00a0incluye ademas del plato del d\u00eda, una garrafa de aguas frescas, canasta de panecillos y un caf\u00e9 americano o espresso. \u00a0\u00bfEl precio? <strong style=\"line-height: 1.6em;\">19 soles, o sea menos de 7 d\u00f3lares.<\/strong>\u00a0Si pueden elegir el d\u00eda de la semana para probarlo, les recomiendo que sea un viernes, dia en el que toca el delicioso <strong style=\"line-height: 1.6em;\">&#8220;Lomo Saltado Cafetero&#8221;<\/strong> de la foto de abajo. Fuera de este men\u00fa existen much\u00edsimas opciones para todo gusto: cervezas artesanales, desayunos, variedades de tes y caf\u00e9s, s\u00e1ndwichs &#8230; todo lo que pude probar con una calidad y sabor muy muy\u00a0buenos.<\/p>\n<figure id=\"attachment_15997\" aria-describedby=\"caption-attachment-15997\" style=\"width: 800px\" class=\"wp-caption aligncenter\"><a href=\"http:\/\/seecolombia.travel\/blog\/2014\/09\/cafe-en-lima-peru\/mejor-cafe-en-lima-la-cafetera-comida-3\/\" rel=\"attachment wp-att-15997\"><img loading=\"lazy\" class=\"size-full wp-image-15997\" src=\"http:\/\/seecolombia.travel\/blog\/wp-content\/uploads\/2014\/08\/Mejor-cafe-en-Lima-La-Cafetera-Comida-3.jpg\" alt=\"Uno de los mejor cafe en Lima\" width=\"800\" height=\"601\" srcset=\"https:\/\/seecolombia.travel\/blog\/wp-content\/uploads\/2014\/08\/Mejor-cafe-en-Lima-La-Cafetera-Comida-3.jpg 800w, https:\/\/seecolombia.travel\/blog\/wp-content\/uploads\/2014\/08\/Mejor-cafe-en-Lima-La-Cafetera-Comida-3-300x225.jpg 300w\" sizes=\"(max-width: 800px) 100vw, 800px\" \/><\/a><figcaption id=\"caption-attachment-15997\" class=\"wp-caption-text\">Que la foto hable: Un Lomo Saltado Cafetero (imagen de Place OK)<\/figcaption><\/figure>\n<p>&nbsp;<\/p>\n<p>Por su ubicaci\u00f3n, por ser parte de la iniciativa\u00a0<a title=\"Cafe Pendiente\" href=\"https:\/\/www.facebook.com\/CafePendienteOficial\" target=\"_blank\"><strong> caf\u00e9 pendiente<\/strong><\/a>, por poder pasar una tarde entre obras de arte en un ambiente super acogedor &#8211; y con wifi gratis-, por su <strong>exquisita gastronom\u00eda y selecci\u00f3n de tes y caf\u00e9s<\/strong>, La Cafetera es un lugar que recomendamos visitar en tu pr\u00f3xima visita a Lima.<\/p>\n<p>&nbsp;<\/p>\n<p>&#8212;&#8212;&#8212;&#8212;&#8212;&#8212;&#8211;<\/p>\n<p><strong>La Cafetera<\/strong><\/p>\n<p>Calle Manuel Bonilla 126 &#8211; Miraflores Lima, Peru<\/p>\n<p><strong>Fan Page:<\/strong>\u00a0https:\/\/www.facebook.com\/LaCafeteraPeru?fref=ts<\/p>\n<p><strong>Web:<\/strong>\u00a0http:\/\/www.lacafetera.pe\/<\/p>\n<p><strong>Tel\u00e9fonos:<\/strong> 51 1 447 5003<\/p>\n<p><strong>Rating en Trip Advisor<\/strong>: <a title=\"La Cafetera Peru\" href=\"http:\/\/www.tripadvisor.co\/Restaurant_Review-g294316-d6438849-Reviews-La_Cafetera-Lima_Lima_Region.html\" target=\"_blank\">5\/5\u00a0<\/a><\/p>\n<p>&nbsp;<\/p>\n<p>JL<\/p>\n<p>&nbsp;<\/p>\n<p>&nbsp;<\/p>\n<p>&nbsp;<\/p>\n","protected":false},"excerpt":{"rendered":"<p>&nbsp; \u201cDEBER DE TODO CAT\u00d3LICO ES SECUNDAR LA OBRA DE LA CENSURA CAT\u00d3LICA\u201d. As\u00ed, en may\u00fasculas y de forma contundente finaliza el documento \u00a0enmarcado que lista nombres de pel\u00edculas clasificadas en\u00a0las categor\u00edas de \u00a0\u201cBUENA\u201d, \u201cREGULAR (con escenas inconvenientes)\u201d \u201d ESCABROSA (con serios problemas morales)\u201d y \u201cMALA \u2013 CONDENADA\u201d, entre otras figuran las seguramente escandalosas \u201cBartolo [&hellip;]<\/p>\n","protected":false},"author":3,"featured_media":15958,"comment_status":"open","ping_status":"open","sticky":false,"template":"","format":"standard","meta":{"ngg_post_thumbnail":0},"categories":[1851,1860,865,1989,2364,2363],"tags":[1605,2952,2951,2960],"yoast_head":"<!-- This site is optimized with the Yoast SEO Premium plugin v18.4 (Yoast SEO v18.9) - https:\/\/yoast.com\/wordpress\/plugins\/seo\/ -->\n<title>Blog de viajes Per\u00fa: La Cafetera, un caf\u00e9 en Lima que hay que visitar. - Colombia Travel Blog by See Colombia Travel<\/title>\n<meta name=\"robots\" content=\"index, follow, max-snippet:-1, max-image-preview:large, max-video-preview:-1\" \/>\n<link rel=\"canonical\" href=\"https:\/\/seecolombia.travel\/blog\/2014\/09\/cafe-en-lima-peru\/\" \/>\n<meta property=\"og:locale\" content=\"en_US\" \/>\n<meta property=\"og:type\" content=\"article\" \/>\n<meta property=\"og:title\" content=\"Blog de viajes Per\u00fa: La Cafetera, un caf\u00e9 en Lima que hay que visitar.\" \/>\n<meta property=\"og:description\" content=\"&nbsp; \u201cDEBER DE TODO CAT\u00d3LICO ES SECUNDAR LA OBRA DE LA CENSURA CAT\u00d3LICA\u201d. As\u00ed, en may\u00fasculas y de forma contundente finaliza el documento \u00a0enmarcado que lista nombres de pel\u00edculas clasificadas en\u00a0las categor\u00edas de \u00a0\u201cBUENA\u201d, \u201cREGULAR (con escenas inconvenientes)\u201d \u201d ESCABROSA (con serios problemas morales)\u201d y \u201cMALA \u2013 CONDENADA\u201d, entre otras figuran las seguramente escandalosas \u201cBartolo [&hellip;]\" \/>\n<meta property=\"og:url\" content=\"https:\/\/seecolombia.travel\/blog\/2014\/09\/cafe-en-lima-peru\/\" \/>\n<meta property=\"og:site_name\" content=\"Colombia Travel Blog by See Colombia Travel\" \/>\n<meta property=\"article:published_time\" content=\"2014-09-02T11:13:15+00:00\" \/>\n<meta property=\"article:modified_time\" content=\"2016-05-11T20:52:48+00:00\" \/>\n<meta property=\"og:image\" content=\"https:\/\/seecolombia.travel\/blog\/wp-content\/uploads\/2014\/08\/Cafes-en-Miraflores-.jpg\" \/>\n\t<meta property=\"og:image:width\" content=\"766\" \/>\n\t<meta property=\"og:image:height\" content=\"346\" \/>\n\t<meta property=\"og:image:type\" content=\"image\/jpeg\" \/>\n<meta name=\"twitter:card\" content=\"summary\" \/>\n<meta name=\"twitter:label1\" content=\"Written by\" \/>\n\t<meta name=\"twitter:data1\" content=\"JL\" \/>\n\t<meta name=\"twitter:label2\" content=\"Est. reading time\" \/>\n\t<meta name=\"twitter:data2\" content=\"4 minutes\" \/>\n<script type=\"application\/ld+json\" class=\"yoast-schema-graph\">{\"@context\":\"https:\/\/schema.org\",\"@graph\":[{\"@type\":\"WebSite\",\"@id\":\"https:\/\/seecolombia.travel\/blog\/#website\",\"url\":\"https:\/\/seecolombia.travel\/blog\/\",\"name\":\"Colombia Travel Blog by See Colombia Travel\",\"description\":\"Colombia Travel Blog: An international perspective on travelling in Colombia by world travellers.\",\"potentialAction\":[{\"@type\":\"SearchAction\",\"target\":{\"@type\":\"EntryPoint\",\"urlTemplate\":\"https:\/\/seecolombia.travel\/blog\/?s={search_term_string}\"},\"query-input\":\"required name=search_term_string\"}],\"inLanguage\":\"en-US\"},{\"@type\":\"ImageObject\",\"inLanguage\":\"en-US\",\"@id\":\"https:\/\/seecolombia.travel\/blog\/2014\/09\/cafe-en-lima-peru\/#primaryimage\",\"url\":\"https:\/\/seecolombia.travel\/blog\/wp-content\/uploads\/2014\/08\/Cafes-en-Miraflores-.jpg\",\"contentUrl\":\"https:\/\/seecolombia.travel\/blog\/wp-content\/uploads\/2014\/08\/Cafes-en-Miraflores-.jpg\",\"width\":766,\"height\":346,\"caption\":\"Cafes en Miraflores Lima - La Cafetera\"},{\"@type\":\"WebPage\",\"@id\":\"https:\/\/seecolombia.travel\/blog\/2014\/09\/cafe-en-lima-peru\/#webpage\",\"url\":\"https:\/\/seecolombia.travel\/blog\/2014\/09\/cafe-en-lima-peru\/\",\"name\":\"Blog de viajes Per\u00fa: La Cafetera, un caf\u00e9 en Lima que hay que visitar. - Colombia Travel Blog by See Colombia Travel\",\"isPartOf\":{\"@id\":\"https:\/\/seecolombia.travel\/blog\/#website\"},\"primaryImageOfPage\":{\"@id\":\"https:\/\/seecolombia.travel\/blog\/2014\/09\/cafe-en-lima-peru\/#primaryimage\"},\"datePublished\":\"2014-09-02T11:13:15+00:00\",\"dateModified\":\"2016-05-11T20:52:48+00:00\",\"author\":{\"@id\":\"https:\/\/seecolombia.travel\/blog\/#\/schema\/person\/d83df03ea54d1f0911d7098ebe26db49\"},\"breadcrumb\":{\"@id\":\"https:\/\/seecolombia.travel\/blog\/2014\/09\/cafe-en-lima-peru\/#breadcrumb\"},\"inLanguage\":\"en-US\",\"potentialAction\":[{\"@type\":\"ReadAction\",\"target\":[\"https:\/\/seecolombia.travel\/blog\/2014\/09\/cafe-en-lima-peru\/\"]}]},{\"@type\":\"BreadcrumbList\",\"@id\":\"https:\/\/seecolombia.travel\/blog\/2014\/09\/cafe-en-lima-peru\/#breadcrumb\",\"itemListElement\":[{\"@type\":\"ListItem\",\"position\":1,\"name\":\"Home\",\"item\":\"https:\/\/seecolombia.travel\/blog\/\"},{\"@type\":\"ListItem\",\"position\":2,\"name\":\"Blog de viajes Per\u00fa: La Cafetera, un caf\u00e9 en Lima que hay que visitar.\"}]},{\"@type\":\"Person\",\"@id\":\"https:\/\/seecolombia.travel\/blog\/#\/schema\/person\/d83df03ea54d1f0911d7098ebe26db49\",\"name\":\"JL\",\"image\":{\"@type\":\"ImageObject\",\"inLanguage\":\"en-US\",\"@id\":\"https:\/\/seecolombia.travel\/blog\/#\/schema\/person\/image\/\",\"url\":\"https:\/\/secure.gravatar.com\/avatar\/68a3ba6dc377250ef6eb8cd56865210e?s=96&d=retro&r=g\",\"contentUrl\":\"https:\/\/secure.gravatar.com\/avatar\/68a3ba6dc377250ef6eb8cd56865210e?s=96&d=retro&r=g\",\"caption\":\"JL\"},\"description\":\"Ciudadano del mundo, nuestro Gerente de Marketing y comunicaciones se define como viajero, pap\u00e1, esposo y empresario. Es co-creador de Colombia Travel Blog junto a su esposa Marcela y creador de Fogg, la agencia de contenidos que produce el popular programa 3 Travel Bloggers. ----------- Our Marketing and Communications Manager, a self proclaimed citizen of the world, was born in Peru and raised in a number of different countries \u2013 including Angola, Thailand and Iceland \u2013 which instilled a deep love of travel and cultural diversity within him. With an extensive education in Marketing and Communications and after leaving a successful corporate career in the Telecom Industry, JL is now advocated to professionalize travel blogging in Latin America.\",\"sameAs\":[\"http:\/\/www.seecolombia.travel\"],\"url\":\"https:\/\/seecolombia.travel\/blog\/author\/jl\/\"}]}<\/script>\n<!-- \/ Yoast SEO Premium plugin. -->","yoast_head_json":{"title":"Blog de viajes Per\u00fa: La Cafetera, un caf\u00e9 en Lima que hay que visitar. - Colombia Travel Blog by See Colombia Travel","robots":{"index":"index","follow":"follow","max-snippet":"max-snippet:-1","max-image-preview":"max-image-preview:large","max-video-preview":"max-video-preview:-1"},"canonical":"https:\/\/seecolombia.travel\/blog\/2014\/09\/cafe-en-lima-peru\/","og_locale":"en_US","og_type":"article","og_title":"Blog de viajes Per\u00fa: La Cafetera, un caf\u00e9 en Lima que hay que visitar.","og_description":"&nbsp; \u201cDEBER DE TODO CAT\u00d3LICO ES SECUNDAR LA OBRA DE LA CENSURA CAT\u00d3LICA\u201d. As\u00ed, en may\u00fasculas y de forma contundente finaliza el documento \u00a0enmarcado que lista nombres de pel\u00edculas clasificadas en\u00a0las categor\u00edas de \u00a0\u201cBUENA\u201d, \u201cREGULAR (con escenas inconvenientes)\u201d \u201d ESCABROSA (con serios problemas morales)\u201d y \u201cMALA \u2013 CONDENADA\u201d, entre otras figuran las seguramente escandalosas \u201cBartolo [&hellip;]","og_url":"https:\/\/seecolombia.travel\/blog\/2014\/09\/cafe-en-lima-peru\/","og_site_name":"Colombia Travel Blog by See Colombia Travel","article_published_time":"2014-09-02T11:13:15+00:00","article_modified_time":"2016-05-11T20:52:48+00:00","og_image":[{"width":766,"height":346,"url":"https:\/\/seecolombia.travel\/blog\/wp-content\/uploads\/2014\/08\/Cafes-en-Miraflores-.jpg","type":"image\/jpeg"}],"twitter_card":"summary","twitter_misc":{"Written by":"JL","Est. reading time":"4 minutes"},"schema":{"@context":"https:\/\/schema.org","@graph":[{"@type":"WebSite","@id":"https:\/\/seecolombia.travel\/blog\/#website","url":"https:\/\/seecolombia.travel\/blog\/","name":"Colombia Travel Blog by See Colombia Travel","description":"Colombia Travel Blog: An international perspective on travelling in Colombia by world travellers.","potentialAction":[{"@type":"SearchAction","target":{"@type":"EntryPoint","urlTemplate":"https:\/\/seecolombia.travel\/blog\/?s={search_term_string}"},"query-input":"required name=search_term_string"}],"inLanguage":"en-US"},{"@type":"ImageObject","inLanguage":"en-US","@id":"https:\/\/seecolombia.travel\/blog\/2014\/09\/cafe-en-lima-peru\/#primaryimage","url":"https:\/\/seecolombia.travel\/blog\/wp-content\/uploads\/2014\/08\/Cafes-en-Miraflores-.jpg","contentUrl":"https:\/\/seecolombia.travel\/blog\/wp-content\/uploads\/2014\/08\/Cafes-en-Miraflores-.jpg","width":766,"height":346,"caption":"Cafes en Miraflores Lima - La Cafetera"},{"@type":"WebPage","@id":"https:\/\/seecolombia.travel\/blog\/2014\/09\/cafe-en-lima-peru\/#webpage","url":"https:\/\/seecolombia.travel\/blog\/2014\/09\/cafe-en-lima-peru\/","name":"Blog de viajes Per\u00fa: La Cafetera, un caf\u00e9 en Lima que hay que visitar. - Colombia Travel Blog by See Colombia Travel","isPartOf":{"@id":"https:\/\/seecolombia.travel\/blog\/#website"},"primaryImageOfPage":{"@id":"https:\/\/seecolombia.travel\/blog\/2014\/09\/cafe-en-lima-peru\/#primaryimage"},"datePublished":"2014-09-02T11:13:15+00:00","dateModified":"2016-05-11T20:52:48+00:00","author":{"@id":"https:\/\/seecolombia.travel\/blog\/#\/schema\/person\/d83df03ea54d1f0911d7098ebe26db49"},"breadcrumb":{"@id":"https:\/\/seecolombia.travel\/blog\/2014\/09\/cafe-en-lima-peru\/#breadcrumb"},"inLanguage":"en-US","potentialAction":[{"@type":"ReadAction","target":["https:\/\/seecolombia.travel\/blog\/2014\/09\/cafe-en-lima-peru\/"]}]},{"@type":"BreadcrumbList","@id":"https:\/\/seecolombia.travel\/blog\/2014\/09\/cafe-en-lima-peru\/#breadcrumb","itemListElement":[{"@type":"ListItem","position":1,"name":"Home","item":"https:\/\/seecolombia.travel\/blog\/"},{"@type":"ListItem","position":2,"name":"Blog de viajes Per\u00fa: La Cafetera, un caf\u00e9 en Lima que hay que visitar."}]},{"@type":"Person","@id":"https:\/\/seecolombia.travel\/blog\/#\/schema\/person\/d83df03ea54d1f0911d7098ebe26db49","name":"JL","image":{"@type":"ImageObject","inLanguage":"en-US","@id":"https:\/\/seecolombia.travel\/blog\/#\/schema\/person\/image\/","url":"https:\/\/secure.gravatar.com\/avatar\/68a3ba6dc377250ef6eb8cd56865210e?s=96&d=retro&r=g","contentUrl":"https:\/\/secure.gravatar.com\/avatar\/68a3ba6dc377250ef6eb8cd56865210e?s=96&d=retro&r=g","caption":"JL"},"description":"Ciudadano del mundo, nuestro Gerente de Marketing y comunicaciones se define como viajero, pap\u00e1, esposo y empresario. Es co-creador de Colombia Travel Blog junto a su esposa Marcela y creador de Fogg, la agencia de contenidos que produce el popular programa 3 Travel Bloggers. ----------- Our Marketing and Communications Manager, a self proclaimed citizen of the world, was born in Peru and raised in a number of different countries \u2013 including Angola, Thailand and Iceland \u2013 which instilled a deep love of travel and cultural diversity within him. With an extensive education in Marketing and Communications and after leaving a successful corporate career in the Telecom Industry, JL is now advocated to professionalize travel blogging in Latin America.","sameAs":["http:\/\/www.seecolombia.travel"],"url":"https:\/\/seecolombia.travel\/blog\/author\/jl\/"}]}},"amp_enabled":true,"_links":{"self":[{"href":"https:\/\/seecolombia.travel\/blog\/wp-json\/wp\/v2\/posts\/15661"}],"collection":[{"href":"https:\/\/seecolombia.travel\/blog\/wp-json\/wp\/v2\/posts"}],"about":[{"href":"https:\/\/seecolombia.travel\/blog\/wp-json\/wp\/v2\/types\/post"}],"author":[{"embeddable":true,"href":"https:\/\/seecolombia.travel\/blog\/wp-json\/wp\/v2\/users\/3"}],"replies":[{"embeddable":true,"href":"https:\/\/seecolombia.travel\/blog\/wp-json\/wp\/v2\/comments?post=15661"}],"version-history":[{"count":64,"href":"https:\/\/seecolombia.travel\/blog\/wp-json\/wp\/v2\/posts\/15661\/revisions"}],"predecessor-version":[{"id":22534,"href":"https:\/\/seecolombia.travel\/blog\/wp-json\/wp\/v2\/posts\/15661\/revisions\/22534"}],"wp:featuredmedia":[{"embeddable":true,"href":"https:\/\/seecolombia.travel\/blog\/wp-json\/wp\/v2\/media\/15958"}],"wp:attachment":[{"href":"https:\/\/seecolombia.travel\/blog\/wp-json\/wp\/v2\/media?parent=15661"}],"wp:term":[{"taxonomy":"category","embeddable":true,"href":"https:\/\/seecolombia.travel\/blog\/wp-json\/wp\/v2\/categories?post=15661"},{"taxonomy":"post_tag","embeddable":true,"href":"https:\/\/seecolombia.travel\/blog\/wp-json\/wp\/v2\/tags?post=15661"}],"curies":[{"name":"wp","href":"https:\/\/api.w.org\/{rel}","templated":true}]}}