{"id":13632,"date":"2014-02-21T07:30:04","date_gmt":"2014-02-21T12:30:04","guid":{"rendered":"http:\/\/seecolombia.travel\/blog\/?p=13632"},"modified":"2016-05-11T16:19:46","modified_gmt":"2016-05-11T21:19:46","slug":"regresar-a-colombia","status":"publish","type":"post","link":"https:\/\/seecolombia.travel\/blog\/2014\/02\/regresar-a-colombia\/","title":{"rendered":"\u00bfPor qu\u00e9 me emociona regresar a Colombia?"},"content":{"rendered":"<p>You can find the English version of this post here:\u00a0http:\/\/seecolombia.travel\/blog\/2014\/02\/expats-in-colombia\/<\/p>\n<p>He tenido la fortuna de haber <strong>viajado y vivido en muchos pa\u00edses del mundo.<\/strong> Qued\u00e1ndome seis d\u00edas en uno, seis semanas en otros, y un a\u00f1o en algunos. Sin embargo, puedo decir honestamente que <strong>nunca hab\u00eda dejado un pa\u00eds con tal certeza de que regresar\u00eda como cuando me fui de Colombia<\/strong> en el 2012. Bueno, en realidad ha pasado antes de lo que esperaba, y en menos de una semana estar\u00e9 aterrizando en mi pa\u00eds favorito sobre la tierra.<\/p>\n<p>No puedo esperar m\u00e1s para <strong>volver a Colombia<\/strong>. \u00bfD\u00f3nde m\u00e1s puedes apreciar la majestuosidad de los picos nevados de los Andes, el misterio de la selva amaz\u00f3nica, un paisaje de postal del Caribe, y las monta\u00f1as\u00a0 verdes de la zona cafetera, en un solo viaje? Eso sin mencionar las numerosas ciudades llenas de gente, diversidad cultural, y la variedad de inesperadas atracciones colombianas: desiertos con un sol abrasador, antiguas ciudades en la selva, y de una vida silvestre incre\u00edble. <strong>Colombia es el para\u00edso para los viajeros.<\/strong><\/p>\n<p>Tengo que admitirlo, m\u00e1s que nada he echado de menos la m\u00fasica. Del <strong>d\u00eda a d\u00eda de la vida en Colombia transcurre con un ritmo<\/strong> que simplemente no tenemos en mi pa\u00eds. Desde los buses con un reggaet\u00f3n y salsa, a todo volumen, animando el recorrido matutino, hasta los <strong>vigorosos acordes de la cumbia y el vallenato<\/strong> haciendo eco a lo largo de la costa, Colombia es un pa\u00eds que vive a trav\u00e9s de la m\u00fasica y la rumba, as\u00ed que el siguiente paso es que mis habilidades para bailar salsa vuelvan a la normalidad y en menos de nada estar\u00e9 listo para la pista de baile. Cuidado chicas (cuidado con los pisotones)<\/p>\n<figure id=\"attachment_13616\" aria-describedby=\"caption-attachment-13616\" style=\"width: 800px\" class=\"wp-caption aligncenter\"><a href=\"http:\/\/seecolombia.travel\/blog\/2014\/02\/expats-in-colombia\/lost-city-colombia\/\" rel=\"attachment wp-att-13616\"><img loading=\"lazy\" class=\"size-full wp-image-13616\" src=\"http:\/\/seecolombia.travel\/blog\/wp-content\/uploads\/2014\/02\/Lost-City-Colombia.jpg\" alt=\"Los City Tayrona Colombia\" width=\"800\" height=\"400\" srcset=\"https:\/\/seecolombia.travel\/blog\/wp-content\/uploads\/2014\/02\/Lost-City-Colombia.jpg 800w, https:\/\/seecolombia.travel\/blog\/wp-content\/uploads\/2014\/02\/Lost-City-Colombia-300x150.jpg 300w\" sizes=\"(max-width: 800px) 100vw, 800px\" \/><\/a><figcaption id=\"caption-attachment-13616\" class=\"wp-caption-text\">Chris en la Ciudad Perdida<\/figcaption><\/figure>\n<p>&nbsp;<\/p>\n<p>Es muy emocionante ir rumbo a Colombia en estos momentos, cuando nos separan tan solo unos meses para el mundial de Brasil 2014 y el equipo de <strong>Colombia es uno de los favoritos del grupo C<\/strong>, prometiendo as\u00ed un verano muy emocionante para los fans de este gran deporte (que son b\u00e1sicamente todos los habitantes del pa\u00eds). Aunque la participaci\u00f3n de la leyenda del futbol colombiano <a title=\"Falcao See Colombia Travel\" href=\"https:\/\/seecolombia.travel\/blog\/2013\/05\/falcaofriday-the-day-i-met-a-colombian-hero\/\" target=\"_blank\">(y amigo muy cercano) Radamel Falcao<\/a> este en duda, el equipo ha sido bendecido con una abundancia de talento, y cuando agregas la pasi\u00f3n desenfrenada de los fan\u00e1ticos locales, Colombia podr\u00eda ser el mejor lugar en la Tierra para disfrutar de la Copa del Mundo (tal vez excepto por Brasil). Una de las primeras cosas que har\u00e9 a mi regreso es <strong>escoger una de las camisetas para apoyar el equipo nacional<\/strong>\u2013 tenemos que animar a los chicos con mucho estilo desde aqu\u00ed las Torres de <strong>See Colombia<\/strong>.<\/p>\n<p>Adem\u00e1s del <strong>Festival Iberoamericano de Teatro y el Festival de CineBooth<\/strong> que se llevaran a cabo en Bogot\u00e1 durante los pr\u00f3ximos meses a\u00fan hay mucho porqu\u00e9 emocionarse para los que no son tan apasionados por el f\u00fatbol. Ambos eventos confirman la creciente reputaci\u00f3n de Bogot\u00e1 como <strong>una ciudad global de importancia cultural<\/strong>, junto con un aumento en el n\u00famero de bandas con renombre internacional que visitaran a Colombia durante el pr\u00f3ximo a\u00f1o: <em>Nine Inch Nails, Red Hot Chilli Peppers, Pixies y Metallica<\/em>, \u00bfalguien m\u00e1s? Bueno no pod\u00edan faltar los de One Direction.<\/p>\n<p>&nbsp;<\/p>\n<figure id=\"attachment_13620\" aria-describedby=\"caption-attachment-13620\" style=\"width: 800px\" class=\"wp-caption aligncenter\"><a href=\"http:\/\/seecolombia.travel\/blog\/2014\/02\/expats-in-colombia\/amazonas-colombia\/\" rel=\"attachment wp-att-13620\"><img loading=\"lazy\" class=\"size-full wp-image-13620\" src=\"http:\/\/seecolombia.travel\/blog\/wp-content\/uploads\/2014\/02\/Amazonas-Colombia.jpg\" alt=\"Amazon Colombia\" width=\"800\" height=\"600\" srcset=\"https:\/\/seecolombia.travel\/blog\/wp-content\/uploads\/2014\/02\/Amazonas-Colombia.jpg 800w, https:\/\/seecolombia.travel\/blog\/wp-content\/uploads\/2014\/02\/Amazonas-Colombia-300x225.jpg 300w\" sizes=\"(max-width: 800px) 100vw, 800px\" \/><\/a><figcaption id=\"caption-attachment-13620\" class=\"wp-caption-text\">To the -Colombian- amazon and beyond!<\/figcaption><\/figure>\n<p>&nbsp;<\/p>\n<p>Sin embargo, despu\u00e9s de todo, lo que m\u00e1s me emociona de regresar al pa\u00eds es la oportunidad de volver a estar <strong>rodeado de colombianos<\/strong>. Es bastante com\u00fan escuchar decir que las personas que encontraron mientras viajaban fueron las \u201cm\u00e1s amigables\u201d y \u201cm\u00e1s amables\u201d que alguna vez hayan podido conocer. Aunque, es realmente dif\u00edcil encontrar alguien que supere a los colombianos en la escala de la alegr\u00eda. Hay muy pocos lugares en el mundo donde se pueda llegar a un pueblito en las monta\u00f1as en menos de una hora y ser presentado a lo que parece todos los habitantes del lugar por el due\u00f1o de una ferreter\u00eda, antes de que te ofrezcan su cuarto de hu\u00e9spedes para que pases la noche all\u00ed (caso real)<\/p>\n<p><strong>Nunca me he sentido tan bien recibido en un pa\u00eds como me siento en Colombia<\/strong> y no puedo esperar para ser la victima de nuevo del slogan: \u201cEl riesgo es que te quieras quedar\u201d *<\/p>\n<p>* O irte por un tiempo, pero regresar inmediatamente.<\/p>\n<p>Escrito por: Chris<\/p>\n<p>Traducido por: Carolina<\/p>\n","protected":false},"excerpt":{"rendered":"<p>You can find the English version of this post here:\u00a0http:\/\/seecolombia.travel\/blog\/2014\/02\/expats-in-colombia\/ He tenido la fortuna de haber viajado y vivido en muchos pa\u00edses del mundo. Qued\u00e1ndome seis d\u00edas en uno, seis semanas en otros, y un a\u00f1o en algunos. Sin embargo, puedo decir honestamente que nunca hab\u00eda dejado un pa\u00eds con tal certeza de que regresar\u00eda [&hellip;]<\/p>\n","protected":false},"author":3,"featured_media":13634,"comment_status":"open","ping_status":"open","sticky":false,"template":"","format":"standard","meta":{"ngg_post_thumbnail":0},"categories":[1860,8,865,1632],"tags":[2973,1605,356],"yoast_head":"<!-- This site is optimized with the Yoast SEO Premium plugin v18.4 (Yoast SEO v18.9) - https:\/\/yoast.com\/wordpress\/plugins\/seo\/ -->\n<title>\u00bfPor qu\u00e9 me emociona regresar a Colombia? - Colombia Travel Blog by See Colombia Travel<\/title>\n<meta name=\"robots\" content=\"index, follow, max-snippet:-1, max-image-preview:large, max-video-preview:-1\" \/>\n<link rel=\"canonical\" href=\"https:\/\/seecolombia.travel\/blog\/2014\/02\/regresar-a-colombia\/\" \/>\n<meta property=\"og:locale\" content=\"en_US\" \/>\n<meta property=\"og:type\" content=\"article\" \/>\n<meta property=\"og:title\" content=\"\u00bfPor qu\u00e9 me emociona regresar a Colombia?\" \/>\n<meta property=\"og:description\" content=\"You can find the English version of this post here:\u00a0http:\/\/seecolombia.travel\/blog\/2014\/02\/expats-in-colombia\/ He tenido la fortuna de haber viajado y vivido en muchos pa\u00edses del mundo. Qued\u00e1ndome seis d\u00edas en uno, seis semanas en otros, y un a\u00f1o en algunos. Sin embargo, puedo decir honestamente que nunca hab\u00eda dejado un pa\u00eds con tal certeza de que regresar\u00eda [&hellip;]\" \/>\n<meta property=\"og:url\" content=\"https:\/\/seecolombia.travel\/blog\/2014\/02\/regresar-a-colombia\/\" \/>\n<meta property=\"og:site_name\" content=\"Colombia Travel Blog by See Colombia Travel\" \/>\n<meta property=\"article:published_time\" content=\"2014-02-21T12:30:04+00:00\" \/>\n<meta property=\"article:modified_time\" content=\"2016-05-11T21:19:46+00:00\" \/>\n<meta property=\"og:image\" content=\"https:\/\/seecolombia.travel\/blog\/wp-content\/uploads\/2014\/02\/Ciudad-Perdida-Portada.jpg\" \/>\n\t<meta property=\"og:image:width\" content=\"800\" \/>\n\t<meta property=\"og:image:height\" content=\"320\" \/>\n\t<meta property=\"og:image:type\" content=\"image\/jpeg\" \/>\n<meta name=\"twitter:card\" content=\"summary\" \/>\n<meta name=\"twitter:label1\" content=\"Written by\" \/>\n\t<meta name=\"twitter:data1\" content=\"JL\" \/>\n\t<meta name=\"twitter:label2\" content=\"Est. reading time\" \/>\n\t<meta name=\"twitter:data2\" content=\"4 minutes\" \/>\n<script type=\"application\/ld+json\" class=\"yoast-schema-graph\">{\"@context\":\"https:\/\/schema.org\",\"@graph\":[{\"@type\":\"WebSite\",\"@id\":\"https:\/\/seecolombia.travel\/blog\/#website\",\"url\":\"https:\/\/seecolombia.travel\/blog\/\",\"name\":\"Colombia Travel Blog by See Colombia Travel\",\"description\":\"Colombia Travel Blog: An international perspective on travelling in Colombia by world travellers.\",\"potentialAction\":[{\"@type\":\"SearchAction\",\"target\":{\"@type\":\"EntryPoint\",\"urlTemplate\":\"https:\/\/seecolombia.travel\/blog\/?s={search_term_string}\"},\"query-input\":\"required name=search_term_string\"}],\"inLanguage\":\"en-US\"},{\"@type\":\"ImageObject\",\"inLanguage\":\"en-US\",\"@id\":\"https:\/\/seecolombia.travel\/blog\/2014\/02\/regresar-a-colombia\/#primaryimage\",\"url\":\"https:\/\/seecolombia.travel\/blog\/wp-content\/uploads\/2014\/02\/Ciudad-Perdida-Portada.jpg\",\"contentUrl\":\"https:\/\/seecolombia.travel\/blog\/wp-content\/uploads\/2014\/02\/Ciudad-Perdida-Portada.jpg\",\"width\":800,\"height\":320,\"caption\":\"Ciudad Perdida Colombia\"},{\"@type\":\"WebPage\",\"@id\":\"https:\/\/seecolombia.travel\/blog\/2014\/02\/regresar-a-colombia\/#webpage\",\"url\":\"https:\/\/seecolombia.travel\/blog\/2014\/02\/regresar-a-colombia\/\",\"name\":\"\u00bfPor qu\u00e9 me emociona regresar a Colombia? - Colombia Travel Blog by See Colombia Travel\",\"isPartOf\":{\"@id\":\"https:\/\/seecolombia.travel\/blog\/#website\"},\"primaryImageOfPage\":{\"@id\":\"https:\/\/seecolombia.travel\/blog\/2014\/02\/regresar-a-colombia\/#primaryimage\"},\"datePublished\":\"2014-02-21T12:30:04+00:00\",\"dateModified\":\"2016-05-11T21:19:46+00:00\",\"author\":{\"@id\":\"https:\/\/seecolombia.travel\/blog\/#\/schema\/person\/d83df03ea54d1f0911d7098ebe26db49\"},\"breadcrumb\":{\"@id\":\"https:\/\/seecolombia.travel\/blog\/2014\/02\/regresar-a-colombia\/#breadcrumb\"},\"inLanguage\":\"en-US\",\"potentialAction\":[{\"@type\":\"ReadAction\",\"target\":[\"https:\/\/seecolombia.travel\/blog\/2014\/02\/regresar-a-colombia\/\"]}]},{\"@type\":\"BreadcrumbList\",\"@id\":\"https:\/\/seecolombia.travel\/blog\/2014\/02\/regresar-a-colombia\/#breadcrumb\",\"itemListElement\":[{\"@type\":\"ListItem\",\"position\":1,\"name\":\"Home\",\"item\":\"https:\/\/seecolombia.travel\/blog\/\"},{\"@type\":\"ListItem\",\"position\":2,\"name\":\"\u00bfPor qu\u00e9 me emociona regresar a Colombia?\"}]},{\"@type\":\"Person\",\"@id\":\"https:\/\/seecolombia.travel\/blog\/#\/schema\/person\/d83df03ea54d1f0911d7098ebe26db49\",\"name\":\"JL\",\"image\":{\"@type\":\"ImageObject\",\"inLanguage\":\"en-US\",\"@id\":\"https:\/\/seecolombia.travel\/blog\/#\/schema\/person\/image\/\",\"url\":\"https:\/\/secure.gravatar.com\/avatar\/68a3ba6dc377250ef6eb8cd56865210e?s=96&d=retro&r=g\",\"contentUrl\":\"https:\/\/secure.gravatar.com\/avatar\/68a3ba6dc377250ef6eb8cd56865210e?s=96&d=retro&r=g\",\"caption\":\"JL\"},\"description\":\"Ciudadano del mundo, nuestro Gerente de Marketing y comunicaciones se define como viajero, pap\u00e1, esposo y empresario. Es co-creador de Colombia Travel Blog junto a su esposa Marcela y creador de Fogg, la agencia de contenidos que produce el popular programa 3 Travel Bloggers. ----------- Our Marketing and Communications Manager, a self proclaimed citizen of the world, was born in Peru and raised in a number of different countries \u2013 including Angola, Thailand and Iceland \u2013 which instilled a deep love of travel and cultural diversity within him. With an extensive education in Marketing and Communications and after leaving a successful corporate career in the Telecom Industry, JL is now advocated to professionalize travel blogging in Latin America.\",\"sameAs\":[\"http:\/\/www.seecolombia.travel\"],\"url\":\"https:\/\/seecolombia.travel\/blog\/author\/jl\/\"}]}<\/script>\n<!-- \/ Yoast SEO Premium plugin. -->","yoast_head_json":{"title":"\u00bfPor qu\u00e9 me emociona regresar a Colombia? - Colombia Travel Blog by See Colombia Travel","robots":{"index":"index","follow":"follow","max-snippet":"max-snippet:-1","max-image-preview":"max-image-preview:large","max-video-preview":"max-video-preview:-1"},"canonical":"https:\/\/seecolombia.travel\/blog\/2014\/02\/regresar-a-colombia\/","og_locale":"en_US","og_type":"article","og_title":"\u00bfPor qu\u00e9 me emociona regresar a Colombia?","og_description":"You can find the English version of this post here:\u00a0http:\/\/seecolombia.travel\/blog\/2014\/02\/expats-in-colombia\/ He tenido la fortuna de haber viajado y vivido en muchos pa\u00edses del mundo. Qued\u00e1ndome seis d\u00edas en uno, seis semanas en otros, y un a\u00f1o en algunos. Sin embargo, puedo decir honestamente que nunca hab\u00eda dejado un pa\u00eds con tal certeza de que regresar\u00eda [&hellip;]","og_url":"https:\/\/seecolombia.travel\/blog\/2014\/02\/regresar-a-colombia\/","og_site_name":"Colombia Travel Blog by See Colombia Travel","article_published_time":"2014-02-21T12:30:04+00:00","article_modified_time":"2016-05-11T21:19:46+00:00","og_image":[{"width":800,"height":320,"url":"https:\/\/seecolombia.travel\/blog\/wp-content\/uploads\/2014\/02\/Ciudad-Perdida-Portada.jpg","type":"image\/jpeg"}],"twitter_card":"summary","twitter_misc":{"Written by":"JL","Est. reading time":"4 minutes"},"schema":{"@context":"https:\/\/schema.org","@graph":[{"@type":"WebSite","@id":"https:\/\/seecolombia.travel\/blog\/#website","url":"https:\/\/seecolombia.travel\/blog\/","name":"Colombia Travel Blog by See Colombia Travel","description":"Colombia Travel Blog: An international perspective on travelling in Colombia by world travellers.","potentialAction":[{"@type":"SearchAction","target":{"@type":"EntryPoint","urlTemplate":"https:\/\/seecolombia.travel\/blog\/?s={search_term_string}"},"query-input":"required name=search_term_string"}],"inLanguage":"en-US"},{"@type":"ImageObject","inLanguage":"en-US","@id":"https:\/\/seecolombia.travel\/blog\/2014\/02\/regresar-a-colombia\/#primaryimage","url":"https:\/\/seecolombia.travel\/blog\/wp-content\/uploads\/2014\/02\/Ciudad-Perdida-Portada.jpg","contentUrl":"https:\/\/seecolombia.travel\/blog\/wp-content\/uploads\/2014\/02\/Ciudad-Perdida-Portada.jpg","width":800,"height":320,"caption":"Ciudad Perdida Colombia"},{"@type":"WebPage","@id":"https:\/\/seecolombia.travel\/blog\/2014\/02\/regresar-a-colombia\/#webpage","url":"https:\/\/seecolombia.travel\/blog\/2014\/02\/regresar-a-colombia\/","name":"\u00bfPor qu\u00e9 me emociona regresar a Colombia? - Colombia Travel Blog by See Colombia Travel","isPartOf":{"@id":"https:\/\/seecolombia.travel\/blog\/#website"},"primaryImageOfPage":{"@id":"https:\/\/seecolombia.travel\/blog\/2014\/02\/regresar-a-colombia\/#primaryimage"},"datePublished":"2014-02-21T12:30:04+00:00","dateModified":"2016-05-11T21:19:46+00:00","author":{"@id":"https:\/\/seecolombia.travel\/blog\/#\/schema\/person\/d83df03ea54d1f0911d7098ebe26db49"},"breadcrumb":{"@id":"https:\/\/seecolombia.travel\/blog\/2014\/02\/regresar-a-colombia\/#breadcrumb"},"inLanguage":"en-US","potentialAction":[{"@type":"ReadAction","target":["https:\/\/seecolombia.travel\/blog\/2014\/02\/regresar-a-colombia\/"]}]},{"@type":"BreadcrumbList","@id":"https:\/\/seecolombia.travel\/blog\/2014\/02\/regresar-a-colombia\/#breadcrumb","itemListElement":[{"@type":"ListItem","position":1,"name":"Home","item":"https:\/\/seecolombia.travel\/blog\/"},{"@type":"ListItem","position":2,"name":"\u00bfPor qu\u00e9 me emociona regresar a Colombia?"}]},{"@type":"Person","@id":"https:\/\/seecolombia.travel\/blog\/#\/schema\/person\/d83df03ea54d1f0911d7098ebe26db49","name":"JL","image":{"@type":"ImageObject","inLanguage":"en-US","@id":"https:\/\/seecolombia.travel\/blog\/#\/schema\/person\/image\/","url":"https:\/\/secure.gravatar.com\/avatar\/68a3ba6dc377250ef6eb8cd56865210e?s=96&d=retro&r=g","contentUrl":"https:\/\/secure.gravatar.com\/avatar\/68a3ba6dc377250ef6eb8cd56865210e?s=96&d=retro&r=g","caption":"JL"},"description":"Ciudadano del mundo, nuestro Gerente de Marketing y comunicaciones se define como viajero, pap\u00e1, esposo y empresario. Es co-creador de Colombia Travel Blog junto a su esposa Marcela y creador de Fogg, la agencia de contenidos que produce el popular programa 3 Travel Bloggers. ----------- Our Marketing and Communications Manager, a self proclaimed citizen of the world, was born in Peru and raised in a number of different countries \u2013 including Angola, Thailand and Iceland \u2013 which instilled a deep love of travel and cultural diversity within him. With an extensive education in Marketing and Communications and after leaving a successful corporate career in the Telecom Industry, JL is now advocated to professionalize travel blogging in Latin America.","sameAs":["http:\/\/www.seecolombia.travel"],"url":"https:\/\/seecolombia.travel\/blog\/author\/jl\/"}]}},"amp_enabled":true,"_links":{"self":[{"href":"https:\/\/seecolombia.travel\/blog\/wp-json\/wp\/v2\/posts\/13632"}],"collection":[{"href":"https:\/\/seecolombia.travel\/blog\/wp-json\/wp\/v2\/posts"}],"about":[{"href":"https:\/\/seecolombia.travel\/blog\/wp-json\/wp\/v2\/types\/post"}],"author":[{"embeddable":true,"href":"https:\/\/seecolombia.travel\/blog\/wp-json\/wp\/v2\/users\/3"}],"replies":[{"embeddable":true,"href":"https:\/\/seecolombia.travel\/blog\/wp-json\/wp\/v2\/comments?post=13632"}],"version-history":[{"count":5,"href":"https:\/\/seecolombia.travel\/blog\/wp-json\/wp\/v2\/posts\/13632\/revisions"}],"predecessor-version":[{"id":22575,"href":"https:\/\/seecolombia.travel\/blog\/wp-json\/wp\/v2\/posts\/13632\/revisions\/22575"}],"wp:featuredmedia":[{"embeddable":true,"href":"https:\/\/seecolombia.travel\/blog\/wp-json\/wp\/v2\/media\/13634"}],"wp:attachment":[{"href":"https:\/\/seecolombia.travel\/blog\/wp-json\/wp\/v2\/media?parent=13632"}],"wp:term":[{"taxonomy":"category","embeddable":true,"href":"https:\/\/seecolombia.travel\/blog\/wp-json\/wp\/v2\/categories?post=13632"},{"taxonomy":"post_tag","embeddable":true,"href":"https:\/\/seecolombia.travel\/blog\/wp-json\/wp\/v2\/tags?post=13632"}],"curies":[{"name":"wp","href":"https:\/\/api.w.org\/{rel}","templated":true}]}}