{"id":13393,"date":"2014-02-06T21:38:37","date_gmt":"2014-02-07T02:38:37","guid":{"rendered":"http:\/\/seecolombia.travel\/blog\/?p=13393"},"modified":"2016-05-11T16:26:27","modified_gmt":"2016-05-11T21:26:27","slug":"origen-de-los-alebrijes-mexico","status":"publish","type":"post","link":"https:\/\/seecolombia.travel\/blog\/2014\/02\/origen-de-los-alebrijes-mexico\/","title":{"rendered":"Blog de viajes M\u00e9xico &#8211; Los Alebrijes: !Monstruos en el D.F!"},"content":{"rendered":"<p><strong>\u201c\u00a1Alebrijes! \u00a1Alebrijes! \u00a1Alebrijes!\u201d<\/strong> le gritaban a Pedro las voces. \u201cAlebrijes\u201d era una palabra que no significaba nada para \u00e9l, pero consultar el diccionario era la menor de sus inquietudes mientras pasaba -con m\u00e1s fascinaci\u00f3n que miedo &#8211; delante de un<strong> burro con alas<\/strong>, un <strong>gallo con cuernos<\/strong> y un l<strong>e\u00f3n con cabeza de perro<\/strong>, imposibles animales multicolores a los que pertenec\u00edan esas voces.<\/p>\n<p>El lugar donde estaba era definitivamente raro, raro pero muy apacible, hasta pacifico. Las rocas, los \u00e1rboles, las nubes rosadas, azules, moradas <strong>segu\u00edan transform\u00e1ndose en esos seres amalgamados<\/strong> que desfilaban sin parar: dragones gatunos, lagartijas con ubres, escarabajos con picos de tuc\u00e1n que no paraban de repetirle la palabreja cada vez a mayor volumen. Ahora si un poco asustado, se cruz\u00f3 por fin con un hombre al que le pregunt\u00f3 c\u00f3mo salir de ese sitio. La respuesta fue que el momento de quedarse ah\u00ed para siempre <strong>no hab\u00eda llegado a\u00fan<\/strong> y que si se apuraba aun pod\u00eda escapar por una salida cercana. Pedro corri\u00f3 con todas sus fuerzas hacia una ventana que se hac\u00eda cada vez m\u00e1s peque\u00f1a y se lanz\u00f3 a trav\u00e9s de ella.<\/p>\n<figure id=\"attachment_13406\" aria-describedby=\"caption-attachment-13406\" style=\"width: 768px\" class=\"wp-caption aligncenter\"><a href=\"http:\/\/seecolombia.travel\/blog\/2014\/02\/origen-de-los-alebrijes-mexico\/alebrijes-the_childrens_museum_of_indianapolis_-_alebrije_bird_sculpture\/\" rel=\"attachment wp-att-13406\"><img loading=\"lazy\" class=\"size-full wp-image-13406\" src=\"http:\/\/seecolombia.travel\/blog\/wp-content\/uploads\/2014\/02\/Alebrijes-The_Childrens_Museum_of_Indianapolis_-_Alebrije_bird_sculpture.jpg\" alt=\"Alebrije Mexico Pedro Linares\" width=\"768\" height=\"589\" srcset=\"https:\/\/seecolombia.travel\/blog\/wp-content\/uploads\/2014\/02\/Alebrijes-The_Childrens_Museum_of_Indianapolis_-_Alebrije_bird_sculpture.jpg 768w, https:\/\/seecolombia.travel\/blog\/wp-content\/uploads\/2014\/02\/Alebrijes-The_Childrens_Museum_of_Indianapolis_-_Alebrije_bird_sculpture-300x230.jpg 300w\" sizes=\"(max-width: 768px) 100vw, 768px\" \/><\/a><figcaption id=\"caption-attachment-13406\" class=\"wp-caption-text\">Un alebrije original de Don Pedro Linares exhibido en el Childrens Museum of Indianapolis<\/figcaption><\/figure>\n<p>&nbsp;<\/p>\n<p><strong>Pedro Linares L\u00f3pez<\/strong> hab\u00eda estado, por supuesto, <strong>so\u00f1ando<\/strong>, pero grande fue su sorpresa al darse cuenta de que al volver de ese mundo on\u00edrico a este real, estaba acostado <strong>dentro de un ata\u00fad<\/strong> y en su propio funeral. Las altas fiebres de las que sufr\u00eda lo hab\u00edan dejado en estado catat\u00f3nico y su familia, que al no poder costear un medico decidi\u00f3 dejarlo en manos de Dios, <strong>lo hab\u00eda dado por muerto.\u00a0<\/strong><\/p>\n<p>Luego de la mezcla de alegr\u00eda y pavor de su \u201cresurrecci\u00f3n\u201d p\u00fablica, este cartonero y artesano del D.F, decidi\u00f3 dedicar su vida a <strong>darle a conocer al mundo a estos \u201calebrijes\u201d<\/strong> que lo hab\u00edan devuelto del m\u00e1s all\u00e1. Y lo hizo de la manera que mejor sab\u00eda: con sus <strong>esculturas de cart\u00f3n<\/strong>. Al poco tiempo ya era considerado uno de los mejores artesanos de M\u00e9xico y sus alebrijes se volvieron de dominio popular generando <strong>centenares de replicas<\/strong>, pero en palabras del mism\u00edsimo <strong>Diego Rivera<\/strong> \u201cnunca nadie pudo hacer esos monstruos igual que Pedro\u201d<\/p>\n<figure id=\"attachment_13409\" aria-describedby=\"caption-attachment-13409\" style=\"width: 640px\" class=\"wp-caption aligncenter\"><a href=\"http:\/\/seecolombia.travel\/blog\/2014\/02\/origen-de-los-alebrijes-mexico\/alebrijes-en-colonia-roma\/\" rel=\"attachment wp-att-13409\"><img loading=\"lazy\" class=\" wp-image-13409 \" src=\"http:\/\/seecolombia.travel\/blog\/wp-content\/uploads\/2014\/02\/Alebrijes-en-Colonia-Roma.jpg\" alt=\"Alebrije Colonia Roma\" width=\"640\" height=\"360\" srcset=\"https:\/\/seecolombia.travel\/blog\/wp-content\/uploads\/2014\/02\/Alebrijes-en-Colonia-Roma.jpg 800w, https:\/\/seecolombia.travel\/blog\/wp-content\/uploads\/2014\/02\/Alebrijes-en-Colonia-Roma-300x168.jpg 300w\" sizes=\"(max-width: 640px) 100vw, 640px\" \/><\/a><figcaption id=\"caption-attachment-13409\" class=\"wp-caption-text\">Un alebrije en la Colonia Roma<\/figcaption><\/figure>\n<p>&nbsp;<\/p>\n<p>75 a\u00f1os despu\u00e9s estoy en la <strong>Colonia Roma<\/strong>, en el Distrito Federal tal como si me hubiera metido en la cabeza del Sr. Linares, viendo marchar en vivo y en directo a esos monstruos gigantescos hechos de papel mach\u00e9 que de ser el sue\u00f1o febril de un hombe se convirtieron en un s\u00edmbolo de la identidad cultural mexicana a la altura del <a title=\"Via Crucis en Iztapalapa\" href=\"http:\/\/www.bestday.com.mx\/Editorial\/Semana-Santa-Mexico\/\" target=\"_blank\" rel=\"nofollow\">Via Crucis en Iztapalapa<\/a> o <a title=\"La Catrina\" href=\"http:\/\/seecolombia.travel\/blog\/2013\/11\/blog-de-viajes-mexico-quien-es-la-catrina\/\" target=\"_blank\">La Catrina<\/a>.<\/p>\n<p>Es el s\u00e9ptimo <em>Desfile y Concurso de Alebrijes Monumentales<\/em>\u00a0 y el ambiente que se vive es de <strong>carnaval<\/strong>: orquestas, malabaristas y m\u00e1s de <strong>300 enormes esculturas<\/strong> con escamas, mand\u00edbulas afiladas y brazos huesudos van sobre ruedas jaladas por sus creadores y han venido a parar ac\u00e1, a la <strong>avenida \u00c1lvaro Obreg\u00f3n<\/strong> despu\u00e9s de recorrer un largo camino desde el Paseo de la Reforma. Y como en los carnavales, todos ac\u00e1 quieren que sea su alebrije el mejor, pues son <strong>docenas de talleres de artesanos<\/strong>, colectivos culturales y grupos de estudiantes los que participan para aportar con su creatividad nueva vida a esta tradici\u00f3n.<\/p>\n<figure id=\"attachment_13419\" aria-describedby=\"caption-attachment-13419\" style=\"width: 800px\" class=\"wp-caption aligncenter\"><a href=\"http:\/\/seecolombia.travel\/blog\/2014\/02\/origen-de-los-alebrijes-mexico\/desfile-de-alebrijes\/\" rel=\"attachment wp-att-13419\"><img loading=\"lazy\" class=\"size-full wp-image-13419\" src=\"http:\/\/seecolombia.travel\/blog\/wp-content\/uploads\/2014\/02\/Desfile-de-Alebrijes.jpg\" alt=\"Concurso de alebrijes\" width=\"800\" height=\"454\" srcset=\"https:\/\/seecolombia.travel\/blog\/wp-content\/uploads\/2014\/02\/Desfile-de-Alebrijes.jpg 800w, https:\/\/seecolombia.travel\/blog\/wp-content\/uploads\/2014\/02\/Desfile-de-Alebrijes-300x170.jpg 300w\" sizes=\"(max-width: 800px) 100vw, 800px\" \/><\/a><figcaption id=\"caption-attachment-13419\" class=\"wp-caption-text\">Durante el desfile y concurso de alebrijes monumentales 2013<\/figcaption><\/figure>\n<p>&nbsp;<\/p>\n<p>Siguiendo con el legado de la familia Linares estos alebrijes<strong> a diferencia de los de Oaxaca<\/strong> \u2013 regi\u00f3n a la que muchos atribuyen err\u00f3neamente su origen, me explican \u2013 se hacen exclusivamente con p<strong>apel mach\u00e9, un esqueleto de alambre, pegamento, pintura<\/strong> y mucha energ\u00eda y sudor pues toda su elaboraci\u00f3n es completamente artesanal.<\/p>\n<p>En <strong>10 d\u00edas m\u00e1s<\/strong> se anunciara al ganador del a\u00f1o 2013 y sabremos quienes ser\u00e1n \u00a0dignos sucesores de Don Pedro, creador de estas bestias fant\u00e1sticas que hasta ese d\u00eda se quedaran ac\u00e1 , estacionadas en plena calle, <strong>mir\u00e1ndonos desde sus ojos de papel<\/strong>. Desde su alucinante mundo de sue\u00f1os.<\/p>\n<p>JL<\/p>\n","protected":false},"excerpt":{"rendered":"<p>\u201c\u00a1Alebrijes! \u00a1Alebrijes! \u00a1Alebrijes!\u201d le gritaban a Pedro las voces. \u201cAlebrijes\u201d era una palabra que no significaba nada para \u00e9l, pero consultar el diccionario era la menor de sus inquietudes mientras pasaba -con m\u00e1s fascinaci\u00f3n que miedo &#8211; delante de un burro con alas, un gallo con cuernos y un le\u00f3n con cabeza de perro, imposibles [&hellip;]<\/p>\n","protected":false},"author":3,"featured_media":13394,"comment_status":"open","ping_status":"open","sticky":false,"template":"","format":"standard","meta":{"ngg_post_thumbnail":0},"categories":[2120,1860,2122,865,2062,2121],"tags":[1605,2952,2953,2951],"yoast_head":"<!-- This site is optimized with the Yoast SEO Premium plugin v18.4 (Yoast SEO v18.9) - https:\/\/yoast.com\/wordpress\/plugins\/seo\/ -->\n<title>Blog de viajes M\u00e9xico - Los Alebrijes: !Monstruos en el D.F! - Colombia Travel Blog by See Colombia Travel<\/title>\n<meta name=\"robots\" content=\"index, follow, max-snippet:-1, max-image-preview:large, max-video-preview:-1\" \/>\n<link rel=\"canonical\" href=\"https:\/\/seecolombia.travel\/blog\/2014\/02\/origen-de-los-alebrijes-mexico\/\" \/>\n<meta property=\"og:locale\" content=\"en_US\" \/>\n<meta property=\"og:type\" content=\"article\" \/>\n<meta property=\"og:title\" content=\"Blog de viajes M\u00e9xico - Los Alebrijes: !Monstruos en el D.F!\" \/>\n<meta property=\"og:description\" content=\"\u201c\u00a1Alebrijes! \u00a1Alebrijes! \u00a1Alebrijes!\u201d le gritaban a Pedro las voces. \u201cAlebrijes\u201d era una palabra que no significaba nada para \u00e9l, pero consultar el diccionario era la menor de sus inquietudes mientras pasaba -con m\u00e1s fascinaci\u00f3n que miedo &#8211; delante de un burro con alas, un gallo con cuernos y un le\u00f3n con cabeza de perro, imposibles [&hellip;]\" \/>\n<meta property=\"og:url\" content=\"https:\/\/seecolombia.travel\/blog\/2014\/02\/origen-de-los-alebrijes-mexico\/\" \/>\n<meta property=\"og:site_name\" content=\"Colombia Travel Blog by See Colombia Travel\" \/>\n<meta property=\"article:published_time\" content=\"2014-02-07T02:38:37+00:00\" \/>\n<meta property=\"article:modified_time\" content=\"2016-05-11T21:26:27+00:00\" \/>\n<meta property=\"og:image\" content=\"https:\/\/seecolombia.travel\/blog\/wp-content\/uploads\/2014\/02\/Alebrijes-Mexico-Blog-de-viajes.jpg\" \/>\n\t<meta property=\"og:image:width\" content=\"717\" \/>\n\t<meta property=\"og:image:height\" content=\"363\" \/>\n\t<meta property=\"og:image:type\" content=\"image\/jpeg\" \/>\n<meta name=\"twitter:card\" content=\"summary\" \/>\n<meta name=\"twitter:label1\" content=\"Written by\" \/>\n\t<meta name=\"twitter:data1\" content=\"JL\" \/>\n\t<meta name=\"twitter:label2\" content=\"Est. reading time\" \/>\n\t<meta name=\"twitter:data2\" content=\"4 minutes\" \/>\n<script type=\"application\/ld+json\" class=\"yoast-schema-graph\">{\"@context\":\"https:\/\/schema.org\",\"@graph\":[{\"@type\":\"WebSite\",\"@id\":\"https:\/\/seecolombia.travel\/blog\/#website\",\"url\":\"https:\/\/seecolombia.travel\/blog\/\",\"name\":\"Colombia Travel Blog by See Colombia Travel\",\"description\":\"Colombia Travel Blog: An international perspective on travelling in Colombia by world travellers.\",\"potentialAction\":[{\"@type\":\"SearchAction\",\"target\":{\"@type\":\"EntryPoint\",\"urlTemplate\":\"https:\/\/seecolombia.travel\/blog\/?s={search_term_string}\"},\"query-input\":\"required name=search_term_string\"}],\"inLanguage\":\"en-US\"},{\"@type\":\"ImageObject\",\"inLanguage\":\"en-US\",\"@id\":\"https:\/\/seecolombia.travel\/blog\/2014\/02\/origen-de-los-alebrijes-mexico\/#primaryimage\",\"url\":\"https:\/\/seecolombia.travel\/blog\/wp-content\/uploads\/2014\/02\/Alebrijes-Mexico-Blog-de-viajes.jpg\",\"contentUrl\":\"https:\/\/seecolombia.travel\/blog\/wp-content\/uploads\/2014\/02\/Alebrijes-Mexico-Blog-de-viajes.jpg\",\"width\":717,\"height\":363,\"caption\":\"Alebrijes en Mexico D.F\"},{\"@type\":\"WebPage\",\"@id\":\"https:\/\/seecolombia.travel\/blog\/2014\/02\/origen-de-los-alebrijes-mexico\/#webpage\",\"url\":\"https:\/\/seecolombia.travel\/blog\/2014\/02\/origen-de-los-alebrijes-mexico\/\",\"name\":\"Blog de viajes M\u00e9xico - Los Alebrijes: !Monstruos en el D.F! - Colombia Travel Blog by See Colombia Travel\",\"isPartOf\":{\"@id\":\"https:\/\/seecolombia.travel\/blog\/#website\"},\"primaryImageOfPage\":{\"@id\":\"https:\/\/seecolombia.travel\/blog\/2014\/02\/origen-de-los-alebrijes-mexico\/#primaryimage\"},\"datePublished\":\"2014-02-07T02:38:37+00:00\",\"dateModified\":\"2016-05-11T21:26:27+00:00\",\"author\":{\"@id\":\"https:\/\/seecolombia.travel\/blog\/#\/schema\/person\/d83df03ea54d1f0911d7098ebe26db49\"},\"breadcrumb\":{\"@id\":\"https:\/\/seecolombia.travel\/blog\/2014\/02\/origen-de-los-alebrijes-mexico\/#breadcrumb\"},\"inLanguage\":\"en-US\",\"potentialAction\":[{\"@type\":\"ReadAction\",\"target\":[\"https:\/\/seecolombia.travel\/blog\/2014\/02\/origen-de-los-alebrijes-mexico\/\"]}]},{\"@type\":\"BreadcrumbList\",\"@id\":\"https:\/\/seecolombia.travel\/blog\/2014\/02\/origen-de-los-alebrijes-mexico\/#breadcrumb\",\"itemListElement\":[{\"@type\":\"ListItem\",\"position\":1,\"name\":\"Home\",\"item\":\"https:\/\/seecolombia.travel\/blog\/\"},{\"@type\":\"ListItem\",\"position\":2,\"name\":\"Blog de viajes M\u00e9xico &#8211; Los Alebrijes: !Monstruos en el D.F!\"}]},{\"@type\":\"Person\",\"@id\":\"https:\/\/seecolombia.travel\/blog\/#\/schema\/person\/d83df03ea54d1f0911d7098ebe26db49\",\"name\":\"JL\",\"image\":{\"@type\":\"ImageObject\",\"inLanguage\":\"en-US\",\"@id\":\"https:\/\/seecolombia.travel\/blog\/#\/schema\/person\/image\/\",\"url\":\"https:\/\/secure.gravatar.com\/avatar\/68a3ba6dc377250ef6eb8cd56865210e?s=96&d=retro&r=g\",\"contentUrl\":\"https:\/\/secure.gravatar.com\/avatar\/68a3ba6dc377250ef6eb8cd56865210e?s=96&d=retro&r=g\",\"caption\":\"JL\"},\"description\":\"Ciudadano del mundo, nuestro Gerente de Marketing y comunicaciones se define como viajero, pap\u00e1, esposo y empresario. Es co-creador de Colombia Travel Blog junto a su esposa Marcela y creador de Fogg, la agencia de contenidos que produce el popular programa 3 Travel Bloggers. ----------- Our Marketing and Communications Manager, a self proclaimed citizen of the world, was born in Peru and raised in a number of different countries \u2013 including Angola, Thailand and Iceland \u2013 which instilled a deep love of travel and cultural diversity within him. With an extensive education in Marketing and Communications and after leaving a successful corporate career in the Telecom Industry, JL is now advocated to professionalize travel blogging in Latin America.\",\"sameAs\":[\"http:\/\/www.seecolombia.travel\"],\"url\":\"https:\/\/seecolombia.travel\/blog\/author\/jl\/\"}]}<\/script>\n<!-- \/ Yoast SEO Premium plugin. -->","yoast_head_json":{"title":"Blog de viajes M\u00e9xico - Los Alebrijes: !Monstruos en el D.F! - Colombia Travel Blog by See Colombia Travel","robots":{"index":"index","follow":"follow","max-snippet":"max-snippet:-1","max-image-preview":"max-image-preview:large","max-video-preview":"max-video-preview:-1"},"canonical":"https:\/\/seecolombia.travel\/blog\/2014\/02\/origen-de-los-alebrijes-mexico\/","og_locale":"en_US","og_type":"article","og_title":"Blog de viajes M\u00e9xico - Los Alebrijes: !Monstruos en el D.F!","og_description":"\u201c\u00a1Alebrijes! \u00a1Alebrijes! \u00a1Alebrijes!\u201d le gritaban a Pedro las voces. \u201cAlebrijes\u201d era una palabra que no significaba nada para \u00e9l, pero consultar el diccionario era la menor de sus inquietudes mientras pasaba -con m\u00e1s fascinaci\u00f3n que miedo &#8211; delante de un burro con alas, un gallo con cuernos y un le\u00f3n con cabeza de perro, imposibles [&hellip;]","og_url":"https:\/\/seecolombia.travel\/blog\/2014\/02\/origen-de-los-alebrijes-mexico\/","og_site_name":"Colombia Travel Blog by See Colombia Travel","article_published_time":"2014-02-07T02:38:37+00:00","article_modified_time":"2016-05-11T21:26:27+00:00","og_image":[{"width":717,"height":363,"url":"https:\/\/seecolombia.travel\/blog\/wp-content\/uploads\/2014\/02\/Alebrijes-Mexico-Blog-de-viajes.jpg","type":"image\/jpeg"}],"twitter_card":"summary","twitter_misc":{"Written by":"JL","Est. reading time":"4 minutes"},"schema":{"@context":"https:\/\/schema.org","@graph":[{"@type":"WebSite","@id":"https:\/\/seecolombia.travel\/blog\/#website","url":"https:\/\/seecolombia.travel\/blog\/","name":"Colombia Travel Blog by See Colombia Travel","description":"Colombia Travel Blog: An international perspective on travelling in Colombia by world travellers.","potentialAction":[{"@type":"SearchAction","target":{"@type":"EntryPoint","urlTemplate":"https:\/\/seecolombia.travel\/blog\/?s={search_term_string}"},"query-input":"required name=search_term_string"}],"inLanguage":"en-US"},{"@type":"ImageObject","inLanguage":"en-US","@id":"https:\/\/seecolombia.travel\/blog\/2014\/02\/origen-de-los-alebrijes-mexico\/#primaryimage","url":"https:\/\/seecolombia.travel\/blog\/wp-content\/uploads\/2014\/02\/Alebrijes-Mexico-Blog-de-viajes.jpg","contentUrl":"https:\/\/seecolombia.travel\/blog\/wp-content\/uploads\/2014\/02\/Alebrijes-Mexico-Blog-de-viajes.jpg","width":717,"height":363,"caption":"Alebrijes en Mexico D.F"},{"@type":"WebPage","@id":"https:\/\/seecolombia.travel\/blog\/2014\/02\/origen-de-los-alebrijes-mexico\/#webpage","url":"https:\/\/seecolombia.travel\/blog\/2014\/02\/origen-de-los-alebrijes-mexico\/","name":"Blog de viajes M\u00e9xico - Los Alebrijes: !Monstruos en el D.F! - Colombia Travel Blog by See Colombia Travel","isPartOf":{"@id":"https:\/\/seecolombia.travel\/blog\/#website"},"primaryImageOfPage":{"@id":"https:\/\/seecolombia.travel\/blog\/2014\/02\/origen-de-los-alebrijes-mexico\/#primaryimage"},"datePublished":"2014-02-07T02:38:37+00:00","dateModified":"2016-05-11T21:26:27+00:00","author":{"@id":"https:\/\/seecolombia.travel\/blog\/#\/schema\/person\/d83df03ea54d1f0911d7098ebe26db49"},"breadcrumb":{"@id":"https:\/\/seecolombia.travel\/blog\/2014\/02\/origen-de-los-alebrijes-mexico\/#breadcrumb"},"inLanguage":"en-US","potentialAction":[{"@type":"ReadAction","target":["https:\/\/seecolombia.travel\/blog\/2014\/02\/origen-de-los-alebrijes-mexico\/"]}]},{"@type":"BreadcrumbList","@id":"https:\/\/seecolombia.travel\/blog\/2014\/02\/origen-de-los-alebrijes-mexico\/#breadcrumb","itemListElement":[{"@type":"ListItem","position":1,"name":"Home","item":"https:\/\/seecolombia.travel\/blog\/"},{"@type":"ListItem","position":2,"name":"Blog de viajes M\u00e9xico &#8211; Los Alebrijes: !Monstruos en el D.F!"}]},{"@type":"Person","@id":"https:\/\/seecolombia.travel\/blog\/#\/schema\/person\/d83df03ea54d1f0911d7098ebe26db49","name":"JL","image":{"@type":"ImageObject","inLanguage":"en-US","@id":"https:\/\/seecolombia.travel\/blog\/#\/schema\/person\/image\/","url":"https:\/\/secure.gravatar.com\/avatar\/68a3ba6dc377250ef6eb8cd56865210e?s=96&d=retro&r=g","contentUrl":"https:\/\/secure.gravatar.com\/avatar\/68a3ba6dc377250ef6eb8cd56865210e?s=96&d=retro&r=g","caption":"JL"},"description":"Ciudadano del mundo, nuestro Gerente de Marketing y comunicaciones se define como viajero, pap\u00e1, esposo y empresario. Es co-creador de Colombia Travel Blog junto a su esposa Marcela y creador de Fogg, la agencia de contenidos que produce el popular programa 3 Travel Bloggers. ----------- Our Marketing and Communications Manager, a self proclaimed citizen of the world, was born in Peru and raised in a number of different countries \u2013 including Angola, Thailand and Iceland \u2013 which instilled a deep love of travel and cultural diversity within him. With an extensive education in Marketing and Communications and after leaving a successful corporate career in the Telecom Industry, JL is now advocated to professionalize travel blogging in Latin America.","sameAs":["http:\/\/www.seecolombia.travel"],"url":"https:\/\/seecolombia.travel\/blog\/author\/jl\/"}]}},"amp_enabled":true,"_links":{"self":[{"href":"https:\/\/seecolombia.travel\/blog\/wp-json\/wp\/v2\/posts\/13393"}],"collection":[{"href":"https:\/\/seecolombia.travel\/blog\/wp-json\/wp\/v2\/posts"}],"about":[{"href":"https:\/\/seecolombia.travel\/blog\/wp-json\/wp\/v2\/types\/post"}],"author":[{"embeddable":true,"href":"https:\/\/seecolombia.travel\/blog\/wp-json\/wp\/v2\/users\/3"}],"replies":[{"embeddable":true,"href":"https:\/\/seecolombia.travel\/blog\/wp-json\/wp\/v2\/comments?post=13393"}],"version-history":[{"count":31,"href":"https:\/\/seecolombia.travel\/blog\/wp-json\/wp\/v2\/posts\/13393\/revisions"}],"predecessor-version":[{"id":22584,"href":"https:\/\/seecolombia.travel\/blog\/wp-json\/wp\/v2\/posts\/13393\/revisions\/22584"}],"wp:featuredmedia":[{"embeddable":true,"href":"https:\/\/seecolombia.travel\/blog\/wp-json\/wp\/v2\/media\/13394"}],"wp:attachment":[{"href":"https:\/\/seecolombia.travel\/blog\/wp-json\/wp\/v2\/media?parent=13393"}],"wp:term":[{"taxonomy":"category","embeddable":true,"href":"https:\/\/seecolombia.travel\/blog\/wp-json\/wp\/v2\/categories?post=13393"},{"taxonomy":"post_tag","embeddable":true,"href":"https:\/\/seecolombia.travel\/blog\/wp-json\/wp\/v2\/tags?post=13393"}],"curies":[{"name":"wp","href":"https:\/\/api.w.org\/{rel}","templated":true}]}}