{"id":13339,"date":"2014-02-11T11:52:49","date_gmt":"2014-02-11T16:52:49","guid":{"rendered":"http:\/\/seecolombia.travel\/blog\/?p=13339"},"modified":"2016-05-11T16:22:22","modified_gmt":"2016-05-11T21:22:22","slug":"blog-de-viajes-madrid-plaza-mayor","status":"publish","type":"post","link":"https:\/\/seecolombia.travel\/blog\/2014\/02\/blog-de-viajes-madrid-plaza-mayor\/","title":{"rendered":"BLOG DE VIAJES Espa\u00f1a: Un momento de Madrid"},"content":{"rendered":"<p><strong>A las dos cabras<\/strong> y a m\u00ed nos separa una calle peatonal adoquinada y much\u00edsima gente pasando sobre ella. \u00a0Las veo sentado desde mi mesa en esta\u00a0 terraza, \u00a0a veces directamente y otras a trav\u00e9s \u00a0del amarillo traslucido del segundo <strong>chopp de Cruzcampo<\/strong> que ya estoy secando mientras como sin apuro el delicioso rabo de toro que me felicito haber pedido y hojeo a ratos una edici\u00f3n de \u00a01958 de <em>\u201cThe School For Scandal\u201d<\/em> que compr\u00e9 esta ma\u00f1ana por un euro en El Rastro.<\/p>\n<p>Es s\u00f3lo en <strong>este momento<\/strong> en que me doy cuenta \u00a0de que estoy \u00a0nuevamente, despu\u00e9s de m\u00e1s de una d\u00e9cada, visitando Madrid. He pasado los \u00faltimos cuatro d\u00edas en \u00a0el recinto de IFEMA, en <a title=\"FITUR 2014\" href=\"http:\/\/www.ifema.es\/fitur_01\/Visitantes\/VisitarlaFeria\/\" target=\"_blank\">FITUR 2014<\/a> donde fui a recibir nuestro premio al <a title=\"Mejor Blog de Viajes de Am\u00e9rica \" href=\"http:\/\/www.eltiempo.com\/vida-de-hoy\/viajar\/ARTICULO-WEB-NEW_NOTA_INTERIOR-13397236.html\" target=\"_blank\">mejor blog de viajes de Am\u00e9rica<\/a>, particip\u00e9 en varias conferencias e hice buenos amigos y much\u00edsimos contactos para See Colombia y para nuestro nuevo proyecto de <strong>contenidos para la industria del turismo<\/strong>.\u00a0 Pero siento que es reci\u00e9n hoy, mi primer d\u00eda <em>off-feria<\/em> &#8211; \u00a0que <strong>he llegado a Madrid de verdad.<\/strong><\/p>\n<figure id=\"attachment_13508\" aria-describedby=\"caption-attachment-13508\" style=\"width: 800px\" class=\"wp-caption aligncenter\"><a href=\"http:\/\/seecolombia.travel\/blog\/2014\/02\/blog-de-viajes-madrid-plaza-mayor\/tapas-en-plaza-mayor\/\" rel=\"attachment wp-att-13508\"><img loading=\"lazy\" class=\"size-full wp-image-13508\" src=\"http:\/\/seecolombia.travel\/blog\/wp-content\/uploads\/2014\/02\/Tapas-en-Plaza-Mayor.jpg\" alt=\"Cerveza Cruzcampo Plaza Mayor\" width=\"800\" height=\"450\" srcset=\"https:\/\/seecolombia.travel\/blog\/wp-content\/uploads\/2014\/02\/Tapas-en-Plaza-Mayor.jpg 800w, https:\/\/seecolombia.travel\/blog\/wp-content\/uploads\/2014\/02\/Tapas-en-Plaza-Mayor-300x168.jpg 300w\" sizes=\"(max-width: 800px) 100vw, 800px\" \/><\/a><figcaption id=\"caption-attachment-13508\" class=\"wp-caption-text\">Detr\u00e1s de la Cruzcampo y de las personas pasando, se esconden las cabras psicodelicas.<\/figcaption><\/figure>\n<p>&nbsp;<\/p>\n<p>Son los \u00faltimos d\u00edas de Enero pero no hace el fr\u00edo que se supone que deber\u00eda hacer.\u00a0<a title=\"Postas quince Madrid\" href=\"http:\/\/www.yelp.com\/biz\/taberna-postas-quince-madrid\" target=\"_blank\"><strong>Postas Quince<\/strong><\/a> es el bar taurino de Calle de Postas \u00a0donde estoy sentado, a <strong>pocos pasos de la Plaza Mayor<\/strong> de Madrid.\u00a0 El sol se refleja en los muros de piedra de esta estrecha v\u00eda y es imposible no sentirme transportado a otra \u00e9poca e imaginarme un poco sobrecogido\u00a0 los cientos de a\u00f1os y miles de personas que han vivido en y alrededor de estos edificios. Se me han abierto los ojos de viajero.<\/p>\n<p>A las cabras eso poco les interesa, claro, ellas siguen ah\u00ed esperando a la\u00a0<strong>siguiente victima<\/strong>\u00a0con sus campanas y cascabeles, completamente cubiertas en tiras de papel \u00a0tornasol \u00a0e interrumpiendo su inmovilidad s\u00f3lo para\u00a0 dar esos <strong>indescriptibles gritos<\/strong> que m\u00e1s de una vez \u00a0hacen saltar a los transe\u00fantes y \u00a0que invariablemente, cosa rara, \u00a0me sacan risas.<\/p>\n<figure id=\"attachment_13511\" aria-describedby=\"caption-attachment-13511\" style=\"width: 800px\" class=\"wp-caption aligncenter\"><a href=\"http:\/\/seecolombia.travel\/blog\/2014\/02\/blog-de-viajes-madrid-plaza-mayor\/cabras-fiesteras-en-plaza-mayor-madrid\/\" rel=\"attachment wp-att-13511\"><img loading=\"lazy\" class=\"size-full wp-image-13511\" src=\"http:\/\/seecolombia.travel\/blog\/wp-content\/uploads\/2014\/02\/Cabras-fiesteras-en-Plaza-Mayor-Madrid.jpg\" alt=\"Cabras fiesteras callejeras Madrid\" width=\"800\" height=\"450\" srcset=\"https:\/\/seecolombia.travel\/blog\/wp-content\/uploads\/2014\/02\/Cabras-fiesteras-en-Plaza-Mayor-Madrid.jpg 800w, https:\/\/seecolombia.travel\/blog\/wp-content\/uploads\/2014\/02\/Cabras-fiesteras-en-Plaza-Mayor-Madrid-300x168.jpg 300w\" sizes=\"(max-width: 800px) 100vw, 800px\" \/><\/a><figcaption id=\"caption-attachment-13511\" class=\"wp-caption-text\">Las Cabras fiesteras esperando a su pr\u00f3xima victima cerca a Plaza Mayor de Madrid<\/figcaption><\/figure>\n<p>&nbsp;<\/p>\n<p>Por alguna raz\u00f3n este espacio de tanta distensi\u00f3n, ayudado quiz\u00e1s por mi tercera cerveza y por la sensaci\u00f3n de volverme a sentir viajero, me invita a tomar una pausa para pensar en mi vida hoy.<\/p>\n<p><strong>Dej\u00e9 Argentina hace ya \u00a0casi 3 a\u00f1os<\/strong> para mudarme definitivamente a Colombia. \u00bfTantas cosas han pasado en tan poco tiempo? Me he convertido en feliz <strong>esposo y pap\u00e1,<\/strong> dej\u00e9 la peligrosa comodidad que me hab\u00eda dado formar una empresa grande para <strong>convertirme nuevamente en emprendedor<\/strong>, empezando de cero en otro pa\u00eds casi desconocido. <i>Crazy Little thing called love<\/i>. Aminor\u00e9 el ritmo de <strong>viajes internacionales<\/strong> y de viajero solitario para <strong>acomodarnos a nuestra nueva vida familiar<\/strong> poco a poco, creamos gracias a Marce y con mucho esfuerzo el <strong>blog de viajes m\u00e1s exitoso sobre mi pa\u00eds adoptivo<\/strong> (que ahora conozco mejor que la mayor\u00eda de colombianos), \u00a0empezamos a viajar como familia dentro y fuera de Colombia <strong>cambiando el equipaje ligero por coches y maletas llenas de juguetes y \u00a0teteros<\/strong> ( y aprendiendo despu\u00e9s de un tiempo \u00a0a aligerarnos de nuevo), \u00a0creci\u00f3 nuestra empresa,\u00a0 el \u00a0\u00e9xito blog nos empez\u00f3 a llevar a <strong>otras partes del mundo<\/strong> nuevamente, a generar nuevas oportunidades y a transformarnos, <strong>a transformarme en otro tipo de viajero.<\/strong><\/p>\n<figure id=\"attachment_13516\" aria-describedby=\"caption-attachment-13516\" style=\"width: 794px\" class=\"wp-caption aligncenter\"><a href=\"http:\/\/seecolombia.travel\/blog\/2014\/02\/blog-de-viajes-madrid-plaza-mayor\/calle-de-postas-madrid\/\" rel=\"attachment wp-att-13516\"><img loading=\"lazy\" class=\"size-full wp-image-13516\" src=\"http:\/\/seecolombia.travel\/blog\/wp-content\/uploads\/2014\/02\/Calle-de-Postas-Madrid.jpg\" alt=\"Calle de Postas Madrid\" width=\"794\" height=\"404\" srcset=\"https:\/\/seecolombia.travel\/blog\/wp-content\/uploads\/2014\/02\/Calle-de-Postas-Madrid.jpg 794w, https:\/\/seecolombia.travel\/blog\/wp-content\/uploads\/2014\/02\/Calle-de-Postas-Madrid-300x152.jpg 300w\" sizes=\"(max-width: 794px) 100vw, 794px\" \/><\/a><figcaption id=\"caption-attachment-13516\" class=\"wp-caption-text\">Desde esos balcones, siglos de historia nos contemplan&#8230;<\/figcaption><\/figure>\n<p>&nbsp;<\/p>\n<p>Hoy que he estado caminando solo por Madrid, cruz\u00e1ndome con hordas de turistas<strong> tomando compulsivamente fotos con sus smartphones<\/strong> para \u00a0twittear y subir a Facebook seguramente , sorprendi\u00e9ndome a m\u00ed mismo tom\u00e1ndome selfies (o \u00a0autofotos si prefieren), hoy que estoy ac\u00e1 sentado pensando en que en esa silla frente a la m\u00eda <strong>deber\u00edan estar Marce y Mar\u00eda del Mar<\/strong> ri\u00e9ndose junto conmigo de las cabras psicod\u00e9licas de Madrid, me vienen espont\u00e1neamente <strong>dos certezas<\/strong>: la primera es que ya no me dan ganas de seguir viajando solo, que <strong>ya no disfruto como antes<\/strong> explorar destinos nuevos si no es con ellas. La segunda es que extra\u00f1amente este instante <strong>me conecta con el yo de 14 a\u00f1os<\/strong> en un momento parecido en el que <strong>el reflejo del sol me ca\u00eda de la misma manera<\/strong> que ahora en la cara, yendo en bus a mi colegio en Bournemouth al sur de Inglaterra cuando conscientemente tom\u00e9 una <strong>foto mental \u00a0de ese momento<\/strong>, una imagen que hasta hoy utilizo para encontrar tranquilidad en momentos de tensi\u00f3n.<\/p>\n<p><strong>Ma\u00f1ana regreso a Colombia ya<\/strong>, a mi vida actual, a mi pa\u00eds adoptivo, a empezar ahora si <strong>un a\u00f1o lleno de retos<\/strong>, a olvidar las cosas malas que tambi\u00e9n me han pasado en estos a\u00f1os y a aprovechar todo lo bueno. Como en esa ma\u00f1ana\u00a0\u00a0de 1990 <strong>sin necesidad de c\u00e1maras ni tel\u00e9fonos<\/strong>, \u00a0cierro los ojos, escucho el murmullo a mi alrededor, el bochinche de las cabras , siento el calor y el viento fr\u00edo a la vez y tomo la foto mental que guardar\u00e9 para siempre de <strong>este instante de Madrid.<\/strong><\/p>\n<p>JL<\/p>\n","protected":false},"excerpt":{"rendered":"<p>A las dos cabras y a m\u00ed nos separa una calle peatonal adoquinada y much\u00edsima gente pasando sobre ella. \u00a0Las veo sentado desde mi mesa en esta\u00a0 terraza, \u00a0a veces directamente y otras a trav\u00e9s \u00a0del amarillo traslucido del segundo chopp de Cruzcampo que ya estoy secando mientras como sin apuro el delicioso rabo de [&hellip;]<\/p>\n","protected":false},"author":3,"featured_media":13502,"comment_status":"open","ping_status":"open","sticky":false,"template":"","format":"standard","meta":{"ngg_post_thumbnail":0},"categories":[1860,2250,865,2251],"tags":[2962,1605,2957,2951],"yoast_head":"<!-- This site is optimized with the Yoast SEO Premium plugin v18.4 (Yoast SEO v18.9) - https:\/\/yoast.com\/wordpress\/plugins\/seo\/ -->\n<title>BLOG DE VIAJES Espa\u00f1a: Un momento de Madrid - Colombia Travel Blog by See Colombia Travel<\/title>\n<meta name=\"robots\" content=\"index, follow, max-snippet:-1, max-image-preview:large, max-video-preview:-1\" \/>\n<link rel=\"canonical\" href=\"https:\/\/seecolombia.travel\/blog\/2014\/02\/blog-de-viajes-madrid-plaza-mayor\/\" \/>\n<meta property=\"og:locale\" content=\"en_US\" \/>\n<meta property=\"og:type\" content=\"article\" \/>\n<meta property=\"og:title\" content=\"BLOG DE VIAJES Espa\u00f1a: Un momento de Madrid\" \/>\n<meta property=\"og:description\" content=\"A las dos cabras y a m\u00ed nos separa una calle peatonal adoquinada y much\u00edsima gente pasando sobre ella. \u00a0Las veo sentado desde mi mesa en esta\u00a0 terraza, \u00a0a veces directamente y otras a trav\u00e9s \u00a0del amarillo traslucido del segundo chopp de Cruzcampo que ya estoy secando mientras como sin apuro el delicioso rabo de [&hellip;]\" \/>\n<meta property=\"og:url\" content=\"https:\/\/seecolombia.travel\/blog\/2014\/02\/blog-de-viajes-madrid-plaza-mayor\/\" \/>\n<meta property=\"og:site_name\" content=\"Colombia Travel Blog by See Colombia Travel\" \/>\n<meta property=\"article:published_time\" content=\"2014-02-11T16:52:49+00:00\" \/>\n<meta property=\"article:modified_time\" content=\"2016-05-11T21:22:22+00:00\" \/>\n<meta property=\"og:image\" content=\"https:\/\/seecolombia.travel\/blog\/wp-content\/uploads\/2014\/02\/Madrid-Travel-Blog.jpg\" \/>\n\t<meta property=\"og:image:width\" content=\"800\" \/>\n\t<meta property=\"og:image:height\" content=\"339\" \/>\n\t<meta property=\"og:image:type\" content=\"image\/jpeg\" \/>\n<meta name=\"twitter:card\" content=\"summary\" \/>\n<meta name=\"twitter:label1\" content=\"Written by\" \/>\n\t<meta name=\"twitter:data1\" content=\"JL\" \/>\n\t<meta name=\"twitter:label2\" content=\"Est. reading time\" \/>\n\t<meta name=\"twitter:data2\" content=\"5 minutes\" \/>\n<script type=\"application\/ld+json\" class=\"yoast-schema-graph\">{\"@context\":\"https:\/\/schema.org\",\"@graph\":[{\"@type\":\"WebSite\",\"@id\":\"https:\/\/seecolombia.travel\/blog\/#website\",\"url\":\"https:\/\/seecolombia.travel\/blog\/\",\"name\":\"Colombia Travel Blog by See Colombia Travel\",\"description\":\"Colombia Travel Blog: An international perspective on travelling in Colombia by world travellers.\",\"potentialAction\":[{\"@type\":\"SearchAction\",\"target\":{\"@type\":\"EntryPoint\",\"urlTemplate\":\"https:\/\/seecolombia.travel\/blog\/?s={search_term_string}\"},\"query-input\":\"required name=search_term_string\"}],\"inLanguage\":\"en-US\"},{\"@type\":\"ImageObject\",\"inLanguage\":\"en-US\",\"@id\":\"https:\/\/seecolombia.travel\/blog\/2014\/02\/blog-de-viajes-madrid-plaza-mayor\/#primaryimage\",\"url\":\"https:\/\/seecolombia.travel\/blog\/wp-content\/uploads\/2014\/02\/Madrid-Travel-Blog.jpg\",\"contentUrl\":\"https:\/\/seecolombia.travel\/blog\/wp-content\/uploads\/2014\/02\/Madrid-Travel-Blog.jpg\",\"width\":800,\"height\":339,\"caption\":\"Blog de viajes Madrid\"},{\"@type\":\"WebPage\",\"@id\":\"https:\/\/seecolombia.travel\/blog\/2014\/02\/blog-de-viajes-madrid-plaza-mayor\/#webpage\",\"url\":\"https:\/\/seecolombia.travel\/blog\/2014\/02\/blog-de-viajes-madrid-plaza-mayor\/\",\"name\":\"BLOG DE VIAJES Espa\u00f1a: Un momento de Madrid - Colombia Travel Blog by See Colombia Travel\",\"isPartOf\":{\"@id\":\"https:\/\/seecolombia.travel\/blog\/#website\"},\"primaryImageOfPage\":{\"@id\":\"https:\/\/seecolombia.travel\/blog\/2014\/02\/blog-de-viajes-madrid-plaza-mayor\/#primaryimage\"},\"datePublished\":\"2014-02-11T16:52:49+00:00\",\"dateModified\":\"2016-05-11T21:22:22+00:00\",\"author\":{\"@id\":\"https:\/\/seecolombia.travel\/blog\/#\/schema\/person\/d83df03ea54d1f0911d7098ebe26db49\"},\"breadcrumb\":{\"@id\":\"https:\/\/seecolombia.travel\/blog\/2014\/02\/blog-de-viajes-madrid-plaza-mayor\/#breadcrumb\"},\"inLanguage\":\"en-US\",\"potentialAction\":[{\"@type\":\"ReadAction\",\"target\":[\"https:\/\/seecolombia.travel\/blog\/2014\/02\/blog-de-viajes-madrid-plaza-mayor\/\"]}]},{\"@type\":\"BreadcrumbList\",\"@id\":\"https:\/\/seecolombia.travel\/blog\/2014\/02\/blog-de-viajes-madrid-plaza-mayor\/#breadcrumb\",\"itemListElement\":[{\"@type\":\"ListItem\",\"position\":1,\"name\":\"Home\",\"item\":\"https:\/\/seecolombia.travel\/blog\/\"},{\"@type\":\"ListItem\",\"position\":2,\"name\":\"BLOG DE VIAJES Espa\u00f1a: Un momento de Madrid\"}]},{\"@type\":\"Person\",\"@id\":\"https:\/\/seecolombia.travel\/blog\/#\/schema\/person\/d83df03ea54d1f0911d7098ebe26db49\",\"name\":\"JL\",\"image\":{\"@type\":\"ImageObject\",\"inLanguage\":\"en-US\",\"@id\":\"https:\/\/seecolombia.travel\/blog\/#\/schema\/person\/image\/\",\"url\":\"https:\/\/secure.gravatar.com\/avatar\/68a3ba6dc377250ef6eb8cd56865210e?s=96&d=retro&r=g\",\"contentUrl\":\"https:\/\/secure.gravatar.com\/avatar\/68a3ba6dc377250ef6eb8cd56865210e?s=96&d=retro&r=g\",\"caption\":\"JL\"},\"description\":\"Ciudadano del mundo, nuestro Gerente de Marketing y comunicaciones se define como viajero, pap\u00e1, esposo y empresario. Es co-creador de Colombia Travel Blog junto a su esposa Marcela y creador de Fogg, la agencia de contenidos que produce el popular programa 3 Travel Bloggers. ----------- Our Marketing and Communications Manager, a self proclaimed citizen of the world, was born in Peru and raised in a number of different countries \u2013 including Angola, Thailand and Iceland \u2013 which instilled a deep love of travel and cultural diversity within him. With an extensive education in Marketing and Communications and after leaving a successful corporate career in the Telecom Industry, JL is now advocated to professionalize travel blogging in Latin America.\",\"sameAs\":[\"http:\/\/www.seecolombia.travel\"],\"url\":\"https:\/\/seecolombia.travel\/blog\/author\/jl\/\"}]}<\/script>\n<!-- \/ Yoast SEO Premium plugin. -->","yoast_head_json":{"title":"BLOG DE VIAJES Espa\u00f1a: Un momento de Madrid - Colombia Travel Blog by See Colombia Travel","robots":{"index":"index","follow":"follow","max-snippet":"max-snippet:-1","max-image-preview":"max-image-preview:large","max-video-preview":"max-video-preview:-1"},"canonical":"https:\/\/seecolombia.travel\/blog\/2014\/02\/blog-de-viajes-madrid-plaza-mayor\/","og_locale":"en_US","og_type":"article","og_title":"BLOG DE VIAJES Espa\u00f1a: Un momento de Madrid","og_description":"A las dos cabras y a m\u00ed nos separa una calle peatonal adoquinada y much\u00edsima gente pasando sobre ella. \u00a0Las veo sentado desde mi mesa en esta\u00a0 terraza, \u00a0a veces directamente y otras a trav\u00e9s \u00a0del amarillo traslucido del segundo chopp de Cruzcampo que ya estoy secando mientras como sin apuro el delicioso rabo de [&hellip;]","og_url":"https:\/\/seecolombia.travel\/blog\/2014\/02\/blog-de-viajes-madrid-plaza-mayor\/","og_site_name":"Colombia Travel Blog by See Colombia Travel","article_published_time":"2014-02-11T16:52:49+00:00","article_modified_time":"2016-05-11T21:22:22+00:00","og_image":[{"width":800,"height":339,"url":"https:\/\/seecolombia.travel\/blog\/wp-content\/uploads\/2014\/02\/Madrid-Travel-Blog.jpg","type":"image\/jpeg"}],"twitter_card":"summary","twitter_misc":{"Written by":"JL","Est. reading time":"5 minutes"},"schema":{"@context":"https:\/\/schema.org","@graph":[{"@type":"WebSite","@id":"https:\/\/seecolombia.travel\/blog\/#website","url":"https:\/\/seecolombia.travel\/blog\/","name":"Colombia Travel Blog by See Colombia Travel","description":"Colombia Travel Blog: An international perspective on travelling in Colombia by world travellers.","potentialAction":[{"@type":"SearchAction","target":{"@type":"EntryPoint","urlTemplate":"https:\/\/seecolombia.travel\/blog\/?s={search_term_string}"},"query-input":"required name=search_term_string"}],"inLanguage":"en-US"},{"@type":"ImageObject","inLanguage":"en-US","@id":"https:\/\/seecolombia.travel\/blog\/2014\/02\/blog-de-viajes-madrid-plaza-mayor\/#primaryimage","url":"https:\/\/seecolombia.travel\/blog\/wp-content\/uploads\/2014\/02\/Madrid-Travel-Blog.jpg","contentUrl":"https:\/\/seecolombia.travel\/blog\/wp-content\/uploads\/2014\/02\/Madrid-Travel-Blog.jpg","width":800,"height":339,"caption":"Blog de viajes Madrid"},{"@type":"WebPage","@id":"https:\/\/seecolombia.travel\/blog\/2014\/02\/blog-de-viajes-madrid-plaza-mayor\/#webpage","url":"https:\/\/seecolombia.travel\/blog\/2014\/02\/blog-de-viajes-madrid-plaza-mayor\/","name":"BLOG DE VIAJES Espa\u00f1a: Un momento de Madrid - Colombia Travel Blog by See Colombia Travel","isPartOf":{"@id":"https:\/\/seecolombia.travel\/blog\/#website"},"primaryImageOfPage":{"@id":"https:\/\/seecolombia.travel\/blog\/2014\/02\/blog-de-viajes-madrid-plaza-mayor\/#primaryimage"},"datePublished":"2014-02-11T16:52:49+00:00","dateModified":"2016-05-11T21:22:22+00:00","author":{"@id":"https:\/\/seecolombia.travel\/blog\/#\/schema\/person\/d83df03ea54d1f0911d7098ebe26db49"},"breadcrumb":{"@id":"https:\/\/seecolombia.travel\/blog\/2014\/02\/blog-de-viajes-madrid-plaza-mayor\/#breadcrumb"},"inLanguage":"en-US","potentialAction":[{"@type":"ReadAction","target":["https:\/\/seecolombia.travel\/blog\/2014\/02\/blog-de-viajes-madrid-plaza-mayor\/"]}]},{"@type":"BreadcrumbList","@id":"https:\/\/seecolombia.travel\/blog\/2014\/02\/blog-de-viajes-madrid-plaza-mayor\/#breadcrumb","itemListElement":[{"@type":"ListItem","position":1,"name":"Home","item":"https:\/\/seecolombia.travel\/blog\/"},{"@type":"ListItem","position":2,"name":"BLOG DE VIAJES Espa\u00f1a: Un momento de Madrid"}]},{"@type":"Person","@id":"https:\/\/seecolombia.travel\/blog\/#\/schema\/person\/d83df03ea54d1f0911d7098ebe26db49","name":"JL","image":{"@type":"ImageObject","inLanguage":"en-US","@id":"https:\/\/seecolombia.travel\/blog\/#\/schema\/person\/image\/","url":"https:\/\/secure.gravatar.com\/avatar\/68a3ba6dc377250ef6eb8cd56865210e?s=96&d=retro&r=g","contentUrl":"https:\/\/secure.gravatar.com\/avatar\/68a3ba6dc377250ef6eb8cd56865210e?s=96&d=retro&r=g","caption":"JL"},"description":"Ciudadano del mundo, nuestro Gerente de Marketing y comunicaciones se define como viajero, pap\u00e1, esposo y empresario. Es co-creador de Colombia Travel Blog junto a su esposa Marcela y creador de Fogg, la agencia de contenidos que produce el popular programa 3 Travel Bloggers. ----------- Our Marketing and Communications Manager, a self proclaimed citizen of the world, was born in Peru and raised in a number of different countries \u2013 including Angola, Thailand and Iceland \u2013 which instilled a deep love of travel and cultural diversity within him. With an extensive education in Marketing and Communications and after leaving a successful corporate career in the Telecom Industry, JL is now advocated to professionalize travel blogging in Latin America.","sameAs":["http:\/\/www.seecolombia.travel"],"url":"https:\/\/seecolombia.travel\/blog\/author\/jl\/"}]}},"amp_enabled":true,"_links":{"self":[{"href":"https:\/\/seecolombia.travel\/blog\/wp-json\/wp\/v2\/posts\/13339"}],"collection":[{"href":"https:\/\/seecolombia.travel\/blog\/wp-json\/wp\/v2\/posts"}],"about":[{"href":"https:\/\/seecolombia.travel\/blog\/wp-json\/wp\/v2\/types\/post"}],"author":[{"embeddable":true,"href":"https:\/\/seecolombia.travel\/blog\/wp-json\/wp\/v2\/users\/3"}],"replies":[{"embeddable":true,"href":"https:\/\/seecolombia.travel\/blog\/wp-json\/wp\/v2\/comments?post=13339"}],"version-history":[{"count":33,"href":"https:\/\/seecolombia.travel\/blog\/wp-json\/wp\/v2\/posts\/13339\/revisions"}],"predecessor-version":[{"id":22580,"href":"https:\/\/seecolombia.travel\/blog\/wp-json\/wp\/v2\/posts\/13339\/revisions\/22580"}],"wp:featuredmedia":[{"embeddable":true,"href":"https:\/\/seecolombia.travel\/blog\/wp-json\/wp\/v2\/media\/13502"}],"wp:attachment":[{"href":"https:\/\/seecolombia.travel\/blog\/wp-json\/wp\/v2\/media?parent=13339"}],"wp:term":[{"taxonomy":"category","embeddable":true,"href":"https:\/\/seecolombia.travel\/blog\/wp-json\/wp\/v2\/categories?post=13339"},{"taxonomy":"post_tag","embeddable":true,"href":"https:\/\/seecolombia.travel\/blog\/wp-json\/wp\/v2\/tags?post=13339"}],"curies":[{"name":"wp","href":"https:\/\/api.w.org\/{rel}","templated":true}]}}