{"id":12710,"date":"2014-01-03T10:45:31","date_gmt":"2014-01-03T15:45:31","guid":{"rendered":"http:\/\/seecolombia.travel\/blog\/?p=12710"},"modified":"2014-01-03T10:45:31","modified_gmt":"2014-01-03T15:45:31","slug":"les-festivites-et-traditions-de-decembre","status":"publish","type":"post","link":"https:\/\/seecolombia.travel\/blog\/2014\/01\/les-festivites-et-traditions-de-decembre\/","title":{"rendered":"Les festivit\u00e9s et traditions de d\u00e9cembre"},"content":{"rendered":"<p>Les festivit\u00e9s de d\u00e9cembre en Colombie sont tr\u00e8s <strong>catholiques <\/strong>et elles commencent le <strong>7 d\u00e9cembre.<\/strong><\/p>\n<p>&nbsp;<\/p>\n<h2 style=\"text-align: center;\">La Journ\u00e9e des Bougies<\/h2>\n<p>&nbsp;<\/p>\n<p>Le 7 d\u00e9cembre, les Colombiens se r\u00e9unissent pour f\u00eater<strong> l\u2019Immacul\u00e9e Conception de la Vierge Marie<\/strong>: cette festivit\u00e9 s\u2019appelle <em><strong>El Dia de las Velitas,<\/strong><\/em> (la Journ\u00e9e des Bougies<b>).\u00a0<\/b>Lors de cette journ\u00e9e, il y a des<b>\u00a0<\/b><strong>lanternes et bougies<\/strong> partout\u00a0dans les rues qui sont ferm\u00e9es, et le concours du <strong>quartier le mieux d\u00e9cor\u00e9 <\/strong>est lanc\u00e9, quartier qui se verra remettre <strong>un prix par\u00a0la mairie<\/strong>.<\/p>\n<p><a href=\"http:\/\/seecolombia.travel\/blog\/?attachment_id=12720\" rel=\"attachment wp-att-12720\"><img loading=\"lazy\" class=\"wp-image-12720 aligncenter\" alt=\"tumblr_mrathw9KnJ1r17s2ro1_400\" src=\"http:\/\/seecolombia.travel\/blog\/wp-content\/uploads\/2014\/01\/tumblr_mrathw9KnJ1r17s2ro1_400.gif\" width=\"240\" height=\"360\" \/><\/a><\/p>\n<p>&nbsp;<\/p>\n<h2 style=\"text-align: center;\">La Novena<\/h2>\n<p>&nbsp;<\/p>\n<p>Le <strong>16 d\u00e9cembre,<\/strong> c\u2019est la\u00a0<strong>Novena\u00a0<\/strong>(trad. neuvi\u00e8me), pendant <strong>9 jours<\/strong>, les familles se r\u00e9unissent pour<b>\u00a0<\/b><strong>prier,<\/strong>\u00a0jusqu\u2019\u00e0 No\u00ebl. Le dernier jour les Colombiens\u00a0<strong>chantent<\/strong>\u00a0et font de la musique.<\/p>\n<p>&nbsp;<\/p>\n<h2 style=\"text-align: center;\">No\u00ebl<\/h2>\n<p>&nbsp;<\/p>\n<p>Le soir du <strong>r\u00e9veillon de No\u00ebl<\/strong>, les Colombiens d\u00e9gustent des <strong>plats traditionnels en famille.<\/strong> En dessert ils mangent notamment de la\u00a0<strong>Natilla<\/strong>, g\u00e2teau fait avec de la cannelle, de l\u2019amidon de ma\u00efs, du lait, de la panela, du sucre de canne et des clous de girofle. Ils mangent aussi des<strong> bu\u00f1uelos<\/strong>: des beignets farcis de fromage et garnis. ll y a un\u00a0<strong>arbre de No\u00ebl<\/strong>\u00a0(\u00e1rbol de Navidad) dans les maisons. Le 25 ils ne font g\u00e9n\u00e9ralement rien, c\u2019est un jour de <strong>repos<\/strong>.<\/p>\n<p><a href=\"http:\/\/seecolombia.travel\/blog\/?attachment_id=12716\" rel=\"attachment wp-att-12716\"><img loading=\"lazy\" class=\"wp-image-12716 aligncenter\" alt=\"manger\" src=\"http:\/\/seecolombia.travel\/blog\/wp-content\/uploads\/2014\/01\/manger.gif\" width=\"299\" height=\"228\" \/><\/a><\/p>\n<h2 style=\"text-align: center;\">Nouvel An<\/h2>\n<p>&nbsp;<\/p>\n<p>Quant \u00e0 <strong>Nouvel An<\/strong>, il est g\u00e9n\u00e9ralement c\u00e9l\u00e9br\u00e9 entre <strong>amis.<\/strong> Ils d\u00eenent en groupe puis sortent\u00a0<strong>danser<\/strong>. Parfois les Colombiens mangent en famille puis rejoignent leurs amis plus tard. Tout le monde reste <strong>\u00e9veill\u00e9 jusqu\u2019\u00e0 tard <\/strong>pour f\u00eater la nouvelle ann\u00e9e. Le soir de nombreux<b>\u00a0<strong>feux d\u2019artifice\u00a0<\/strong><\/b>sont lanc\u00e9s. A minuit les Colombiens <strong>se prennent dans les bras<\/strong> en se souhaitant une bonne ann\u00e9e.<\/p>\n<p><a href=\"http:\/\/seecolombia.travel\/blog\/?attachment_id=12721\" rel=\"attachment wp-att-12721\"><img loading=\"lazy\" class=\"wp-image-12721 aligncenter\" alt=\"tumblr_myo2m9f4zA1qhlq2xo3_250\" src=\"http:\/\/seecolombia.travel\/blog\/wp-content\/uploads\/2014\/01\/tumblr_myo2m9f4zA1qhlq2xo3_250.gif\" width=\"221\" height=\"124\" \/><\/a><\/p>\n<p>&nbsp;<\/p>\n<h3 style=\"text-align: center;\"><strong>Bonne ann\u00e9e 2014 \u00e0 tous!\u00a0<\/strong><\/h3>\n<p>&nbsp;<\/p>\n<p>&nbsp;<\/p>\n<p>&nbsp;<\/p>\n","protected":false},"excerpt":{"rendered":"<p>Les festivit\u00e9s de d\u00e9cembre en Colombie sont tr\u00e8s catholiques et elles commencent le 7 d\u00e9cembre. &nbsp; La Journ\u00e9e des Bougies &nbsp; Le 7 d\u00e9cembre, les Colombiens se r\u00e9unissent pour f\u00eater l\u2019Immacul\u00e9e Conception de la Vierge Marie: cette festivit\u00e9 s\u2019appelle El Dia de las Velitas, (la Journ\u00e9e des Bougies).\u00a0Lors de cette journ\u00e9e, il y a des\u00a0lanternes [&hellip;]<\/p>\n","protected":false},"author":88896,"featured_media":12726,"comment_status":"open","ping_status":"open","sticky":false,"template":"","format":"standard","meta":{"ngg_post_thumbnail":0},"categories":[1544,66,92,1878,1],"tags":[],"yoast_head":"<!-- This site is optimized with the Yoast SEO Premium plugin v18.4 (Yoast SEO v18.9) - https:\/\/yoast.com\/wordpress\/plugins\/seo\/ -->\n<title>Les festivit\u00e9s et traditions de d\u00e9cembre - Colombia Travel Blog by See Colombia Travel<\/title>\n<meta name=\"robots\" content=\"index, follow, max-snippet:-1, max-image-preview:large, max-video-preview:-1\" \/>\n<link rel=\"canonical\" href=\"https:\/\/seecolombia.travel\/blog\/2014\/01\/les-festivites-et-traditions-de-decembre\/\" \/>\n<meta property=\"og:locale\" content=\"en_US\" \/>\n<meta property=\"og:type\" content=\"article\" \/>\n<meta property=\"og:title\" content=\"Les festivit\u00e9s et traditions de d\u00e9cembre\" \/>\n<meta property=\"og:description\" content=\"Les festivit\u00e9s de d\u00e9cembre en Colombie sont tr\u00e8s catholiques et elles commencent le 7 d\u00e9cembre. &nbsp; La Journ\u00e9e des Bougies &nbsp; Le 7 d\u00e9cembre, les Colombiens se r\u00e9unissent pour f\u00eater l\u2019Immacul\u00e9e Conception de la Vierge Marie: cette festivit\u00e9 s\u2019appelle El Dia de las Velitas, (la Journ\u00e9e des Bougies).\u00a0Lors de cette journ\u00e9e, il y a des\u00a0lanternes [&hellip;]\" \/>\n<meta property=\"og:url\" content=\"https:\/\/seecolombia.travel\/blog\/2014\/01\/les-festivites-et-traditions-de-decembre\/\" \/>\n<meta property=\"og:site_name\" content=\"Colombia Travel Blog by See Colombia Travel\" \/>\n<meta property=\"article:published_time\" content=\"2014-01-03T15:45:31+00:00\" \/>\n<meta property=\"og:image\" content=\"https:\/\/seecolombia.travel\/blog\/wp-content\/uploads\/2014\/01\/20140103-104323.jpg\" \/>\n\t<meta property=\"og:image:width\" content=\"300\" \/>\n\t<meta property=\"og:image:height\" content=\"225\" \/>\n\t<meta property=\"og:image:type\" content=\"image\/jpeg\" \/>\n<meta name=\"twitter:card\" content=\"summary\" \/>\n<meta name=\"twitter:label1\" content=\"Written by\" \/>\n\t<meta name=\"twitter:data1\" content=\"Lydia\" \/>\n\t<meta name=\"twitter:label2\" content=\"Est. reading time\" \/>\n\t<meta name=\"twitter:data2\" content=\"2 minutes\" \/>\n<script type=\"application\/ld+json\" class=\"yoast-schema-graph\">{\"@context\":\"https:\/\/schema.org\",\"@graph\":[{\"@type\":\"WebSite\",\"@id\":\"https:\/\/seecolombia.travel\/blog\/#website\",\"url\":\"https:\/\/seecolombia.travel\/blog\/\",\"name\":\"Colombia Travel Blog by See Colombia Travel\",\"description\":\"Colombia Travel Blog: An international perspective on travelling in Colombia by world travellers.\",\"potentialAction\":[{\"@type\":\"SearchAction\",\"target\":{\"@type\":\"EntryPoint\",\"urlTemplate\":\"https:\/\/seecolombia.travel\/blog\/?s={search_term_string}\"},\"query-input\":\"required name=search_term_string\"}],\"inLanguage\":\"en-US\"},{\"@type\":\"ImageObject\",\"inLanguage\":\"en-US\",\"@id\":\"https:\/\/seecolombia.travel\/blog\/2014\/01\/les-festivites-et-traditions-de-decembre\/#primaryimage\",\"url\":\"https:\/\/seecolombia.travel\/blog\/wp-content\/uploads\/2014\/01\/20140103-104323.jpg\",\"contentUrl\":\"https:\/\/seecolombia.travel\/blog\/wp-content\/uploads\/2014\/01\/20140103-104323.jpg\",\"width\":300,\"height\":225},{\"@type\":\"WebPage\",\"@id\":\"https:\/\/seecolombia.travel\/blog\/2014\/01\/les-festivites-et-traditions-de-decembre\/#webpage\",\"url\":\"https:\/\/seecolombia.travel\/blog\/2014\/01\/les-festivites-et-traditions-de-decembre\/\",\"name\":\"Les festivit\u00e9s et traditions de d\u00e9cembre - Colombia Travel Blog by See Colombia Travel\",\"isPartOf\":{\"@id\":\"https:\/\/seecolombia.travel\/blog\/#website\"},\"primaryImageOfPage\":{\"@id\":\"https:\/\/seecolombia.travel\/blog\/2014\/01\/les-festivites-et-traditions-de-decembre\/#primaryimage\"},\"datePublished\":\"2014-01-03T15:45:31+00:00\",\"dateModified\":\"2014-01-03T15:45:31+00:00\",\"author\":{\"@id\":\"https:\/\/seecolombia.travel\/blog\/#\/schema\/person\/61c08d436dfc484b5162d00dd3ce67fc\"},\"breadcrumb\":{\"@id\":\"https:\/\/seecolombia.travel\/blog\/2014\/01\/les-festivites-et-traditions-de-decembre\/#breadcrumb\"},\"inLanguage\":\"en-US\",\"potentialAction\":[{\"@type\":\"ReadAction\",\"target\":[\"https:\/\/seecolombia.travel\/blog\/2014\/01\/les-festivites-et-traditions-de-decembre\/\"]}]},{\"@type\":\"BreadcrumbList\",\"@id\":\"https:\/\/seecolombia.travel\/blog\/2014\/01\/les-festivites-et-traditions-de-decembre\/#breadcrumb\",\"itemListElement\":[{\"@type\":\"ListItem\",\"position\":1,\"name\":\"Home\",\"item\":\"https:\/\/seecolombia.travel\/blog\/\"},{\"@type\":\"ListItem\",\"position\":2,\"name\":\"Les festivit\u00e9s et traditions de d\u00e9cembre\"}]},{\"@type\":\"Person\",\"@id\":\"https:\/\/seecolombia.travel\/blog\/#\/schema\/person\/61c08d436dfc484b5162d00dd3ce67fc\",\"name\":\"Lydia\",\"image\":{\"@type\":\"ImageObject\",\"inLanguage\":\"en-US\",\"@id\":\"https:\/\/seecolombia.travel\/blog\/#\/schema\/person\/image\/\",\"url\":\"https:\/\/secure.gravatar.com\/avatar\/677c75120a66a990c0746733db3fe185?s=96&d=retro&r=g\",\"contentUrl\":\"https:\/\/secure.gravatar.com\/avatar\/677c75120a66a990c0746733db3fe185?s=96&d=retro&r=g\",\"caption\":\"Lydia\"},\"description\":\"Je m\u2019appelle Lydia, je suis Fran\u00e7aise et je suis une grande amatrice de voyages. La Colombie j\u2019ai ador\u00e9, c\u2019est vraiment un pays qui a beaucoup \u00e0 donner, un pays tr\u00e8s vari\u00e9 \u00e0 d\u00e9couvrir absolument. Je me sens comme une \u00e9trang\u00e8re dans un monde \u00e9trange. Je dis souvent que je ne suis pas Fran\u00e7aise mais internationale, ou citoyenne du monde. J\u2019appr\u00e9cie les personnes ouvertes d\u2019esprit, qui ont de l\u2019humour. Quand je voyage j\u2019essaie d\u2019en d\u00e9couvrir le plus possible, c\u2019est un r\u00e9el enrichissement personnel. Ensuite je le partage ici, et sur mon blog voyage qui s\u2019appelle caracolade. Je me sens vraiment chanceuse de faire partie de l\u2019\u00e9quipe de See Colombia Travel et j\u2019esp\u00e8re que je vous plairai.\",\"sameAs\":[\"http:\/\/www.caracolade.com\"],\"url\":\"https:\/\/seecolombia.travel\/blog\/author\/lydia\/\"}]}<\/script>\n<!-- \/ Yoast SEO Premium plugin. -->","yoast_head_json":{"title":"Les festivit\u00e9s et traditions de d\u00e9cembre - Colombia Travel Blog by See Colombia Travel","robots":{"index":"index","follow":"follow","max-snippet":"max-snippet:-1","max-image-preview":"max-image-preview:large","max-video-preview":"max-video-preview:-1"},"canonical":"https:\/\/seecolombia.travel\/blog\/2014\/01\/les-festivites-et-traditions-de-decembre\/","og_locale":"en_US","og_type":"article","og_title":"Les festivit\u00e9s et traditions de d\u00e9cembre","og_description":"Les festivit\u00e9s de d\u00e9cembre en Colombie sont tr\u00e8s catholiques et elles commencent le 7 d\u00e9cembre. &nbsp; La Journ\u00e9e des Bougies &nbsp; Le 7 d\u00e9cembre, les Colombiens se r\u00e9unissent pour f\u00eater l\u2019Immacul\u00e9e Conception de la Vierge Marie: cette festivit\u00e9 s\u2019appelle El Dia de las Velitas, (la Journ\u00e9e des Bougies).\u00a0Lors de cette journ\u00e9e, il y a des\u00a0lanternes [&hellip;]","og_url":"https:\/\/seecolombia.travel\/blog\/2014\/01\/les-festivites-et-traditions-de-decembre\/","og_site_name":"Colombia Travel Blog by See Colombia Travel","article_published_time":"2014-01-03T15:45:31+00:00","og_image":[{"width":300,"height":225,"url":"https:\/\/seecolombia.travel\/blog\/wp-content\/uploads\/2014\/01\/20140103-104323.jpg","type":"image\/jpeg"}],"twitter_card":"summary","twitter_misc":{"Written by":"Lydia","Est. reading time":"2 minutes"},"schema":{"@context":"https:\/\/schema.org","@graph":[{"@type":"WebSite","@id":"https:\/\/seecolombia.travel\/blog\/#website","url":"https:\/\/seecolombia.travel\/blog\/","name":"Colombia Travel Blog by See Colombia Travel","description":"Colombia Travel Blog: An international perspective on travelling in Colombia by world travellers.","potentialAction":[{"@type":"SearchAction","target":{"@type":"EntryPoint","urlTemplate":"https:\/\/seecolombia.travel\/blog\/?s={search_term_string}"},"query-input":"required name=search_term_string"}],"inLanguage":"en-US"},{"@type":"ImageObject","inLanguage":"en-US","@id":"https:\/\/seecolombia.travel\/blog\/2014\/01\/les-festivites-et-traditions-de-decembre\/#primaryimage","url":"https:\/\/seecolombia.travel\/blog\/wp-content\/uploads\/2014\/01\/20140103-104323.jpg","contentUrl":"https:\/\/seecolombia.travel\/blog\/wp-content\/uploads\/2014\/01\/20140103-104323.jpg","width":300,"height":225},{"@type":"WebPage","@id":"https:\/\/seecolombia.travel\/blog\/2014\/01\/les-festivites-et-traditions-de-decembre\/#webpage","url":"https:\/\/seecolombia.travel\/blog\/2014\/01\/les-festivites-et-traditions-de-decembre\/","name":"Les festivit\u00e9s et traditions de d\u00e9cembre - Colombia Travel Blog by See Colombia Travel","isPartOf":{"@id":"https:\/\/seecolombia.travel\/blog\/#website"},"primaryImageOfPage":{"@id":"https:\/\/seecolombia.travel\/blog\/2014\/01\/les-festivites-et-traditions-de-decembre\/#primaryimage"},"datePublished":"2014-01-03T15:45:31+00:00","dateModified":"2014-01-03T15:45:31+00:00","author":{"@id":"https:\/\/seecolombia.travel\/blog\/#\/schema\/person\/61c08d436dfc484b5162d00dd3ce67fc"},"breadcrumb":{"@id":"https:\/\/seecolombia.travel\/blog\/2014\/01\/les-festivites-et-traditions-de-decembre\/#breadcrumb"},"inLanguage":"en-US","potentialAction":[{"@type":"ReadAction","target":["https:\/\/seecolombia.travel\/blog\/2014\/01\/les-festivites-et-traditions-de-decembre\/"]}]},{"@type":"BreadcrumbList","@id":"https:\/\/seecolombia.travel\/blog\/2014\/01\/les-festivites-et-traditions-de-decembre\/#breadcrumb","itemListElement":[{"@type":"ListItem","position":1,"name":"Home","item":"https:\/\/seecolombia.travel\/blog\/"},{"@type":"ListItem","position":2,"name":"Les festivit\u00e9s et traditions de d\u00e9cembre"}]},{"@type":"Person","@id":"https:\/\/seecolombia.travel\/blog\/#\/schema\/person\/61c08d436dfc484b5162d00dd3ce67fc","name":"Lydia","image":{"@type":"ImageObject","inLanguage":"en-US","@id":"https:\/\/seecolombia.travel\/blog\/#\/schema\/person\/image\/","url":"https:\/\/secure.gravatar.com\/avatar\/677c75120a66a990c0746733db3fe185?s=96&d=retro&r=g","contentUrl":"https:\/\/secure.gravatar.com\/avatar\/677c75120a66a990c0746733db3fe185?s=96&d=retro&r=g","caption":"Lydia"},"description":"Je m\u2019appelle Lydia, je suis Fran\u00e7aise et je suis une grande amatrice de voyages. La Colombie j\u2019ai ador\u00e9, c\u2019est vraiment un pays qui a beaucoup \u00e0 donner, un pays tr\u00e8s vari\u00e9 \u00e0 d\u00e9couvrir absolument. Je me sens comme une \u00e9trang\u00e8re dans un monde \u00e9trange. Je dis souvent que je ne suis pas Fran\u00e7aise mais internationale, ou citoyenne du monde. J\u2019appr\u00e9cie les personnes ouvertes d\u2019esprit, qui ont de l\u2019humour. Quand je voyage j\u2019essaie d\u2019en d\u00e9couvrir le plus possible, c\u2019est un r\u00e9el enrichissement personnel. Ensuite je le partage ici, et sur mon blog voyage qui s\u2019appelle caracolade. Je me sens vraiment chanceuse de faire partie de l\u2019\u00e9quipe de See Colombia Travel et j\u2019esp\u00e8re que je vous plairai.","sameAs":["http:\/\/www.caracolade.com"],"url":"https:\/\/seecolombia.travel\/blog\/author\/lydia\/"}]}},"amp_enabled":true,"_links":{"self":[{"href":"https:\/\/seecolombia.travel\/blog\/wp-json\/wp\/v2\/posts\/12710"}],"collection":[{"href":"https:\/\/seecolombia.travel\/blog\/wp-json\/wp\/v2\/posts"}],"about":[{"href":"https:\/\/seecolombia.travel\/blog\/wp-json\/wp\/v2\/types\/post"}],"author":[{"embeddable":true,"href":"https:\/\/seecolombia.travel\/blog\/wp-json\/wp\/v2\/users\/88896"}],"replies":[{"embeddable":true,"href":"https:\/\/seecolombia.travel\/blog\/wp-json\/wp\/v2\/comments?post=12710"}],"version-history":[{"count":11,"href":"https:\/\/seecolombia.travel\/blog\/wp-json\/wp\/v2\/posts\/12710\/revisions"}],"predecessor-version":[{"id":12727,"href":"https:\/\/seecolombia.travel\/blog\/wp-json\/wp\/v2\/posts\/12710\/revisions\/12727"}],"wp:featuredmedia":[{"embeddable":true,"href":"https:\/\/seecolombia.travel\/blog\/wp-json\/wp\/v2\/media\/12726"}],"wp:attachment":[{"href":"https:\/\/seecolombia.travel\/blog\/wp-json\/wp\/v2\/media?parent=12710"}],"wp:term":[{"taxonomy":"category","embeddable":true,"href":"https:\/\/seecolombia.travel\/blog\/wp-json\/wp\/v2\/categories?post=12710"},{"taxonomy":"post_tag","embeddable":true,"href":"https:\/\/seecolombia.travel\/blog\/wp-json\/wp\/v2\/tags?post=12710"}],"curies":[{"name":"wp","href":"https:\/\/api.w.org\/{rel}","templated":true}]}}