{"id":12689,"date":"2014-01-02T13:20:48","date_gmt":"2014-01-02T18:20:48","guid":{"rendered":"http:\/\/seecolombia.travel\/blog\/?p=12689"},"modified":"2021-08-23T10:45:40","modified_gmt":"2021-08-23T15:45:40","slug":"5-propositos-que-tenemos-como-colombianos-para-el-2014","status":"publish","type":"post","link":"https:\/\/seecolombia.travel\/blog\/2014\/01\/5-propositos-que-tenemos-como-colombianos-para-el-2014\/","title":{"rendered":"5 Prop\u00f3sitos que tenemos como colombianos para el 2014."},"content":{"rendered":"<p>Tengo el privilegio de compartir con ustedes el primer post del a\u00f1o. Mientras algunos siguen disfrutando de sus vacaciones por nuestra hermosa Colombia, otros est\u00e1n saliendo del guayabo del fin de a\u00f1o, tambi\u00e9n est\u00e1n los que <strong>ven esta fecha como una oportunidad de comenzar de nuevo<\/strong>, hacen una retrospecci\u00f3n hasta ahora, analizan lo que deben corregir y se disponen a proyectar lo que quieren alcanzar que se refleja en <strong>una lista interminable de prop\u00f3sitos.<\/strong><\/p>\n<p>As\u00ed que queridos lectores aqu\u00ed va nuestro top 5<\/p>\n<h2><b style=\"line-height: 1em\">1. \u00a0\u00a0<\/b><b style=\"line-height: 1em\">Ir al gimnasio<\/b><\/h2>\n<h2><\/h2>\n<figure id=\"attachment_12691\" aria-describedby=\"caption-attachment-12691\" style=\"width: 357px\" class=\"wp-caption aligncenter\"><a href=\"http:\/\/seecolombia.travel\/blog\/2014\/01\/5-propositos-que-tenemos-como-colombianos-para-el-2014\/attachment\/2013\/\" rel=\"attachment wp-att-12691\"><img loading=\"lazy\" class=\"size-full wp-image-12691\" src=\"https:\/\/seecolombia.travel\/blog\/wp-content\/uploads\/2014\/01\/2013-e1388680975571.jpg\" alt=\"Cualquier parecido con la realidad...\" width=\"357\" height=\"348\" \/><\/a><figcaption id=\"caption-attachment-12691\" class=\"wp-caption-text\">Cualquier parecido con la realidad&#8230;<\/figcaption><\/figure>\n<h2><\/h2>\n<p>Para nadie es un secreto que <strong>diciembre es encantador, se re\u00fane la familia, los amigos y hay exceso de comida<\/strong> a donde quiera que vayas: tamales, ajiaco, bu\u00f1uelos, natilla, ensaladas solo por mencionar algunas. En mi caso ahora tengo unos kilitos de m\u00e1s, por m\u00e1s que lo intente no pude resistirme aunque bueno finalmente es una \u00e9poca para disfrutar\u2026ya despu\u00e9s vienen los remordimientos, \u00a0pero bueno todo tiene remedio. <strong>Por esta \u00e9poca los gimnasios est\u00e1n a reventar<\/strong>, las personas quieren cambiar sus h\u00e1bitos y lucir un cuerpo esbelto en lo que queda de las vacaciones. Vamos a ver cu\u00e1ntos llegan al segundo mes&#8230;<\/p>\n<h2><b style=\"line-height: 1em\">2. \u00a0\u00a0<\/b><b style=\"line-height: 1em\">Conocer nuevos destinos<\/b><\/h2>\n<p style=\"padding-left: 180px\"><a href=\"http:\/\/seecolombia.travel\/blog\/2012\/11\/keep-calm-and-see-colombia\/keep-calm-and-see-colombia\/\" rel=\"attachment wp-att-5510\"><img loading=\"lazy\" class=\"size-full wp-image-5510 alignnone\" src=\"https:\/\/seecolombia.travel\/blog\/wp-content\/uploads\/2012\/11\/Keep-Calm-and-See-Colombia-e1388681072634.jpg\" alt=\"Meme Keep Calm\" width=\"300\" height=\"447\" srcset=\"https:\/\/seecolombia.travel\/blog\/wp-content\/uploads\/2012\/11\/Keep-Calm-and-See-Colombia-e1388681072634.jpg 300w, https:\/\/seecolombia.travel\/blog\/wp-content\/uploads\/2012\/11\/Keep-Calm-and-See-Colombia-e1388681072634-201x300.jpg 201w\" sizes=\"(max-width: 300px) 100vw, 300px\" \/><\/a><\/p>\n<p>&nbsp;<\/p>\n<p>Seguramente te aseguraste de dar la vuelta a la manzana con tu maleta pero no te preocupes, no tienes que ir tan lejos; como lo hemos mencionado <strong>Colombia es un pa\u00eds que se caracteriza por su megadiversidad<\/strong>, as\u00ed que la oferta es bien amplia. Puedes ir a las playas en el Caribe, ver el rio de colores en ca\u00f1o cristales, un amanecer en los llanos, recorrer las monta\u00f1as de la zona cafetera, practicar tus pasos de salsa, o ir al Amazonas adem\u00e1s de los nuevos destinos que aunque recientes cuentan con un gran potencial como es el caso de T\u00e1mesis en Antioquia. As\u00ed que <strong>ve comprando tus pasajes y emb\u00e1rcate en una nueva aventura.<\/strong><\/p>\n<h2><b style=\"line-height: 1em\">3. \u00a0 \u00a0<\/b><b style=\"line-height: 1em\">Apoyar nuestro equipo en el Mundial<\/b><\/h2>\n<p><a href=\"http:\/\/seecolombia.travel\/blog\/2014\/01\/5-propositos-que-tenemos-como-colombianos-para-el-2014\/colombia\/\" rel=\"attachment wp-att-12696\"><img loading=\"lazy\" class=\"size-full wp-image-12696 aligncenter\" src=\"https:\/\/seecolombia.travel\/blog\/wp-content\/uploads\/2014\/01\/Colombia-e1388682438109.jpg\" alt=\"Colombia\" width=\"600\" height=\"450\" \/><\/a><\/p>\n<p>&nbsp;<\/p>\n<p>Estamos emocionad\u00edsimos de que <strong>Colombia haya clasificado al mundial luego de diecis\u00e9is a\u00f1os<\/strong> y bueno despu\u00e9s del tan anhelado sorteo sentimos que la primera fase va a estar tranquila aunque por supuesto no nos podemos confiar.\u00a0 Muchos ya alistaron la maleta para ir a Brasil o compraron el televisor con m\u00e1s pulgadas que encontraron en el supermercado, pero lo cierto es que todos quieren estar involucrados de alguna forma. Esperen ver las oficinas, el TransMilenio y <strong>las calles decoradas con las camisetas del tricolor.<\/strong> Ten en cuenta los horarios ya que el pa\u00eds va a estar unido para apoyar la selecci\u00f3n en este sue\u00f1o mundialista.<\/p>\n<h2><b style=\"line-height: 1em\">4. \u00a0 \u00a0<\/b><b style=\"line-height: 1em\">Llegar a tiempo<\/b><\/h2>\n<figure id=\"attachment_12692\" aria-describedby=\"caption-attachment-12692\" style=\"width: 168px\" class=\"wp-caption aligncenter\"><a href=\"http:\/\/seecolombia.travel\/blog\/2014\/01\/5-propositos-que-tenemos-como-colombianos-para-el-2014\/rabbit\/\" rel=\"attachment wp-att-12692\"><img loading=\"lazy\" class=\"size-full wp-image-12692\" src=\"https:\/\/seecolombia.travel\/blog\/wp-content\/uploads\/2014\/01\/rabbit-e1388681148139.jpg\" alt=\"Pero a donde se fue el tiempo...\" width=\"168\" height=\"192\" \/><\/a><figcaption id=\"caption-attachment-12692\" class=\"wp-caption-text\">Pero a donde se fue el tiempo&#8230;<\/figcaption><\/figure>\n<p>&nbsp;<\/p>\n<p>Este es un poco personal, pero s\u00e9 que la mayor\u00eda se sienten identificados. Me gustar\u00eda saber por qu\u00e9 es tan dif\u00edcil. <strong>Te levantas m\u00e1s temprano,<\/strong> <strong>pero no importa lo que hagas, algo siempre pasa<\/strong>, se demora el Transmi, hay alguna manifestaci\u00f3n, cierre de alguna v\u00eda, se vara el bus o simplemente un accidente y de repente llegas exactamente a tiempo o m\u00e1s tarde de lo que hab\u00edas planeado. Bueno creo que puedes empezar a llevar un libro para prever estos inconvenientes y en dado caso esperar 15 o 20 minutos antes a que llegue la hora <strong>mientras disfrutas de un buen caf\u00e9<\/strong> sin la preocupaci\u00f3n de que no vas a alcanzar.<\/p>\n<h2><b style=\"line-height: 1em\">5. \u00a0 \u00a0<\/b><b style=\"line-height: 1em\">Elegir un buen mandatario<\/b><\/h2>\n<p style=\"padding-left: 210px\"><a href=\"http:\/\/seecolombia.travel\/blog\/2013\/12\/christmas-donations-in-colombia-lending-a-hand\/juanes-fundacion-mi-sangre_fromweb-240x300\/\" rel=\"attachment wp-att-12630\"><img loading=\"lazy\" class=\"size-full wp-image-12630 alignnone\" src=\"https:\/\/seecolombia.travel\/blog\/wp-content\/uploads\/2013\/12\/juanes-fundacion-mi-sangre_fromweb-240x300.jpg\" alt=\"El pr\u00f3ximo candidato \" width=\"240\" height=\"300\" \/><\/a><\/p>\n<p>&nbsp;<\/p>\n<p><strong>Colombia ha tenido un avance incre\u00edble en la \u00faltima d\u00e9cada<\/strong>, hay m\u00e1s oportunidades de negocio, la econom\u00eda se ha fortalecido pero nuevamente se aproximan las elecciones presidenciales y hasta el momento no hay un candidato favorito definido, los partidos pol\u00edticos est\u00e1n divididos; parece que Santos quiere ir por un segundo mandato pero como van las cosas <strong>el posible ganador seria el voto en blanco<\/strong>. Lo m\u00e1s importante es que los ciudadanos trabajemos ofreciendo productos de calidad y aportando a este hermoso pa\u00eds.<\/p>\n<p>Me gustar\u00eda resumir todos los prop\u00f3sitos que puedas tener en uno solo: hagas lo que hagas creo que el objetivo es ser feliz, as\u00ed que aprecia lo que tienes, <strong>saca tiempo para hacer lo que te gusta,<\/strong> y como dec\u00eda Einstein \u2013 no esperes obtener resultados diferentes si haces siempre lo mismo.<\/p>\n<p>Bueno nuestros mejores deseos para el 2014!<\/p>\n<p><strong>Carolina<\/strong><\/p>\n","protected":false},"excerpt":{"rendered":"<p>Tengo el privilegio de compartir con ustedes el primer post del a\u00f1o. Mientras algunos siguen disfrutando de sus vacaciones por nuestra hermosa Colombia, otros est\u00e1n saliendo del guayabo del fin de a\u00f1o, tambi\u00e9n est\u00e1n los que ven esta fecha como una oportunidad de comenzar de nuevo, hacen una retrospecci\u00f3n hasta ahora, analizan lo que deben [&hellip;]<\/p>\n","protected":false},"author":88892,"featured_media":6661,"comment_status":"open","ping_status":"open","sticky":false,"template":"","format":"standard","meta":{"ngg_post_thumbnail":0},"categories":[35,1544,115,66,865,1474,73],"tags":[2973,1605],"yoast_head":"<!-- This site is optimized with the Yoast SEO Premium plugin v18.4 (Yoast SEO v18.9) - https:\/\/yoast.com\/wordpress\/plugins\/seo\/ -->\n<title>5 Prop\u00f3sitos que tenemos como colombianos para el 2014. - Colombia Travel Blog by See Colombia Travel<\/title>\n<meta name=\"robots\" content=\"index, follow, max-snippet:-1, max-image-preview:large, max-video-preview:-1\" \/>\n<link rel=\"canonical\" href=\"https:\/\/seecolombia.travel\/blog\/2014\/01\/5-propositos-que-tenemos-como-colombianos-para-el-2014\/\" \/>\n<meta property=\"og:locale\" content=\"en_US\" \/>\n<meta property=\"og:type\" content=\"article\" \/>\n<meta property=\"og:title\" content=\"5 Prop\u00f3sitos que tenemos como colombianos para el 2014.\" \/>\n<meta property=\"og:description\" content=\"Tengo el privilegio de compartir con ustedes el primer post del a\u00f1o. Mientras algunos siguen disfrutando de sus vacaciones por nuestra hermosa Colombia, otros est\u00e1n saliendo del guayabo del fin de a\u00f1o, tambi\u00e9n est\u00e1n los que ven esta fecha como una oportunidad de comenzar de nuevo, hacen una retrospecci\u00f3n hasta ahora, analizan lo que deben [&hellip;]\" \/>\n<meta property=\"og:url\" content=\"https:\/\/seecolombia.travel\/blog\/2014\/01\/5-propositos-que-tenemos-como-colombianos-para-el-2014\/\" \/>\n<meta property=\"og:site_name\" content=\"Colombia Travel Blog by See Colombia Travel\" \/>\n<meta property=\"article:published_time\" content=\"2014-01-02T18:20:48+00:00\" \/>\n<meta property=\"article:modified_time\" content=\"2021-08-23T15:45:40+00:00\" \/>\n<meta property=\"og:image\" content=\"https:\/\/seecolombia.travel\/blog\/wp-content\/uploads\/2013\/02\/7741339738_77697e92c5_o-1024x574.jpg\" \/>\n\t<meta property=\"og:image:width\" content=\"1024\" \/>\n\t<meta property=\"og:image:height\" content=\"574\" \/>\n\t<meta property=\"og:image:type\" content=\"image\/jpeg\" \/>\n<meta name=\"twitter:card\" content=\"summary\" \/>\n<meta name=\"twitter:label1\" content=\"Written by\" \/>\n\t<meta name=\"twitter:data1\" content=\"Carolina Parra\" \/>\n\t<meta name=\"twitter:label2\" content=\"Est. reading time\" \/>\n\t<meta name=\"twitter:data2\" content=\"4 minutes\" \/>\n<script type=\"application\/ld+json\" class=\"yoast-schema-graph\">{\"@context\":\"https:\/\/schema.org\",\"@graph\":[{\"@type\":\"WebSite\",\"@id\":\"https:\/\/seecolombia.travel\/blog\/#website\",\"url\":\"https:\/\/seecolombia.travel\/blog\/\",\"name\":\"Colombia Travel Blog by See Colombia Travel\",\"description\":\"Colombia Travel Blog: An international perspective on travelling in Colombia by world travellers.\",\"potentialAction\":[{\"@type\":\"SearchAction\",\"target\":{\"@type\":\"EntryPoint\",\"urlTemplate\":\"https:\/\/seecolombia.travel\/blog\/?s={search_term_string}\"},\"query-input\":\"required name=search_term_string\"}],\"inLanguage\":\"en-US\"},{\"@type\":\"ImageObject\",\"inLanguage\":\"en-US\",\"@id\":\"https:\/\/seecolombia.travel\/blog\/2014\/01\/5-propositos-que-tenemos-como-colombianos-para-el-2014\/#primaryimage\",\"url\":\"https:\/\/seecolombia.travel\/blog\/wp-content\/uploads\/2013\/02\/7741339738_77697e92c5_o.jpg\",\"contentUrl\":\"https:\/\/seecolombia.travel\/blog\/wp-content\/uploads\/2013\/02\/7741339738_77697e92c5_o.jpg\",\"width\":4592,\"height\":2576,\"caption\":\"Somewhere in the Colombian Caribbean ....\"},{\"@type\":\"WebPage\",\"@id\":\"https:\/\/seecolombia.travel\/blog\/2014\/01\/5-propositos-que-tenemos-como-colombianos-para-el-2014\/#webpage\",\"url\":\"https:\/\/seecolombia.travel\/blog\/2014\/01\/5-propositos-que-tenemos-como-colombianos-para-el-2014\/\",\"name\":\"5 Prop\u00f3sitos que tenemos como colombianos para el 2014. - Colombia Travel Blog by See Colombia Travel\",\"isPartOf\":{\"@id\":\"https:\/\/seecolombia.travel\/blog\/#website\"},\"primaryImageOfPage\":{\"@id\":\"https:\/\/seecolombia.travel\/blog\/2014\/01\/5-propositos-que-tenemos-como-colombianos-para-el-2014\/#primaryimage\"},\"datePublished\":\"2014-01-02T18:20:48+00:00\",\"dateModified\":\"2021-08-23T15:45:40+00:00\",\"author\":{\"@id\":\"https:\/\/seecolombia.travel\/blog\/#\/schema\/person\/1a8dfc8e32bef464a17d083ff793fab8\"},\"breadcrumb\":{\"@id\":\"https:\/\/seecolombia.travel\/blog\/2014\/01\/5-propositos-que-tenemos-como-colombianos-para-el-2014\/#breadcrumb\"},\"inLanguage\":\"en-US\",\"potentialAction\":[{\"@type\":\"ReadAction\",\"target\":[\"https:\/\/seecolombia.travel\/blog\/2014\/01\/5-propositos-que-tenemos-como-colombianos-para-el-2014\/\"]}]},{\"@type\":\"BreadcrumbList\",\"@id\":\"https:\/\/seecolombia.travel\/blog\/2014\/01\/5-propositos-que-tenemos-como-colombianos-para-el-2014\/#breadcrumb\",\"itemListElement\":[{\"@type\":\"ListItem\",\"position\":1,\"name\":\"Home\",\"item\":\"https:\/\/seecolombia.travel\/blog\/\"},{\"@type\":\"ListItem\",\"position\":2,\"name\":\"5 Prop\u00f3sitos que tenemos como colombianos para el 2014.\"}]},{\"@type\":\"Person\",\"@id\":\"https:\/\/seecolombia.travel\/blog\/#\/schema\/person\/1a8dfc8e32bef464a17d083ff793fab8\",\"name\":\"Carolina Parra\",\"image\":{\"@type\":\"ImageObject\",\"inLanguage\":\"en-US\",\"@id\":\"https:\/\/seecolombia.travel\/blog\/#\/schema\/person\/image\/\",\"url\":\"https:\/\/secure.gravatar.com\/avatar\/c9e6563d7aebe647ff6f6ec529984132?s=96&d=retro&r=g\",\"contentUrl\":\"https:\/\/secure.gravatar.com\/avatar\/c9e6563d7aebe647ff6f6ec529984132?s=96&d=retro&r=g\",\"caption\":\"Carolina Parra\"},\"description\":\"Hola! Soy una rolita apasionada por mostrar los lugares mas ch\u00e9veres que puede ofrecer mi pa\u00eds al resto del mundo . Me divierto escuchando las historias contadas por extranjeros y de hecho he disfrutado traducir los posts m\u00e1s populares, siempre busco mantener la chispa y el estilo de cada autor. Creo que puedes llevar mucho tiempo viviendo en un lugar y no conocerlo por eso he decidido emprender un viaje por el pa\u00eds el cual estar\u00e9 compartiendo con ustedes.\",\"url\":\"https:\/\/seecolombia.travel\/blog\/author\/carolina\/\"}]}<\/script>\n<!-- \/ Yoast SEO Premium plugin. -->","yoast_head_json":{"title":"5 Prop\u00f3sitos que tenemos como colombianos para el 2014. - Colombia Travel Blog by See Colombia Travel","robots":{"index":"index","follow":"follow","max-snippet":"max-snippet:-1","max-image-preview":"max-image-preview:large","max-video-preview":"max-video-preview:-1"},"canonical":"https:\/\/seecolombia.travel\/blog\/2014\/01\/5-propositos-que-tenemos-como-colombianos-para-el-2014\/","og_locale":"en_US","og_type":"article","og_title":"5 Prop\u00f3sitos que tenemos como colombianos para el 2014.","og_description":"Tengo el privilegio de compartir con ustedes el primer post del a\u00f1o. Mientras algunos siguen disfrutando de sus vacaciones por nuestra hermosa Colombia, otros est\u00e1n saliendo del guayabo del fin de a\u00f1o, tambi\u00e9n est\u00e1n los que ven esta fecha como una oportunidad de comenzar de nuevo, hacen una retrospecci\u00f3n hasta ahora, analizan lo que deben [&hellip;]","og_url":"https:\/\/seecolombia.travel\/blog\/2014\/01\/5-propositos-que-tenemos-como-colombianos-para-el-2014\/","og_site_name":"Colombia Travel Blog by See Colombia Travel","article_published_time":"2014-01-02T18:20:48+00:00","article_modified_time":"2021-08-23T15:45:40+00:00","og_image":[{"width":1024,"height":574,"url":"https:\/\/seecolombia.travel\/blog\/wp-content\/uploads\/2013\/02\/7741339738_77697e92c5_o-1024x574.jpg","type":"image\/jpeg"}],"twitter_card":"summary","twitter_misc":{"Written by":"Carolina Parra","Est. reading time":"4 minutes"},"schema":{"@context":"https:\/\/schema.org","@graph":[{"@type":"WebSite","@id":"https:\/\/seecolombia.travel\/blog\/#website","url":"https:\/\/seecolombia.travel\/blog\/","name":"Colombia Travel Blog by See Colombia Travel","description":"Colombia Travel Blog: An international perspective on travelling in Colombia by world travellers.","potentialAction":[{"@type":"SearchAction","target":{"@type":"EntryPoint","urlTemplate":"https:\/\/seecolombia.travel\/blog\/?s={search_term_string}"},"query-input":"required name=search_term_string"}],"inLanguage":"en-US"},{"@type":"ImageObject","inLanguage":"en-US","@id":"https:\/\/seecolombia.travel\/blog\/2014\/01\/5-propositos-que-tenemos-como-colombianos-para-el-2014\/#primaryimage","url":"https:\/\/seecolombia.travel\/blog\/wp-content\/uploads\/2013\/02\/7741339738_77697e92c5_o.jpg","contentUrl":"https:\/\/seecolombia.travel\/blog\/wp-content\/uploads\/2013\/02\/7741339738_77697e92c5_o.jpg","width":4592,"height":2576,"caption":"Somewhere in the Colombian Caribbean ...."},{"@type":"WebPage","@id":"https:\/\/seecolombia.travel\/blog\/2014\/01\/5-propositos-que-tenemos-como-colombianos-para-el-2014\/#webpage","url":"https:\/\/seecolombia.travel\/blog\/2014\/01\/5-propositos-que-tenemos-como-colombianos-para-el-2014\/","name":"5 Prop\u00f3sitos que tenemos como colombianos para el 2014. - Colombia Travel Blog by See Colombia Travel","isPartOf":{"@id":"https:\/\/seecolombia.travel\/blog\/#website"},"primaryImageOfPage":{"@id":"https:\/\/seecolombia.travel\/blog\/2014\/01\/5-propositos-que-tenemos-como-colombianos-para-el-2014\/#primaryimage"},"datePublished":"2014-01-02T18:20:48+00:00","dateModified":"2021-08-23T15:45:40+00:00","author":{"@id":"https:\/\/seecolombia.travel\/blog\/#\/schema\/person\/1a8dfc8e32bef464a17d083ff793fab8"},"breadcrumb":{"@id":"https:\/\/seecolombia.travel\/blog\/2014\/01\/5-propositos-que-tenemos-como-colombianos-para-el-2014\/#breadcrumb"},"inLanguage":"en-US","potentialAction":[{"@type":"ReadAction","target":["https:\/\/seecolombia.travel\/blog\/2014\/01\/5-propositos-que-tenemos-como-colombianos-para-el-2014\/"]}]},{"@type":"BreadcrumbList","@id":"https:\/\/seecolombia.travel\/blog\/2014\/01\/5-propositos-que-tenemos-como-colombianos-para-el-2014\/#breadcrumb","itemListElement":[{"@type":"ListItem","position":1,"name":"Home","item":"https:\/\/seecolombia.travel\/blog\/"},{"@type":"ListItem","position":2,"name":"5 Prop\u00f3sitos que tenemos como colombianos para el 2014."}]},{"@type":"Person","@id":"https:\/\/seecolombia.travel\/blog\/#\/schema\/person\/1a8dfc8e32bef464a17d083ff793fab8","name":"Carolina Parra","image":{"@type":"ImageObject","inLanguage":"en-US","@id":"https:\/\/seecolombia.travel\/blog\/#\/schema\/person\/image\/","url":"https:\/\/secure.gravatar.com\/avatar\/c9e6563d7aebe647ff6f6ec529984132?s=96&d=retro&r=g","contentUrl":"https:\/\/secure.gravatar.com\/avatar\/c9e6563d7aebe647ff6f6ec529984132?s=96&d=retro&r=g","caption":"Carolina Parra"},"description":"Hola! Soy una rolita apasionada por mostrar los lugares mas ch\u00e9veres que puede ofrecer mi pa\u00eds al resto del mundo . Me divierto escuchando las historias contadas por extranjeros y de hecho he disfrutado traducir los posts m\u00e1s populares, siempre busco mantener la chispa y el estilo de cada autor. Creo que puedes llevar mucho tiempo viviendo en un lugar y no conocerlo por eso he decidido emprender un viaje por el pa\u00eds el cual estar\u00e9 compartiendo con ustedes.","url":"https:\/\/seecolombia.travel\/blog\/author\/carolina\/"}]}},"amp_enabled":true,"_links":{"self":[{"href":"https:\/\/seecolombia.travel\/blog\/wp-json\/wp\/v2\/posts\/12689"}],"collection":[{"href":"https:\/\/seecolombia.travel\/blog\/wp-json\/wp\/v2\/posts"}],"about":[{"href":"https:\/\/seecolombia.travel\/blog\/wp-json\/wp\/v2\/types\/post"}],"author":[{"embeddable":true,"href":"https:\/\/seecolombia.travel\/blog\/wp-json\/wp\/v2\/users\/88892"}],"replies":[{"embeddable":true,"href":"https:\/\/seecolombia.travel\/blog\/wp-json\/wp\/v2\/comments?post=12689"}],"version-history":[{"count":22,"href":"https:\/\/seecolombia.travel\/blog\/wp-json\/wp\/v2\/posts\/12689\/revisions"}],"predecessor-version":[{"id":26356,"href":"https:\/\/seecolombia.travel\/blog\/wp-json\/wp\/v2\/posts\/12689\/revisions\/26356"}],"wp:featuredmedia":[{"embeddable":true,"href":"https:\/\/seecolombia.travel\/blog\/wp-json\/wp\/v2\/media\/6661"}],"wp:attachment":[{"href":"https:\/\/seecolombia.travel\/blog\/wp-json\/wp\/v2\/media?parent=12689"}],"wp:term":[{"taxonomy":"category","embeddable":true,"href":"https:\/\/seecolombia.travel\/blog\/wp-json\/wp\/v2\/categories?post=12689"},{"taxonomy":"post_tag","embeddable":true,"href":"https:\/\/seecolombia.travel\/blog\/wp-json\/wp\/v2\/tags?post=12689"}],"curies":[{"name":"wp","href":"https:\/\/api.w.org\/{rel}","templated":true}]}}