{"id":12390,"date":"2013-12-10T19:34:05","date_gmt":"2013-12-11T00:34:05","guid":{"rendered":"http:\/\/seecolombia.travel\/blog\/?p=12390"},"modified":"2021-03-16T17:45:53","modified_gmt":"2021-03-16T22:45:53","slug":"colombia-tiene-el-mejor-blog-de-viajes-de-las-americas-gracias-a-todos","status":"publish","type":"post","link":"https:\/\/seecolombia.travel\/blog\/2013\/12\/colombia-tiene-el-mejor-blog-de-viajes-de-las-americas-gracias-a-todos\/","title":{"rendered":"Colombia tiene el mejor blog de viajes de las Am\u00e9ricas. !Gracias a todos!"},"content":{"rendered":"<p>&nbsp;<\/p>\n<figure id=\"attachment_12401\" aria-describedby=\"caption-attachment-12401\" style=\"width: 360px\" class=\"wp-caption alignleft\"><a href=\"http:\/\/seecolombia.travel\/blog\/2013\/12\/colombia-tiene-el-mejor-blog-de-viajes-de-las-americas-gracias-a-todos\/colombia-travel-blog-el-espectador\/\" rel=\"attachment wp-att-12401\"><img loading=\"lazy\" class=\" wp-image-12401 \" src=\"https:\/\/seecolombia.travel\/blog\/wp-content\/uploads\/2013\/12\/Colombia-Travel-Blog-El-Espectador-e1386700278450.jpg\" alt=\"Colombia Travel Blog en El Espectador\" width=\"360\" height=\"240\" \/><\/a><figcaption id=\"caption-attachment-12401\" class=\"wp-caption-text\">En la secci\u00f3n Buen Viaje de El Espectador<\/figcaption><\/figure>\n<p><strong>\u00a1Hola a todos!<\/strong> Despu\u00e9s de varias horas de descanso, volvemos a nuestras labores blogueras. Han sido d\u00edas de mucho esfuerzo, pues como ustedes saben trabajamos muy duro para poder ser elegidos el <a title=\"Colombia mejor d eviajes fitur 2014\" href=\"https:\/\/www.facebook.com\/photo.php?fbid=10151957027379279&amp;set=a.261361369278.142952.169509019278&amp;type=1&amp;theater\" target=\"_blank\" rel=\"noopener\"><strong>mejor blog de viajes de las Am\u00e9ricas en FITUR 2014<\/strong><\/a>, asi que \u00a0primero lo primero: <strong>\u00a1MUCHISIMAS GRACIAS A TODOS POR SUS VOTOS!<\/strong><\/p>\n<p>Sin el apoyo de todos ustedes esto no podr\u00eda haber sido realidad.<\/p>\n<p>Ya les hemos contado como el a\u00f1o pasado nos quedamos con la espina <a title=\"Colombia Fitur 2013\" href=\"http:\/\/seecolombia.travel\/blog\/2012\/12\/gracias-por-votar-por-colombia\/\" target=\"_blank\" rel=\"noopener\"><strong>despu\u00e9s de resultar segundos<\/strong><\/a> frente a nuestro ahora amigo Frank del blog peruano Infodestino \u00a0y ademas les comentabamos sobre la importancia de que <strong>un blog que habla de Colombia resaltando sus cualidades positivas<\/strong> y de destino tur\u00edstico,\u00a0<a title=\"Colombia en FITUR\" href=\"http:\/\/seecolombia.travel\/blog\/2013\/12\/por-que-es-importante-que-colombia-tenga-el-mejor-blog-de-viajes-de-las-americas-y-votar-rapido\/\" target=\"_blank\" rel=\"noopener\">tenga la exposici\u00f3n que el pa\u00eds merece<\/a> en FITUR, una de las <strong>ferias de turismo m\u00e1s importantes del mundo.<\/strong><\/p>\n<p>Este a\u00f1o \u00edbamos m\u00e1s preparados y desde el inicio quisimos demostrar\u00a0 mediante votos <strong>la pasi\u00f3n de los colombianos<\/strong> ante la posibilidad de mostrar la cara feliz de nuestro querido pa\u00eds, adoptivo para algunos de nosotros y natal para otros. A diferencia de la edici\u00f3n 2013 del concurso. adem\u00e1s se nos planteaba un reto extra, como el a\u00f1o pasado las votaciones se hac\u00edan mediante un app de Facebook que no funcionaba para m\u00f3viles pero esta vez adicionalmente <strong>se pod\u00eda votar por Twitter marcando en un tweet a Fitur y utilizando un hashtag especifico<\/strong> , no era una misi\u00f3n f\u00e1cil de comunicar.<\/p>\n<p>Si alguna lecci\u00f3n nos dej\u00f3 la experiencia anterior, fue que <strong>la estrategia deb\u00eda basarse no solamente en el aspecto online<\/strong>, sino tambi\u00e9n en tratar de llamar la atenci\u00f3n de medios que supieran entender y transmitir la importancia del evento para generar votos, as\u00ed esta vez no cometimos el error de apoyarnos en una sola instituci\u00f3n como lo hicimos antes, sino que fuimos nosotros mismos durante los 9 d\u00edas los que tocamos puertas de <strong>colegas, amigos, medios e influenciadores en redes sociales<\/strong>, para explicarles nuestra misi\u00f3n y la trascendencia del concurso.<\/p>\n<p><a style=\"background-color: #eeeeee;text-align: center;line-height: 19px\" href=\"http:\/\/seecolombia.travel\/blog\/2013\/12\/colombia-tiene-el-mejor-blog-de-viajes-de-las-americas-gracias-a-todos\/see-colombia-travel-el-tiempo\/\" rel=\"attachment wp-att-12394\"><img loading=\"lazy\" class=\"size-full wp-image-12394\" src=\"https:\/\/seecolombia.travel\/blog\/wp-content\/uploads\/2013\/12\/See-Colombia-Travel-El-Tiempo.jpg\" alt=\"Colombia Travel Blog en El Tiempo\" width=\"671\" height=\"312\" srcset=\"https:\/\/seecolombia.travel\/blog\/wp-content\/uploads\/2013\/12\/See-Colombia-Travel-El-Tiempo.jpg 671w, https:\/\/seecolombia.travel\/blog\/wp-content\/uploads\/2013\/12\/See-Colombia-Travel-El-Tiempo-300x139.jpg 300w\" sizes=\"(max-width: 671px) 100vw, 671px\" \/><\/a><\/p>\n<dl id=\"attachment_12394\" class=\"wp-caption aligncenter\" style=\"width: 681px\">\n<dd class=\"wp-caption-dd\">Con Juan Uribe en El Tiempo Television<\/dd>\n<\/dl>\n<p>&nbsp;<\/p>\n<p>No fue una tarea f\u00e1cil, <strong>nos dimos con muchas paredes<\/strong>, promesas de difusi\u00f3n y \u201ctweet salvadores\u201d que nunca llegaron, pero afortunadamente nos encontramos con un magnifico grupo de personas que hicieron suya nuestra cruzada y finalmente<strong> nos ayudaron a que miles de colombianos y amantes de Colombia votaran para obtener este premio<\/strong>, merecido por todo el pa\u00eds.<\/p>\n<p>Nuestros agradecimientos a todos los medios que nos apoyaron y en especial a <strong>John Mikan<\/strong> de <a title=\"3 comunicaciones\" href=\"http:\/\/www.3comunicaciones.co\/\" target=\"_blank\" rel=\"noopener\">3 Comunicaciones<\/a> que desinteresadamente fue el primero en lanzar una nota de prensa el mismo d\u00eda de la nominaci\u00f3n, a nuestra colega y siempre amiga <strong>Toya<\/strong> de <a title=\"Colombia de Una\" href=\"http:\/\/colombiadeuna.com\/\" target=\"_blank\" rel=\"noopener\">Colombia de Una<\/a>, a <strong>Juan Uribe<\/strong> de El Tiempo, a <strong>Luis<\/strong> de <a title=\"Superlikers\" href=\"http:\/\/superlikers.com\/\" target=\"_blank\" rel=\"noopener\">Superlikers<\/a> , a <a title=\"marca Colombia\" href=\"https:\/\/www.facebook.com\/marcacolombia?fref=ts\" target=\"_blank\" rel=\"noopener\"><strong>Marca Colombia<\/strong> <\/a>por su constante apoyo en redes sociales y su gesti\u00f3n de prensa y a<a title=\"Viajando sin Papel Higienico\" href=\"http:\/\/www.youtube.com\/user\/viajandosinpapel?feature=watch\" target=\"_blank\" rel=\"noopener\"><strong> Daniel Tirado<\/strong><\/a> por su entusiasta difusi\u00f3n.<\/p>\n<p>&nbsp;<\/p>\n<figure id=\"attachment_12396\" aria-describedby=\"caption-attachment-12396\" style=\"width: 600px\" class=\"wp-caption aligncenter\"><a href=\"http:\/\/seecolombia.travel\/blog\/2013\/12\/colombia-tiene-el-mejor-blog-de-viajes-de-las-americas-gracias-a-todos\/como-en-casa\/\" rel=\"attachment wp-att-12396\"><img loading=\"lazy\" class=\"size-full wp-image-12396\" src=\"https:\/\/seecolombia.travel\/blog\/wp-content\/uploads\/2013\/12\/Como-en-Casa.jpg\" alt=\"Como en Casa Colombia Travel Blog\" width=\"600\" height=\"338\" srcset=\"https:\/\/seecolombia.travel\/blog\/wp-content\/uploads\/2013\/12\/Como-en-Casa.jpg 600w, https:\/\/seecolombia.travel\/blog\/wp-content\/uploads\/2013\/12\/Como-en-Casa-300x169.jpg 300w\" sizes=\"(max-width: 600px) 100vw, 600px\" \/><\/a><figcaption id=\"caption-attachment-12396\" class=\"wp-caption-text\">Marcela y JL con Adriana Betancur , Lina Polania, RafaTaibo y Carlos Calero en el set de Como en Casa<\/figcaption><\/figure>\n<p>&nbsp;<\/p>\n<p>Agradecimientos aparte queremos darle a la producci\u00f3n y conductores de <a title=\"Como en Casa\" href=\"http:\/\/www.tvcolombia.com\/vercontenido.php?idM=4&amp;idL=3&amp;idC=763\" target=\"_blank\" rel=\"noopener\">\u201c<strong>Como en Casa<\/strong>\u201d<\/a>, donde aparecimos en vivo el \u00faltimo domingo, cerrando nuestra corta\u201dcampa\u00f1a\u201d de medios . <strong><a title=\"Twitter Lina Polania\" href=\"https:\/\/twitter.com\/LinaPolania\" target=\"_blank\" rel=\"noopener\">Lina Polania<\/a>, <a title=\"Twitter Adriana Betancour\" href=\"https:\/\/twitter.com\/adri_betancur\" target=\"_blank\" rel=\"noopener\">Adriana Betancur<\/a>, <a title=\"twitter Carlos Calero\" href=\"@carloscalerorcn\" target=\"_blank\" rel=\"noopener\">Carlos Calero<\/a>, <a title=\"Twitter Rafa Taibo\" href=\"https:\/\/twitter.com\/rafataibo\" target=\"_blank\" rel=\"noopener\">Rafa Taibo <\/a><\/strong>y<a title=\"Twitter Tulio Zuloaga\" href=\"https:\/\/twitter.com\/TULIOZULOAGA\" target=\"_blank\" rel=\"noopener\"><strong> Tulio Zuloaga<\/strong><\/a> tuvieron la generosidad no solamente de promocionar de forma apasionada el concurso al aire sino de <strong>votar y pedir RTs \u00a0a sus miles de seguidores en ese momento y horas despu\u00e9s<\/strong>, ayudando a despuntarnos en las votaciones y alejar el fantasma del a\u00f1o anterior en el que Colombia qued\u00f3 fuera en las \u00faltimas horas.<\/p>\n<p>Ahora nos toca el <strong>enorme honor y responsabilidad<\/strong> de contarle a la industria del turismo por qu\u00e9\u00a0hacemos lo que hacemos, por qu\u00e9\u00a0 Colombia nos apasiona y por qu\u00e9\u00a0 este es un pa\u00eds maravilloso que nosotros, viajeros del mundo, decidimos llamar nuestro hogar.<\/p>\n<p>Gracias a nuestro maravilloso equipo: a <strong>Paul, Azzam, Paul G, Lydia, Carolina<\/strong> y todos los que han colaborado alguna vez con <a title=\"Propuesta de Matrimonio Facebook\" href=\"http:\/\/seecolombia.travel\/blog\/2012\/05\/contra-la-corriente-como-mi-regreso-a-colombia-cambio-mi-vida-por-completo-o-una-historia-de-amor-por-colombia\/\" target=\"_blank\" rel=\"noopener\">este sue\u00f1o iniciado por Marce<\/a>. Son un equipo incre\u00edble.<\/p>\n<p>A nuestros <strong>amigos y familia<\/strong> por su incondicional y constante apoyo.<\/p>\n<p>Pero sobre todo <strong>gracias a nuestros lectores colombianos y de fuera<\/strong>, que nos incentivan con sus comentarios y aliento a seguir con esta misi\u00f3n: La misi\u00f3n<strong>\u00a0de contagiarle al mundo nuestra pasi\u00f3n y entusiasmo sobre Colombia.<\/strong><\/p>\n<p>\u00a1Viva Colombia!<\/p>\n<p>El equipo de See Colombia Travel<\/p>\n","protected":false},"excerpt":{"rendered":"<p>&nbsp; \u00a1Hola a todos! Despu\u00e9s de varias horas de descanso, volvemos a nuestras labores blogueras. Han sido d\u00edas de mucho esfuerzo, pues como ustedes saben trabajamos muy duro para poder ser elegidos el mejor blog de viajes de las Am\u00e9ricas en FITUR 2014, asi que \u00a0primero lo primero: \u00a1MUCHISIMAS GRACIAS A TODOS POR SUS VOTOS! [&hellip;]<\/p>\n","protected":false},"author":3,"featured_media":12391,"comment_status":"open","ping_status":"open","sticky":false,"template":"","format":"standard","meta":{"ngg_post_thumbnail":0},"categories":[1860,35,4,1667,865,1523,2019],"tags":[2973,1605],"yoast_head":"<!-- This site is optimized with the Yoast SEO Premium plugin v18.4 (Yoast SEO v18.9) - https:\/\/yoast.com\/wordpress\/plugins\/seo\/ -->\n<title>Colombia tiene el mejor blog de viajes de las Am\u00e9ricas. !Gracias a todos! - Colombia Travel Blog by See Colombia Travel<\/title>\n<meta name=\"robots\" content=\"index, follow, max-snippet:-1, max-image-preview:large, max-video-preview:-1\" \/>\n<link rel=\"canonical\" href=\"https:\/\/seecolombia.travel\/blog\/2013\/12\/colombia-tiene-el-mejor-blog-de-viajes-de-las-americas-gracias-a-todos\/\" \/>\n<meta property=\"og:locale\" content=\"en_US\" \/>\n<meta property=\"og:type\" content=\"article\" \/>\n<meta property=\"og:title\" content=\"Colombia tiene el mejor blog de viajes de las Am\u00e9ricas. !Gracias a todos!\" \/>\n<meta property=\"og:description\" content=\"&nbsp; \u00a1Hola a todos! Despu\u00e9s de varias horas de descanso, volvemos a nuestras labores blogueras. Han sido d\u00edas de mucho esfuerzo, pues como ustedes saben trabajamos muy duro para poder ser elegidos el mejor blog de viajes de las Am\u00e9ricas en FITUR 2014, asi que \u00a0primero lo primero: \u00a1MUCHISIMAS GRACIAS A TODOS POR SUS VOTOS! [&hellip;]\" \/>\n<meta property=\"og:url\" content=\"https:\/\/seecolombia.travel\/blog\/2013\/12\/colombia-tiene-el-mejor-blog-de-viajes-de-las-americas-gracias-a-todos\/\" \/>\n<meta property=\"og:site_name\" content=\"Colombia Travel Blog by See Colombia Travel\" \/>\n<meta property=\"article:published_time\" content=\"2013-12-11T00:34:05+00:00\" \/>\n<meta property=\"article:modified_time\" content=\"2021-03-16T22:45:53+00:00\" \/>\n<meta property=\"og:image\" content=\"https:\/\/seecolombia.travel\/blog\/wp-content\/uploads\/2013\/12\/GRACIAS-COLOMBIA.jpg\" \/>\n\t<meta property=\"og:image:width\" content=\"800\" \/>\n\t<meta property=\"og:image:height\" content=\"531\" \/>\n\t<meta property=\"og:image:type\" content=\"image\/jpeg\" \/>\n<meta name=\"twitter:card\" content=\"summary\" \/>\n<meta name=\"twitter:label1\" content=\"Written by\" \/>\n\t<meta name=\"twitter:data1\" content=\"JL\" \/>\n\t<meta name=\"twitter:label2\" content=\"Est. reading time\" \/>\n\t<meta name=\"twitter:data2\" content=\"4 minutes\" \/>\n<script type=\"application\/ld+json\" class=\"yoast-schema-graph\">{\"@context\":\"https:\/\/schema.org\",\"@graph\":[{\"@type\":\"WebSite\",\"@id\":\"https:\/\/seecolombia.travel\/blog\/#website\",\"url\":\"https:\/\/seecolombia.travel\/blog\/\",\"name\":\"Colombia Travel Blog by See Colombia Travel\",\"description\":\"Colombia Travel Blog: An international perspective on travelling in Colombia by world travellers.\",\"potentialAction\":[{\"@type\":\"SearchAction\",\"target\":{\"@type\":\"EntryPoint\",\"urlTemplate\":\"https:\/\/seecolombia.travel\/blog\/?s={search_term_string}\"},\"query-input\":\"required name=search_term_string\"}],\"inLanguage\":\"en-US\"},{\"@type\":\"ImageObject\",\"inLanguage\":\"en-US\",\"@id\":\"https:\/\/seecolombia.travel\/blog\/2013\/12\/colombia-tiene-el-mejor-blog-de-viajes-de-las-americas-gracias-a-todos\/#primaryimage\",\"url\":\"https:\/\/seecolombia.travel\/blog\/wp-content\/uploads\/2013\/12\/GRACIAS-COLOMBIA.jpg\",\"contentUrl\":\"https:\/\/seecolombia.travel\/blog\/wp-content\/uploads\/2013\/12\/GRACIAS-COLOMBIA.jpg\",\"width\":800,\"height\":531,\"caption\":\"Colombia tiene el mejor blog de viajes de america\"},{\"@type\":\"WebPage\",\"@id\":\"https:\/\/seecolombia.travel\/blog\/2013\/12\/colombia-tiene-el-mejor-blog-de-viajes-de-las-americas-gracias-a-todos\/#webpage\",\"url\":\"https:\/\/seecolombia.travel\/blog\/2013\/12\/colombia-tiene-el-mejor-blog-de-viajes-de-las-americas-gracias-a-todos\/\",\"name\":\"Colombia tiene el mejor blog de viajes de las Am\u00e9ricas. !Gracias a todos! - Colombia Travel Blog by See Colombia Travel\",\"isPartOf\":{\"@id\":\"https:\/\/seecolombia.travel\/blog\/#website\"},\"primaryImageOfPage\":{\"@id\":\"https:\/\/seecolombia.travel\/blog\/2013\/12\/colombia-tiene-el-mejor-blog-de-viajes-de-las-americas-gracias-a-todos\/#primaryimage\"},\"datePublished\":\"2013-12-11T00:34:05+00:00\",\"dateModified\":\"2021-03-16T22:45:53+00:00\",\"author\":{\"@id\":\"https:\/\/seecolombia.travel\/blog\/#\/schema\/person\/d83df03ea54d1f0911d7098ebe26db49\"},\"breadcrumb\":{\"@id\":\"https:\/\/seecolombia.travel\/blog\/2013\/12\/colombia-tiene-el-mejor-blog-de-viajes-de-las-americas-gracias-a-todos\/#breadcrumb\"},\"inLanguage\":\"en-US\",\"potentialAction\":[{\"@type\":\"ReadAction\",\"target\":[\"https:\/\/seecolombia.travel\/blog\/2013\/12\/colombia-tiene-el-mejor-blog-de-viajes-de-las-americas-gracias-a-todos\/\"]}]},{\"@type\":\"BreadcrumbList\",\"@id\":\"https:\/\/seecolombia.travel\/blog\/2013\/12\/colombia-tiene-el-mejor-blog-de-viajes-de-las-americas-gracias-a-todos\/#breadcrumb\",\"itemListElement\":[{\"@type\":\"ListItem\",\"position\":1,\"name\":\"Home\",\"item\":\"https:\/\/seecolombia.travel\/blog\/\"},{\"@type\":\"ListItem\",\"position\":2,\"name\":\"Colombia tiene el mejor blog de viajes de las Am\u00e9ricas. !Gracias a todos!\"}]},{\"@type\":\"Person\",\"@id\":\"https:\/\/seecolombia.travel\/blog\/#\/schema\/person\/d83df03ea54d1f0911d7098ebe26db49\",\"name\":\"JL\",\"image\":{\"@type\":\"ImageObject\",\"inLanguage\":\"en-US\",\"@id\":\"https:\/\/seecolombia.travel\/blog\/#\/schema\/person\/image\/\",\"url\":\"https:\/\/secure.gravatar.com\/avatar\/68a3ba6dc377250ef6eb8cd56865210e?s=96&d=retro&r=g\",\"contentUrl\":\"https:\/\/secure.gravatar.com\/avatar\/68a3ba6dc377250ef6eb8cd56865210e?s=96&d=retro&r=g\",\"caption\":\"JL\"},\"description\":\"Ciudadano del mundo, nuestro Gerente de Marketing y comunicaciones se define como viajero, pap\u00e1, esposo y empresario. Es co-creador de Colombia Travel Blog junto a su esposa Marcela y creador de Fogg, la agencia de contenidos que produce el popular programa 3 Travel Bloggers. ----------- Our Marketing and Communications Manager, a self proclaimed citizen of the world, was born in Peru and raised in a number of different countries \u2013 including Angola, Thailand and Iceland \u2013 which instilled a deep love of travel and cultural diversity within him. With an extensive education in Marketing and Communications and after leaving a successful corporate career in the Telecom Industry, JL is now advocated to professionalize travel blogging in Latin America.\",\"sameAs\":[\"http:\/\/www.seecolombia.travel\"],\"url\":\"https:\/\/seecolombia.travel\/blog\/author\/jl\/\"}]}<\/script>\n<!-- \/ Yoast SEO Premium plugin. -->","yoast_head_json":{"title":"Colombia tiene el mejor blog de viajes de las Am\u00e9ricas. !Gracias a todos! - Colombia Travel Blog by See Colombia Travel","robots":{"index":"index","follow":"follow","max-snippet":"max-snippet:-1","max-image-preview":"max-image-preview:large","max-video-preview":"max-video-preview:-1"},"canonical":"https:\/\/seecolombia.travel\/blog\/2013\/12\/colombia-tiene-el-mejor-blog-de-viajes-de-las-americas-gracias-a-todos\/","og_locale":"en_US","og_type":"article","og_title":"Colombia tiene el mejor blog de viajes de las Am\u00e9ricas. !Gracias a todos!","og_description":"&nbsp; \u00a1Hola a todos! Despu\u00e9s de varias horas de descanso, volvemos a nuestras labores blogueras. Han sido d\u00edas de mucho esfuerzo, pues como ustedes saben trabajamos muy duro para poder ser elegidos el mejor blog de viajes de las Am\u00e9ricas en FITUR 2014, asi que \u00a0primero lo primero: \u00a1MUCHISIMAS GRACIAS A TODOS POR SUS VOTOS! [&hellip;]","og_url":"https:\/\/seecolombia.travel\/blog\/2013\/12\/colombia-tiene-el-mejor-blog-de-viajes-de-las-americas-gracias-a-todos\/","og_site_name":"Colombia Travel Blog by See Colombia Travel","article_published_time":"2013-12-11T00:34:05+00:00","article_modified_time":"2021-03-16T22:45:53+00:00","og_image":[{"width":800,"height":531,"url":"https:\/\/seecolombia.travel\/blog\/wp-content\/uploads\/2013\/12\/GRACIAS-COLOMBIA.jpg","type":"image\/jpeg"}],"twitter_card":"summary","twitter_misc":{"Written by":"JL","Est. reading time":"4 minutes"},"schema":{"@context":"https:\/\/schema.org","@graph":[{"@type":"WebSite","@id":"https:\/\/seecolombia.travel\/blog\/#website","url":"https:\/\/seecolombia.travel\/blog\/","name":"Colombia Travel Blog by See Colombia Travel","description":"Colombia Travel Blog: An international perspective on travelling in Colombia by world travellers.","potentialAction":[{"@type":"SearchAction","target":{"@type":"EntryPoint","urlTemplate":"https:\/\/seecolombia.travel\/blog\/?s={search_term_string}"},"query-input":"required name=search_term_string"}],"inLanguage":"en-US"},{"@type":"ImageObject","inLanguage":"en-US","@id":"https:\/\/seecolombia.travel\/blog\/2013\/12\/colombia-tiene-el-mejor-blog-de-viajes-de-las-americas-gracias-a-todos\/#primaryimage","url":"https:\/\/seecolombia.travel\/blog\/wp-content\/uploads\/2013\/12\/GRACIAS-COLOMBIA.jpg","contentUrl":"https:\/\/seecolombia.travel\/blog\/wp-content\/uploads\/2013\/12\/GRACIAS-COLOMBIA.jpg","width":800,"height":531,"caption":"Colombia tiene el mejor blog de viajes de america"},{"@type":"WebPage","@id":"https:\/\/seecolombia.travel\/blog\/2013\/12\/colombia-tiene-el-mejor-blog-de-viajes-de-las-americas-gracias-a-todos\/#webpage","url":"https:\/\/seecolombia.travel\/blog\/2013\/12\/colombia-tiene-el-mejor-blog-de-viajes-de-las-americas-gracias-a-todos\/","name":"Colombia tiene el mejor blog de viajes de las Am\u00e9ricas. !Gracias a todos! - Colombia Travel Blog by See Colombia Travel","isPartOf":{"@id":"https:\/\/seecolombia.travel\/blog\/#website"},"primaryImageOfPage":{"@id":"https:\/\/seecolombia.travel\/blog\/2013\/12\/colombia-tiene-el-mejor-blog-de-viajes-de-las-americas-gracias-a-todos\/#primaryimage"},"datePublished":"2013-12-11T00:34:05+00:00","dateModified":"2021-03-16T22:45:53+00:00","author":{"@id":"https:\/\/seecolombia.travel\/blog\/#\/schema\/person\/d83df03ea54d1f0911d7098ebe26db49"},"breadcrumb":{"@id":"https:\/\/seecolombia.travel\/blog\/2013\/12\/colombia-tiene-el-mejor-blog-de-viajes-de-las-americas-gracias-a-todos\/#breadcrumb"},"inLanguage":"en-US","potentialAction":[{"@type":"ReadAction","target":["https:\/\/seecolombia.travel\/blog\/2013\/12\/colombia-tiene-el-mejor-blog-de-viajes-de-las-americas-gracias-a-todos\/"]}]},{"@type":"BreadcrumbList","@id":"https:\/\/seecolombia.travel\/blog\/2013\/12\/colombia-tiene-el-mejor-blog-de-viajes-de-las-americas-gracias-a-todos\/#breadcrumb","itemListElement":[{"@type":"ListItem","position":1,"name":"Home","item":"https:\/\/seecolombia.travel\/blog\/"},{"@type":"ListItem","position":2,"name":"Colombia tiene el mejor blog de viajes de las Am\u00e9ricas. !Gracias a todos!"}]},{"@type":"Person","@id":"https:\/\/seecolombia.travel\/blog\/#\/schema\/person\/d83df03ea54d1f0911d7098ebe26db49","name":"JL","image":{"@type":"ImageObject","inLanguage":"en-US","@id":"https:\/\/seecolombia.travel\/blog\/#\/schema\/person\/image\/","url":"https:\/\/secure.gravatar.com\/avatar\/68a3ba6dc377250ef6eb8cd56865210e?s=96&d=retro&r=g","contentUrl":"https:\/\/secure.gravatar.com\/avatar\/68a3ba6dc377250ef6eb8cd56865210e?s=96&d=retro&r=g","caption":"JL"},"description":"Ciudadano del mundo, nuestro Gerente de Marketing y comunicaciones se define como viajero, pap\u00e1, esposo y empresario. Es co-creador de Colombia Travel Blog junto a su esposa Marcela y creador de Fogg, la agencia de contenidos que produce el popular programa 3 Travel Bloggers. ----------- Our Marketing and Communications Manager, a self proclaimed citizen of the world, was born in Peru and raised in a number of different countries \u2013 including Angola, Thailand and Iceland \u2013 which instilled a deep love of travel and cultural diversity within him. With an extensive education in Marketing and Communications and after leaving a successful corporate career in the Telecom Industry, JL is now advocated to professionalize travel blogging in Latin America.","sameAs":["http:\/\/www.seecolombia.travel"],"url":"https:\/\/seecolombia.travel\/blog\/author\/jl\/"}]}},"amp_enabled":true,"_links":{"self":[{"href":"https:\/\/seecolombia.travel\/blog\/wp-json\/wp\/v2\/posts\/12390"}],"collection":[{"href":"https:\/\/seecolombia.travel\/blog\/wp-json\/wp\/v2\/posts"}],"about":[{"href":"https:\/\/seecolombia.travel\/blog\/wp-json\/wp\/v2\/types\/post"}],"author":[{"embeddable":true,"href":"https:\/\/seecolombia.travel\/blog\/wp-json\/wp\/v2\/users\/3"}],"replies":[{"embeddable":true,"href":"https:\/\/seecolombia.travel\/blog\/wp-json\/wp\/v2\/comments?post=12390"}],"version-history":[{"count":37,"href":"https:\/\/seecolombia.travel\/blog\/wp-json\/wp\/v2\/posts\/12390\/revisions"}],"predecessor-version":[{"id":26565,"href":"https:\/\/seecolombia.travel\/blog\/wp-json\/wp\/v2\/posts\/12390\/revisions\/26565"}],"wp:featuredmedia":[{"embeddable":true,"href":"https:\/\/seecolombia.travel\/blog\/wp-json\/wp\/v2\/media\/12391"}],"wp:attachment":[{"href":"https:\/\/seecolombia.travel\/blog\/wp-json\/wp\/v2\/media?parent=12390"}],"wp:term":[{"taxonomy":"category","embeddable":true,"href":"https:\/\/seecolombia.travel\/blog\/wp-json\/wp\/v2\/categories?post=12390"},{"taxonomy":"post_tag","embeddable":true,"href":"https:\/\/seecolombia.travel\/blog\/wp-json\/wp\/v2\/tags?post=12390"}],"curies":[{"name":"wp","href":"https:\/\/api.w.org\/{rel}","templated":true}]}}