{"id":12003,"date":"2013-11-25T05:44:36","date_gmt":"2013-11-25T10:44:36","guid":{"rendered":"http:\/\/seecolombia.travel\/blog\/?p=12003"},"modified":"2016-05-11T16:39:02","modified_gmt":"2016-05-11T21:39:02","slug":"blog-de-viajes-mexico-quien-es-la-catrina","status":"publish","type":"post","link":"https:\/\/seecolombia.travel\/blog\/2013\/11\/blog-de-viajes-mexico-quien-es-la-catrina\/","title":{"rendered":"Blog de Viajes M\u00e9xico: \u00bfQui\u00e9n es la Catrina?"},"content":{"rendered":"<p><strong>Es coqueta, elegante y muy mexicana.<\/strong> Naci\u00f3 como una parodia de la clase alta antes de la revoluci\u00f3n de principios del siglo XX pero es ahora un s\u00edmbolo complej\u00edsimo, digna sucesora de la diosa mesoamericana <a title=\"Mictecacihuatl\" href=\"http:\/\/es.wikipedia.org\/wiki\/Mictecacihuatl\" target=\"_blank\">Mictecacihuatl<\/a>, figura <strong>omnipresente durante el d\u00eda de los muertos<\/strong> y parte fundamental de la iconograf\u00eda de M\u00e9xico.<\/p>\n<p>Pero es, antes que nada, una calavera:<strong> la calavera Catrina.<\/strong><\/p>\n<p>Lo \u00fanico que lament\u00e9 de mi reciente viaje a M\u00e9xico es haber llegado una semana despu\u00e9s de la celebraci\u00f3n del d\u00eda de los muertos y perderme las festividades relacionadas. Me cautiva casi hasta la obsesi\u00f3n la manera en que el pueblo mexicano con una mezcla que refleja el sincretismo de su historia, <strong>celebra con alegr\u00eda a sus muertos<\/strong> pase\u00e1ndose entre \u00a0ritos cristianos, mesoamericanos y hasta paganos. <strong>La muerte en M\u00e9xico<\/strong>, al menos durante estos d\u00edas, se vive con jolgorio, fiestas, tequila y color, <strong>much\u00edsimo color.<\/strong><\/p>\n<p>Adem\u00e1s de parecerme de <strong>una apariencia visual espectacular,<\/strong> sab\u00eda muy poco de la Catrina antes de emprender este viaje, pero iba con la certeza de \u00a0primero, querer aprender sobre ella y su significado y segundo, traerme de vuelta una o varias representaciones suyas en artesan\u00edas para las oficinas de <a title=\"Colombia Travel\" href=\"http:\/\/www.seecolombia.travel\" target=\"_blank\"><strong>See Colombia Travel<\/strong><\/a>.<\/p>\n<figure id=\"attachment_12160\" aria-describedby=\"caption-attachment-12160\" style=\"width: 720px\" class=\"wp-caption aligncenter\"><a href=\"http:\/\/seecolombia.travel\/blog\/2013\/11\/blog-de-viajes-mexico-quien-es-la-catrina\/catrinas-en-guadalajara\/\" rel=\"attachment wp-att-12160\"><img loading=\"lazy\" class=\" wp-image-12160  \" src=\"http:\/\/seecolombia.travel\/blog\/wp-content\/uploads\/2013\/11\/Catrinas-en-Guadalajara.jpg\" alt=\"La Catrina Guadalajara\" width=\"720\" height=\"720\" \/><\/a><figcaption id=\"caption-attachment-12160\" class=\"wp-caption-text\">Catrinas en la plaza central de Guadalajara<\/figcaption><\/figure>\n<p>&nbsp;<\/p>\n<p>Despu\u00e9s de un inicial corto paso por el DF donde poco pude averiguar sobre esta \u201ccalaca\u201d, fue finalmente en <strong>Guadalajara<\/strong> donde viv\u00ed al fin en primera persona la influencia de La Catrina en la cultura local. Hoy, \u00a0aqu\u00ed en su plaza principal a\u00fan permanecen desde \u201cD\u00eda de Muertos\u201d (1 y 2 de Noviembre) m\u00e1s de <strong>100 representaciones en papel mache<\/strong> y \u2013presumiblemente- \u00a0tama\u00f1o natural \u00a0de ella, la muerte, la flaca, la huesuda, la t\u00eda de las muchachas, \u00a0la due\u00f1a de este y cientos de nombres m\u00e1s, <strong>la calavera que se convirti\u00f3 en mucho m\u00e1s de lo que su autor original pretend\u00eda.<\/strong><\/p>\n<figure id=\"attachment_12142\" aria-describedby=\"caption-attachment-12142\" style=\"width: 120px\" class=\"wp-caption alignleft\"><a href=\"http:\/\/seecolombia.travel\/blog\/2013\/11\/blog-de-viajes-mexico-quien-es-la-catrina\/mural-diego-rivera-catrina\/\" rel=\"attachment wp-att-12142\"><img loading=\"lazy\" class=\" wp-image-12142     \" src=\"http:\/\/seecolombia.travel\/blog\/wp-content\/uploads\/2013\/11\/Mural-Diego-Rivera-Catrina.jpg\" alt=\"Diego Rivera Catrina\" width=\"120\" height=\"161\" srcset=\"https:\/\/seecolombia.travel\/blog\/wp-content\/uploads\/2013\/11\/Mural-Diego-Rivera-Catrina.jpg 420w, https:\/\/seecolombia.travel\/blog\/wp-content\/uploads\/2013\/11\/Mural-Diego-Rivera-Catrina-225x300.jpg 225w\" sizes=\"(max-width: 120px) 100vw, 120px\" \/><\/a><figcaption id=\"caption-attachment-12142\" class=\"wp-caption-text\">Diego Rivera representa a &#8220;La Catrina&#8221; en el mural que la hizo famosa.<\/figcaption><\/figure>\n<p>El nombre original de esta calavera fue<strong> \u201cLa Garbancera\u201d<\/strong> y apareci\u00f3 por primera vez en 1910 en un grabado de <strong>Jos\u00e9 Guadalupe Posada<\/strong> como una ir\u00f3nica representaci\u00f3n de aquellos mexicanos criollos que teniendo sangre ind\u00edgena pretend\u00edan ser europeos y que sin tener recursos viv\u00edan de las apariencias (Ver imagen del encabezado). \u00a0Pero fue el famos\u00edsimo muralista<strong> Diego Rivera<\/strong> quien la hizo popular en 1947 al representarla entre muchas otras personalidades destacadas de M\u00e9xico \u2013 incluida su entonces esposa <strong>Frida Kahlo<\/strong> y \u00e9l mismo pintado como un ni\u00f1o \u2013 en su obra <strong><em>\u201cSue\u00f1o de una tarde dominical en Alameda Central\u201d<\/em><\/strong> en la que,<strong> adem\u00e1s de vestir de gala a la calavera<\/strong> que antes solo portaba un elegante sombrero, la rebautiza como \u201cLa Catrina\u201d \u00a0en referencia a los \u201ccatrines\u201d, arist\u00f3cratas de fines del s. XIX.<\/p>\n<p>&nbsp;<\/p>\n<p>Todo esto lo aprendo ac\u00e1 en <a title=\"Artesanias Mis Amores La Catrina\" href=\"https:\/\/www.facebook.com\/pages\/Mis-amores-artesanias\/138140186227179?fref=ts\" target=\"_blank\"><strong>\u201cMis Amores\u201d<\/strong><\/a> la tienda de artesan\u00edas de<strong> Tonal\u00e1<\/strong>, ciudad \u00a0que se encuentra a menos de una hora de Guadalajara, donde finalmente encuentro <strong>el nirvana de las Catrinas.<\/strong> \u00a0Vi la tienda desde la ventana de la camioneta que me transport\u00f3 \u00a0a esta localidad cuya econom\u00eda casi toda se basa las artesan\u00edas y de inmediato supe que iba a pasar ah\u00ed toda la ma\u00f1ana.\u00a0 Este acogedor espacio que <strong>revienta de color desde su letrero de entrada \u00a0<\/strong>es un santuario que resalta el esp\u00edritu \u00a0de los mexicanos \u00a0y <strong>como juegan con la muerte burl\u00e1ndose \u00a0de ella con picard\u00eda<\/strong> y con \u201cel debido respeto\u201d por supuesto.<\/p>\n<figure id=\"attachment_12154\" aria-describedby=\"caption-attachment-12154\" style=\"width: 800px\" class=\"wp-caption aligncenter\"><a href=\"http:\/\/seecolombia.travel\/blog\/2013\/11\/blog-de-viajes-mexico-quien-es-la-catrina\/la-catrina-tienda-mis-amores-en-tonala\/\" rel=\"attachment wp-att-12154\"><img loading=\"lazy\" class=\"size-full wp-image-12154\" src=\"http:\/\/seecolombia.travel\/blog\/wp-content\/uploads\/2013\/11\/La-Catrina-tienda-mis-amores-en-Tonala.jpg\" alt=\"La Catrina Artesanias mis amores\" width=\"800\" height=\"450\" srcset=\"https:\/\/seecolombia.travel\/blog\/wp-content\/uploads\/2013\/11\/La-Catrina-tienda-mis-amores-en-Tonala.jpg 800w, https:\/\/seecolombia.travel\/blog\/wp-content\/uploads\/2013\/11\/La-Catrina-tienda-mis-amores-en-Tonala-300x168.jpg 300w\" sizes=\"(max-width: 800px) 100vw, 800px\" \/><\/a><figcaption id=\"caption-attachment-12154\" class=\"wp-caption-text\">Catrinas por doquier en el interior de la tienda &#8220;Mis Amores&#8221; en Tonala<\/figcaption><\/figure>\n<p>&nbsp;<\/p>\n<p>Las much\u00edsimas representaciones \u00a0de la muerte que me encuentro, de tama\u00f1os, vestidos y materiales muy diversos no hacen sino ratificar que <strong>la relaci\u00f3n de los mexicanos con la Catrina ya es de propiedad popular<\/strong> y est\u00e1 definida por las circunstancias, costumbres y tradiciones de cada regi\u00f3n pero dando un sentido de <strong>identidad que arraiga la cultura entera del pa\u00eds.<\/strong><\/p>\n<p><strong>La Catrina<\/strong>, finalmente es un personaje dual que se relaciona como la paradoja del placer de vivir ante lo inevitable de la muerte. Es decir, <strong>nos recuerda que la vida es aqu\u00ed y ahora<\/strong> y que hay que vivirla a pleno.<\/p>\n<p>Tremenda lecci\u00f3n, viniendo sobre todo de una calavera.<\/p>\n<p><strong><em>* Nuestra estancia en Guadalajara estuvo a cargo de <a title=\"Holiday Inn Guadalajara\" href=\"https:\/\/www.facebook.com\/holidayinngdl?fref=ts\" target=\"_blank\">Holiday Inn \u00a0Centro Historico Guadalajara<\/a>\u00a0 y auspiciada por el concurso \u201c Gane las vacaciones de sus sue\u00f1os\u201d , as\u00ed que si quieres conocer los secretos de Mexico, Colombia o cualquier otra ciudad del mundo con presencia de Holiday Inn no dejes de ingresar <a title=\"Gane las vacaciones de sus suenhos\" href=\"http:\/\/ihg.promo.eprize.com\/latin\/\" target=\"_blank\">aqu\u00ed<\/a> para participar. Queda solamente una semana!<\/em><\/strong><\/p>\n<p>JL<\/p>\n<p>Bonus: Mira a la Catrina cantando en el corto &#8220;Hasta los huesos&#8221;<\/p>\n<p><center><object width=\"320\" height=\"215\" classid=\"clsid:d27cdb6e-ae6d-11cf-96b8-444553540000\" codebase=\"http:\/\/download.macromedia.com\/pub\/shockwave\/cabs\/flash\/swflash.cab#version=6,0,40,0\"><param name=\"allowFullScreen\" value=\"true\" \/><param name=\"allowscriptaccess\" value=\"always\" \/><param name=\"src\" value=\"\/\/www.youtube.com\/v\/9E7wgUTKM0c?version=3&amp;hl=en_US&amp;rel=0\" \/><param name=\"allowfullscreen\" value=\"true\" \/><embed width=\"320\" height=\"215\" type=\"application\/x-shockwave-flash\" src=\"\/\/www.youtube.com\/v\/9E7wgUTKM0c?version=3&amp;hl=en_US&amp;rel=0\" allowfullscreen=\"allowfullscreen\" allowscriptaccess=\"always\" allowfullscreen=\"allowfullscreen\" \/><\/object><\/center><\/p>\n","protected":false},"excerpt":{"rendered":"<p>Es coqueta, elegante y muy mexicana. Naci\u00f3 como una parodia de la clase alta antes de la revoluci\u00f3n de principios del siglo XX pero es ahora un s\u00edmbolo complej\u00edsimo, digna sucesora de la diosa mesoamericana Mictecacihuatl, figura omnipresente durante el d\u00eda de los muertos y parte fundamental de la iconograf\u00eda de M\u00e9xico. Pero es, antes [&hellip;]<\/p>\n","protected":false},"author":3,"featured_media":12004,"comment_status":"open","ping_status":"open","sticky":false,"template":"","format":"standard","meta":{"ngg_post_thumbnail":0},"categories":[1860,865,1989,2064,2082,2062,2063],"tags":[1605,2952,2953,2951],"yoast_head":"<!-- This site is optimized with the Yoast SEO Premium plugin v18.4 (Yoast SEO v18.9) - https:\/\/yoast.com\/wordpress\/plugins\/seo\/ -->\n<title>Blog de Viajes M\u00e9xico: \u00bfQui\u00e9n es la Catrina? - Colombia Travel Blog by See Colombia Travel<\/title>\n<meta name=\"robots\" content=\"index, follow, max-snippet:-1, max-image-preview:large, max-video-preview:-1\" \/>\n<link rel=\"canonical\" href=\"https:\/\/seecolombia.travel\/blog\/2013\/11\/blog-de-viajes-mexico-quien-es-la-catrina\/\" \/>\n<meta property=\"og:locale\" content=\"en_US\" \/>\n<meta property=\"og:type\" content=\"article\" \/>\n<meta property=\"og:title\" content=\"Blog de Viajes M\u00e9xico: \u00bfQui\u00e9n es la Catrina?\" \/>\n<meta property=\"og:description\" content=\"Es coqueta, elegante y muy mexicana. Naci\u00f3 como una parodia de la clase alta antes de la revoluci\u00f3n de principios del siglo XX pero es ahora un s\u00edmbolo complej\u00edsimo, digna sucesora de la diosa mesoamericana Mictecacihuatl, figura omnipresente durante el d\u00eda de los muertos y parte fundamental de la iconograf\u00eda de M\u00e9xico. Pero es, antes [&hellip;]\" \/>\n<meta property=\"og:url\" content=\"https:\/\/seecolombia.travel\/blog\/2013\/11\/blog-de-viajes-mexico-quien-es-la-catrina\/\" \/>\n<meta property=\"og:site_name\" content=\"Colombia Travel Blog by See Colombia Travel\" \/>\n<meta property=\"article:published_time\" content=\"2013-11-25T10:44:36+00:00\" \/>\n<meta property=\"article:modified_time\" content=\"2016-05-11T21:39:02+00:00\" \/>\n<meta property=\"og:image\" content=\"https:\/\/seecolombia.travel\/blog\/wp-content\/uploads\/2013\/11\/La-Catrina-Mexico-Blog.jpg\" \/>\n\t<meta property=\"og:image:width\" content=\"647\" \/>\n\t<meta property=\"og:image:height\" content=\"239\" \/>\n\t<meta property=\"og:image:type\" content=\"image\/jpeg\" \/>\n<meta name=\"twitter:card\" content=\"summary\" \/>\n<meta name=\"twitter:label1\" content=\"Written by\" \/>\n\t<meta name=\"twitter:data1\" content=\"JL\" \/>\n\t<meta name=\"twitter:label2\" content=\"Est. reading time\" \/>\n\t<meta name=\"twitter:data2\" content=\"4 minutes\" \/>\n<script type=\"application\/ld+json\" class=\"yoast-schema-graph\">{\"@context\":\"https:\/\/schema.org\",\"@graph\":[{\"@type\":\"WebSite\",\"@id\":\"https:\/\/seecolombia.travel\/blog\/#website\",\"url\":\"https:\/\/seecolombia.travel\/blog\/\",\"name\":\"Colombia Travel Blog by See Colombia Travel\",\"description\":\"Colombia Travel Blog: An international perspective on travelling in Colombia by world travellers.\",\"potentialAction\":[{\"@type\":\"SearchAction\",\"target\":{\"@type\":\"EntryPoint\",\"urlTemplate\":\"https:\/\/seecolombia.travel\/blog\/?s={search_term_string}\"},\"query-input\":\"required name=search_term_string\"}],\"inLanguage\":\"en-US\"},{\"@type\":\"ImageObject\",\"inLanguage\":\"en-US\",\"@id\":\"https:\/\/seecolombia.travel\/blog\/2013\/11\/blog-de-viajes-mexico-quien-es-la-catrina\/#primaryimage\",\"url\":\"https:\/\/seecolombia.travel\/blog\/wp-content\/uploads\/2013\/11\/La-Catrina-Mexico-Blog.jpg\",\"contentUrl\":\"https:\/\/seecolombia.travel\/blog\/wp-content\/uploads\/2013\/11\/La-Catrina-Mexico-Blog.jpg\",\"width\":647,\"height\":239,\"caption\":\"LA cATRINA cALAVERA mEXICO\"},{\"@type\":\"WebPage\",\"@id\":\"https:\/\/seecolombia.travel\/blog\/2013\/11\/blog-de-viajes-mexico-quien-es-la-catrina\/#webpage\",\"url\":\"https:\/\/seecolombia.travel\/blog\/2013\/11\/blog-de-viajes-mexico-quien-es-la-catrina\/\",\"name\":\"Blog de Viajes M\u00e9xico: \u00bfQui\u00e9n es la Catrina? - Colombia Travel Blog by See Colombia Travel\",\"isPartOf\":{\"@id\":\"https:\/\/seecolombia.travel\/blog\/#website\"},\"primaryImageOfPage\":{\"@id\":\"https:\/\/seecolombia.travel\/blog\/2013\/11\/blog-de-viajes-mexico-quien-es-la-catrina\/#primaryimage\"},\"datePublished\":\"2013-11-25T10:44:36+00:00\",\"dateModified\":\"2016-05-11T21:39:02+00:00\",\"author\":{\"@id\":\"https:\/\/seecolombia.travel\/blog\/#\/schema\/person\/d83df03ea54d1f0911d7098ebe26db49\"},\"breadcrumb\":{\"@id\":\"https:\/\/seecolombia.travel\/blog\/2013\/11\/blog-de-viajes-mexico-quien-es-la-catrina\/#breadcrumb\"},\"inLanguage\":\"en-US\",\"potentialAction\":[{\"@type\":\"ReadAction\",\"target\":[\"https:\/\/seecolombia.travel\/blog\/2013\/11\/blog-de-viajes-mexico-quien-es-la-catrina\/\"]}]},{\"@type\":\"BreadcrumbList\",\"@id\":\"https:\/\/seecolombia.travel\/blog\/2013\/11\/blog-de-viajes-mexico-quien-es-la-catrina\/#breadcrumb\",\"itemListElement\":[{\"@type\":\"ListItem\",\"position\":1,\"name\":\"Home\",\"item\":\"https:\/\/seecolombia.travel\/blog\/\"},{\"@type\":\"ListItem\",\"position\":2,\"name\":\"Blog de Viajes M\u00e9xico: \u00bfQui\u00e9n es la Catrina?\"}]},{\"@type\":\"Person\",\"@id\":\"https:\/\/seecolombia.travel\/blog\/#\/schema\/person\/d83df03ea54d1f0911d7098ebe26db49\",\"name\":\"JL\",\"image\":{\"@type\":\"ImageObject\",\"inLanguage\":\"en-US\",\"@id\":\"https:\/\/seecolombia.travel\/blog\/#\/schema\/person\/image\/\",\"url\":\"https:\/\/secure.gravatar.com\/avatar\/68a3ba6dc377250ef6eb8cd56865210e?s=96&d=retro&r=g\",\"contentUrl\":\"https:\/\/secure.gravatar.com\/avatar\/68a3ba6dc377250ef6eb8cd56865210e?s=96&d=retro&r=g\",\"caption\":\"JL\"},\"description\":\"Ciudadano del mundo, nuestro Gerente de Marketing y comunicaciones se define como viajero, pap\u00e1, esposo y empresario. Es co-creador de Colombia Travel Blog junto a su esposa Marcela y creador de Fogg, la agencia de contenidos que produce el popular programa 3 Travel Bloggers. ----------- Our Marketing and Communications Manager, a self proclaimed citizen of the world, was born in Peru and raised in a number of different countries \u2013 including Angola, Thailand and Iceland \u2013 which instilled a deep love of travel and cultural diversity within him. With an extensive education in Marketing and Communications and after leaving a successful corporate career in the Telecom Industry, JL is now advocated to professionalize travel blogging in Latin America.\",\"sameAs\":[\"http:\/\/www.seecolombia.travel\"],\"url\":\"https:\/\/seecolombia.travel\/blog\/author\/jl\/\"}]}<\/script>\n<!-- \/ Yoast SEO Premium plugin. -->","yoast_head_json":{"title":"Blog de Viajes M\u00e9xico: \u00bfQui\u00e9n es la Catrina? - Colombia Travel Blog by See Colombia Travel","robots":{"index":"index","follow":"follow","max-snippet":"max-snippet:-1","max-image-preview":"max-image-preview:large","max-video-preview":"max-video-preview:-1"},"canonical":"https:\/\/seecolombia.travel\/blog\/2013\/11\/blog-de-viajes-mexico-quien-es-la-catrina\/","og_locale":"en_US","og_type":"article","og_title":"Blog de Viajes M\u00e9xico: \u00bfQui\u00e9n es la Catrina?","og_description":"Es coqueta, elegante y muy mexicana. Naci\u00f3 como una parodia de la clase alta antes de la revoluci\u00f3n de principios del siglo XX pero es ahora un s\u00edmbolo complej\u00edsimo, digna sucesora de la diosa mesoamericana Mictecacihuatl, figura omnipresente durante el d\u00eda de los muertos y parte fundamental de la iconograf\u00eda de M\u00e9xico. Pero es, antes [&hellip;]","og_url":"https:\/\/seecolombia.travel\/blog\/2013\/11\/blog-de-viajes-mexico-quien-es-la-catrina\/","og_site_name":"Colombia Travel Blog by See Colombia Travel","article_published_time":"2013-11-25T10:44:36+00:00","article_modified_time":"2016-05-11T21:39:02+00:00","og_image":[{"width":647,"height":239,"url":"https:\/\/seecolombia.travel\/blog\/wp-content\/uploads\/2013\/11\/La-Catrina-Mexico-Blog.jpg","type":"image\/jpeg"}],"twitter_card":"summary","twitter_misc":{"Written by":"JL","Est. reading time":"4 minutes"},"schema":{"@context":"https:\/\/schema.org","@graph":[{"@type":"WebSite","@id":"https:\/\/seecolombia.travel\/blog\/#website","url":"https:\/\/seecolombia.travel\/blog\/","name":"Colombia Travel Blog by See Colombia Travel","description":"Colombia Travel Blog: An international perspective on travelling in Colombia by world travellers.","potentialAction":[{"@type":"SearchAction","target":{"@type":"EntryPoint","urlTemplate":"https:\/\/seecolombia.travel\/blog\/?s={search_term_string}"},"query-input":"required name=search_term_string"}],"inLanguage":"en-US"},{"@type":"ImageObject","inLanguage":"en-US","@id":"https:\/\/seecolombia.travel\/blog\/2013\/11\/blog-de-viajes-mexico-quien-es-la-catrina\/#primaryimage","url":"https:\/\/seecolombia.travel\/blog\/wp-content\/uploads\/2013\/11\/La-Catrina-Mexico-Blog.jpg","contentUrl":"https:\/\/seecolombia.travel\/blog\/wp-content\/uploads\/2013\/11\/La-Catrina-Mexico-Blog.jpg","width":647,"height":239,"caption":"LA cATRINA cALAVERA mEXICO"},{"@type":"WebPage","@id":"https:\/\/seecolombia.travel\/blog\/2013\/11\/blog-de-viajes-mexico-quien-es-la-catrina\/#webpage","url":"https:\/\/seecolombia.travel\/blog\/2013\/11\/blog-de-viajes-mexico-quien-es-la-catrina\/","name":"Blog de Viajes M\u00e9xico: \u00bfQui\u00e9n es la Catrina? - Colombia Travel Blog by See Colombia Travel","isPartOf":{"@id":"https:\/\/seecolombia.travel\/blog\/#website"},"primaryImageOfPage":{"@id":"https:\/\/seecolombia.travel\/blog\/2013\/11\/blog-de-viajes-mexico-quien-es-la-catrina\/#primaryimage"},"datePublished":"2013-11-25T10:44:36+00:00","dateModified":"2016-05-11T21:39:02+00:00","author":{"@id":"https:\/\/seecolombia.travel\/blog\/#\/schema\/person\/d83df03ea54d1f0911d7098ebe26db49"},"breadcrumb":{"@id":"https:\/\/seecolombia.travel\/blog\/2013\/11\/blog-de-viajes-mexico-quien-es-la-catrina\/#breadcrumb"},"inLanguage":"en-US","potentialAction":[{"@type":"ReadAction","target":["https:\/\/seecolombia.travel\/blog\/2013\/11\/blog-de-viajes-mexico-quien-es-la-catrina\/"]}]},{"@type":"BreadcrumbList","@id":"https:\/\/seecolombia.travel\/blog\/2013\/11\/blog-de-viajes-mexico-quien-es-la-catrina\/#breadcrumb","itemListElement":[{"@type":"ListItem","position":1,"name":"Home","item":"https:\/\/seecolombia.travel\/blog\/"},{"@type":"ListItem","position":2,"name":"Blog de Viajes M\u00e9xico: \u00bfQui\u00e9n es la Catrina?"}]},{"@type":"Person","@id":"https:\/\/seecolombia.travel\/blog\/#\/schema\/person\/d83df03ea54d1f0911d7098ebe26db49","name":"JL","image":{"@type":"ImageObject","inLanguage":"en-US","@id":"https:\/\/seecolombia.travel\/blog\/#\/schema\/person\/image\/","url":"https:\/\/secure.gravatar.com\/avatar\/68a3ba6dc377250ef6eb8cd56865210e?s=96&d=retro&r=g","contentUrl":"https:\/\/secure.gravatar.com\/avatar\/68a3ba6dc377250ef6eb8cd56865210e?s=96&d=retro&r=g","caption":"JL"},"description":"Ciudadano del mundo, nuestro Gerente de Marketing y comunicaciones se define como viajero, pap\u00e1, esposo y empresario. Es co-creador de Colombia Travel Blog junto a su esposa Marcela y creador de Fogg, la agencia de contenidos que produce el popular programa 3 Travel Bloggers. ----------- Our Marketing and Communications Manager, a self proclaimed citizen of the world, was born in Peru and raised in a number of different countries \u2013 including Angola, Thailand and Iceland \u2013 which instilled a deep love of travel and cultural diversity within him. With an extensive education in Marketing and Communications and after leaving a successful corporate career in the Telecom Industry, JL is now advocated to professionalize travel blogging in Latin America.","sameAs":["http:\/\/www.seecolombia.travel"],"url":"https:\/\/seecolombia.travel\/blog\/author\/jl\/"}]}},"amp_enabled":true,"_links":{"self":[{"href":"https:\/\/seecolombia.travel\/blog\/wp-json\/wp\/v2\/posts\/12003"}],"collection":[{"href":"https:\/\/seecolombia.travel\/blog\/wp-json\/wp\/v2\/posts"}],"about":[{"href":"https:\/\/seecolombia.travel\/blog\/wp-json\/wp\/v2\/types\/post"}],"author":[{"embeddable":true,"href":"https:\/\/seecolombia.travel\/blog\/wp-json\/wp\/v2\/users\/3"}],"replies":[{"embeddable":true,"href":"https:\/\/seecolombia.travel\/blog\/wp-json\/wp\/v2\/comments?post=12003"}],"version-history":[{"count":42,"href":"https:\/\/seecolombia.travel\/blog\/wp-json\/wp\/v2\/posts\/12003\/revisions"}],"predecessor-version":[{"id":22618,"href":"https:\/\/seecolombia.travel\/blog\/wp-json\/wp\/v2\/posts\/12003\/revisions\/22618"}],"wp:featuredmedia":[{"embeddable":true,"href":"https:\/\/seecolombia.travel\/blog\/wp-json\/wp\/v2\/media\/12004"}],"wp:attachment":[{"href":"https:\/\/seecolombia.travel\/blog\/wp-json\/wp\/v2\/media?parent=12003"}],"wp:term":[{"taxonomy":"category","embeddable":true,"href":"https:\/\/seecolombia.travel\/blog\/wp-json\/wp\/v2\/categories?post=12003"},{"taxonomy":"post_tag","embeddable":true,"href":"https:\/\/seecolombia.travel\/blog\/wp-json\/wp\/v2\/tags?post=12003"}],"curies":[{"name":"wp","href":"https:\/\/api.w.org\/{rel}","templated":true}]}}