{"id":11952,"date":"2013-11-19T12:59:03","date_gmt":"2013-11-19T17:59:03","guid":{"rendered":"http:\/\/seecolombia.travel\/blog\/?p=11952"},"modified":"2016-05-11T16:40:14","modified_gmt":"2016-05-11T21:40:14","slug":"leyendas-de-colombia-el-diablo-esta-encerrado-en-cartagena","status":"publish","type":"post","link":"https:\/\/seecolombia.travel\/blog\/2013\/11\/leyendas-de-colombia-el-diablo-esta-encerrado-en-cartagena\/","title":{"rendered":"Leyendas de Colombia: El diablo est\u00e1 encerrado en Cartagena."},"content":{"rendered":"<p>Todo visitante en <strong>Cartagena de Indias<\/strong> queda <strong>seducido con su magia<\/strong> y sabe que los d\u00edas que se pasan en esta ciudad colonial de Colombia, patrimonio cultural de la humanidad, \u00a0nunca son suficientes para develar sus secretos. Siempre, siempre, hay algo que se nos qued\u00f3\u00a0 por ver y que nos hace <strong>extra\u00f1arla apenas la dejamos.<\/strong><\/p>\n<p>Cartagena es uno de esos lugares en los que uno podr\u00eda detenerse en cada calle empedrada, en cada casa colonial, en cada plaza donde los locales y visitantes por igual se refugian del calor, y salir de cualquiera de esos sitios<strong> con una historia digna de contar.<\/strong><\/p>\n<p>Esta historia, que en realidad son varias historias se concentra en unos cuantos metros cuadrados, alrededor de<strong> la plaza de Santo Domingo<\/strong>. Hemos incluido a continuacion una imagen en 360 grados para que estas historias queden mejor graficadas y los lectores se puedan sumergir en las mismas, los textos de los relatos siguen debajo de la misma.<\/p>\n<p>&nbsp;<\/p>\n<p><center><iframe loading=\"lazy\" src=\"http:\/\/www.360cities.net\/embed_iframe\/plaza-santo-domingo-cartagena\" width=\"625\" height=\"515\" frameborder=\"0\"><\/iframe><br \/>\n<a title=\"Panorama photos of PLAZA DE SANTO DOMINGO - CARTAGENA on 360cities.net\" href=\"http:\/\/www.360cities.net\/image\/plaza-santo-domingo-cartagena\">PLAZA DE SANTO DOMINGO &#8211; CARTAGENA<\/a> in <a title=\"Panoramic images from Colombia\" href=\"http:\/\/www.360cities.net\/area\/colombia\">Colombia<\/a><\/center>&nbsp;<\/p>\n<h3>La torre que no existe.<\/h3>\n<figure id=\"attachment_11965\" aria-describedby=\"caption-attachment-11965\" style=\"width: 800px\" class=\"wp-caption aligncenter\"><a href=\"http:\/\/seecolombia.travel\/blog\/2013\/11\/leyendas-de-colombia-el-diablo-esta-encerrado-en-cartagena\/torre-derribada-por-piratas-cartagena\/\" rel=\"attachment wp-att-11965\"><img loading=\"lazy\" class=\"size-full wp-image-11965\" src=\"http:\/\/seecolombia.travel\/blog\/wp-content\/uploads\/2013\/11\/Torre-derribada-por-Piratas-Cartagena.jpg\" alt=\"Plaza Santo domingo Cartagena torre piratas\" width=\"800\" height=\"503\" srcset=\"https:\/\/seecolombia.travel\/blog\/wp-content\/uploads\/2013\/11\/Torre-derribada-por-Piratas-Cartagena.jpg 800w, https:\/\/seecolombia.travel\/blog\/wp-content\/uploads\/2013\/11\/Torre-derribada-por-Piratas-Cartagena-300x188.jpg 300w\" sizes=\"(max-width: 800px) 100vw, 800px\" \/><\/a><figcaption id=\"caption-attachment-11965\" class=\"wp-caption-text\">Que bonita torr&#8230;..<\/figcaption><\/figure>\n<p>&nbsp;<\/p>\n<p>Si levantamos la vista par\u00e1ndonos enfrente \u00a0y hacia el lado izquierdo de la fachada de la iglesia que da el nombre a esta plaza, y d\u00e1ndole la espalda a <strong>\u201cLa Gorda Gertrudis\u201d<\/strong>, la escultura de Botero que adorna el lugar, notaremos un detalle bastante particular:<strong> la torre del lado derecho no existe<\/strong>, pues fue derribada a ca\u00f1onazos durante uno de los asedios de piratas y corsarios al puerto de Cartagena. No solo se derrib\u00f3 la torre, sino que se debilit\u00f3 tanto la estructura del templo que se tuvo que apuntalar por todo el costado derecho con <strong>enormes refuerzos de piedra<\/strong> que hasta ahora son caracter\u00edsticos del lugar, en la calle llamada &#8220;de los estribos&#8221;.<\/p>\n<h3>Don diablo se ha escapado<\/h3>\n<figure id=\"attachment_11968\" aria-describedby=\"caption-attachment-11968\" style=\"width: 800px\" class=\"wp-caption aligncenter\"><a href=\"http:\/\/seecolombia.travel\/blog\/2013\/11\/leyendas-de-colombia-el-diablo-esta-encerrado-en-cartagena\/la-torre-del-diablo-cartagena\/\" rel=\"attachment wp-att-11968\"><img loading=\"lazy\" class=\"size-full wp-image-11968\" src=\"http:\/\/seecolombia.travel\/blog\/wp-content\/uploads\/2013\/11\/La-Torre-del-Diablo-Cartagena.jpg\" alt=\"Torre Iglesia Santo Domingo Cartagena Diablo\" width=\"800\" height=\"450\" srcset=\"https:\/\/seecolombia.travel\/blog\/wp-content\/uploads\/2013\/11\/La-Torre-del-Diablo-Cartagena.jpg 800w, https:\/\/seecolombia.travel\/blog\/wp-content\/uploads\/2013\/11\/La-Torre-del-Diablo-Cartagena-300x168.jpg 300w\" sizes=\"(max-width: 800px) 100vw, 800px\" \/><\/a><figcaption id=\"caption-attachment-11968\" class=\"wp-caption-text\">Por mas que lo quiso, el diablo no pudo con la torre. Pero chueca si que la dejo.<\/figcaption><\/figure>\n<p>&nbsp;<\/p>\n<p>Al parecer este templo tiene <strong>muy mala suerte con sus torres<\/strong>. Seg\u00fan cuenta la leyenda , ya casi al terminar la construcci\u00f3n de la iglesia, <strong>el diablo en persona,<\/strong> molesto por la proliferaci\u00f3n de construcciones en honor\u00a0 a su arch\u00ed-enemigo, no tuvo mejor idea que tratar de destruirla <strong>abrazando la torre derecha y zarande\u00e1ndola con la idea de hacerla caer<\/strong>. Para su mala suerte, la estructura estaba tan \u201cbien construida\u201d\u00a0 que solo la pudo girarla un poco, <strong>quedando evidentemente torcida.<\/strong> Humillado, el diablo salt\u00f3 hacia la plaza. Las malas lenguas dicen que la realidad es que esta historia <strong>fue divulgada por el arquitecto a quien los c\u00e1lculos le fallaron<\/strong>, aparentemente por un exceso de bebidas espirituosas. Nos gusta m\u00e1s la historia del diablo.<\/p>\n<h3>El Pozo con olor a azufre<\/h3>\n<figure id=\"attachment_11970\" aria-describedby=\"caption-attachment-11970\" style=\"width: 800px\" class=\"wp-caption aligncenter\"><a href=\"http:\/\/seecolombia.travel\/blog\/2013\/11\/leyendas-de-colombia-el-diablo-esta-encerrado-en-cartagena\/el-pozo-del-diablo-cartagena\/\" rel=\"attachment wp-att-11970\"><img loading=\"lazy\" class=\"size-full wp-image-11970\" src=\"http:\/\/seecolombia.travel\/blog\/wp-content\/uploads\/2013\/11\/El-Pozo-del-Diablo-Cartagena.jpg\" alt=\"Pozo del diablo plaza santo domingo cartagena\" width=\"800\" height=\"450\" srcset=\"https:\/\/seecolombia.travel\/blog\/wp-content\/uploads\/2013\/11\/El-Pozo-del-Diablo-Cartagena.jpg 800w, https:\/\/seecolombia.travel\/blog\/wp-content\/uploads\/2013\/11\/El-Pozo-del-Diablo-Cartagena-300x168.jpg 300w\" sizes=\"(max-width: 800px) 100vw, 800px\" \/><\/a><figcaption id=\"caption-attachment-11970\" class=\"wp-caption-text\">Felizmente al diablo parecenno gustarle los segways, los encontramos tal cual despu\u00e9s de nuestra visita.<\/figcaption><\/figure>\n<p>&nbsp;<\/p>\n<p>Pero, <strong>\u00bfQu\u00e9 fue del diablo cuando salt\u00f3 derrotado<\/strong> desde la torre de la iglesia de Santo Domingo? Pues que para su mala suerte (no andaba de buenas ese d\u00eda) cay\u00f3 en un pozo al medio de la plaza que fue inmediatamente cerrado por los vecinos del lugar.<strong> El olor a azufre que algunos dicen se percibe en el lugar durante algunas noches Cartageneras<\/strong> es la prueba \u00a0fehaciente de que Mefist\u00f3feles debe ser el \u00fanico visitante forzado de la ciudad.<\/p>\n<h3>\u00bfY d\u00f3nde est\u00e1n los santos?<\/h3>\n<figure id=\"attachment_11973\" aria-describedby=\"caption-attachment-11973\" style=\"width: 800px\" class=\"wp-caption aligncenter\"><a href=\"http:\/\/seecolombia.travel\/blog\/2013\/11\/leyendas-de-colombia-el-diablo-esta-encerrado-en-cartagena\/fachada-iglesia-santo-domingo-cartagena\/\" rel=\"attachment wp-att-11973\"><img loading=\"lazy\" class=\"size-full wp-image-11973\" src=\"http:\/\/seecolombia.travel\/blog\/wp-content\/uploads\/2013\/11\/Fachada-Iglesia-Santo-Domingo-Cartagena.jpg\" alt=\"Iglesia de Santo Domingo en Cartagena\" width=\"800\" height=\"450\" srcset=\"https:\/\/seecolombia.travel\/blog\/wp-content\/uploads\/2013\/11\/Fachada-Iglesia-Santo-Domingo-Cartagena.jpg 800w, https:\/\/seecolombia.travel\/blog\/wp-content\/uploads\/2013\/11\/Fachada-Iglesia-Santo-Domingo-Cartagena-300x168.jpg 300w\" sizes=\"(max-width: 800px) 100vw, 800px\" \/><\/a><figcaption id=\"caption-attachment-11973\" class=\"wp-caption-text\">Fachada de la Iglesia de Santo Domingo en Cartagena<\/figcaption><\/figure>\n<p>&nbsp;<\/p>\n<p>Llama la atenci\u00f3n que en toda la fachada del templo vemos <strong>espacios vac\u00edos<\/strong> en los que evidentemente deber\u00edan reposar im\u00e1genes contemplando a sus fieles pasar. Sin embargo en esta ocasi\u00f3n el diablo tuvo poco que ver con estas desapariciones. A lo largo de las d\u00e9cadas estas figuras fueron desapareciendo paulatinamente, <strong>aparentemente hurtadas por ladrones comunes<\/strong> que buscaban revenderlas a coleccionistas. Aunque quien sabe, a lo mejor don diablo si est\u00e1 detr\u00e1s de todo esto\u2026..<\/p>\n<p>JL<\/p>\n<p><strong><em>* Nuestra estancia en Cartagena estuvo a cargo de <a title=\"Holiday Inn Cartagena Los Morros\" href=\"https:\/\/www.facebook.com\/HotelHolidayInnCartagenaMorros?fref=ts\" target=\"_blank\">Holiday Inn Cartagena<\/a> y su concurso \u201c Gane las vacaciones de sus sue\u00f1os\u201d , as\u00ed que si quieres conocer los secretos de Cartagena o cualquier otra ciudad del mundo no dejes de ingresar <a title=\"Gane las vacaciones de sus suenhos\" href=\"http:\/\/ihg.promo.eprize.com\/latin\/\" target=\"_blank\">aqu\u00ed<\/a> para participar. Queda solamente una semana!<\/em><\/strong><\/p>\n","protected":false},"excerpt":{"rendered":"<p>Todo visitante en Cartagena de Indias queda seducido con su magia y sabe que los d\u00edas que se pasan en esta ciudad colonial de Colombia, patrimonio cultural de la humanidad, \u00a0nunca son suficientes para develar sus secretos. Siempre, siempre, hay algo que se nos qued\u00f3\u00a0 por ver y que nos hace extra\u00f1arla apenas la dejamos. [&hellip;]<\/p>\n","protected":false},"author":3,"featured_media":11953,"comment_status":"open","ping_status":"open","sticky":false,"template":"","format":"standard","meta":{"ngg_post_thumbnail":0},"categories":[1860,19,112,66,97,623,865,2082],"tags":[2975,2973,1605,2865],"yoast_head":"<!-- This site is optimized with the Yoast SEO Premium plugin v18.4 (Yoast SEO v18.9) - https:\/\/yoast.com\/wordpress\/plugins\/seo\/ -->\n<title>Leyendas de Colombia: El diablo est\u00e1 encerrado en Cartagena. - Colombia Travel Blog by See Colombia Travel<\/title>\n<meta name=\"robots\" content=\"index, follow, max-snippet:-1, max-image-preview:large, max-video-preview:-1\" \/>\n<link rel=\"canonical\" href=\"https:\/\/seecolombia.travel\/blog\/2013\/11\/leyendas-de-colombia-el-diablo-esta-encerrado-en-cartagena\/\" \/>\n<meta property=\"og:locale\" content=\"en_US\" \/>\n<meta property=\"og:type\" content=\"article\" \/>\n<meta property=\"og:title\" content=\"Leyendas de Colombia: El diablo est\u00e1 encerrado en Cartagena.\" \/>\n<meta property=\"og:description\" content=\"Todo visitante en Cartagena de Indias queda seducido con su magia y sabe que los d\u00edas que se pasan en esta ciudad colonial de Colombia, patrimonio cultural de la humanidad, \u00a0nunca son suficientes para develar sus secretos. Siempre, siempre, hay algo que se nos qued\u00f3\u00a0 por ver y que nos hace extra\u00f1arla apenas la dejamos. [&hellip;]\" \/>\n<meta property=\"og:url\" content=\"https:\/\/seecolombia.travel\/blog\/2013\/11\/leyendas-de-colombia-el-diablo-esta-encerrado-en-cartagena\/\" \/>\n<meta property=\"og:site_name\" content=\"Colombia Travel Blog by See Colombia Travel\" \/>\n<meta property=\"article:published_time\" content=\"2013-11-19T17:59:03+00:00\" \/>\n<meta property=\"article:modified_time\" content=\"2016-05-11T21:40:14+00:00\" \/>\n<meta property=\"og:image\" content=\"https:\/\/seecolombia.travel\/blog\/wp-content\/uploads\/2013\/11\/Portada-El-diablo-esta-encerrado-en-Cartagena.jpg\" \/>\n\t<meta property=\"og:image:width\" content=\"662\" \/>\n\t<meta property=\"og:image:height\" content=\"246\" \/>\n\t<meta property=\"og:image:type\" content=\"image\/jpeg\" \/>\n<meta name=\"twitter:card\" content=\"summary\" \/>\n<meta name=\"twitter:label1\" content=\"Written by\" \/>\n\t<meta name=\"twitter:data1\" content=\"JL\" \/>\n\t<meta name=\"twitter:label2\" content=\"Est. reading time\" \/>\n\t<meta name=\"twitter:data2\" content=\"4 minutes\" \/>\n<script type=\"application\/ld+json\" class=\"yoast-schema-graph\">{\"@context\":\"https:\/\/schema.org\",\"@graph\":[{\"@type\":\"WebSite\",\"@id\":\"https:\/\/seecolombia.travel\/blog\/#website\",\"url\":\"https:\/\/seecolombia.travel\/blog\/\",\"name\":\"Colombia Travel Blog by See Colombia Travel\",\"description\":\"Colombia Travel Blog: An international perspective on travelling in Colombia by world travellers.\",\"potentialAction\":[{\"@type\":\"SearchAction\",\"target\":{\"@type\":\"EntryPoint\",\"urlTemplate\":\"https:\/\/seecolombia.travel\/blog\/?s={search_term_string}\"},\"query-input\":\"required name=search_term_string\"}],\"inLanguage\":\"en-US\"},{\"@type\":\"ImageObject\",\"inLanguage\":\"en-US\",\"@id\":\"https:\/\/seecolombia.travel\/blog\/2013\/11\/leyendas-de-colombia-el-diablo-esta-encerrado-en-cartagena\/#primaryimage\",\"url\":\"https:\/\/seecolombia.travel\/blog\/wp-content\/uploads\/2013\/11\/Portada-El-diablo-esta-encerrado-en-Cartagena.jpg\",\"contentUrl\":\"https:\/\/seecolombia.travel\/blog\/wp-content\/uploads\/2013\/11\/Portada-El-diablo-esta-encerrado-en-Cartagena.jpg\",\"width\":662,\"height\":246,\"caption\":\"Leyenda del diablo escondido en plaza santo domingo en Cartagena\"},{\"@type\":\"WebPage\",\"@id\":\"https:\/\/seecolombia.travel\/blog\/2013\/11\/leyendas-de-colombia-el-diablo-esta-encerrado-en-cartagena\/#webpage\",\"url\":\"https:\/\/seecolombia.travel\/blog\/2013\/11\/leyendas-de-colombia-el-diablo-esta-encerrado-en-cartagena\/\",\"name\":\"Leyendas de Colombia: El diablo est\u00e1 encerrado en Cartagena. - Colombia Travel Blog by See Colombia Travel\",\"isPartOf\":{\"@id\":\"https:\/\/seecolombia.travel\/blog\/#website\"},\"primaryImageOfPage\":{\"@id\":\"https:\/\/seecolombia.travel\/blog\/2013\/11\/leyendas-de-colombia-el-diablo-esta-encerrado-en-cartagena\/#primaryimage\"},\"datePublished\":\"2013-11-19T17:59:03+00:00\",\"dateModified\":\"2016-05-11T21:40:14+00:00\",\"author\":{\"@id\":\"https:\/\/seecolombia.travel\/blog\/#\/schema\/person\/d83df03ea54d1f0911d7098ebe26db49\"},\"breadcrumb\":{\"@id\":\"https:\/\/seecolombia.travel\/blog\/2013\/11\/leyendas-de-colombia-el-diablo-esta-encerrado-en-cartagena\/#breadcrumb\"},\"inLanguage\":\"en-US\",\"potentialAction\":[{\"@type\":\"ReadAction\",\"target\":[\"https:\/\/seecolombia.travel\/blog\/2013\/11\/leyendas-de-colombia-el-diablo-esta-encerrado-en-cartagena\/\"]}]},{\"@type\":\"BreadcrumbList\",\"@id\":\"https:\/\/seecolombia.travel\/blog\/2013\/11\/leyendas-de-colombia-el-diablo-esta-encerrado-en-cartagena\/#breadcrumb\",\"itemListElement\":[{\"@type\":\"ListItem\",\"position\":1,\"name\":\"Home\",\"item\":\"https:\/\/seecolombia.travel\/blog\/\"},{\"@type\":\"ListItem\",\"position\":2,\"name\":\"Leyendas de Colombia: El diablo est\u00e1 encerrado en Cartagena.\"}]},{\"@type\":\"Person\",\"@id\":\"https:\/\/seecolombia.travel\/blog\/#\/schema\/person\/d83df03ea54d1f0911d7098ebe26db49\",\"name\":\"JL\",\"image\":{\"@type\":\"ImageObject\",\"inLanguage\":\"en-US\",\"@id\":\"https:\/\/seecolombia.travel\/blog\/#\/schema\/person\/image\/\",\"url\":\"https:\/\/secure.gravatar.com\/avatar\/68a3ba6dc377250ef6eb8cd56865210e?s=96&d=retro&r=g\",\"contentUrl\":\"https:\/\/secure.gravatar.com\/avatar\/68a3ba6dc377250ef6eb8cd56865210e?s=96&d=retro&r=g\",\"caption\":\"JL\"},\"description\":\"Ciudadano del mundo, nuestro Gerente de Marketing y comunicaciones se define como viajero, pap\u00e1, esposo y empresario. Es co-creador de Colombia Travel Blog junto a su esposa Marcela y creador de Fogg, la agencia de contenidos que produce el popular programa 3 Travel Bloggers. ----------- Our Marketing and Communications Manager, a self proclaimed citizen of the world, was born in Peru and raised in a number of different countries \u2013 including Angola, Thailand and Iceland \u2013 which instilled a deep love of travel and cultural diversity within him. With an extensive education in Marketing and Communications and after leaving a successful corporate career in the Telecom Industry, JL is now advocated to professionalize travel blogging in Latin America.\",\"sameAs\":[\"http:\/\/www.seecolombia.travel\"],\"url\":\"https:\/\/seecolombia.travel\/blog\/author\/jl\/\"}]}<\/script>\n<!-- \/ Yoast SEO Premium plugin. -->","yoast_head_json":{"title":"Leyendas de Colombia: El diablo est\u00e1 encerrado en Cartagena. - Colombia Travel Blog by See Colombia Travel","robots":{"index":"index","follow":"follow","max-snippet":"max-snippet:-1","max-image-preview":"max-image-preview:large","max-video-preview":"max-video-preview:-1"},"canonical":"https:\/\/seecolombia.travel\/blog\/2013\/11\/leyendas-de-colombia-el-diablo-esta-encerrado-en-cartagena\/","og_locale":"en_US","og_type":"article","og_title":"Leyendas de Colombia: El diablo est\u00e1 encerrado en Cartagena.","og_description":"Todo visitante en Cartagena de Indias queda seducido con su magia y sabe que los d\u00edas que se pasan en esta ciudad colonial de Colombia, patrimonio cultural de la humanidad, \u00a0nunca son suficientes para develar sus secretos. Siempre, siempre, hay algo que se nos qued\u00f3\u00a0 por ver y que nos hace extra\u00f1arla apenas la dejamos. [&hellip;]","og_url":"https:\/\/seecolombia.travel\/blog\/2013\/11\/leyendas-de-colombia-el-diablo-esta-encerrado-en-cartagena\/","og_site_name":"Colombia Travel Blog by See Colombia Travel","article_published_time":"2013-11-19T17:59:03+00:00","article_modified_time":"2016-05-11T21:40:14+00:00","og_image":[{"width":662,"height":246,"url":"https:\/\/seecolombia.travel\/blog\/wp-content\/uploads\/2013\/11\/Portada-El-diablo-esta-encerrado-en-Cartagena.jpg","type":"image\/jpeg"}],"twitter_card":"summary","twitter_misc":{"Written by":"JL","Est. reading time":"4 minutes"},"schema":{"@context":"https:\/\/schema.org","@graph":[{"@type":"WebSite","@id":"https:\/\/seecolombia.travel\/blog\/#website","url":"https:\/\/seecolombia.travel\/blog\/","name":"Colombia Travel Blog by See Colombia Travel","description":"Colombia Travel Blog: An international perspective on travelling in Colombia by world travellers.","potentialAction":[{"@type":"SearchAction","target":{"@type":"EntryPoint","urlTemplate":"https:\/\/seecolombia.travel\/blog\/?s={search_term_string}"},"query-input":"required name=search_term_string"}],"inLanguage":"en-US"},{"@type":"ImageObject","inLanguage":"en-US","@id":"https:\/\/seecolombia.travel\/blog\/2013\/11\/leyendas-de-colombia-el-diablo-esta-encerrado-en-cartagena\/#primaryimage","url":"https:\/\/seecolombia.travel\/blog\/wp-content\/uploads\/2013\/11\/Portada-El-diablo-esta-encerrado-en-Cartagena.jpg","contentUrl":"https:\/\/seecolombia.travel\/blog\/wp-content\/uploads\/2013\/11\/Portada-El-diablo-esta-encerrado-en-Cartagena.jpg","width":662,"height":246,"caption":"Leyenda del diablo escondido en plaza santo domingo en Cartagena"},{"@type":"WebPage","@id":"https:\/\/seecolombia.travel\/blog\/2013\/11\/leyendas-de-colombia-el-diablo-esta-encerrado-en-cartagena\/#webpage","url":"https:\/\/seecolombia.travel\/blog\/2013\/11\/leyendas-de-colombia-el-diablo-esta-encerrado-en-cartagena\/","name":"Leyendas de Colombia: El diablo est\u00e1 encerrado en Cartagena. - Colombia Travel Blog by See Colombia Travel","isPartOf":{"@id":"https:\/\/seecolombia.travel\/blog\/#website"},"primaryImageOfPage":{"@id":"https:\/\/seecolombia.travel\/blog\/2013\/11\/leyendas-de-colombia-el-diablo-esta-encerrado-en-cartagena\/#primaryimage"},"datePublished":"2013-11-19T17:59:03+00:00","dateModified":"2016-05-11T21:40:14+00:00","author":{"@id":"https:\/\/seecolombia.travel\/blog\/#\/schema\/person\/d83df03ea54d1f0911d7098ebe26db49"},"breadcrumb":{"@id":"https:\/\/seecolombia.travel\/blog\/2013\/11\/leyendas-de-colombia-el-diablo-esta-encerrado-en-cartagena\/#breadcrumb"},"inLanguage":"en-US","potentialAction":[{"@type":"ReadAction","target":["https:\/\/seecolombia.travel\/blog\/2013\/11\/leyendas-de-colombia-el-diablo-esta-encerrado-en-cartagena\/"]}]},{"@type":"BreadcrumbList","@id":"https:\/\/seecolombia.travel\/blog\/2013\/11\/leyendas-de-colombia-el-diablo-esta-encerrado-en-cartagena\/#breadcrumb","itemListElement":[{"@type":"ListItem","position":1,"name":"Home","item":"https:\/\/seecolombia.travel\/blog\/"},{"@type":"ListItem","position":2,"name":"Leyendas de Colombia: El diablo est\u00e1 encerrado en Cartagena."}]},{"@type":"Person","@id":"https:\/\/seecolombia.travel\/blog\/#\/schema\/person\/d83df03ea54d1f0911d7098ebe26db49","name":"JL","image":{"@type":"ImageObject","inLanguage":"en-US","@id":"https:\/\/seecolombia.travel\/blog\/#\/schema\/person\/image\/","url":"https:\/\/secure.gravatar.com\/avatar\/68a3ba6dc377250ef6eb8cd56865210e?s=96&d=retro&r=g","contentUrl":"https:\/\/secure.gravatar.com\/avatar\/68a3ba6dc377250ef6eb8cd56865210e?s=96&d=retro&r=g","caption":"JL"},"description":"Ciudadano del mundo, nuestro Gerente de Marketing y comunicaciones se define como viajero, pap\u00e1, esposo y empresario. Es co-creador de Colombia Travel Blog junto a su esposa Marcela y creador de Fogg, la agencia de contenidos que produce el popular programa 3 Travel Bloggers. ----------- Our Marketing and Communications Manager, a self proclaimed citizen of the world, was born in Peru and raised in a number of different countries \u2013 including Angola, Thailand and Iceland \u2013 which instilled a deep love of travel and cultural diversity within him. With an extensive education in Marketing and Communications and after leaving a successful corporate career in the Telecom Industry, JL is now advocated to professionalize travel blogging in Latin America.","sameAs":["http:\/\/www.seecolombia.travel"],"url":"https:\/\/seecolombia.travel\/blog\/author\/jl\/"}]}},"amp_enabled":true,"_links":{"self":[{"href":"https:\/\/seecolombia.travel\/blog\/wp-json\/wp\/v2\/posts\/11952"}],"collection":[{"href":"https:\/\/seecolombia.travel\/blog\/wp-json\/wp\/v2\/posts"}],"about":[{"href":"https:\/\/seecolombia.travel\/blog\/wp-json\/wp\/v2\/types\/post"}],"author":[{"embeddable":true,"href":"https:\/\/seecolombia.travel\/blog\/wp-json\/wp\/v2\/users\/3"}],"replies":[{"embeddable":true,"href":"https:\/\/seecolombia.travel\/blog\/wp-json\/wp\/v2\/comments?post=11952"}],"version-history":[{"count":26,"href":"https:\/\/seecolombia.travel\/blog\/wp-json\/wp\/v2\/posts\/11952\/revisions"}],"predecessor-version":[{"id":22623,"href":"https:\/\/seecolombia.travel\/blog\/wp-json\/wp\/v2\/posts\/11952\/revisions\/22623"}],"wp:featuredmedia":[{"embeddable":true,"href":"https:\/\/seecolombia.travel\/blog\/wp-json\/wp\/v2\/media\/11953"}],"wp:attachment":[{"href":"https:\/\/seecolombia.travel\/blog\/wp-json\/wp\/v2\/media?parent=11952"}],"wp:term":[{"taxonomy":"category","embeddable":true,"href":"https:\/\/seecolombia.travel\/blog\/wp-json\/wp\/v2\/categories?post=11952"},{"taxonomy":"post_tag","embeddable":true,"href":"https:\/\/seecolombia.travel\/blog\/wp-json\/wp\/v2\/tags?post=11952"}],"curies":[{"name":"wp","href":"https:\/\/api.w.org\/{rel}","templated":true}]}}