{"id":11685,"date":"2013-11-05T09:25:45","date_gmt":"2013-11-05T14:25:45","guid":{"rendered":"http:\/\/seecolombia.travel\/blog\/?p=11685"},"modified":"2021-08-23T10:55:07","modified_gmt":"2021-08-23T15:55:07","slug":"reportage-aux-sources-de-la-colombie","status":"publish","type":"post","link":"https:\/\/seecolombia.travel\/blog\/2013\/11\/reportage-aux-sources-de-la-colombie\/","title":{"rendered":"Reportage: \u00ab Aux sources de la Colombie \u00bb"},"content":{"rendered":"<p>Ces derniers temps,<strong> il y a eu pas mal de reportages sur la Colombie<\/strong>. Suite \u00e0 l\u2019\u00e9mission \u00ab\u00a0<a title=\"Emission \u00ab Faut pas r\u00eaver \u2013 Colombie, l\u2019Eldorado \u00bb\" href=\"http:\/\/seecolombia.travel\/blog\/2013\/10\/emission-faut-pas-rever-colombie-leldorado\/\" target=\"_blank\" rel=\"noopener\">Colombie, l\u2019Eldorado\u00a0<\/a>\u00bb de Faut pas r\u00eaver, deux semaines plus tard Echapp\u00e9es Belles s\u2019est mis \u00e0 la mode et a r\u00e9alis\u00e9 le reportage\u00a0: \u00ab<strong>\u00a0Aux sources de la Colombie<\/strong>\u00a0\u00bb. Sans parler d\u2019Un \u0153il sur la plan\u00e8te qui a diffus\u00e9 plus r\u00e9cemment un programme sur \u00ab\u00a0Les nouveaux eldorados\u00a0\u00bb, dont fait partie la Colombie.<\/p>\n<p>Dans le reportage d\u2019Echapp\u00e9es Belles, on d\u00e9couvre <a title=\"Wish You Were Here? Cartagena Photo Gallery\" href=\"http:\/\/seecolombia.travel\/blog\/2013\/07\/wish-you-were-here-cartagena-photo-gallery\/\" target=\"_blank\" rel=\"noopener\">Carthag\u00e8ne<\/a>, <a title=\"The Hammock Vision \u2013 Camping in Tayrona.\" href=\"http:\/\/seecolombia.travel\/blog\/2013\/05\/the-hammock-vision-camping-in-tayrona\/\" target=\"_blank\" rel=\"noopener\">le parc Tayrona<\/a>, la <a title=\"GUEST POST: Partying at the Ferias de Cali and Manizales\" href=\"http:\/\/seecolombia.travel\/blog\/2012\/01\/guest-post-partying-at-the-ferias-de-cali-and-manizales\/\" target=\"_blank\" rel=\"noopener\">feria de Cali<\/a>, le d\u00e9sert de <strong>Tatacoa, San Agustin, la Sierra Nevada, Santa Marta<\/strong>, ou encore des danses traditionnelles.<\/p>\n<figure id=\"attachment_8293\" aria-describedby=\"caption-attachment-8293\" style=\"width: 448px\" class=\"wp-caption aligncenter\"><a href=\"http:\/\/seecolombia.travel\/blog\/2013\/05\/the-hammock-vision-camping-in-tayrona\/sony-dsc-26\/\" rel=\"attachment wp-att-8293\"><img loading=\"lazy\" class=\" wp-image-8293 \" alt=\"Le Parc Tayrona\" src=\"https:\/\/seecolombia.travel\/blog\/wp-content\/uploads\/2013\/05\/1270611835santa_marta_magdalena_tayrona_71.jpg\" width=\"448\" height=\"298\" srcset=\"https:\/\/seecolombia.travel\/blog\/wp-content\/uploads\/2013\/05\/1270611835santa_marta_magdalena_tayrona_71.jpg 640w, https:\/\/seecolombia.travel\/blog\/wp-content\/uploads\/2013\/05\/1270611835santa_marta_magdalena_tayrona_71-300x199.jpg 300w\" sizes=\"(max-width: 448px) 100vw, 448px\" \/><\/a><figcaption id=\"caption-attachment-8293\" class=\"wp-caption-text\">Le Parc Tayrona<\/figcaption><\/figure>\n<p>On y apprend que la <a title=\"Toto La Momposina: The Great Colombian Queen of Cumbia.\" href=\"http:\/\/seecolombia.travel\/blog\/2013\/06\/toto-la-momposina-the-great-colombian-queen-of-cumbia\/\" target=\"_blank\" rel=\"noopener\">Cumbia<\/a>, danse traditionnelle des Cara\u00efbes, se danse ainsi\u00a0: <strong>la femme est au centre<\/strong>, et l\u2019homme lui tourne autour, au d\u00e9but<strong> la femme le rejette puis d\u00e9cide de se laisser faire<\/strong>. Il y a plusieurs fa\u00e7ons de danser la cumbia. Les v\u00eatements port\u00e9s sont amples pour cacher les formes.<\/p>\n<p>La champeta repr\u00e9sent\u00e9e par Charles King<strong> est un style musical n\u00e9 d\u2019une fusion entre la musique africaine et les sonorit\u00e9s carib\u00e9ennes<\/strong>.<\/p>\n<p>El islote, est une \u00eele ou<strong> la densit\u00e9 de population est la plus grande au monde<\/strong>. L\u2019\u00eele attire gr\u00e2ce \u00e0 ses eaux poissonneuses.<\/p>\n<figure id=\"attachment_9229\" aria-describedby=\"caption-attachment-9229\" style=\"width: 320px\" class=\"wp-caption aligncenter\"><a href=\"http:\/\/seecolombia.travel\/blog\/2013\/07\/seven-more-crazy-sights-you-never-knew-you%c2%b4d-find-in-colombia\/santa-cruz-del-islote-colombia\/\" rel=\"attachment wp-att-9229\"><img loading=\"lazy\" class=\" wp-image-9229\" alt=\"Santa Cruz del Islote, Colombia\" src=\"https:\/\/seecolombia.travel\/blog\/wp-content\/uploads\/2013\/07\/Santa-Cruz-del-Islote-Colombia.jpg\" width=\"320\" height=\"170\" srcset=\"https:\/\/seecolombia.travel\/blog\/wp-content\/uploads\/2013\/07\/Santa-Cruz-del-Islote-Colombia.jpg 400w, https:\/\/seecolombia.travel\/blog\/wp-content\/uploads\/2013\/07\/Santa-Cruz-del-Islote-Colombia-300x159.jpg 300w\" sizes=\"(max-width: 320px) 100vw, 320px\" \/><\/a><figcaption id=\"caption-attachment-9229\" class=\"wp-caption-text\">Santa Cruz del Islote<\/figcaption><\/figure>\n<p>On nous raconte aussi que les Colombiens s\u2019int\u00e9ressent peu \u00e0 l\u2019environnement car la nature est si abondante chez eux qu\u2019ils ne se rendent pas compte de son importance.<\/p>\n<p>En fait beaucoup de sujets sont abord\u00e9s, mais peut-\u00eatre trop rapidement.<\/p>\n<p>Quant \u00e0 l\u2019\u00e9mission \u00ab\u00a0Les nouveaux eldorados\u00a0\u00bb, elle nous dit que <strong>la Colombie est consid\u00e9r\u00e9e comme l\u2019un des pays les plus prometteurs d\u2019Am\u00e9rique latine<\/strong> et qu\u2019elle doit m\u00eame bient\u00f4t int\u00e9grer l\u2019OCDE, le club des pays les plus riches. Aujourd&#8217;hui, Coca-Cola, SEB ou Renault y sont implant\u00e9s et <strong>3 millions de touristes s&#8217;y pressent \u00e0 l&#8217;ann\u00e9e.<\/strong><\/p>\n<figure id=\"attachment_3592\" aria-describedby=\"caption-attachment-3592\" style=\"width: 560px\" class=\"wp-caption aligncenter\"><a href=\"http:\/\/seecolombia.travel\/blog\/2012\/04\/safety-in-colombia-week-frequently-asked-questions\/cartagena-12\/\" rel=\"attachment wp-att-3592\"><img loading=\"lazy\" class=\" wp-image-3592\" alt=\"Cartagena - The Jewel of the Indies\" src=\"https:\/\/seecolombia.travel\/blog\/wp-content\/uploads\/2012\/04\/cartagena-12.jpg\" width=\"560\" height=\"375\" srcset=\"https:\/\/seecolombia.travel\/blog\/wp-content\/uploads\/2012\/04\/cartagena-12.jpg 800w, https:\/\/seecolombia.travel\/blog\/wp-content\/uploads\/2012\/04\/cartagena-12-300x201.jpg 300w\" sizes=\"(max-width: 560px) 100vw, 560px\" \/><\/a><figcaption id=\"caption-attachment-3592\" class=\"wp-caption-text\">Carthagene<\/figcaption><\/figure>\n<p>Il est vrai qu\u2019il est dommage que <strong>la majorit\u00e9 des th\u00e8mes abord\u00e9s concernent la c\u00f4te Cara\u00efbe<\/strong>. Mais c\u2019est d\u00e9j\u00e0 un grand pas pour le pays. En m\u00eame temps la Colombie est si diverse ne serait-ce qu\u2019en paysages que deux heures n\u2019auraient pas suffi. <strong>Il aurait \u00e9t\u00e9 int\u00e9ressant de se pencher sur Bogota<\/strong>, qui est quand m\u00eame la capitale\u00a0! Et cesser les gros st\u00e9r\u00e9otypes du style\u00a0: <strong>Cali\/salsa, Medellin\/pauvret\u00e9<\/strong>. Il n\u2019y a pas que \u00e7a.<\/p>\n<p>Certains r\u00e9sumeront ainsi : la cupidit\u00e9 des pays occidentaux ab\u00eeme les pays comme la Colombie. Et comme le reportage le dit si bien : <strong>la Colombie aujourd&#8217;hui est une grande puissance \u00e0 son \u00e9chelle<\/strong>. Ouvrons les yeux et notre esprit ! En tout cas je suis heureuse de voir pas un <strong>ni deux mais bien trois reportages diffus\u00e9s<\/strong> sur des cha\u00eenes connues et disponibles au grand public en \u00e0 peine un mois. Y\u2019a du progr\u00e8s\u00a0!<\/p>\n<p>&nbsp;<\/p>\n","protected":false},"excerpt":{"rendered":"<p>Ces derniers temps, il y a eu pas mal de reportages sur la Colombie. Suite \u00e0 l\u2019\u00e9mission \u00ab\u00a0Colombie, l\u2019Eldorado\u00a0\u00bb de Faut pas r\u00eaver, deux semaines plus tard Echapp\u00e9es Belles s\u2019est mis \u00e0 la mode et a r\u00e9alis\u00e9 le reportage\u00a0: \u00ab\u00a0Aux sources de la Colombie\u00a0\u00bb. Sans parler d\u2019Un \u0153il sur la plan\u00e8te qui a diffus\u00e9 plus [&hellip;]<\/p>\n","protected":false},"author":88896,"featured_media":3857,"comment_status":"open","ping_status":"open","sticky":false,"template":"","format":"standard","meta":{"ngg_post_thumbnail":0},"categories":[102,19,626,4,70,112,66,97,92,392,1878,57,56],"tags":[2983,2979],"yoast_head":"<!-- This site is optimized with the Yoast SEO Premium plugin v18.4 (Yoast SEO v18.9) - https:\/\/yoast.com\/wordpress\/plugins\/seo\/ -->\n<title>Reportage: \u00ab Aux sources de la Colombie \u00bb - Colombia Travel Blog by See Colombia Travel<\/title>\n<meta name=\"robots\" content=\"index, follow, max-snippet:-1, max-image-preview:large, max-video-preview:-1\" \/>\n<link rel=\"canonical\" href=\"https:\/\/seecolombia.travel\/blog\/2013\/11\/reportage-aux-sources-de-la-colombie\/\" \/>\n<meta property=\"og:locale\" content=\"en_US\" \/>\n<meta property=\"og:type\" content=\"article\" \/>\n<meta property=\"og:title\" content=\"Reportage: \u00ab Aux sources de la Colombie \u00bb\" \/>\n<meta property=\"og:description\" content=\"Ces derniers temps, il y a eu pas mal de reportages sur la Colombie. Suite \u00e0 l\u2019\u00e9mission \u00ab\u00a0Colombie, l\u2019Eldorado\u00a0\u00bb de Faut pas r\u00eaver, deux semaines plus tard Echapp\u00e9es Belles s\u2019est mis \u00e0 la mode et a r\u00e9alis\u00e9 le reportage\u00a0: \u00ab\u00a0Aux sources de la Colombie\u00a0\u00bb. Sans parler d\u2019Un \u0153il sur la plan\u00e8te qui a diffus\u00e9 plus [&hellip;]\" \/>\n<meta property=\"og:url\" content=\"https:\/\/seecolombia.travel\/blog\/2013\/11\/reportage-aux-sources-de-la-colombie\/\" \/>\n<meta property=\"og:site_name\" content=\"Colombia Travel Blog by See Colombia Travel\" \/>\n<meta property=\"article:published_time\" content=\"2013-11-05T14:25:45+00:00\" \/>\n<meta property=\"article:modified_time\" content=\"2021-08-23T15:55:07+00:00\" \/>\n<meta property=\"og:image\" content=\"https:\/\/seecolombia.travel\/blog\/wp-content\/uploads\/2012\/05\/Parque_Tayrona-e1337182803404.jpg\" \/>\n\t<meta property=\"og:image:width\" content=\"600\" \/>\n\t<meta property=\"og:image:height\" content=\"401\" \/>\n\t<meta property=\"og:image:type\" content=\"image\/jpeg\" \/>\n<meta name=\"twitter:card\" content=\"summary\" \/>\n<meta name=\"twitter:label1\" content=\"Written by\" \/>\n\t<meta name=\"twitter:data1\" content=\"Lydia\" \/>\n\t<meta name=\"twitter:label2\" content=\"Est. reading time\" \/>\n\t<meta name=\"twitter:data2\" content=\"3 minutes\" \/>\n<script type=\"application\/ld+json\" class=\"yoast-schema-graph\">{\"@context\":\"https:\/\/schema.org\",\"@graph\":[{\"@type\":\"WebSite\",\"@id\":\"https:\/\/seecolombia.travel\/blog\/#website\",\"url\":\"https:\/\/seecolombia.travel\/blog\/\",\"name\":\"Colombia Travel Blog by See Colombia Travel\",\"description\":\"Colombia Travel Blog: An international perspective on travelling in Colombia by world travellers.\",\"potentialAction\":[{\"@type\":\"SearchAction\",\"target\":{\"@type\":\"EntryPoint\",\"urlTemplate\":\"https:\/\/seecolombia.travel\/blog\/?s={search_term_string}\"},\"query-input\":\"required name=search_term_string\"}],\"inLanguage\":\"en-US\"},{\"@type\":\"ImageObject\",\"inLanguage\":\"en-US\",\"@id\":\"https:\/\/seecolombia.travel\/blog\/2013\/11\/reportage-aux-sources-de-la-colombie\/#primaryimage\",\"url\":\"https:\/\/seecolombia.travel\/blog\/wp-content\/uploads\/2012\/05\/Parque_Tayrona-e1337182803404.jpg\",\"contentUrl\":\"https:\/\/seecolombia.travel\/blog\/wp-content\/uploads\/2012\/05\/Parque_Tayrona-e1337182803404.jpg\",\"width\":\"600\",\"height\":\"401\",\"caption\":\"Parque Tayrona\"},{\"@type\":\"WebPage\",\"@id\":\"https:\/\/seecolombia.travel\/blog\/2013\/11\/reportage-aux-sources-de-la-colombie\/#webpage\",\"url\":\"https:\/\/seecolombia.travel\/blog\/2013\/11\/reportage-aux-sources-de-la-colombie\/\",\"name\":\"Reportage: \u00ab Aux sources de la Colombie \u00bb - Colombia Travel Blog by See Colombia Travel\",\"isPartOf\":{\"@id\":\"https:\/\/seecolombia.travel\/blog\/#website\"},\"primaryImageOfPage\":{\"@id\":\"https:\/\/seecolombia.travel\/blog\/2013\/11\/reportage-aux-sources-de-la-colombie\/#primaryimage\"},\"datePublished\":\"2013-11-05T14:25:45+00:00\",\"dateModified\":\"2021-08-23T15:55:07+00:00\",\"author\":{\"@id\":\"https:\/\/seecolombia.travel\/blog\/#\/schema\/person\/61c08d436dfc484b5162d00dd3ce67fc\"},\"breadcrumb\":{\"@id\":\"https:\/\/seecolombia.travel\/blog\/2013\/11\/reportage-aux-sources-de-la-colombie\/#breadcrumb\"},\"inLanguage\":\"en-US\",\"potentialAction\":[{\"@type\":\"ReadAction\",\"target\":[\"https:\/\/seecolombia.travel\/blog\/2013\/11\/reportage-aux-sources-de-la-colombie\/\"]}]},{\"@type\":\"BreadcrumbList\",\"@id\":\"https:\/\/seecolombia.travel\/blog\/2013\/11\/reportage-aux-sources-de-la-colombie\/#breadcrumb\",\"itemListElement\":[{\"@type\":\"ListItem\",\"position\":1,\"name\":\"Home\",\"item\":\"https:\/\/seecolombia.travel\/blog\/\"},{\"@type\":\"ListItem\",\"position\":2,\"name\":\"Reportage: \u00ab Aux sources de la Colombie \u00bb\"}]},{\"@type\":\"Person\",\"@id\":\"https:\/\/seecolombia.travel\/blog\/#\/schema\/person\/61c08d436dfc484b5162d00dd3ce67fc\",\"name\":\"Lydia\",\"image\":{\"@type\":\"ImageObject\",\"inLanguage\":\"en-US\",\"@id\":\"https:\/\/seecolombia.travel\/blog\/#\/schema\/person\/image\/\",\"url\":\"https:\/\/secure.gravatar.com\/avatar\/677c75120a66a990c0746733db3fe185?s=96&d=retro&r=g\",\"contentUrl\":\"https:\/\/secure.gravatar.com\/avatar\/677c75120a66a990c0746733db3fe185?s=96&d=retro&r=g\",\"caption\":\"Lydia\"},\"description\":\"Je m\u2019appelle Lydia, je suis Fran\u00e7aise et je suis une grande amatrice de voyages. La Colombie j\u2019ai ador\u00e9, c\u2019est vraiment un pays qui a beaucoup \u00e0 donner, un pays tr\u00e8s vari\u00e9 \u00e0 d\u00e9couvrir absolument. Je me sens comme une \u00e9trang\u00e8re dans un monde \u00e9trange. Je dis souvent que je ne suis pas Fran\u00e7aise mais internationale, ou citoyenne du monde. J\u2019appr\u00e9cie les personnes ouvertes d\u2019esprit, qui ont de l\u2019humour. Quand je voyage j\u2019essaie d\u2019en d\u00e9couvrir le plus possible, c\u2019est un r\u00e9el enrichissement personnel. Ensuite je le partage ici, et sur mon blog voyage qui s\u2019appelle caracolade. Je me sens vraiment chanceuse de faire partie de l\u2019\u00e9quipe de See Colombia Travel et j\u2019esp\u00e8re que je vous plairai.\",\"sameAs\":[\"http:\/\/www.caracolade.com\"],\"url\":\"https:\/\/seecolombia.travel\/blog\/author\/lydia\/\"}]}<\/script>\n<!-- \/ Yoast SEO Premium plugin. -->","yoast_head_json":{"title":"Reportage: \u00ab Aux sources de la Colombie \u00bb - Colombia Travel Blog by See Colombia Travel","robots":{"index":"index","follow":"follow","max-snippet":"max-snippet:-1","max-image-preview":"max-image-preview:large","max-video-preview":"max-video-preview:-1"},"canonical":"https:\/\/seecolombia.travel\/blog\/2013\/11\/reportage-aux-sources-de-la-colombie\/","og_locale":"en_US","og_type":"article","og_title":"Reportage: \u00ab Aux sources de la Colombie \u00bb","og_description":"Ces derniers temps, il y a eu pas mal de reportages sur la Colombie. Suite \u00e0 l\u2019\u00e9mission \u00ab\u00a0Colombie, l\u2019Eldorado\u00a0\u00bb de Faut pas r\u00eaver, deux semaines plus tard Echapp\u00e9es Belles s\u2019est mis \u00e0 la mode et a r\u00e9alis\u00e9 le reportage\u00a0: \u00ab\u00a0Aux sources de la Colombie\u00a0\u00bb. Sans parler d\u2019Un \u0153il sur la plan\u00e8te qui a diffus\u00e9 plus [&hellip;]","og_url":"https:\/\/seecolombia.travel\/blog\/2013\/11\/reportage-aux-sources-de-la-colombie\/","og_site_name":"Colombia Travel Blog by See Colombia Travel","article_published_time":"2013-11-05T14:25:45+00:00","article_modified_time":"2021-08-23T15:55:07+00:00","og_image":[{"width":"600","height":"401","url":"https:\/\/seecolombia.travel\/blog\/wp-content\/uploads\/2012\/05\/Parque_Tayrona-e1337182803404.jpg","type":"image\/jpeg"}],"twitter_card":"summary","twitter_misc":{"Written by":"Lydia","Est. reading time":"3 minutes"},"schema":{"@context":"https:\/\/schema.org","@graph":[{"@type":"WebSite","@id":"https:\/\/seecolombia.travel\/blog\/#website","url":"https:\/\/seecolombia.travel\/blog\/","name":"Colombia Travel Blog by See Colombia Travel","description":"Colombia Travel Blog: An international perspective on travelling in Colombia by world travellers.","potentialAction":[{"@type":"SearchAction","target":{"@type":"EntryPoint","urlTemplate":"https:\/\/seecolombia.travel\/blog\/?s={search_term_string}"},"query-input":"required name=search_term_string"}],"inLanguage":"en-US"},{"@type":"ImageObject","inLanguage":"en-US","@id":"https:\/\/seecolombia.travel\/blog\/2013\/11\/reportage-aux-sources-de-la-colombie\/#primaryimage","url":"https:\/\/seecolombia.travel\/blog\/wp-content\/uploads\/2012\/05\/Parque_Tayrona-e1337182803404.jpg","contentUrl":"https:\/\/seecolombia.travel\/blog\/wp-content\/uploads\/2012\/05\/Parque_Tayrona-e1337182803404.jpg","width":"600","height":"401","caption":"Parque Tayrona"},{"@type":"WebPage","@id":"https:\/\/seecolombia.travel\/blog\/2013\/11\/reportage-aux-sources-de-la-colombie\/#webpage","url":"https:\/\/seecolombia.travel\/blog\/2013\/11\/reportage-aux-sources-de-la-colombie\/","name":"Reportage: \u00ab Aux sources de la Colombie \u00bb - Colombia Travel Blog by See Colombia Travel","isPartOf":{"@id":"https:\/\/seecolombia.travel\/blog\/#website"},"primaryImageOfPage":{"@id":"https:\/\/seecolombia.travel\/blog\/2013\/11\/reportage-aux-sources-de-la-colombie\/#primaryimage"},"datePublished":"2013-11-05T14:25:45+00:00","dateModified":"2021-08-23T15:55:07+00:00","author":{"@id":"https:\/\/seecolombia.travel\/blog\/#\/schema\/person\/61c08d436dfc484b5162d00dd3ce67fc"},"breadcrumb":{"@id":"https:\/\/seecolombia.travel\/blog\/2013\/11\/reportage-aux-sources-de-la-colombie\/#breadcrumb"},"inLanguage":"en-US","potentialAction":[{"@type":"ReadAction","target":["https:\/\/seecolombia.travel\/blog\/2013\/11\/reportage-aux-sources-de-la-colombie\/"]}]},{"@type":"BreadcrumbList","@id":"https:\/\/seecolombia.travel\/blog\/2013\/11\/reportage-aux-sources-de-la-colombie\/#breadcrumb","itemListElement":[{"@type":"ListItem","position":1,"name":"Home","item":"https:\/\/seecolombia.travel\/blog\/"},{"@type":"ListItem","position":2,"name":"Reportage: \u00ab Aux sources de la Colombie \u00bb"}]},{"@type":"Person","@id":"https:\/\/seecolombia.travel\/blog\/#\/schema\/person\/61c08d436dfc484b5162d00dd3ce67fc","name":"Lydia","image":{"@type":"ImageObject","inLanguage":"en-US","@id":"https:\/\/seecolombia.travel\/blog\/#\/schema\/person\/image\/","url":"https:\/\/secure.gravatar.com\/avatar\/677c75120a66a990c0746733db3fe185?s=96&d=retro&r=g","contentUrl":"https:\/\/secure.gravatar.com\/avatar\/677c75120a66a990c0746733db3fe185?s=96&d=retro&r=g","caption":"Lydia"},"description":"Je m\u2019appelle Lydia, je suis Fran\u00e7aise et je suis une grande amatrice de voyages. La Colombie j\u2019ai ador\u00e9, c\u2019est vraiment un pays qui a beaucoup \u00e0 donner, un pays tr\u00e8s vari\u00e9 \u00e0 d\u00e9couvrir absolument. Je me sens comme une \u00e9trang\u00e8re dans un monde \u00e9trange. Je dis souvent que je ne suis pas Fran\u00e7aise mais internationale, ou citoyenne du monde. J\u2019appr\u00e9cie les personnes ouvertes d\u2019esprit, qui ont de l\u2019humour. Quand je voyage j\u2019essaie d\u2019en d\u00e9couvrir le plus possible, c\u2019est un r\u00e9el enrichissement personnel. Ensuite je le partage ici, et sur mon blog voyage qui s\u2019appelle caracolade. Je me sens vraiment chanceuse de faire partie de l\u2019\u00e9quipe de See Colombia Travel et j\u2019esp\u00e8re que je vous plairai.","sameAs":["http:\/\/www.caracolade.com"],"url":"https:\/\/seecolombia.travel\/blog\/author\/lydia\/"}]}},"amp_enabled":true,"_links":{"self":[{"href":"https:\/\/seecolombia.travel\/blog\/wp-json\/wp\/v2\/posts\/11685"}],"collection":[{"href":"https:\/\/seecolombia.travel\/blog\/wp-json\/wp\/v2\/posts"}],"about":[{"href":"https:\/\/seecolombia.travel\/blog\/wp-json\/wp\/v2\/types\/post"}],"author":[{"embeddable":true,"href":"https:\/\/seecolombia.travel\/blog\/wp-json\/wp\/v2\/users\/88896"}],"replies":[{"embeddable":true,"href":"https:\/\/seecolombia.travel\/blog\/wp-json\/wp\/v2\/comments?post=11685"}],"version-history":[{"count":6,"href":"https:\/\/seecolombia.travel\/blog\/wp-json\/wp\/v2\/posts\/11685\/revisions"}],"predecessor-version":[{"id":26658,"href":"https:\/\/seecolombia.travel\/blog\/wp-json\/wp\/v2\/posts\/11685\/revisions\/26658"}],"wp:featuredmedia":[{"embeddable":true,"href":"https:\/\/seecolombia.travel\/blog\/wp-json\/wp\/v2\/media\/3857"}],"wp:attachment":[{"href":"https:\/\/seecolombia.travel\/blog\/wp-json\/wp\/v2\/media?parent=11685"}],"wp:term":[{"taxonomy":"category","embeddable":true,"href":"https:\/\/seecolombia.travel\/blog\/wp-json\/wp\/v2\/categories?post=11685"},{"taxonomy":"post_tag","embeddable":true,"href":"https:\/\/seecolombia.travel\/blog\/wp-json\/wp\/v2\/tags?post=11685"}],"curies":[{"name":"wp","href":"https:\/\/api.w.org\/{rel}","templated":true}]}}