{"id":11137,"date":"2013-10-22T08:30:22","date_gmt":"2013-10-22T13:30:22","guid":{"rendered":"http:\/\/seecolombia.travel\/blog\/?p=11137"},"modified":"2013-11-21T11:17:27","modified_gmt":"2013-11-21T16:17:27","slug":"qui-est-pablo-escobar","status":"publish","type":"post","link":"https:\/\/seecolombia.travel\/blog\/2013\/10\/qui-est-pablo-escobar\/","title":{"rendered":"Qui est Pablo Escobar?"},"content":{"rendered":"<p>S&#8217;il est vrai que la Colombie est le premier producteur de coca au monde,<strong> l&#8217;image v\u00e9hicul\u00e9e sur ce pays est souvent d\u00e9su\u00e8te et excessivement n\u00e9gative<\/strong>. Cette production n&#8217;est plus aux mains des cartels de la drogue, organisations mafieuses des ann\u00e9es 1980, qui contr\u00f4laient alors l&#8217;ensemble du march\u00e9, et dont le plus fameux repr\u00e9sentant, Pablo Escobar, <strong>avait une r\u00e9putation internationale<\/strong>.<\/p>\n<p>De 1988 jusqu\u2019\u00e0 sa mort en d\u00e9cembre 1993, la violence s\u2019abattait sur les grandes villes du pays, et notamment \u00e0 Medell\u00edn, o\u00f9 il habitait. <strong>Rien ne faisait reculer Pablo Escobar<\/strong>. Ce fut sans doute l\u2019<strong>un des plus grands assassins du si\u00e8cle dernier<\/strong>. Il a \u00e9chapp\u00e9 longtemps aux forces de l\u2019ordre,\u00a0 \u00e0 ses ennemis dans le commerce de la drogue, aux paramilitaires et \u00e0 la CIA.<\/p>\n<figure id=\"attachment_11140\" aria-describedby=\"caption-attachment-11140\" style=\"width: 320px\" class=\"wp-caption alignleft\"><a href=\"http:\/\/seecolombia.travel\/blog\/2013\/10\/qui-est-pablo-escobar\/dgd\/\" rel=\"attachment wp-att-11140\"><img loading=\"lazy\" class=\" wp-image-11140 \" alt=\"Pablo Escobar in prison\" src=\"http:\/\/seecolombia.travel\/blog\/wp-content\/uploads\/2013\/10\/dgd.jpg\" width=\"320\" height=\"480\" srcset=\"https:\/\/seecolombia.travel\/blog\/wp-content\/uploads\/2013\/10\/dgd.jpg 400w, https:\/\/seecolombia.travel\/blog\/wp-content\/uploads\/2013\/10\/dgd-200x300.jpg 200w\" sizes=\"(max-width: 320px) 100vw, 320px\" \/><\/a><figcaption id=\"caption-attachment-11140\" class=\"wp-caption-text\">Pablo souriant en prison<\/figcaption><\/figure>\n<p>C\u2019est un homme qui n\u2019a pas h\u00e9sit\u00e9 \u00e0 faire sauter un avion de ligne pour tuer juste un homme, qui n\u2019avait m\u00eame pas pris le vol en fin de compte. Une centaine de personnes p\u00e9rirent.<\/p>\n<p>En 1989, il fut class\u00e9 par le magazine Forbes comme <strong>le septi\u00e8me homme le plus riche au monde<\/strong> avec une fortune estim\u00e9e \u00e0 25 milliards de dollars. Le cartel de Medell\u00edn contr\u00f4lait alors 80% du commerce mondiale de coca\u00efne. Le retour sur investissement \u00e9tait \u00e9gal \u00e0 20 000%. Un des comptables du patron a d\u00e9clar\u00e9 que<strong> le cartel perdait 10% des dollars stock\u00e9s dans les entrep\u00f4ts \u00e0 cause des rats qui grignotaient les billets.<\/strong><\/p>\n<p>Politiquement, pour s\u2019acheter des voix et des soutiens dans une partie de la population, Pablo Escobar <strong>donnait des dollars aux pauvres en construisant notamment des logements.<\/strong> Ces familles gardent surtout cet aspect en m\u00e9moire et lui en sont reconnaissantes.<\/p>\n<p>Pablo Escobar a aussi fait l\u2019objet d\u2019<strong>une s\u00e9rie t\u00e9l\u00e9vis\u00e9e qui s\u2019appelle \u00ab Escobar, le patron du mal\u00a0\u00bb<\/strong>. C\u2019est l\u2019<strong>une des s\u00e9ries les plus vues de l\u2019histoire de la t\u00e9l\u00e9vision colombienne<\/strong>. Elle est actuellement diffus\u00e9e sur France \u00d4. Elle se base sur plusieurs documents journalistiques et t\u00e9moignages r\u00e9els ainsi que sur des r\u00e9cits fictifs. Les critiques diront que c\u2019est une publicit\u00e9 d\u2019assassins et de criminels qui ne sert qu\u2019\u00e0 affaiblir encore plus l\u2019image de la ville de Medell\u00edn et du pays. D\u2019autres voient cette s\u00e9rie <strong>comme une manifestation de sympathie envers ce personnage qui endeuilla la Colombie.<\/strong><\/p>\n<p>Le jour de sa chute, en d\u00e9cembre 1993, Pablo Escobar fut localis\u00e9 dans une maison simple d\u2019un quartier des classes moyennes de la ville. Il re\u00e7ut plusieurs balles. <strong>Les soldats pos\u00e8rent autour de son cadavre pour prendre une photo.\u00a0\u00a0<\/strong><\/p>\n<p>Aujourd\u2019hui, Medellin, l\u2019ancien terrain de Pablo Escobar <strong>est une ville diversifi\u00e9e et dynamique, avec une architecture de classe mondiale et des transports publics fiables.<\/strong><\/p>\n<p>Beaucoup de Colombiens ne souhaitent pas \u00eatre associ\u00e9s \u00e0 Pablo Escobar, car ils y associent le mal qu\u2019il a caus\u00e9 \u00e0 la Colombie, le climat de violence qu\u2019il a mis en place et les personnes innocentes affect\u00e9es. Il ne vaut donc mieux pas parler de lui.<strong> Ils ne veulent pas que la Colombie soit une attraction touristique \u00e0 la m\u00e9moire d\u2019Escobar.<\/strong><\/p>\n<figure id=\"attachment_3568\" aria-describedby=\"caption-attachment-3568\" style=\"width: 300px\" class=\"wp-caption alignright\"><a href=\"http:\/\/seecolombia.travel\/blog\/2012\/04\/happy-80th-birthday-fernando-botero-80-facts-about-botero-for-his-80th-birthday\/escobar_por_botero\/\" rel=\"attachment wp-att-3568\"><img loading=\"lazy\" class=\"size-full wp-image-3568\" alt=\"Fernando Botero - The Death of Pablo Escobar\" src=\"http:\/\/seecolombia.travel\/blog\/wp-content\/uploads\/2012\/04\/escobar_por_botero.jpg\" width=\"300\" height=\"401\" srcset=\"https:\/\/seecolombia.travel\/blog\/wp-content\/uploads\/2012\/04\/escobar_por_botero.jpg 300w, https:\/\/seecolombia.travel\/blog\/wp-content\/uploads\/2012\/04\/escobar_por_botero-224x300.jpg 224w\" sizes=\"(max-width: 300px) 100vw, 300px\" \/><\/a><figcaption id=\"caption-attachment-3568\" class=\"wp-caption-text\">Fernando Botero &#8211; La mort de Pablo Escobar<\/figcaption><\/figure>\n<p>Chez See Colombia Travel, <strong>nous pensons que la corruption et la violence g\u00e9n\u00e9r\u00e9e par Escobar ne devraient pas \u00eatre une ombre sur la Medellin d\u2019aujourd\u2019hui. <\/strong>Malheureusement beaucoup de personnes continuent d\u2019assimiler Escobar et la Colombie, alors que cette histoire fait partie du pass\u00e9.<\/p>\n<p><strong style=\"line-height: 1.6em;\">Lydia<\/strong><\/p>\n<p>&nbsp;<\/p>\n","protected":false},"excerpt":{"rendered":"<p>S&#8217;il est vrai que la Colombie est le premier producteur de coca au monde, l&#8217;image v\u00e9hicul\u00e9e sur ce pays est souvent d\u00e9su\u00e8te et excessivement n\u00e9gative. Cette production n&#8217;est plus aux mains des cartels de la drogue, organisations mafieuses des ann\u00e9es 1980, qui contr\u00f4laient alors l&#8217;ensemble du march\u00e9, et dont le plus fameux repr\u00e9sentant, Pablo Escobar, [&hellip;]<\/p>\n","protected":false},"author":88896,"featured_media":11138,"comment_status":"open","ping_status":"open","sticky":false,"template":"","format":"standard","meta":{"ngg_post_thumbnail":0},"categories":[1255,626,4,66,1878,12,131],"tags":[2974],"yoast_head":"<!-- This site is optimized with the Yoast SEO Premium plugin v18.4 (Yoast SEO v18.9) - https:\/\/yoast.com\/wordpress\/plugins\/seo\/ -->\n<title>Qui est Pablo Escobar? - Colombia Travel Blog by See Colombia Travel<\/title>\n<meta name=\"robots\" content=\"index, follow, max-snippet:-1, max-image-preview:large, max-video-preview:-1\" \/>\n<link rel=\"canonical\" href=\"https:\/\/seecolombia.travel\/blog\/2013\/10\/qui-est-pablo-escobar\/\" \/>\n<meta property=\"og:locale\" content=\"en_US\" \/>\n<meta property=\"og:type\" content=\"article\" \/>\n<meta property=\"og:title\" content=\"Qui est Pablo Escobar?\" \/>\n<meta property=\"og:description\" content=\"S&#8217;il est vrai que la Colombie est le premier producteur de coca au monde, l&#8217;image v\u00e9hicul\u00e9e sur ce pays est souvent d\u00e9su\u00e8te et excessivement n\u00e9gative. Cette production n&#8217;est plus aux mains des cartels de la drogue, organisations mafieuses des ann\u00e9es 1980, qui contr\u00f4laient alors l&#8217;ensemble du march\u00e9, et dont le plus fameux repr\u00e9sentant, Pablo Escobar, [&hellip;]\" \/>\n<meta property=\"og:url\" content=\"https:\/\/seecolombia.travel\/blog\/2013\/10\/qui-est-pablo-escobar\/\" \/>\n<meta property=\"og:site_name\" content=\"Colombia Travel Blog by See Colombia Travel\" \/>\n<meta property=\"article:published_time\" content=\"2013-10-22T13:30:22+00:00\" \/>\n<meta property=\"article:modified_time\" content=\"2013-11-21T16:17:27+00:00\" \/>\n<meta property=\"og:image\" content=\"https:\/\/seecolombia.travel\/blog\/wp-content\/uploads\/2013\/10\/sgsg-e1391611801275.jpg\" \/>\n\t<meta property=\"og:image:width\" content=\"450\" \/>\n\t<meta property=\"og:image:height\" content=\"281\" \/>\n\t<meta property=\"og:image:type\" content=\"image\/jpeg\" \/>\n<meta name=\"twitter:card\" content=\"summary\" \/>\n<meta name=\"twitter:label1\" content=\"Written by\" \/>\n\t<meta name=\"twitter:data1\" content=\"Lydia\" \/>\n\t<meta name=\"twitter:label2\" content=\"Est. reading time\" \/>\n\t<meta name=\"twitter:data2\" content=\"3 minutes\" \/>\n<script type=\"application\/ld+json\" class=\"yoast-schema-graph\">{\"@context\":\"https:\/\/schema.org\",\"@graph\":[{\"@type\":\"WebSite\",\"@id\":\"https:\/\/seecolombia.travel\/blog\/#website\",\"url\":\"https:\/\/seecolombia.travel\/blog\/\",\"name\":\"Colombia Travel Blog by See Colombia Travel\",\"description\":\"Colombia Travel Blog: An international perspective on travelling in Colombia by world travellers.\",\"potentialAction\":[{\"@type\":\"SearchAction\",\"target\":{\"@type\":\"EntryPoint\",\"urlTemplate\":\"https:\/\/seecolombia.travel\/blog\/?s={search_term_string}\"},\"query-input\":\"required name=search_term_string\"}],\"inLanguage\":\"en-US\"},{\"@type\":\"ImageObject\",\"inLanguage\":\"en-US\",\"@id\":\"https:\/\/seecolombia.travel\/blog\/2013\/10\/qui-est-pablo-escobar\/#primaryimage\",\"url\":\"https:\/\/seecolombia.travel\/blog\/wp-content\/uploads\/2013\/10\/sgsg-e1391611801275.jpg\",\"contentUrl\":\"https:\/\/seecolombia.travel\/blog\/wp-content\/uploads\/2013\/10\/sgsg-e1391611801275.jpg\",\"width\":450,\"height\":281,\"caption\":\"No exactamente catalogado como el mejor colombiano.\"},{\"@type\":\"WebPage\",\"@id\":\"https:\/\/seecolombia.travel\/blog\/2013\/10\/qui-est-pablo-escobar\/#webpage\",\"url\":\"https:\/\/seecolombia.travel\/blog\/2013\/10\/qui-est-pablo-escobar\/\",\"name\":\"Qui est Pablo Escobar? - Colombia Travel Blog by See Colombia Travel\",\"isPartOf\":{\"@id\":\"https:\/\/seecolombia.travel\/blog\/#website\"},\"primaryImageOfPage\":{\"@id\":\"https:\/\/seecolombia.travel\/blog\/2013\/10\/qui-est-pablo-escobar\/#primaryimage\"},\"datePublished\":\"2013-10-22T13:30:22+00:00\",\"dateModified\":\"2013-11-21T16:17:27+00:00\",\"author\":{\"@id\":\"https:\/\/seecolombia.travel\/blog\/#\/schema\/person\/61c08d436dfc484b5162d00dd3ce67fc\"},\"breadcrumb\":{\"@id\":\"https:\/\/seecolombia.travel\/blog\/2013\/10\/qui-est-pablo-escobar\/#breadcrumb\"},\"inLanguage\":\"en-US\",\"potentialAction\":[{\"@type\":\"ReadAction\",\"target\":[\"https:\/\/seecolombia.travel\/blog\/2013\/10\/qui-est-pablo-escobar\/\"]}]},{\"@type\":\"BreadcrumbList\",\"@id\":\"https:\/\/seecolombia.travel\/blog\/2013\/10\/qui-est-pablo-escobar\/#breadcrumb\",\"itemListElement\":[{\"@type\":\"ListItem\",\"position\":1,\"name\":\"Home\",\"item\":\"https:\/\/seecolombia.travel\/blog\/\"},{\"@type\":\"ListItem\",\"position\":2,\"name\":\"Qui est Pablo Escobar?\"}]},{\"@type\":\"Person\",\"@id\":\"https:\/\/seecolombia.travel\/blog\/#\/schema\/person\/61c08d436dfc484b5162d00dd3ce67fc\",\"name\":\"Lydia\",\"image\":{\"@type\":\"ImageObject\",\"inLanguage\":\"en-US\",\"@id\":\"https:\/\/seecolombia.travel\/blog\/#\/schema\/person\/image\/\",\"url\":\"https:\/\/secure.gravatar.com\/avatar\/677c75120a66a990c0746733db3fe185?s=96&d=retro&r=g\",\"contentUrl\":\"https:\/\/secure.gravatar.com\/avatar\/677c75120a66a990c0746733db3fe185?s=96&d=retro&r=g\",\"caption\":\"Lydia\"},\"description\":\"Je m\u2019appelle Lydia, je suis Fran\u00e7aise et je suis une grande amatrice de voyages. La Colombie j\u2019ai ador\u00e9, c\u2019est vraiment un pays qui a beaucoup \u00e0 donner, un pays tr\u00e8s vari\u00e9 \u00e0 d\u00e9couvrir absolument. Je me sens comme une \u00e9trang\u00e8re dans un monde \u00e9trange. Je dis souvent que je ne suis pas Fran\u00e7aise mais internationale, ou citoyenne du monde. J\u2019appr\u00e9cie les personnes ouvertes d\u2019esprit, qui ont de l\u2019humour. Quand je voyage j\u2019essaie d\u2019en d\u00e9couvrir le plus possible, c\u2019est un r\u00e9el enrichissement personnel. Ensuite je le partage ici, et sur mon blog voyage qui s\u2019appelle caracolade. Je me sens vraiment chanceuse de faire partie de l\u2019\u00e9quipe de See Colombia Travel et j\u2019esp\u00e8re que je vous plairai.\",\"sameAs\":[\"http:\/\/www.caracolade.com\"],\"url\":\"https:\/\/seecolombia.travel\/blog\/author\/lydia\/\"}]}<\/script>\n<!-- \/ Yoast SEO Premium plugin. -->","yoast_head_json":{"title":"Qui est Pablo Escobar? - Colombia Travel Blog by See Colombia Travel","robots":{"index":"index","follow":"follow","max-snippet":"max-snippet:-1","max-image-preview":"max-image-preview:large","max-video-preview":"max-video-preview:-1"},"canonical":"https:\/\/seecolombia.travel\/blog\/2013\/10\/qui-est-pablo-escobar\/","og_locale":"en_US","og_type":"article","og_title":"Qui est Pablo Escobar?","og_description":"S&#8217;il est vrai que la Colombie est le premier producteur de coca au monde, l&#8217;image v\u00e9hicul\u00e9e sur ce pays est souvent d\u00e9su\u00e8te et excessivement n\u00e9gative. Cette production n&#8217;est plus aux mains des cartels de la drogue, organisations mafieuses des ann\u00e9es 1980, qui contr\u00f4laient alors l&#8217;ensemble du march\u00e9, et dont le plus fameux repr\u00e9sentant, Pablo Escobar, [&hellip;]","og_url":"https:\/\/seecolombia.travel\/blog\/2013\/10\/qui-est-pablo-escobar\/","og_site_name":"Colombia Travel Blog by See Colombia Travel","article_published_time":"2013-10-22T13:30:22+00:00","article_modified_time":"2013-11-21T16:17:27+00:00","og_image":[{"width":450,"height":281,"url":"https:\/\/seecolombia.travel\/blog\/wp-content\/uploads\/2013\/10\/sgsg-e1391611801275.jpg","type":"image\/jpeg"}],"twitter_card":"summary","twitter_misc":{"Written by":"Lydia","Est. reading time":"3 minutes"},"schema":{"@context":"https:\/\/schema.org","@graph":[{"@type":"WebSite","@id":"https:\/\/seecolombia.travel\/blog\/#website","url":"https:\/\/seecolombia.travel\/blog\/","name":"Colombia Travel Blog by See Colombia Travel","description":"Colombia Travel Blog: An international perspective on travelling in Colombia by world travellers.","potentialAction":[{"@type":"SearchAction","target":{"@type":"EntryPoint","urlTemplate":"https:\/\/seecolombia.travel\/blog\/?s={search_term_string}"},"query-input":"required name=search_term_string"}],"inLanguage":"en-US"},{"@type":"ImageObject","inLanguage":"en-US","@id":"https:\/\/seecolombia.travel\/blog\/2013\/10\/qui-est-pablo-escobar\/#primaryimage","url":"https:\/\/seecolombia.travel\/blog\/wp-content\/uploads\/2013\/10\/sgsg-e1391611801275.jpg","contentUrl":"https:\/\/seecolombia.travel\/blog\/wp-content\/uploads\/2013\/10\/sgsg-e1391611801275.jpg","width":450,"height":281,"caption":"No exactamente catalogado como el mejor colombiano."},{"@type":"WebPage","@id":"https:\/\/seecolombia.travel\/blog\/2013\/10\/qui-est-pablo-escobar\/#webpage","url":"https:\/\/seecolombia.travel\/blog\/2013\/10\/qui-est-pablo-escobar\/","name":"Qui est Pablo Escobar? - Colombia Travel Blog by See Colombia Travel","isPartOf":{"@id":"https:\/\/seecolombia.travel\/blog\/#website"},"primaryImageOfPage":{"@id":"https:\/\/seecolombia.travel\/blog\/2013\/10\/qui-est-pablo-escobar\/#primaryimage"},"datePublished":"2013-10-22T13:30:22+00:00","dateModified":"2013-11-21T16:17:27+00:00","author":{"@id":"https:\/\/seecolombia.travel\/blog\/#\/schema\/person\/61c08d436dfc484b5162d00dd3ce67fc"},"breadcrumb":{"@id":"https:\/\/seecolombia.travel\/blog\/2013\/10\/qui-est-pablo-escobar\/#breadcrumb"},"inLanguage":"en-US","potentialAction":[{"@type":"ReadAction","target":["https:\/\/seecolombia.travel\/blog\/2013\/10\/qui-est-pablo-escobar\/"]}]},{"@type":"BreadcrumbList","@id":"https:\/\/seecolombia.travel\/blog\/2013\/10\/qui-est-pablo-escobar\/#breadcrumb","itemListElement":[{"@type":"ListItem","position":1,"name":"Home","item":"https:\/\/seecolombia.travel\/blog\/"},{"@type":"ListItem","position":2,"name":"Qui est Pablo Escobar?"}]},{"@type":"Person","@id":"https:\/\/seecolombia.travel\/blog\/#\/schema\/person\/61c08d436dfc484b5162d00dd3ce67fc","name":"Lydia","image":{"@type":"ImageObject","inLanguage":"en-US","@id":"https:\/\/seecolombia.travel\/blog\/#\/schema\/person\/image\/","url":"https:\/\/secure.gravatar.com\/avatar\/677c75120a66a990c0746733db3fe185?s=96&d=retro&r=g","contentUrl":"https:\/\/secure.gravatar.com\/avatar\/677c75120a66a990c0746733db3fe185?s=96&d=retro&r=g","caption":"Lydia"},"description":"Je m\u2019appelle Lydia, je suis Fran\u00e7aise et je suis une grande amatrice de voyages. La Colombie j\u2019ai ador\u00e9, c\u2019est vraiment un pays qui a beaucoup \u00e0 donner, un pays tr\u00e8s vari\u00e9 \u00e0 d\u00e9couvrir absolument. Je me sens comme une \u00e9trang\u00e8re dans un monde \u00e9trange. Je dis souvent que je ne suis pas Fran\u00e7aise mais internationale, ou citoyenne du monde. J\u2019appr\u00e9cie les personnes ouvertes d\u2019esprit, qui ont de l\u2019humour. Quand je voyage j\u2019essaie d\u2019en d\u00e9couvrir le plus possible, c\u2019est un r\u00e9el enrichissement personnel. Ensuite je le partage ici, et sur mon blog voyage qui s\u2019appelle caracolade. Je me sens vraiment chanceuse de faire partie de l\u2019\u00e9quipe de See Colombia Travel et j\u2019esp\u00e8re que je vous plairai.","sameAs":["http:\/\/www.caracolade.com"],"url":"https:\/\/seecolombia.travel\/blog\/author\/lydia\/"}]}},"amp_enabled":true,"_links":{"self":[{"href":"https:\/\/seecolombia.travel\/blog\/wp-json\/wp\/v2\/posts\/11137"}],"collection":[{"href":"https:\/\/seecolombia.travel\/blog\/wp-json\/wp\/v2\/posts"}],"about":[{"href":"https:\/\/seecolombia.travel\/blog\/wp-json\/wp\/v2\/types\/post"}],"author":[{"embeddable":true,"href":"https:\/\/seecolombia.travel\/blog\/wp-json\/wp\/v2\/users\/88896"}],"replies":[{"embeddable":true,"href":"https:\/\/seecolombia.travel\/blog\/wp-json\/wp\/v2\/comments?post=11137"}],"version-history":[{"count":12,"href":"https:\/\/seecolombia.travel\/blog\/wp-json\/wp\/v2\/posts\/11137\/revisions"}],"predecessor-version":[{"id":12033,"href":"https:\/\/seecolombia.travel\/blog\/wp-json\/wp\/v2\/posts\/11137\/revisions\/12033"}],"wp:featuredmedia":[{"embeddable":true,"href":"https:\/\/seecolombia.travel\/blog\/wp-json\/wp\/v2\/media\/11138"}],"wp:attachment":[{"href":"https:\/\/seecolombia.travel\/blog\/wp-json\/wp\/v2\/media?parent=11137"}],"wp:term":[{"taxonomy":"category","embeddable":true,"href":"https:\/\/seecolombia.travel\/blog\/wp-json\/wp\/v2\/categories?post=11137"},{"taxonomy":"post_tag","embeddable":true,"href":"https:\/\/seecolombia.travel\/blog\/wp-json\/wp\/v2\/tags?post=11137"}],"curies":[{"name":"wp","href":"https:\/\/api.w.org\/{rel}","templated":true}]}}