{"id":11054,"date":"2013-10-19T15:10:32","date_gmt":"2013-10-19T20:10:32","guid":{"rendered":"http:\/\/seecolombia.travel\/blog\/?p=11054"},"modified":"2016-05-12T14:24:51","modified_gmt":"2016-05-12T19:24:51","slug":"medellin-desde-arriba-con-daniel-tirado-un-paisa-aventurero","status":"publish","type":"post","link":"https:\/\/seecolombia.travel\/blog\/2013\/10\/medellin-desde-arriba-con-daniel-tirado-un-paisa-aventurero\/","title":{"rendered":"Medellin desde arriba con Daniel Tirado, un paisa aventurero"},"content":{"rendered":"<p><strong>Daniel Tirado<\/strong> es un muy buen amigo con quien estuvimos compartiendo la semana pasada una de sus rutas preferidas de <strong>trekking en los alrededores de Medell\u00edn<\/strong>, es adem\u00e1s de eso un verdadero aventurero, un viajero empedernido, el <strong>youtuber de viajes m\u00e1s visitado de Colombia<\/strong> y un colega con el que \u00a0tenemos el s\u00faper gusto de haber empezado varios proyectos para la profesionalizaci\u00f3n del \u00a0travel blogging que ya les contaremos pronto.<\/p>\n<p>Son las 7 A.M \u00a0y nos esperan 4 horas de caminata de ida y vuelta <strong>hacia Santa Elena<\/strong>, hemos subido en camioneta hasta las alturas del\u00a0 Poblado, uno de los barrios m\u00e1s acomodados de Medell\u00edn, \u00a0\u00a0desde donde empezamos nuestro recorrido de verdad. Daniel hace esta ruta al menos tres veces por semana junto con<strong> Layla<\/strong> , su golden retriever \u00a0de siete meses que tambi\u00e9n nos acompa\u00f1a hoy.<\/p>\n<figure id=\"attachment_11063\" aria-describedby=\"caption-attachment-11063\" style=\"width: 800px\" class=\"wp-caption aligncenter\"><a href=\"http:\/\/seecolombia.travel\/blog\/2013\/10\/medellin-desde-arriba-con-daniel-tirado-un-paisa-aventurero\/daniel-tirado-desafio-2014\/\" rel=\"attachment wp-att-11063\"><img loading=\"lazy\" class=\"size-full wp-image-11063\" src=\"http:\/\/seecolombia.travel\/blog\/wp-content\/uploads\/2013\/10\/Daniel-Tirado-Desafio-2014.jpg\" alt=\"Daniel Tirado Desafio 2014\" width=\"800\" height=\"451\" srcset=\"https:\/\/seecolombia.travel\/blog\/wp-content\/uploads\/2013\/10\/Daniel-Tirado-Desafio-2014.jpg 800w, https:\/\/seecolombia.travel\/blog\/wp-content\/uploads\/2013\/10\/Daniel-Tirado-Desafio-2014-300x169.jpg 300w\" sizes=\"(max-width: 800px) 100vw, 800px\" \/><\/a><figcaption id=\"caption-attachment-11063\" class=\"wp-caption-text\">Layla, sin duda la mas fotogenica a esa hora.<\/figcaption><\/figure>\n<p>&nbsp;<\/p>\n<p>Es un camino de dificultad moderada y lleno de vegetaci\u00f3n cambiante que me permite poco a poco, en cada parada, voltear a ver<strong> la impresionante ciudad de Medell\u00edn<\/strong> de una forma que en mis muchas visitas nunca hab\u00eda podido contemplar.<\/p>\n<figure id=\"attachment_11065\" aria-describedby=\"caption-attachment-11065\" style=\"width: 300px\" class=\"wp-caption alignleft\"><a href=\"http:\/\/seecolombia.travel\/blog\/2013\/10\/medellin-desde-arriba-con-daniel-tirado-un-paisa-aventurero\/daniel-tirado-viajando-sin-papel-higienico\/\" rel=\"attachment wp-att-11065\"><img loading=\"lazy\" class=\"size-medium wp-image-11065\" src=\"http:\/\/seecolombia.travel\/blog\/wp-content\/uploads\/2013\/10\/Daniel-Tirado-viajando-sin-papel-higienico-300x219.jpg\" alt=\"Daniel Tirado, viajando sin papel higienico\" width=\"300\" height=\"219\" srcset=\"https:\/\/seecolombia.travel\/blog\/wp-content\/uploads\/2013\/10\/Daniel-Tirado-viajando-sin-papel-higienico-300x219.jpg 300w, https:\/\/seecolombia.travel\/blog\/wp-content\/uploads\/2013\/10\/Daniel-Tirado-viajando-sin-papel-higienico.jpg 625w\" sizes=\"(max-width: 300px) 100vw, 300px\" \/><\/a><figcaption id=\"caption-attachment-11065\" class=\"wp-caption-text\">Viajando sin Papel Higienico, el libro de Daniel<\/figcaption><\/figure>\n<p>Daniel se hizo conocido hace 2 a\u00f1os cuando particip\u00f3 en el programa<strong> Desaf\u00edo<\/strong> &#8211; \u00a0la versi\u00f3n colombiana de Survivor \u2013 y donde fue uno de los jugadores m\u00e1s queridos por los televidentes que se sorprendieron cuando fue eliminado solo <strong>un d\u00eda antes de la final<\/strong>. \u00a0Luego de salir del programa decidi\u00f3 convertir su antiguo blog en un libro: <strong><em>\u201cViajando sin Papel Higi\u00e9nico\u201d\u00a0<\/em><\/strong> el que auto edit\u00f3, diagram\u00f3 y promocion\u00f3 convirti\u00e9ndolo en un \u00e9xito de ventas. En el libro cuenta de forma muy entretenida y natural las peripecias <strong>del viaje por el mundo<\/strong> que hab\u00eda empezado \u00a0antes de su aventura televisiva y que lo llev\u00f3 finalmente a casarse con <strong>su esposa \u00a0actual, Yuki,<\/strong> en una tradicional ceremonia en el Jap\u00f3n.<\/p>\n<p>Ya casi en la cima nos sentamos un rato para ver esta incre\u00edble imagen de la ciudad, Dani me explica como desde que empez\u00f3 a venir a esta monta\u00f1a a los 13 a\u00f1os \u00a0ha visto como <strong>Medell\u00edn ha crecido de una manera incre\u00edble<\/strong>, todos los a\u00f1os quedan menos cerros libres que se cubren de edificios, la ciudad est\u00e1 creciendo incluso debajo nuestro: para poder llegar al punto de partida tuvimos que pasar a por la reja de un nuevo conjunto que hasta hace poco tiempo no estaba ah\u00ed.<\/p>\n<figure id=\"attachment_11076\" aria-describedby=\"caption-attachment-11076\" style=\"width: 800px\" class=\"wp-caption aligncenter\"><a href=\"http:\/\/seecolombia.travel\/blog\/2013\/10\/medellin-desde-arriba-con-daniel-tirado-un-paisa-aventurero\/medellin-desde-las-alturas-daniel-tirado\/\" rel=\"attachment wp-att-11076\"><img loading=\"lazy\" class=\"size-full wp-image-11076\" src=\"http:\/\/seecolombia.travel\/blog\/wp-content\/uploads\/2013\/10\/Medellin-desde-las-alturas-Daniel-Tirado.jpg\" alt=\"Medellin con Daniel Tirado Desafio 2014\" width=\"800\" height=\"450\" srcset=\"https:\/\/seecolombia.travel\/blog\/wp-content\/uploads\/2013\/10\/Medellin-desde-las-alturas-Daniel-Tirado.jpg 800w, https:\/\/seecolombia.travel\/blog\/wp-content\/uploads\/2013\/10\/Medellin-desde-las-alturas-Daniel-Tirado-300x168.jpg 300w\" sizes=\"(max-width: 800px) 100vw, 800px\" \/><\/a><figcaption id=\"caption-attachment-11076\" class=\"wp-caption-text\">Impresionante vista de Medellin desde las alturas<\/figcaption><\/figure>\n<p>&nbsp;<\/p>\n<p>Me cuenta adem\u00e1s que est\u00e1 en plena campa\u00f1a para promocionar su vuelta al <strong>Desafio \u00a02014 Marruecos<\/strong> , al que han denominado <strong>\u00a0Las Mil y Una Noches<\/strong> , por lo que ha creado un video en Youtube con el objetivo de compartirlo lo m\u00e1s posible y llamar la atenci\u00f3n de <strong>Canal Caracol<\/strong> que emitir\u00e1 el programa.<\/p>\n<p><center><object width=\"420\" height=\"315\" classid=\"clsid:d27cdb6e-ae6d-11cf-96b8-444553540000\" codebase=\"http:\/\/download.macromedia.com\/pub\/shockwave\/cabs\/flash\/swflash.cab#version=6,0,40,0\"><param name=\"allowFullScreen\" value=\"true\" \/><param name=\"allowscriptaccess\" value=\"always\" \/><param name=\"src\" value=\"\/\/www.youtube.com\/v\/PuSjOyG7vuY?hl=en_US&amp;version=3&amp;rel=0\" \/><param name=\"allowfullscreen\" value=\"true\" \/><embed width=\"420\" height=\"315\" type=\"application\/x-shockwave-flash\" src=\"\/\/www.youtube.com\/v\/PuSjOyG7vuY?hl=en_US&amp;version=3&amp;rel=0\" allowfullscreen=\"allowfullscreen\" allowscriptaccess=\"always\" allowfullscreen=\"allowfullscreen\" \/><\/object><\/center>&nbsp;<\/p>\n<p>Llegamos a <strong>Santa Elena<\/strong> atravesando parte de <a title=\"Parque Arvi\" href=\"http:\/\/www.parquearvi.org\/\" target=\"_blank\"><strong>Parque Arvi<\/strong><\/a> y a nuestro paso por los cultivos de flores , me llama la atenci\u00f3n el conocimiento de Dani sobre las flores y los frutos que son comestibles, la fauna local y todos los datos que tiene almacenados sobre cada insecto que nos cruzamos, habla de todo esto con una pasi\u00f3n contagiante , la misma pasi\u00f3n que se puede ver en su canal de <a title=\"Canal de You Tube Daniel Tirado\" href=\"http:\/\/www.youtube.com\/user\/viajandosinpapel?feature=watch\" target=\"_blank\">youtube<\/a>.<\/p>\n<p>Ya de bajada nos dirigimos a <a title=\"Roc House Medellin\" href=\"http:\/\/www.roc-house.com\/\" target=\"_blank\"><strong>Roc House<\/strong><\/a> , su centro de escalada en\u00a0 la Carrera 43F # 11-30 donde este fin de semana se realiza una competencia muy entretenida, porque ademas de todo lo que es Daniel, como buen paisa es tambi\u00e9n un emprendedor nato.<\/p>\n<p>JL<\/p>\n","protected":false},"excerpt":{"rendered":"<p>Daniel Tirado es un muy buen amigo con quien estuvimos compartiendo la semana pasada una de sus rutas preferidas de trekking en los alrededores de Medell\u00edn, es adem\u00e1s de eso un verdadero aventurero, un viajero empedernido, el youtuber de viajes m\u00e1s visitado de Colombia y un colega con el que \u00a0tenemos el s\u00faper gusto de [&hellip;]<\/p>\n","protected":false},"author":3,"featured_media":11055,"comment_status":"open","ping_status":"open","sticky":false,"template":"","format":"standard","meta":{"ngg_post_thumbnail":0},"categories":[71,865,12],"tags":[2973,1605,2974,2864],"yoast_head":"<!-- This site is optimized with the Yoast SEO Premium plugin v18.4 (Yoast SEO v18.9) - https:\/\/yoast.com\/wordpress\/plugins\/seo\/ -->\n<title>Medellin desde arriba con Daniel Tirado, un paisa aventurero - Colombia Travel Blog by See Colombia Travel<\/title>\n<meta name=\"robots\" content=\"index, follow, max-snippet:-1, max-image-preview:large, max-video-preview:-1\" \/>\n<link rel=\"canonical\" href=\"https:\/\/seecolombia.travel\/blog\/2013\/10\/medellin-desde-arriba-con-daniel-tirado-un-paisa-aventurero\/\" \/>\n<meta property=\"og:locale\" content=\"en_US\" \/>\n<meta property=\"og:type\" content=\"article\" \/>\n<meta property=\"og:title\" content=\"Medellin desde arriba con Daniel Tirado, un paisa aventurero\" \/>\n<meta property=\"og:description\" content=\"Daniel Tirado es un muy buen amigo con quien estuvimos compartiendo la semana pasada una de sus rutas preferidas de trekking en los alrededores de Medell\u00edn, es adem\u00e1s de eso un verdadero aventurero, un viajero empedernido, el youtuber de viajes m\u00e1s visitado de Colombia y un colega con el que \u00a0tenemos el s\u00faper gusto de [&hellip;]\" \/>\n<meta property=\"og:url\" content=\"https:\/\/seecolombia.travel\/blog\/2013\/10\/medellin-desde-arriba-con-daniel-tirado-un-paisa-aventurero\/\" \/>\n<meta property=\"og:site_name\" content=\"Colombia Travel Blog by See Colombia Travel\" \/>\n<meta property=\"article:published_time\" content=\"2013-10-19T20:10:32+00:00\" \/>\n<meta property=\"article:modified_time\" content=\"2016-05-12T19:24:51+00:00\" \/>\n<meta property=\"og:image\" content=\"https:\/\/seecolombia.travel\/blog\/wp-content\/uploads\/2013\/10\/Daniel-Tirado-Desafio-Marruecos-2011.jpg\" \/>\n\t<meta property=\"og:image:width\" content=\"1000\" \/>\n\t<meta property=\"og:image:height\" content=\"442\" \/>\n\t<meta property=\"og:image:type\" content=\"image\/jpeg\" \/>\n<meta name=\"twitter:card\" content=\"summary\" \/>\n<meta name=\"twitter:label1\" content=\"Written by\" \/>\n\t<meta name=\"twitter:data1\" content=\"JL\" \/>\n\t<meta name=\"twitter:label2\" content=\"Est. reading time\" \/>\n\t<meta name=\"twitter:data2\" content=\"3 minutes\" \/>\n<script type=\"application\/ld+json\" class=\"yoast-schema-graph\">{\"@context\":\"https:\/\/schema.org\",\"@graph\":[{\"@type\":\"WebSite\",\"@id\":\"https:\/\/seecolombia.travel\/blog\/#website\",\"url\":\"https:\/\/seecolombia.travel\/blog\/\",\"name\":\"Colombia Travel Blog by See Colombia Travel\",\"description\":\"Colombia Travel Blog: An international perspective on travelling in Colombia by world travellers.\",\"potentialAction\":[{\"@type\":\"SearchAction\",\"target\":{\"@type\":\"EntryPoint\",\"urlTemplate\":\"https:\/\/seecolombia.travel\/blog\/?s={search_term_string}\"},\"query-input\":\"required name=search_term_string\"}],\"inLanguage\":\"en-US\"},{\"@type\":\"ImageObject\",\"inLanguage\":\"en-US\",\"@id\":\"https:\/\/seecolombia.travel\/blog\/2013\/10\/medellin-desde-arriba-con-daniel-tirado-un-paisa-aventurero\/#primaryimage\",\"url\":\"https:\/\/seecolombia.travel\/blog\/wp-content\/uploads\/2013\/10\/Daniel-Tirado-Desafio-Marruecos-2011.jpg\",\"contentUrl\":\"https:\/\/seecolombia.travel\/blog\/wp-content\/uploads\/2013\/10\/Daniel-Tirado-Desafio-Marruecos-2011.jpg\",\"width\":1000,\"height\":442,\"caption\":\"Desafio Marruecos 2014 Daniel Tirado\"},{\"@type\":\"WebPage\",\"@id\":\"https:\/\/seecolombia.travel\/blog\/2013\/10\/medellin-desde-arriba-con-daniel-tirado-un-paisa-aventurero\/#webpage\",\"url\":\"https:\/\/seecolombia.travel\/blog\/2013\/10\/medellin-desde-arriba-con-daniel-tirado-un-paisa-aventurero\/\",\"name\":\"Medellin desde arriba con Daniel Tirado, un paisa aventurero - Colombia Travel Blog by See Colombia Travel\",\"isPartOf\":{\"@id\":\"https:\/\/seecolombia.travel\/blog\/#website\"},\"primaryImageOfPage\":{\"@id\":\"https:\/\/seecolombia.travel\/blog\/2013\/10\/medellin-desde-arriba-con-daniel-tirado-un-paisa-aventurero\/#primaryimage\"},\"datePublished\":\"2013-10-19T20:10:32+00:00\",\"dateModified\":\"2016-05-12T19:24:51+00:00\",\"author\":{\"@id\":\"https:\/\/seecolombia.travel\/blog\/#\/schema\/person\/d83df03ea54d1f0911d7098ebe26db49\"},\"breadcrumb\":{\"@id\":\"https:\/\/seecolombia.travel\/blog\/2013\/10\/medellin-desde-arriba-con-daniel-tirado-un-paisa-aventurero\/#breadcrumb\"},\"inLanguage\":\"en-US\",\"potentialAction\":[{\"@type\":\"ReadAction\",\"target\":[\"https:\/\/seecolombia.travel\/blog\/2013\/10\/medellin-desde-arriba-con-daniel-tirado-un-paisa-aventurero\/\"]}]},{\"@type\":\"BreadcrumbList\",\"@id\":\"https:\/\/seecolombia.travel\/blog\/2013\/10\/medellin-desde-arriba-con-daniel-tirado-un-paisa-aventurero\/#breadcrumb\",\"itemListElement\":[{\"@type\":\"ListItem\",\"position\":1,\"name\":\"Home\",\"item\":\"https:\/\/seecolombia.travel\/blog\/\"},{\"@type\":\"ListItem\",\"position\":2,\"name\":\"Medellin desde arriba con Daniel Tirado, un paisa aventurero\"}]},{\"@type\":\"Person\",\"@id\":\"https:\/\/seecolombia.travel\/blog\/#\/schema\/person\/d83df03ea54d1f0911d7098ebe26db49\",\"name\":\"JL\",\"image\":{\"@type\":\"ImageObject\",\"inLanguage\":\"en-US\",\"@id\":\"https:\/\/seecolombia.travel\/blog\/#\/schema\/person\/image\/\",\"url\":\"https:\/\/secure.gravatar.com\/avatar\/68a3ba6dc377250ef6eb8cd56865210e?s=96&d=retro&r=g\",\"contentUrl\":\"https:\/\/secure.gravatar.com\/avatar\/68a3ba6dc377250ef6eb8cd56865210e?s=96&d=retro&r=g\",\"caption\":\"JL\"},\"description\":\"Ciudadano del mundo, nuestro Gerente de Marketing y comunicaciones se define como viajero, pap\u00e1, esposo y empresario. Es co-creador de Colombia Travel Blog junto a su esposa Marcela y creador de Fogg, la agencia de contenidos que produce el popular programa 3 Travel Bloggers. ----------- Our Marketing and Communications Manager, a self proclaimed citizen of the world, was born in Peru and raised in a number of different countries \u2013 including Angola, Thailand and Iceland \u2013 which instilled a deep love of travel and cultural diversity within him. With an extensive education in Marketing and Communications and after leaving a successful corporate career in the Telecom Industry, JL is now advocated to professionalize travel blogging in Latin America.\",\"sameAs\":[\"http:\/\/www.seecolombia.travel\"],\"url\":\"https:\/\/seecolombia.travel\/blog\/author\/jl\/\"}]}<\/script>\n<!-- \/ Yoast SEO Premium plugin. -->","yoast_head_json":{"title":"Medellin desde arriba con Daniel Tirado, un paisa aventurero - Colombia Travel Blog by See Colombia Travel","robots":{"index":"index","follow":"follow","max-snippet":"max-snippet:-1","max-image-preview":"max-image-preview:large","max-video-preview":"max-video-preview:-1"},"canonical":"https:\/\/seecolombia.travel\/blog\/2013\/10\/medellin-desde-arriba-con-daniel-tirado-un-paisa-aventurero\/","og_locale":"en_US","og_type":"article","og_title":"Medellin desde arriba con Daniel Tirado, un paisa aventurero","og_description":"Daniel Tirado es un muy buen amigo con quien estuvimos compartiendo la semana pasada una de sus rutas preferidas de trekking en los alrededores de Medell\u00edn, es adem\u00e1s de eso un verdadero aventurero, un viajero empedernido, el youtuber de viajes m\u00e1s visitado de Colombia y un colega con el que \u00a0tenemos el s\u00faper gusto de [&hellip;]","og_url":"https:\/\/seecolombia.travel\/blog\/2013\/10\/medellin-desde-arriba-con-daniel-tirado-un-paisa-aventurero\/","og_site_name":"Colombia Travel Blog by See Colombia Travel","article_published_time":"2013-10-19T20:10:32+00:00","article_modified_time":"2016-05-12T19:24:51+00:00","og_image":[{"width":1000,"height":442,"url":"https:\/\/seecolombia.travel\/blog\/wp-content\/uploads\/2013\/10\/Daniel-Tirado-Desafio-Marruecos-2011.jpg","type":"image\/jpeg"}],"twitter_card":"summary","twitter_misc":{"Written by":"JL","Est. reading time":"3 minutes"},"schema":{"@context":"https:\/\/schema.org","@graph":[{"@type":"WebSite","@id":"https:\/\/seecolombia.travel\/blog\/#website","url":"https:\/\/seecolombia.travel\/blog\/","name":"Colombia Travel Blog by See Colombia Travel","description":"Colombia Travel Blog: An international perspective on travelling in Colombia by world travellers.","potentialAction":[{"@type":"SearchAction","target":{"@type":"EntryPoint","urlTemplate":"https:\/\/seecolombia.travel\/blog\/?s={search_term_string}"},"query-input":"required name=search_term_string"}],"inLanguage":"en-US"},{"@type":"ImageObject","inLanguage":"en-US","@id":"https:\/\/seecolombia.travel\/blog\/2013\/10\/medellin-desde-arriba-con-daniel-tirado-un-paisa-aventurero\/#primaryimage","url":"https:\/\/seecolombia.travel\/blog\/wp-content\/uploads\/2013\/10\/Daniel-Tirado-Desafio-Marruecos-2011.jpg","contentUrl":"https:\/\/seecolombia.travel\/blog\/wp-content\/uploads\/2013\/10\/Daniel-Tirado-Desafio-Marruecos-2011.jpg","width":1000,"height":442,"caption":"Desafio Marruecos 2014 Daniel Tirado"},{"@type":"WebPage","@id":"https:\/\/seecolombia.travel\/blog\/2013\/10\/medellin-desde-arriba-con-daniel-tirado-un-paisa-aventurero\/#webpage","url":"https:\/\/seecolombia.travel\/blog\/2013\/10\/medellin-desde-arriba-con-daniel-tirado-un-paisa-aventurero\/","name":"Medellin desde arriba con Daniel Tirado, un paisa aventurero - Colombia Travel Blog by See Colombia Travel","isPartOf":{"@id":"https:\/\/seecolombia.travel\/blog\/#website"},"primaryImageOfPage":{"@id":"https:\/\/seecolombia.travel\/blog\/2013\/10\/medellin-desde-arriba-con-daniel-tirado-un-paisa-aventurero\/#primaryimage"},"datePublished":"2013-10-19T20:10:32+00:00","dateModified":"2016-05-12T19:24:51+00:00","author":{"@id":"https:\/\/seecolombia.travel\/blog\/#\/schema\/person\/d83df03ea54d1f0911d7098ebe26db49"},"breadcrumb":{"@id":"https:\/\/seecolombia.travel\/blog\/2013\/10\/medellin-desde-arriba-con-daniel-tirado-un-paisa-aventurero\/#breadcrumb"},"inLanguage":"en-US","potentialAction":[{"@type":"ReadAction","target":["https:\/\/seecolombia.travel\/blog\/2013\/10\/medellin-desde-arriba-con-daniel-tirado-un-paisa-aventurero\/"]}]},{"@type":"BreadcrumbList","@id":"https:\/\/seecolombia.travel\/blog\/2013\/10\/medellin-desde-arriba-con-daniel-tirado-un-paisa-aventurero\/#breadcrumb","itemListElement":[{"@type":"ListItem","position":1,"name":"Home","item":"https:\/\/seecolombia.travel\/blog\/"},{"@type":"ListItem","position":2,"name":"Medellin desde arriba con Daniel Tirado, un paisa aventurero"}]},{"@type":"Person","@id":"https:\/\/seecolombia.travel\/blog\/#\/schema\/person\/d83df03ea54d1f0911d7098ebe26db49","name":"JL","image":{"@type":"ImageObject","inLanguage":"en-US","@id":"https:\/\/seecolombia.travel\/blog\/#\/schema\/person\/image\/","url":"https:\/\/secure.gravatar.com\/avatar\/68a3ba6dc377250ef6eb8cd56865210e?s=96&d=retro&r=g","contentUrl":"https:\/\/secure.gravatar.com\/avatar\/68a3ba6dc377250ef6eb8cd56865210e?s=96&d=retro&r=g","caption":"JL"},"description":"Ciudadano del mundo, nuestro Gerente de Marketing y comunicaciones se define como viajero, pap\u00e1, esposo y empresario. Es co-creador de Colombia Travel Blog junto a su esposa Marcela y creador de Fogg, la agencia de contenidos que produce el popular programa 3 Travel Bloggers. ----------- Our Marketing and Communications Manager, a self proclaimed citizen of the world, was born in Peru and raised in a number of different countries \u2013 including Angola, Thailand and Iceland \u2013 which instilled a deep love of travel and cultural diversity within him. With an extensive education in Marketing and Communications and after leaving a successful corporate career in the Telecom Industry, JL is now advocated to professionalize travel blogging in Latin America.","sameAs":["http:\/\/www.seecolombia.travel"],"url":"https:\/\/seecolombia.travel\/blog\/author\/jl\/"}]}},"amp_enabled":true,"_links":{"self":[{"href":"https:\/\/seecolombia.travel\/blog\/wp-json\/wp\/v2\/posts\/11054"}],"collection":[{"href":"https:\/\/seecolombia.travel\/blog\/wp-json\/wp\/v2\/posts"}],"about":[{"href":"https:\/\/seecolombia.travel\/blog\/wp-json\/wp\/v2\/types\/post"}],"author":[{"embeddable":true,"href":"https:\/\/seecolombia.travel\/blog\/wp-json\/wp\/v2\/users\/3"}],"replies":[{"embeddable":true,"href":"https:\/\/seecolombia.travel\/blog\/wp-json\/wp\/v2\/comments?post=11054"}],"version-history":[{"count":24,"href":"https:\/\/seecolombia.travel\/blog\/wp-json\/wp\/v2\/posts\/11054\/revisions"}],"predecessor-version":[{"id":22640,"href":"https:\/\/seecolombia.travel\/blog\/wp-json\/wp\/v2\/posts\/11054\/revisions\/22640"}],"wp:featuredmedia":[{"embeddable":true,"href":"https:\/\/seecolombia.travel\/blog\/wp-json\/wp\/v2\/media\/11055"}],"wp:attachment":[{"href":"https:\/\/seecolombia.travel\/blog\/wp-json\/wp\/v2\/media?parent=11054"}],"wp:term":[{"taxonomy":"category","embeddable":true,"href":"https:\/\/seecolombia.travel\/blog\/wp-json\/wp\/v2\/categories?post=11054"},{"taxonomy":"post_tag","embeddable":true,"href":"https:\/\/seecolombia.travel\/blog\/wp-json\/wp\/v2\/tags?post=11054"}],"curies":[{"name":"wp","href":"https:\/\/api.w.org\/{rel}","templated":true}]}}