{"id":11040,"date":"2013-11-01T12:40:23","date_gmt":"2013-11-01T17:40:23","guid":{"rendered":"http:\/\/seecolombia.travel\/blog\/?p=11040"},"modified":"2017-02-03T08:10:48","modified_gmt":"2017-02-03T13:10:48","slug":"annie-burbano-turistic","status":"publish","type":"post","link":"https:\/\/seecolombia.travel\/blog\/2013\/11\/annie-burbano-turistic\/","title":{"rendered":"Annie Burbano: Una carta abierta a la directora de TurisTIC"},"content":{"rendered":"<p>Estimada <strong>Annie Burbano,<\/strong><\/p>\n<p>Por primera vez en la historia de este blog de viajes, nos vemos en la desagradable situaci\u00f3n de escribir sobre temas ajenos al <strong>turismo en Colombia<\/strong> o el<strong> travel blogging<\/strong> y por este motivo le pedimos disculpas a nuestros lectores. Pero todo tiene un l\u00edmite.<\/p>\n<p>Quienes nos leen, conocen y han trabajado con nosotros saben de nuestra historia, de nuestra <strong>pasi\u00f3n por Colombia<\/strong> y de como <a title=\"Regreso a Colombia\" href=\"http:\/\/seecolombia.travel\/blog\/2012\/05\/contra-la-corriente-como-mi-regreso-a-colombia-cambio-mi-vida-por-completo-o-una-historia-de-amor-por-colombia\/\" target=\"_blank\">Marcela empez\u00f3 este sue\u00f1o de promocionar su pa\u00eds en el mundo despu\u00e9s de 10 a\u00f1os de vivir afuera<\/a> \u00a0cansada de los estereotipos negativos. Tambi\u00e9n conocen al resto de <a title=\"Equipo de See Colombia\" href=\"http:\/\/seecolombia.travel\/blog\/about\/\" target=\"_blank\">nuestro equipo<\/a>, colombianos y extranjeros que adoramos este pa\u00eds y que no paramos de comunicar <strong>la cara positiva de Colombia.<\/strong><\/p>\n<p>Se han percatado tambi\u00e9n de como estamos siempre en b\u00fasqueda de sinergia con\u00a0<strong>nuevos aliados que nos permitan llevar este mensaje a mas publico<\/strong> y como con mucho esfuerzo hemos creado un grupo de<strong> profesionales del turismo<\/strong> afines a nuestras ideas para <strong>trabajar en conjunto<\/strong>\u00a0 y de forma colaborativa por la industria en nuestro pa\u00eds adoptivo. Si hemos tenido alguna vez alguna diferencia en nuestros puntos de vista \u00a0<strong>hemos optado por dialogar y debatir<\/strong> para, con diferentes visiones, enriquecernos y aprender \u00a0todos del<strong> intercambio de opiniones<\/strong>.<\/p>\n<p>Hasta ahora hemos hecho caso omiso de las medias verdades, indirectas en p\u00fablico y ataques contra este blog y en especial al de<a title=\"Colombia de Una\" href=\"http:\/\/www.colombiadeuna.com\" target=\"_blank\"><strong> Colombia de Una<\/strong><\/a> de nuestra amiga y socia <strong>Toya Viudes,<\/strong> quien ya hace unas semanas, <strong>Annie Burbano<\/strong>, colm\u00f3 su aguante y tuvo que publicar una carta similar a \u00e9sta.<\/p>\n<p>Si hemos decidido hacer esto p\u00fablico es a ra\u00edz de las <strong>acusaciones hacia Toya de extorsionadora <\/strong>\u00a0lanzadas por<strong> la gerente de tu empresa TurisTIC para la zona Caribe<\/strong>, Lina Margarita Roca, pero sobre todo porque esas acusaciones\u00a0<strong>han llegado directamente hasta nuestros aliados mas importantes para la\u00a0promoci\u00f3n\u00a0de Colombia<\/strong>, asunto que cruza un l\u00edmite que va mucho mas all\u00e1 de la an\u00e9cdota colegial que podr\u00eda haber sido esto hasta ahora para pasar a ser una situaci\u00f3n en la que con un in\u00e9dito\u00a0ensa\u00f1amiento\u00a0<strong>se nos desprestigia profesionalmente para entorpecer los proyectos que tenemos en marcha.<\/strong><\/p>\n<p>El l\u00edmite en realidad ya hab\u00eda sido cruzado hace un tiempo atr\u00e1s,\u00a0<strong>Annie Burbano<\/strong>, cuando un blogger que tu conoces muy bien, utilizando como pruebas <strong>mensajes privados entre Toya y t\u00fa<\/strong>, le escribi\u00f3 a Campus Party para bajar a Toya y JL de la conferencia que ten\u00edan programada <strong>el 11 de octubre<\/strong> sobre contenido emocional y blogs de viajes.<\/p>\n<p>Esto bas\u00e1ndose en la acusaci\u00f3n de haber <strong>comprado seguidores en Twitter,<\/strong> situaci\u00f3n \u00a0que nosotros ya hab\u00edamos<a title=\"We bought Twitter followers\" href=\"http:\/\/seecolombia.travel\/blog\/2013\/05\/to-buy-or-not-to-buy-a-first-hand-account-of-buying-followers-on-twitter\/\" target=\"_blank\"> hecho p\u00fablica a nuestros lectores hace meses <\/a>\u00a0contando con detalles nuestras motivaciones,\u00a0junto con la experiencia de tener que borrarlos manualmente, luego recomendando un script para hacerlo de forma autom\u00e1tica\u00a0 y registrando\u00a0 <strong>todo el proceso con total transparencia en nuestro blog<\/strong> y redes sociales, y concluyendo ademas que no solo fue un error, sino una gran estupidez. Hubiera sido suficiente que el mencionado blogger le mande a Campus Party este pantallazo como evidencia de tremendo delito:<\/p>\n<figure id=\"attachment_11402\" aria-describedby=\"caption-attachment-11402\" style=\"width: 640px\" class=\"wp-caption aligncenter\"><a href=\"http:\/\/seecolombia.travel\/blog\/2013\/11\/annie-burbano-turistic\/compartiendo-esperiencia-de-comprar-seguidores-en-twitter\/\" rel=\"attachment wp-att-11402\"><img loading=\"lazy\" class=\" wp-image-11402 \" src=\"http:\/\/seecolombia.travel\/blog\/wp-content\/uploads\/2013\/10\/Compartiendo-esperiencia-de-comprar-seguidores-en-Twitter.jpg\" alt=\"Compartiendo experiencia Twitter\" width=\"640\" height=\"546\" srcset=\"https:\/\/seecolombia.travel\/blog\/wp-content\/uploads\/2013\/10\/Compartiendo-esperiencia-de-comprar-seguidores-en-Twitter.jpg 800w, https:\/\/seecolombia.travel\/blog\/wp-content\/uploads\/2013\/10\/Compartiendo-esperiencia-de-comprar-seguidores-en-Twitter-300x255.jpg 300w\" sizes=\"(max-width: 640px) 100vw, 640px\" \/><\/a><figcaption id=\"caption-attachment-11402\" class=\"wp-caption-text\">El post original donde se cuenta nuestra -nefasta- experiencia comprando followers en Twitter<\/figcaption><\/figure>\n<p>&nbsp;<\/p>\n<p><strong style=\"line-height: 1.6em;\">Podr\u00edas\u00a0haberte informado mejor antes de escribir tu art\u00edculo de Julio de 2013<\/strong> en el que hablas de la compra de seguidores (publicaci\u00f3n en la que aparentemente empez\u00f3 todo esto y que a ra\u00edz de este incidente reci\u00e9n descubrimos ): no te molestaste en consultarnos a pesar de conocernos personalmente, tener nuestros tel\u00e9fonos, e-mails y cuentas de Skype antes de lanzar alegremente esa informaci\u00f3n y de <strong style=\"line-height: 1.6em;\">asumir las razones y procedimientos que la motivaron.<\/strong> Si, como pregonas, haces esto <strong style=\"line-height: 1.6em;\">por el bien de la comunidad<\/strong> y no por otras razones, lo correcto era eso y no enviarnos un condescendiente mensaje por Facebook, en privado y descontextualizado, <strong style=\"line-height: 1.6em;\">despu\u00e9s<\/strong> de que ya hab\u00edas subido el post y , de hecho,<strong style=\"line-height: 1.6em;\"> sin mencionarnos que se hab\u00eda publicado algo al respecto.<\/strong><\/p>\n<p>&nbsp;<\/p>\n<figure id=\"attachment_11398\" aria-describedby=\"caption-attachment-11398\" style=\"width: 714px\" class=\"wp-caption aligncenter\"><a href=\"http:\/\/seecolombia.travel\/blog\/2013\/11\/annie-burbano-turistic\/annie-burbano-fake\/\" rel=\"attachment wp-att-11398\"><img loading=\"lazy\" class=\"size-full wp-image-11398\" src=\"http:\/\/seecolombia.travel\/blog\/wp-content\/uploads\/2013\/10\/Annie-Burbano-Fake.jpg\" alt=\"Annie Burbano Fake\" width=\"714\" height=\"390\" srcset=\"https:\/\/seecolombia.travel\/blog\/wp-content\/uploads\/2013\/10\/Annie-Burbano-Fake.jpg 714w, https:\/\/seecolombia.travel\/blog\/wp-content\/uploads\/2013\/10\/Annie-Burbano-Fake-300x163.jpg 300w\" sizes=\"(max-width: 714px) 100vw, 714px\" \/><\/a><figcaption id=\"caption-attachment-11398\" class=\"wp-caption-text\">El objetivo de un travel blogger es <strong>que le den cosas gratis<\/strong>? Bueno saber que ese es el concepto que se tiene de los bloggers \/ \u00a0<strong>&#8220;Los he apoyado&#8221;<\/strong> : ver mas abajo nuestra experiencia en el programa de bloggers &#8220;oficials&#8221; que coordinas para una entidad, \u00fanica instancia de contacto profesional que hemos tenido.<\/figcaption><\/figure>\n<p>&nbsp;<\/p>\n<figure id=\"attachment_11408\" aria-describedby=\"caption-attachment-11408\" style=\"width: 697px\" class=\"wp-caption aligncenter\"><a href=\"http:\/\/seecolombia.travel\/blog\/2013\/11\/annie-burbano-turistic\/annie-burbano-fake-2-2\/\" rel=\"attachment wp-att-11408\"><img loading=\"lazy\" class=\"size-full wp-image-11408\" src=\"http:\/\/seecolombia.travel\/blog\/wp-content\/uploads\/2013\/10\/Annie-Burbano-Fake-2.jpg\" alt=\"Annie Burbano Fake followers\" width=\"697\" height=\"581\" srcset=\"https:\/\/seecolombia.travel\/blog\/wp-content\/uploads\/2013\/10\/Annie-Burbano-Fake-2.jpg 697w, https:\/\/seecolombia.travel\/blog\/wp-content\/uploads\/2013\/10\/Annie-Burbano-Fake-2-300x250.jpg 300w\" sizes=\"(max-width: 697px) 100vw, 697px\" \/><\/a><figcaption id=\"caption-attachment-11408\" class=\"wp-caption-text\">Y aqu\u00ed asumes que la compra de followers solo <strong>busca enga\u00f1ar a los proveedores de servicios tur\u00edsticos. Y punto<\/strong>, no hay mas que discutir. Disclaimer: El aviso de Adsense no es nuestro.<\/figcaption><\/figure>\n<p>&nbsp;<\/p>\n<p>A pesar de que esa situaci\u00f3n fue p\u00fablica y corregida meses atr\u00e1s, <strong>Annie Burbano,<\/strong>\u00a0seguiste tom\u00e1ndonos a ambos blogs de ejemplo de <strong>#malaspracticas<\/strong>, llegando a utilizarlo de<em>\u00a0tema central<\/em>\u00a0de tu conferencia <strong>Turisblog<\/strong>, organizada <strong>el 10 de octubre, un d\u00eda antes de la nuestra en Campus Party Medellin<\/strong>. Por cierto, como es p\u00fablico, querer sacarnos del Campus Party \u00a0no prosper\u00f3, caus\u00f3 muchas sonrisas en los organizadores y <strong>a nuestra charla le fue bastante bien<\/strong>.<\/p>\n<p><strong>Te atribuiste unos d\u00edas despu\u00e9s<\/strong> que <em>gracias a tu conferencia \u00a0los dos bloggers -es decir nosotros- hab\u00edan borrado sus seguidores falsos en Twitter<\/em>, <strong>mintiendo a tus propios lectores sobre un hecho que hab\u00eda pasado hace varios meses<\/strong> y pretendiendo la atribuci\u00f3n de un m\u00e9rito inventado y basado en lo que <strong>hab\u00edas hecho pasar como un tema de actualidad<\/strong> en tu conferencia.<\/p>\n<figure id=\"attachment_11384\" aria-describedby=\"caption-attachment-11384\" style=\"width: 616px\" class=\"wp-caption alignright\"><a href=\"http:\/\/seecolombia.travel\/blog\/2013\/11\/annie-burbano-turistic\/annie-burbano-bloggers-habla-de-bloggers\/\" rel=\"attachment wp-att-11384\"><img loading=\"lazy\" class=\"size-full wp-image-11384\" src=\"http:\/\/seecolombia.travel\/blog\/wp-content\/uploads\/2013\/10\/Annie-Burbano-Bloggers-habla-de-bloggers.jpg\" alt=\"Annie Burbano satisfecha\" width=\"616\" height=\"169\" srcset=\"https:\/\/seecolombia.travel\/blog\/wp-content\/uploads\/2013\/10\/Annie-Burbano-Bloggers-habla-de-bloggers.jpg 616w, https:\/\/seecolombia.travel\/blog\/wp-content\/uploads\/2013\/10\/Annie-Burbano-Bloggers-habla-de-bloggers-300x82.jpg 300w\" sizes=\"(max-width: 616px) 100vw, 616px\" \/><\/a><figcaption id=\"caption-attachment-11384\" class=\"wp-caption-text\">!Un exito, felicidades! Wait&#8230;what?<\/figcaption><\/figure>\n<p><strong>\u00a0<\/strong><\/p>\n<p>&nbsp;<\/p>\n<p>&nbsp;<\/p>\n<p>&nbsp;<\/p>\n<p>&nbsp;<\/p>\n<p>&nbsp;<\/p>\n<p>&nbsp;<\/p>\n<p>Claro que nunca nos mencionaste directamente -en p\u00fablico- lo que hacia mas f\u00e1cil aseverar eso sin consecuencias. Reci\u00e9n te viste obligada a admitir que hablabas de nosotros en una <strong>conversaci\u00f3n p\u00fablica que sostuvimos en tu Facebook<\/strong> la semana pasada respondiendo a tu sui generis status.<\/p>\n<figure id=\"attachment_11434\" aria-describedby=\"caption-attachment-11434\" style=\"width: 625px\" class=\"wp-caption aligncenter\"><a href=\"http:\/\/seecolombia.travel\/blog\/2013\/11\/annie-burbano-turistic\/facebook-annie-burbano\/\" rel=\"attachment wp-att-11434\"><img loading=\"lazy\" class=\"size-full wp-image-11434\" src=\"http:\/\/seecolombia.travel\/blog\/wp-content\/uploads\/2013\/10\/Facebook-Annie-Burbano.jpg\" alt=\"Annie Burbano Fake Facebook\" width=\"625\" height=\"517\" srcset=\"https:\/\/seecolombia.travel\/blog\/wp-content\/uploads\/2013\/10\/Facebook-Annie-Burbano.jpg 625w, https:\/\/seecolombia.travel\/blog\/wp-content\/uploads\/2013\/10\/Facebook-Annie-Burbano-300x248.jpg 300w\" sizes=\"(max-width: 625px) 100vw, 625px\" \/><\/a><figcaption id=\"caption-attachment-11434\" class=\"wp-caption-text\">Al preguntar y felicitarla por su triunfo, \u00a0Annie \u00a0Burbano contesta con una respuesta que es muy similar al caso nuestro y de Toya. Marce le responde claramente y le comenta de sobre la situaci\u00f3n del Campus Party.<\/figcaption><\/figure>\n<p><strong>\u00a0<\/strong><\/p>\n<p>Al d\u00eda siguiente, la respuesta no viene directamente sino en la forma de un status indirecto ( que imaginamos estamos malinterpretando y \u00a0no se refiere a nosotros)<\/p>\n<p>&nbsp;<\/p>\n<figure id=\"attachment_11437\" aria-describedby=\"caption-attachment-11437\" style=\"width: 663px\" class=\"wp-caption aligncenter\"><a href=\"http:\/\/seecolombia.travel\/blog\/2013\/11\/annie-burbano-turistic\/anni-eburbano-facebook-magnanima\/\" rel=\"attachment wp-att-11437\"><img loading=\"lazy\" class=\"size-full wp-image-11437\" src=\"http:\/\/seecolombia.travel\/blog\/wp-content\/uploads\/2013\/10\/Anni-eburbano-Facebook-magnanima.jpg\" alt=\"Annie Burbano facebook\" width=\"663\" height=\"222\" srcset=\"https:\/\/seecolombia.travel\/blog\/wp-content\/uploads\/2013\/10\/Anni-eburbano-Facebook-magnanima.jpg 663w, https:\/\/seecolombia.travel\/blog\/wp-content\/uploads\/2013\/10\/Anni-eburbano-Facebook-magnanima-300x100.jpg 300w, https:\/\/seecolombia.travel\/blog\/wp-content\/uploads\/2013\/10\/Anni-eburbano-Facebook-magnanima-662x222.jpg 662w\" sizes=\"(max-width: 663px) 100vw, 663px\" \/><\/a><figcaption id=\"caption-attachment-11437\" class=\"wp-caption-text\">Fiel al estilo, no hay respuesta frontal, si un status que velado.<\/figcaption><\/figure>\n<p>&nbsp;<\/p>\n<p><strong>Ante esa &#8220;respuesta&#8221;,<\/strong>\u00a0que no lo es, Marcela insiste en que contestes directamente, finalmente admites que somos nosotros a quienes te has estado refiriendo todo este tiempo \u00a0-pero claro, <strong>no a que tu status es \u00a8impreciso\u00a8<\/strong> -, no sin antes sugerir que te estamos amenazando y sin <strong>ninguna menci\u00f3n de solidaridad o sorpresa<\/strong> por lo de Campus Party, colega.<\/p>\n<figure id=\"attachment_11448\" aria-describedby=\"caption-attachment-11448\" style=\"width: 635px\" class=\"wp-caption aligncenter\"><a href=\"http:\/\/seecolombia.travel\/blog\/2013\/11\/annie-burbano-turistic\/annie-burbano-facebook-3-respuesta\/\" rel=\"attachment wp-att-11448\"><img loading=\"lazy\" class=\"size-full wp-image-11448\" src=\"http:\/\/seecolombia.travel\/blog\/wp-content\/uploads\/2013\/10\/Annie-Burbano-Facebook-3-respuesta.jpg\" alt=\"Annie Burbano no responde\" width=\"635\" height=\"234\" srcset=\"https:\/\/seecolombia.travel\/blog\/wp-content\/uploads\/2013\/10\/Annie-Burbano-Facebook-3-respuesta.jpg 635w, https:\/\/seecolombia.travel\/blog\/wp-content\/uploads\/2013\/10\/Annie-Burbano-Facebook-3-respuesta-300x110.jpg 300w\" sizes=\"(max-width: 635px) 100vw, 635px\" \/><\/a><figcaption id=\"caption-attachment-11448\" class=\"wp-caption-text\">Ante esa \u00a0&#8220;respuesta&#8221; , Marce solicita una RESPUESTA<\/figcaption><\/figure>\n<p><strong>\u00a0<\/strong><\/p>\n<p>Revelador tambi\u00e9n es el <strong>radical cambio de tono en tu respuesta<\/strong> \u00a0a una comunicaci\u00f3n que ya no te alaba, sino que te aclara las cosas:<\/p>\n<figure id=\"attachment_11442\" aria-describedby=\"caption-attachment-11442\" style=\"width: 635px\" class=\"wp-caption aligncenter\"><a href=\"http:\/\/seecolombia.travel\/blog\/2013\/11\/annie-burbano-turistic\/annie-burbano-facebook-3-2\/\" rel=\"attachment wp-att-11442\"><img loading=\"lazy\" class=\"size-full wp-image-11442\" src=\"http:\/\/seecolombia.travel\/blog\/wp-content\/uploads\/2013\/10\/Annie-Burbano-Facebook-31.jpg\" alt=\"Annie Burbano Facebook Fakes bloggers\" width=\"635\" height=\"606\" srcset=\"https:\/\/seecolombia.travel\/blog\/wp-content\/uploads\/2013\/10\/Annie-Burbano-Facebook-31.jpg 635w, https:\/\/seecolombia.travel\/blog\/wp-content\/uploads\/2013\/10\/Annie-Burbano-Facebook-31-300x286.jpg 300w\" sizes=\"(max-width: 635px) 100vw, 635px\" \/><\/a><figcaption id=\"caption-attachment-11442\" class=\"wp-caption-text\"><strong>Despu\u00e9s de la respuesta de \u00a0JL, hasta ahi llego el debate, luego de dos comentarios posteriores, ajenos a nosotros, \u00a0que no coincid\u00edan con tu punto de vista, nos bloqueaste de tu cuenta.<\/strong><\/figcaption><\/figure>\n<p>&nbsp;<\/p>\n<p>Seguramente \u00a0siendo luchadora incansable contra las <strong>#malaspracticas<\/strong>,<strong> no sab\u00edas del intento de expulsi\u00f3n del Campus Party<\/strong> \u00a0y mucho menos lo apoyabas, ya que cada uno es responsable de sus acciones personales pero parece que, a veces, los status de Facebook y los tweets <strong>se sincronizan<\/strong>\u00a0casualmente\u00a0<strong>con hechos inconexos m\u00e1s de una vez<\/strong>. As\u00ed, al d\u00eda siguiente del Campus Party se public\u00f3 este status:<\/p>\n<figure id=\"attachment_11390\" aria-describedby=\"caption-attachment-11390\" style=\"width: 651px\" class=\"wp-caption aligncenter\"><a href=\"http:\/\/seecolombia.travel\/blog\/2013\/11\/annie-burbano-turistic\/annie-burbano-evento\/\" rel=\"attachment wp-att-11390\"><img loading=\"lazy\" class=\"size-full wp-image-11390\" src=\"http:\/\/seecolombia.travel\/blog\/wp-content\/uploads\/2013\/10\/Annie-burbano-evento.jpg\" alt=\"Annie Burbano Campus Party\" width=\"651\" height=\"204\" srcset=\"https:\/\/seecolombia.travel\/blog\/wp-content\/uploads\/2013\/10\/Annie-burbano-evento.jpg 651w, https:\/\/seecolombia.travel\/blog\/wp-content\/uploads\/2013\/10\/Annie-burbano-evento-300x94.jpg 300w\" sizes=\"(max-width: 651px) 100vw, 651px\" \/><\/a><figcaption id=\"caption-attachment-11390\" class=\"wp-caption-text\">Estamos seguros de que, evidentemente, \u00a0la referencia no es para la charla que dimos en Campus Party el dia anterior.<\/figcaption><\/figure>\n<p><strong>\u00a0<\/strong><\/p>\n<p>Estamos convencidos, reiteramos, de que es <strong>una casualidad.<\/strong><\/p>\n<p><strong>Las casualidades siguieron escalando<\/strong>; tras la publicaci\u00f3n del post de <strong>Toya<\/strong>\u00a0en el que denunciaba la campa\u00f1a \u00a0contra ella, <strong>salieron a la luz las acusaciones de <a title=\"Lina Roca Gerenta Caribe de Turistic\" href=\"http:\/\/turistic.co\/equipo\/lina-roca\/\" target=\"_blank\">la directora TurisTIC Caribe<\/a><\/strong>, \u00a0Lina Margarita Roca, tild\u00e1ndola de <strong>&#8220;extorsionadora &#8220;<\/strong>, (vamos a obviar comentar, por verg\u00fcenza ajena, <strong>el tono xen\u00f3fobo<\/strong> de la acusaci\u00f3n con el que alud\u00eda a la condici\u00f3n de extranjera de Toya y la delirante menci\u00f3n de que no trabaja para <a title=\"Toya Viudes El PAIS\" href=\"http:\/\/elpais.com\/autor\/toya_viudes\/a\/\" target=\"_blank\">El Pa\u00eds de Espa\u00f1a<\/a> ) :<\/p>\n<figure id=\"attachment_11382\" aria-describedby=\"caption-attachment-11382\" style=\"width: 681px\" class=\"wp-caption alignright\"><a href=\"http:\/\/seecolombia.travel\/blog\/2013\/11\/annie-burbano-turistic\/gerenta-turistic-acusa-a-colombia de una\" rel=\"attachment wp-att-11382\"><img loading=\"lazy\" class=\"  wp-image-11382\" src=\"http:\/\/seecolombia.travel\/blog\/wp-content\/uploads\/2013\/10\/Gerenta-Turistic-acusa-a-Toya-Viudes.jpg\" alt=\"Gerente TurisTIC acusa Colombia de Una\" width=\"681\" height=\"124\" srcset=\"https:\/\/seecolombia.travel\/blog\/wp-content\/uploads\/2013\/10\/Gerenta-Turistic-acusa-a-Toya-Viudes.jpg 1064w, https:\/\/seecolombia.travel\/blog\/wp-content\/uploads\/2013\/10\/Gerenta-Turistic-acusa-a-Toya-Viudes-300x54.jpg 300w, https:\/\/seecolombia.travel\/blog\/wp-content\/uploads\/2013\/10\/Gerenta-Turistic-acusa-a-Toya-Viudes-1024x186.jpg 1024w\" sizes=\"(max-width: 681px) 100vw, 681px\" \/><\/a><figcaption id=\"caption-attachment-11382\" class=\"wp-caption-text\">Mensaje de Gerente TurisTIC Caribe en el Facebook de Colombia de Una<\/figcaption><\/figure>\n<p><strong>\u00a0<\/strong><\/p>\n<p>Luego de las muestras de apoyo para Toya de quienes la leen y conocen su trabajo por Colombia,<strong> tu hermana, defendi\u00e9ndote en <a title=\"Carta abierta Turistic\" href=\"http:\/\/turistic.co\/turismo-a-tiempo\/noticias\/comunicado-turistic-octubre-2013.html\" target=\"_blank\">una carta publica en Turistic<\/a><\/strong> declara que esas son <strong>&#8220;cosas personales&#8221;<\/strong> que no tienen que ver contigo o con tu empresa y que las opiniones de tus empleados y allegados te son ajenas.<\/p>\n<p><strong>Seguramente es cierto<\/strong>. Saltemos, Annie Burbano, <strong>al minuto 22 de este v\u00eddeo<\/strong> de \u00a0tu charla de <strong>Turisblog<\/strong> \u00a0-s\u00ed, la misma que diste el <strong>10 de octubre del 2013 en un hotel de Bogot\u00e1<\/strong>, un d\u00eda antes de la nuestra en Campus Party &#8211; momento en el <strong>que acusas \u00a0a &#8220;un blogger&#8221;<\/strong> \u00a0&#8211; que mencionas sin nombrar &#8211; de \u00a0<strong>extorsionar establecimientos<\/strong>. Aseveraciones estas, como se puede ver claramente, <strong>muy parecidas a las a las que Lina Roca le atribuye a Toya Viudes.\u00a0<\/strong><\/p>\n<p><center><object width=\"560\" height=\"315\" classid=\"clsid:d27cdb6e-ae6d-11cf-96b8-444553540000\" codebase=\"http:\/\/download.macromedia.com\/pub\/shockwave\/cabs\/flash\/swflash.cab#version=6,0,40,0\"><param name=\"allowFullScreen\" value=\"true\" \/><param name=\"allowscriptaccess\" value=\"always\" \/><param name=\"src\" value=\"\/\/www.youtube.com\/v\/7Dm4kKE5zrY?hl=en_US&amp;version=3&amp;rel=0\" \/><param name=\"allowfullscreen\" value=\"true\" \/><embed width=\"560\" height=\"315\" type=\"application\/x-shockwave-flash\" src=\"\/\/www.youtube.com\/v\/7Dm4kKE5zrY?hl=en_US&amp;version=3&amp;rel=0\" allowfullscreen=\"allowfullscreen\" allowscriptaccess=\"always\" allowfullscreen=\"allowfullscreen\" \/><\/object><\/center>&nbsp;<\/p>\n<p>Es otra casualidad, <strong>no lo dudamos.<\/strong><\/p>\n<p>Pero la mayor casualidad \u00a0y la gota que ha rebasado el vaso despu\u00e9s del incidente del Campus Party es que uno de <strong>nuestros aliados mas importantes<\/strong> recibi\u00f3 una comunicaci\u00f3n <strong>acusando directamente a Toya de \u00a0lo mismo que dice tu gerente<\/strong>, es decir de extorsionadora, inst\u00e1ndolos a <strong>sacarnos de su programa de aliados<\/strong> y con el evidente af\u00e1n de desprestigiarnos y <strong>bloquear las varias acciones profesionales en las que estamos avanzando con ellos.<\/strong><\/p>\n<p>Afortunadamente nuestros aliados, al igual que Campus Party, <strong>tienen m\u00e1s de dos dedos de frente<\/strong> e hicieron caso omiso confirmando y respaldando su apoyo a nuestra colaboraci\u00f3n.<\/p>\n<p><strong>Ya son bastantes coincidencias, \u00bfno?<\/strong><\/p>\n<p>Hagamos un poco de historia. Cuando estuvimos en el programa de <strong>Official Bloggers<\/strong>, que hasta ahora coordinas, y <strong>Toya y nosotros deriv\u00e1bamos la mayor cantidad de visitas<\/strong>, por mucho, no ten\u00edas duda alguna en <strong>reconocer y alabar nuestro trabajo<\/strong> y mencionar el \u00e9xito del programa en cuanto foro participabas.<\/p>\n<figure id=\"attachment_11458\" aria-describedby=\"caption-attachment-11458\" style=\"width: 662px\" class=\"wp-caption aligncenter\"><a href=\"http:\/\/seecolombia.travel\/blog\/2013\/11\/annie-burbano-turistic\/captura-de-pantalla-2013-10-27-21-54-04\/\" rel=\"attachment wp-att-11458\"><img loading=\"lazy\" class=\"size-large wp-image-11458\" src=\"http:\/\/seecolombia.travel\/blog\/wp-content\/uploads\/2013\/10\/Captura-de-pantalla-2013-10-27-21.54.04-1024x576.png\" alt=\"Official bloggers Annie Burbano\" width=\"662\" height=\"372\" srcset=\"https:\/\/seecolombia.travel\/blog\/wp-content\/uploads\/2013\/10\/Captura-de-pantalla-2013-10-27-21.54.04-1024x576.png 1024w, https:\/\/seecolombia.travel\/blog\/wp-content\/uploads\/2013\/10\/Captura-de-pantalla-2013-10-27-21.54.04-300x168.png 300w, https:\/\/seecolombia.travel\/blog\/wp-content\/uploads\/2013\/10\/Captura-de-pantalla-2013-10-27-21.54.04.png 1680w\" sizes=\"(max-width: 662px) 100vw, 662px\" \/><\/a><figcaption id=\"caption-attachment-11458\" class=\"wp-caption-text\">Mientras fuimos parte del programa que coordinas , todo estuvo bien.<\/figcaption><\/figure>\n<p>&nbsp;<\/p>\n<p><strong>Sabes bien las razones por las que nos retiramos del proyecto<\/strong> y no las mencionaremos aqu\u00ed porque consideramos que <strong>el equipo de turismo de Proexport hace una excelente labor<\/strong> que no debe ser afectada por <strong>un programa que &#8211;\u00a0<\/strong>desde nuestro punto de vista<strong>\u00a0&#8211; \u00a0por no corregir en el camino los errores de su concepci\u00f3n<\/strong>, no conversa con sus objetivos actuales.<\/p>\n<p>Es una casualidad muy grande que toda esta situaci\u00f3n empezara <strong>despu\u00e9s de:<\/strong><\/p>\n<p><strong>1) Retirarnos del programa Official Bloggers y no aceptar la propuesta de volver.<\/strong><\/p>\n<p><strong>2) Cuando Toya y JL decidieron emprender un proyecto nuevo de generaci\u00f3n de contenidos para la industria del turismo que, con esfuerzo, va creciendo a muy buen ritmo.<\/strong><\/p>\n<p>Claro, no dudamos que eso sea tambi\u00e9n<strong> otra casualidad<\/strong>, quiz\u00e1s la mayor de todas.<\/p>\n<p>Ahora <strong>\u00a0estamos bloqueados de tu Facebook<\/strong> cuando est\u00e1bamos en <strong>medio de un debate<\/strong> p\u00fablico y justo en el momento que empezamos a recibir muestras de apoyo en tu propia cuenta, pero intuimos que seguir\u00e1n los status velados y los comentarios borrados pues tambi\u00e9n <strong>se han borrado comentarios del fan page de TurisTIC<\/strong> cuando se abre un debate que difiere con tus puntos de vista.<\/p>\n<figure id=\"attachment_11454\" aria-describedby=\"caption-attachment-11454\" style=\"width: 557px\" class=\"wp-caption aligncenter\"><a href=\"http:\/\/seecolombia.travel\/blog\/2013\/11\/annie-burbano-turistic\/annie-burbano-facebook-6\/\" rel=\"attachment wp-att-11454\"><img loading=\"lazy\" class=\"size-full wp-image-11454\" src=\"http:\/\/seecolombia.travel\/blog\/wp-content\/uploads\/2013\/10\/Annie-Burbano-Facebook-6.jpg\" alt=\"Annie Burbano bloquea de Facebook\" width=\"557\" height=\"578\" srcset=\"https:\/\/seecolombia.travel\/blog\/wp-content\/uploads\/2013\/10\/Annie-Burbano-Facebook-6.jpg 557w, https:\/\/seecolombia.travel\/blog\/wp-content\/uploads\/2013\/10\/Annie-Burbano-Facebook-6-289x300.jpg 289w\" sizes=\"(max-width: 557px) 100vw, 557px\" \/><\/a><figcaption id=\"caption-attachment-11454\" class=\"wp-caption-text\"><strong>Despu\u00e9s de estos dos comentarios fuimos bloqueados de tu Facebook<\/strong><\/figcaption><\/figure>\n<p><strong>\u00a0<\/strong><\/p>\n<p>De todas estas coincidencias tenemos muestras, todos los pantallazos de este post adem\u00e1s <strong>son de conversaciones, tweets y status <span style=\"text-decoration: underline;\">publicos<\/span><\/strong> y cuando quieras las debatimos p\u00fablicamente y no mediante terceros ni con mensajes velados. Y adelant\u00e1ndonos\u00a0 a una pregunta recurrente cuando se dice algo que no es de tu agrado (&#8220;\u00bfMe estas amenazando?&#8221;) No, <strong>Annie Burbano<\/strong>, para nada, no te estamos amenazando <strong>sino invit\u00e1ndote cordialmente a un debate p\u00fablico y claro<\/strong> donde se muestren dos posiciones muy distintas.<\/p>\n<p>Al margen de todas estas casualidades, <strong>Annie Burbano<\/strong>, creo que estaremos de acuerdo en que cuando una persona <strong>predica \u00e9tica y moral<\/strong> es contradictorio usar las plataformas que se le otorgan de buena fe para hacer pasar temas mal documentados -intencionalmente o no- \u00a0como si fueran los de una comunidad a la que se <strong>pretende representar<\/strong>, mas aun cuando la persona se auto-declara\u00a0<strong>defensora de los travel bloggers <\/strong>y<strong>\u00a0<\/strong>ni es una de ellos, ni es un elemento de integraci\u00f3n sino todo lo contrario: pretende\u00a0<strong>dividir una comunidad.<\/strong><\/p>\n<p>Hay una cosa muy b\u00e1sica que le ense\u00f1an a uno en la universidad, por si no se lo han inculcado en la vida, y es que <strong>antes de llenar el mundo de hashtags y arrobas<\/strong> y creerse la primera y \u00faltima palabra en un tema <strong>hay que ser leal y respetar a la competencia<\/strong>, no hablar mal de ella. Y menos aun <strong>inventarse cosas<\/strong> para hablar mal de ella.<\/p>\n<p>La competencia y las <strong>diferentes visiones y fuentes de informaci\u00f3n<\/strong> son valiosas e importantes en toda \u00e1rea, pero en especial para <strong>el turismo colombiano<\/strong> que est\u00e1 dando sus primeros pasos, <strong>es la diversidad de opiniones la que enriquece un sector<\/strong> y nadie tiene autoridad ni profesional ni moral para pretender ser la due\u00f1a o <strong>\u00fanica palabra autorizada de esta industria<\/strong> que, de hecho, tiene el hermoso atributo de <strong>reinventarse constantemente e invitar a compartir, no a dividir<\/strong>.<\/p>\n<p>Tratar de bloquear a un potencial competidor o a alguien que no coincide con su forma de hacer las cosas censurando y esparciendo rumores, eso s\u00ed constituye una <strong>verdadera #malaparactica en el mundo digital. Y en el real.<\/strong><\/p>\n<p>Pero por supuesto que todo lo anterior <strong>no tiene nada que ver contigo<\/strong>.<\/p>\n<p>Eres una \u00a0buena profesional &#8211; o muchas personas, al menos, tienen esa percepci\u00f3n &#8211; sin duda <strong>eres muy destacable en tu self-marketing<\/strong> y en el de tu empresa, pero -\u00e9ste es un humilde consejo si nos lo permites-\u00a0<strong>quiz\u00e1s\u00a0podr\u00edas darte cuenta<\/strong> de que no est\u00e1s sola y de que tu opini\u00f3n te representa solo a ti y quiz\u00e1s a tu empresa, pero que no es palabra santa a pesar de que <strong>te autodenomines &#8220;evangelizadora&#8221;<\/strong> (sic).<\/p>\n<p>Si te parece que en un mundo como el del turismo y el marketing digital &#8211; y el de el travel blogging &#8211; que por naturaleza <strong>es org\u00e1nico y colaborativo,<\/strong> <strong>un personaje<\/strong> se puede convertir en el exclusivo centro articulador de <strong>un pensamiento \u00fanico<\/strong>, quiz\u00e1s debas reconsiderar algunas cosas.<\/p>\n<p><strong>Te invitamos nuevamente<\/strong>, como lo hicimos p\u00fablicamente en tu Facebook y en este mismo post, a <strong>sentarnos a conversar y ponerle fin a este cansador debate<\/strong> por el bien de nuestro reducido mundo com\u00fan.<\/p>\n<p>Pero a diferencia de entonces, ahora<strong> le toca antes a quien<\/strong>\u00a0<strong>elev\u00f3<\/strong>\u00a0<strong>esas graves acusaciones contra Toya<\/strong> con nuestros aliados\u00a0<strong>demostrarlas o rectificarse<\/strong>.<\/p>\n<p>Casualidades aparte, sabemos y reconocemos que <strong>para muchos eres un referente de las actividades que desaarrollas<\/strong> y por eso <strong>necesitamos tu valiosa ayuda<\/strong> <strong>Annie Burbano.<\/strong><\/p>\n<p>Quiz\u00e1s t\u00fa, que conoces tan bien la industria, puedas <strong>ayudarnos a descifrar quien difama a Toya frente a nuestros aliados &#8211; y por\u00a0extensi\u00f3n\u00a0a nosotros &#8211; de esa manera.<\/strong><\/p>\n<p>Por aquello de seguir luchando en contra de las <strong>#malaspracticas y en pos del crecimiento del travel blogging en Colombia.<\/strong><\/p>\n<p>Si se tiene la valent\u00eda y seguridad <strong>de acusar a una persona de extorsionadora<\/strong> -cosa muy delicada particularmente en Colombia &#8211; lo que\u00a0<strong>toca es probarlo.<\/strong><\/p>\n<p>&nbsp;<\/p>\n<p>&nbsp;<\/p>\n<p>&nbsp;<\/p>\n<p>&nbsp;<\/p>\n","protected":false},"excerpt":{"rendered":"<p>Estimada Annie Burbano, Por primera vez en la historia de este blog de viajes, nos vemos en la desagradable situaci\u00f3n de escribir sobre temas ajenos al turismo en Colombia o el travel blogging y por este motivo le pedimos disculpas a nuestros lectores. Pero todo tiene un l\u00edmite. Quienes nos leen, conocen y han trabajado [&hellip;]<\/p>\n","protected":false},"author":3,"featured_media":12840,"comment_status":"open","ping_status":"open","sticky":false,"template":"","format":"standard","meta":{"ngg_post_thumbnail":0},"categories":[1860,865,2019,767],"tags":[2973,1605],"yoast_head":"<!-- This site is optimized with the Yoast SEO Premium plugin v18.4 (Yoast SEO v18.9) - https:\/\/yoast.com\/wordpress\/plugins\/seo\/ -->\n<title>Annie Burbano: Una carta abierta a la directora de TurisTIC - Colombia Travel Blog by See Colombia Travel<\/title>\n<meta name=\"robots\" content=\"index, follow, max-snippet:-1, max-image-preview:large, max-video-preview:-1\" \/>\n<link rel=\"canonical\" href=\"https:\/\/seecolombia.travel\/blog\/2013\/11\/annie-burbano-turistic\/\" \/>\n<meta property=\"og:locale\" content=\"en_US\" \/>\n<meta property=\"og:type\" content=\"article\" \/>\n<meta property=\"og:title\" content=\"Annie Burbano: Una carta abierta a la directora de TurisTIC\" \/>\n<meta property=\"og:description\" content=\"Estimada Annie Burbano, Por primera vez en la historia de este blog de viajes, nos vemos en la desagradable situaci\u00f3n de escribir sobre temas ajenos al turismo en Colombia o el travel blogging y por este motivo le pedimos disculpas a nuestros lectores. Pero todo tiene un l\u00edmite. Quienes nos leen, conocen y han trabajado [&hellip;]\" \/>\n<meta property=\"og:url\" content=\"https:\/\/seecolombia.travel\/blog\/2013\/11\/annie-burbano-turistic\/\" \/>\n<meta property=\"og:site_name\" content=\"Colombia Travel Blog by See Colombia Travel\" \/>\n<meta property=\"article:published_time\" content=\"2013-11-01T17:40:23+00:00\" \/>\n<meta property=\"article:modified_time\" content=\"2017-02-03T13:10:48+00:00\" \/>\n<meta property=\"og:image\" content=\"https:\/\/seecolombia.travel\/blog\/wp-content\/uploads\/2013\/12\/ABSB2.jpg\" \/>\n\t<meta property=\"og:image:width\" content=\"800\" \/>\n\t<meta property=\"og:image:height\" content=\"330\" \/>\n\t<meta property=\"og:image:type\" content=\"image\/jpeg\" \/>\n<meta name=\"twitter:card\" content=\"summary\" \/>\n<meta name=\"twitter:label1\" content=\"Written by\" \/>\n\t<meta name=\"twitter:data1\" content=\"JL\" \/>\n\t<meta name=\"twitter:label2\" content=\"Est. reading time\" \/>\n\t<meta name=\"twitter:data2\" content=\"13 minutes\" \/>\n<script type=\"application\/ld+json\" class=\"yoast-schema-graph\">{\"@context\":\"https:\/\/schema.org\",\"@graph\":[{\"@type\":\"WebSite\",\"@id\":\"https:\/\/seecolombia.travel\/blog\/#website\",\"url\":\"https:\/\/seecolombia.travel\/blog\/\",\"name\":\"Colombia Travel Blog by See Colombia Travel\",\"description\":\"Colombia Travel Blog: An international perspective on travelling in Colombia by world travellers.\",\"potentialAction\":[{\"@type\":\"SearchAction\",\"target\":{\"@type\":\"EntryPoint\",\"urlTemplate\":\"https:\/\/seecolombia.travel\/blog\/?s={search_term_string}\"},\"query-input\":\"required name=search_term_string\"}],\"inLanguage\":\"en-US\"},{\"@type\":\"ImageObject\",\"inLanguage\":\"en-US\",\"@id\":\"https:\/\/seecolombia.travel\/blog\/2013\/11\/annie-burbano-turistic\/#primaryimage\",\"url\":\"https:\/\/seecolombia.travel\/blog\/wp-content\/uploads\/2013\/12\/ABSB2.jpg\",\"contentUrl\":\"https:\/\/seecolombia.travel\/blog\/wp-content\/uploads\/2013\/12\/ABSB2.jpg\",\"width\":800,\"height\":330,\"caption\":\"Carta a Annie Burbano fundadora de Turistic\"},{\"@type\":\"WebPage\",\"@id\":\"https:\/\/seecolombia.travel\/blog\/2013\/11\/annie-burbano-turistic\/#webpage\",\"url\":\"https:\/\/seecolombia.travel\/blog\/2013\/11\/annie-burbano-turistic\/\",\"name\":\"Annie Burbano: Una carta abierta a la directora de TurisTIC - Colombia Travel Blog by See Colombia Travel\",\"isPartOf\":{\"@id\":\"https:\/\/seecolombia.travel\/blog\/#website\"},\"primaryImageOfPage\":{\"@id\":\"https:\/\/seecolombia.travel\/blog\/2013\/11\/annie-burbano-turistic\/#primaryimage\"},\"datePublished\":\"2013-11-01T17:40:23+00:00\",\"dateModified\":\"2017-02-03T13:10:48+00:00\",\"author\":{\"@id\":\"https:\/\/seecolombia.travel\/blog\/#\/schema\/person\/d83df03ea54d1f0911d7098ebe26db49\"},\"breadcrumb\":{\"@id\":\"https:\/\/seecolombia.travel\/blog\/2013\/11\/annie-burbano-turistic\/#breadcrumb\"},\"inLanguage\":\"en-US\",\"potentialAction\":[{\"@type\":\"ReadAction\",\"target\":[\"https:\/\/seecolombia.travel\/blog\/2013\/11\/annie-burbano-turistic\/\"]}]},{\"@type\":\"BreadcrumbList\",\"@id\":\"https:\/\/seecolombia.travel\/blog\/2013\/11\/annie-burbano-turistic\/#breadcrumb\",\"itemListElement\":[{\"@type\":\"ListItem\",\"position\":1,\"name\":\"Home\",\"item\":\"https:\/\/seecolombia.travel\/blog\/\"},{\"@type\":\"ListItem\",\"position\":2,\"name\":\"Annie Burbano: Una carta abierta a la directora de TurisTIC\"}]},{\"@type\":\"Person\",\"@id\":\"https:\/\/seecolombia.travel\/blog\/#\/schema\/person\/d83df03ea54d1f0911d7098ebe26db49\",\"name\":\"JL\",\"image\":{\"@type\":\"ImageObject\",\"inLanguage\":\"en-US\",\"@id\":\"https:\/\/seecolombia.travel\/blog\/#\/schema\/person\/image\/\",\"url\":\"https:\/\/secure.gravatar.com\/avatar\/68a3ba6dc377250ef6eb8cd56865210e?s=96&d=retro&r=g\",\"contentUrl\":\"https:\/\/secure.gravatar.com\/avatar\/68a3ba6dc377250ef6eb8cd56865210e?s=96&d=retro&r=g\",\"caption\":\"JL\"},\"description\":\"Ciudadano del mundo, nuestro Gerente de Marketing y comunicaciones se define como viajero, pap\u00e1, esposo y empresario. Es co-creador de Colombia Travel Blog junto a su esposa Marcela y creador de Fogg, la agencia de contenidos que produce el popular programa 3 Travel Bloggers. ----------- Our Marketing and Communications Manager, a self proclaimed citizen of the world, was born in Peru and raised in a number of different countries \u2013 including Angola, Thailand and Iceland \u2013 which instilled a deep love of travel and cultural diversity within him. With an extensive education in Marketing and Communications and after leaving a successful corporate career in the Telecom Industry, JL is now advocated to professionalize travel blogging in Latin America.\",\"sameAs\":[\"http:\/\/www.seecolombia.travel\"],\"url\":\"https:\/\/seecolombia.travel\/blog\/author\/jl\/\"}]}<\/script>\n<!-- \/ Yoast SEO Premium plugin. -->","yoast_head_json":{"title":"Annie Burbano: Una carta abierta a la directora de TurisTIC - Colombia Travel Blog by See Colombia Travel","robots":{"index":"index","follow":"follow","max-snippet":"max-snippet:-1","max-image-preview":"max-image-preview:large","max-video-preview":"max-video-preview:-1"},"canonical":"https:\/\/seecolombia.travel\/blog\/2013\/11\/annie-burbano-turistic\/","og_locale":"en_US","og_type":"article","og_title":"Annie Burbano: Una carta abierta a la directora de TurisTIC","og_description":"Estimada Annie Burbano, Por primera vez en la historia de este blog de viajes, nos vemos en la desagradable situaci\u00f3n de escribir sobre temas ajenos al turismo en Colombia o el travel blogging y por este motivo le pedimos disculpas a nuestros lectores. Pero todo tiene un l\u00edmite. Quienes nos leen, conocen y han trabajado [&hellip;]","og_url":"https:\/\/seecolombia.travel\/blog\/2013\/11\/annie-burbano-turistic\/","og_site_name":"Colombia Travel Blog by See Colombia Travel","article_published_time":"2013-11-01T17:40:23+00:00","article_modified_time":"2017-02-03T13:10:48+00:00","og_image":[{"width":800,"height":330,"url":"https:\/\/seecolombia.travel\/blog\/wp-content\/uploads\/2013\/12\/ABSB2.jpg","type":"image\/jpeg"}],"twitter_card":"summary","twitter_misc":{"Written by":"JL","Est. reading time":"13 minutes"},"schema":{"@context":"https:\/\/schema.org","@graph":[{"@type":"WebSite","@id":"https:\/\/seecolombia.travel\/blog\/#website","url":"https:\/\/seecolombia.travel\/blog\/","name":"Colombia Travel Blog by See Colombia Travel","description":"Colombia Travel Blog: An international perspective on travelling in Colombia by world travellers.","potentialAction":[{"@type":"SearchAction","target":{"@type":"EntryPoint","urlTemplate":"https:\/\/seecolombia.travel\/blog\/?s={search_term_string}"},"query-input":"required name=search_term_string"}],"inLanguage":"en-US"},{"@type":"ImageObject","inLanguage":"en-US","@id":"https:\/\/seecolombia.travel\/blog\/2013\/11\/annie-burbano-turistic\/#primaryimage","url":"https:\/\/seecolombia.travel\/blog\/wp-content\/uploads\/2013\/12\/ABSB2.jpg","contentUrl":"https:\/\/seecolombia.travel\/blog\/wp-content\/uploads\/2013\/12\/ABSB2.jpg","width":800,"height":330,"caption":"Carta a Annie Burbano fundadora de Turistic"},{"@type":"WebPage","@id":"https:\/\/seecolombia.travel\/blog\/2013\/11\/annie-burbano-turistic\/#webpage","url":"https:\/\/seecolombia.travel\/blog\/2013\/11\/annie-burbano-turistic\/","name":"Annie Burbano: Una carta abierta a la directora de TurisTIC - Colombia Travel Blog by See Colombia Travel","isPartOf":{"@id":"https:\/\/seecolombia.travel\/blog\/#website"},"primaryImageOfPage":{"@id":"https:\/\/seecolombia.travel\/blog\/2013\/11\/annie-burbano-turistic\/#primaryimage"},"datePublished":"2013-11-01T17:40:23+00:00","dateModified":"2017-02-03T13:10:48+00:00","author":{"@id":"https:\/\/seecolombia.travel\/blog\/#\/schema\/person\/d83df03ea54d1f0911d7098ebe26db49"},"breadcrumb":{"@id":"https:\/\/seecolombia.travel\/blog\/2013\/11\/annie-burbano-turistic\/#breadcrumb"},"inLanguage":"en-US","potentialAction":[{"@type":"ReadAction","target":["https:\/\/seecolombia.travel\/blog\/2013\/11\/annie-burbano-turistic\/"]}]},{"@type":"BreadcrumbList","@id":"https:\/\/seecolombia.travel\/blog\/2013\/11\/annie-burbano-turistic\/#breadcrumb","itemListElement":[{"@type":"ListItem","position":1,"name":"Home","item":"https:\/\/seecolombia.travel\/blog\/"},{"@type":"ListItem","position":2,"name":"Annie Burbano: Una carta abierta a la directora de TurisTIC"}]},{"@type":"Person","@id":"https:\/\/seecolombia.travel\/blog\/#\/schema\/person\/d83df03ea54d1f0911d7098ebe26db49","name":"JL","image":{"@type":"ImageObject","inLanguage":"en-US","@id":"https:\/\/seecolombia.travel\/blog\/#\/schema\/person\/image\/","url":"https:\/\/secure.gravatar.com\/avatar\/68a3ba6dc377250ef6eb8cd56865210e?s=96&d=retro&r=g","contentUrl":"https:\/\/secure.gravatar.com\/avatar\/68a3ba6dc377250ef6eb8cd56865210e?s=96&d=retro&r=g","caption":"JL"},"description":"Ciudadano del mundo, nuestro Gerente de Marketing y comunicaciones se define como viajero, pap\u00e1, esposo y empresario. Es co-creador de Colombia Travel Blog junto a su esposa Marcela y creador de Fogg, la agencia de contenidos que produce el popular programa 3 Travel Bloggers. ----------- Our Marketing and Communications Manager, a self proclaimed citizen of the world, was born in Peru and raised in a number of different countries \u2013 including Angola, Thailand and Iceland \u2013 which instilled a deep love of travel and cultural diversity within him. With an extensive education in Marketing and Communications and after leaving a successful corporate career in the Telecom Industry, JL is now advocated to professionalize travel blogging in Latin America.","sameAs":["http:\/\/www.seecolombia.travel"],"url":"https:\/\/seecolombia.travel\/blog\/author\/jl\/"}]}},"amp_enabled":true,"_links":{"self":[{"href":"https:\/\/seecolombia.travel\/blog\/wp-json\/wp\/v2\/posts\/11040"}],"collection":[{"href":"https:\/\/seecolombia.travel\/blog\/wp-json\/wp\/v2\/posts"}],"about":[{"href":"https:\/\/seecolombia.travel\/blog\/wp-json\/wp\/v2\/types\/post"}],"author":[{"embeddable":true,"href":"https:\/\/seecolombia.travel\/blog\/wp-json\/wp\/v2\/users\/3"}],"replies":[{"embeddable":true,"href":"https:\/\/seecolombia.travel\/blog\/wp-json\/wp\/v2\/comments?post=11040"}],"version-history":[{"count":298,"href":"https:\/\/seecolombia.travel\/blog\/wp-json\/wp\/v2\/posts\/11040\/revisions"}],"predecessor-version":[{"id":24725,"href":"https:\/\/seecolombia.travel\/blog\/wp-json\/wp\/v2\/posts\/11040\/revisions\/24725"}],"wp:featuredmedia":[{"embeddable":true,"href":"https:\/\/seecolombia.travel\/blog\/wp-json\/wp\/v2\/media\/12840"}],"wp:attachment":[{"href":"https:\/\/seecolombia.travel\/blog\/wp-json\/wp\/v2\/media?parent=11040"}],"wp:term":[{"taxonomy":"category","embeddable":true,"href":"https:\/\/seecolombia.travel\/blog\/wp-json\/wp\/v2\/categories?post=11040"},{"taxonomy":"post_tag","embeddable":true,"href":"https:\/\/seecolombia.travel\/blog\/wp-json\/wp\/v2\/tags?post=11040"}],"curies":[{"name":"wp","href":"https:\/\/api.w.org\/{rel}","templated":true}]}}