{"id":10873,"date":"2013-10-11T06:00:09","date_gmt":"2013-10-11T11:00:09","guid":{"rendered":"http:\/\/seecolombia.travel\/blog\/?p=10873"},"modified":"2016-05-12T14:26:59","modified_gmt":"2016-05-12T19:26:59","slug":"que-es-lo-que-mas-extranas-de-colombia","status":"publish","type":"post","link":"https:\/\/seecolombia.travel\/blog\/2013\/10\/que-es-lo-que-mas-extranas-de-colombia\/","title":{"rendered":"\u00bfQu\u00e9 es lo que m\u00e1s extra\u00f1as de Colombia?"},"content":{"rendered":"<p>Durante esta semana, se nos ocurri\u00f3 junto con nuestra amiga <strong>Toya Viudes<\/strong> de <a title=\"Facebook Colombia de Una\" href=\"https:\/\/www.facebook.com\/Colombiadeuna?ref=hl\" target=\"_blank\">Colombia de Una <\/a>\u00a0preguntarles mediante nuestras fan pages de <a href=\"https:\/\/www.facebook.com\/SeeColombiaTravel\" target=\"_blank\">Facebook<\/a> a los colombianos que viven fuera de su pa\u00eds natal y a extranjeros que dejaron Colombia \u00a0que es lo que m\u00e1s echan de menos ahora que est\u00e1n lejos.<\/p>\n<p>Como extranjeros que amamos Colombia, todos en el equipo sabemos que <strong>hay cosas que uno inevitablemente recuerda de su tierra<\/strong>. Pueden ser situaciones cotidianas como simples conversaciones con alg\u00fan amigo, \u00a0la comida de su casa o alg\u00fan paisaje especial. Conocedores de la pasi\u00f3n y <strong>el amor que tienen los colombianos por su pa\u00eds<\/strong>, listamos ac\u00e1 \u00a0<strong>10 de las mejores respuestas que encontramos<\/strong>. Pueden ver <strong>otras diez<\/strong> en el\u00a0 post de hoy de <a title=\"Colombia de Una\" href=\"http:\/\/colombiadeuna.com\/que-es-lo-que-mas-extranas-de-colombia\/\" target=\"_blank\">Colombia de Una<\/a>.<\/p>\n<ol>\n<li>\n<h4><span style=\"color: #000080;\"><strong><em>&#8220;Un amanecer llanero, cuando el cielo clarea, las garzas que vuelan en bandada desperezando los \u00e1rboles de la ca\u00f1ada&#8221;<\/em><\/strong><\/span><span style=\"color: #000080;\"><strong><em> , Margaretha Bergstron\u00a0<\/em><\/strong><\/span><\/h4>\n<\/li>\n<li>\n<h4><strong><em>&#8220;Mi tinto por la ma\u00f1ana mirando las monta\u00f1as&#8221;, Asdrubal Diaz<\/em><\/strong><\/h4>\n<\/li>\n<li>\n<h4><strong><em><span style=\"color: #000080;\">&#8220;Que la gente sabe cultivar sus amistades&#8221;,<\/span> <span style=\"color: #000080;\">Andres Felipe<\/span><\/em><\/strong><\/h4>\n<\/li>\n<li>\n<h4><strong><em>&#8220;Salir a pasear por los pueblitos y comer rico&#8221;, Magda<\/em><\/strong><\/h4>\n<\/li>\n<li>\n<h4><strong><em><span style=\"color: #000080;\">\u201cLa sensaci\u00f3n de felicidad que solo he podido encontrar ah\u00ed\u201d<\/span> <span style=\"color: #000080;\">, Felicity Wallace<\/span><\/em><\/strong><\/h4>\n<\/li>\n<li>\n<h4><strong><em>&#8220;La comida y los puentes&#8221;, Mauricio el colombiano<\/em><\/strong><\/h4>\n<\/li>\n<li>\n<h4><strong><em><span style=\"color: #000080;\">&#8220;La rumba y los amigos&#8221;,<\/span> \u00a0<span style=\"color: #000080;\">Ryan Sanders<\/span><\/em><\/strong><\/h4>\n<\/li>\n<li>\n<h4><strong><em>&#8220;Las arepas&#8221;, \u00a0Paul Fowler<\/em><\/strong><\/h4>\n<\/li>\n<li>\n<h4><strong><em><span style=\"color: #000080;\">&#8220;Mi familia, el calor de mi hogar, mis perros &#8230; mi vida entera&#8221;<\/span><span style=\"color: #000080;\"> , Carolina Gomez<\/span><\/em><\/strong><\/h4>\n<\/li>\n<li>\n<h4><strong><em>&#8220;Todo&#8221; , Silvia Brooks, Maritza Prieto, Estiven Llona, Andrey Vargas y mas&#8230;..<\/em><\/strong><\/h4>\n<\/li>\n<\/ol>\n<p>Y t\u00fa, \u00bfQu\u00e9 es lo que<strong> m\u00e1s extra\u00f1as de Colombia<\/strong>?<\/p>\n<p>El equipo de See Colombia.<\/p>\n","protected":false},"excerpt":{"rendered":"<p>Durante esta semana, se nos ocurri\u00f3 junto con nuestra amiga Toya Viudes de Colombia de Una \u00a0preguntarles mediante nuestras fan pages de Facebook a los colombianos que viven fuera de su pa\u00eds natal y a extranjeros que dejaron Colombia \u00a0que es lo que m\u00e1s echan de menos ahora que est\u00e1n lejos. Como extranjeros que amamos [&hellip;]<\/p>\n","protected":false},"author":3,"featured_media":10896,"comment_status":"open","ping_status":"open","sticky":false,"template":"","format":"standard","meta":{"ngg_post_thumbnail":0},"categories":[1],"tags":[2973,1605],"yoast_head":"<!-- This site is optimized with the Yoast SEO Premium plugin v18.4 (Yoast SEO v18.9) - https:\/\/yoast.com\/wordpress\/plugins\/seo\/ -->\n<title>\u00bfQu\u00e9 es lo que m\u00e1s extra\u00f1as de Colombia? - Colombia Travel Blog by See Colombia Travel<\/title>\n<meta name=\"robots\" content=\"index, follow, max-snippet:-1, max-image-preview:large, max-video-preview:-1\" \/>\n<link rel=\"canonical\" href=\"https:\/\/seecolombia.travel\/blog\/2013\/10\/que-es-lo-que-mas-extranas-de-colombia\/\" \/>\n<meta property=\"og:locale\" content=\"en_US\" \/>\n<meta property=\"og:type\" content=\"article\" \/>\n<meta property=\"og:title\" content=\"\u00bfQu\u00e9 es lo que m\u00e1s extra\u00f1as de Colombia?\" \/>\n<meta property=\"og:description\" content=\"Durante esta semana, se nos ocurri\u00f3 junto con nuestra amiga Toya Viudes de Colombia de Una \u00a0preguntarles mediante nuestras fan pages de Facebook a los colombianos que viven fuera de su pa\u00eds natal y a extranjeros que dejaron Colombia \u00a0que es lo que m\u00e1s echan de menos ahora que est\u00e1n lejos. Como extranjeros que amamos [&hellip;]\" \/>\n<meta property=\"og:url\" content=\"https:\/\/seecolombia.travel\/blog\/2013\/10\/que-es-lo-que-mas-extranas-de-colombia\/\" \/>\n<meta property=\"og:site_name\" content=\"Colombia Travel Blog by See Colombia Travel\" \/>\n<meta property=\"article:published_time\" content=\"2013-10-11T11:00:09+00:00\" \/>\n<meta property=\"article:modified_time\" content=\"2016-05-12T19:26:59+00:00\" \/>\n<meta property=\"og:image\" content=\"https:\/\/seecolombia.travel\/blog\/wp-content\/uploads\/2013\/10\/Extranhas.jpg\" \/>\n\t<meta property=\"og:image:width\" content=\"900\" \/>\n\t<meta property=\"og:image:height\" content=\"291\" \/>\n\t<meta property=\"og:image:type\" content=\"image\/jpeg\" \/>\n<meta name=\"twitter:card\" content=\"summary\" \/>\n<meta name=\"twitter:label1\" content=\"Written by\" \/>\n\t<meta name=\"twitter:data1\" content=\"JL\" \/>\n\t<meta name=\"twitter:label2\" content=\"Est. reading time\" \/>\n\t<meta name=\"twitter:data2\" content=\"1 minute\" \/>\n<script type=\"application\/ld+json\" class=\"yoast-schema-graph\">{\"@context\":\"https:\/\/schema.org\",\"@graph\":[{\"@type\":\"WebSite\",\"@id\":\"https:\/\/seecolombia.travel\/blog\/#website\",\"url\":\"https:\/\/seecolombia.travel\/blog\/\",\"name\":\"Colombia Travel Blog by See Colombia Travel\",\"description\":\"Colombia Travel Blog: An international perspective on travelling in Colombia by world travellers.\",\"potentialAction\":[{\"@type\":\"SearchAction\",\"target\":{\"@type\":\"EntryPoint\",\"urlTemplate\":\"https:\/\/seecolombia.travel\/blog\/?s={search_term_string}\"},\"query-input\":\"required name=search_term_string\"}],\"inLanguage\":\"en-US\"},{\"@type\":\"ImageObject\",\"inLanguage\":\"en-US\",\"@id\":\"https:\/\/seecolombia.travel\/blog\/2013\/10\/que-es-lo-que-mas-extranas-de-colombia\/#primaryimage\",\"url\":\"https:\/\/seecolombia.travel\/blog\/wp-content\/uploads\/2013\/10\/Extranhas.jpg\",\"contentUrl\":\"https:\/\/seecolombia.travel\/blog\/wp-content\/uploads\/2013\/10\/Extranhas.jpg\",\"width\":900,\"height\":291},{\"@type\":\"WebPage\",\"@id\":\"https:\/\/seecolombia.travel\/blog\/2013\/10\/que-es-lo-que-mas-extranas-de-colombia\/#webpage\",\"url\":\"https:\/\/seecolombia.travel\/blog\/2013\/10\/que-es-lo-que-mas-extranas-de-colombia\/\",\"name\":\"\u00bfQu\u00e9 es lo que m\u00e1s extra\u00f1as de Colombia? - Colombia Travel Blog by See Colombia Travel\",\"isPartOf\":{\"@id\":\"https:\/\/seecolombia.travel\/blog\/#website\"},\"primaryImageOfPage\":{\"@id\":\"https:\/\/seecolombia.travel\/blog\/2013\/10\/que-es-lo-que-mas-extranas-de-colombia\/#primaryimage\"},\"datePublished\":\"2013-10-11T11:00:09+00:00\",\"dateModified\":\"2016-05-12T19:26:59+00:00\",\"author\":{\"@id\":\"https:\/\/seecolombia.travel\/blog\/#\/schema\/person\/d83df03ea54d1f0911d7098ebe26db49\"},\"breadcrumb\":{\"@id\":\"https:\/\/seecolombia.travel\/blog\/2013\/10\/que-es-lo-que-mas-extranas-de-colombia\/#breadcrumb\"},\"inLanguage\":\"en-US\",\"potentialAction\":[{\"@type\":\"ReadAction\",\"target\":[\"https:\/\/seecolombia.travel\/blog\/2013\/10\/que-es-lo-que-mas-extranas-de-colombia\/\"]}]},{\"@type\":\"BreadcrumbList\",\"@id\":\"https:\/\/seecolombia.travel\/blog\/2013\/10\/que-es-lo-que-mas-extranas-de-colombia\/#breadcrumb\",\"itemListElement\":[{\"@type\":\"ListItem\",\"position\":1,\"name\":\"Home\",\"item\":\"https:\/\/seecolombia.travel\/blog\/\"},{\"@type\":\"ListItem\",\"position\":2,\"name\":\"\u00bfQu\u00e9 es lo que m\u00e1s extra\u00f1as de Colombia?\"}]},{\"@type\":\"Person\",\"@id\":\"https:\/\/seecolombia.travel\/blog\/#\/schema\/person\/d83df03ea54d1f0911d7098ebe26db49\",\"name\":\"JL\",\"image\":{\"@type\":\"ImageObject\",\"inLanguage\":\"en-US\",\"@id\":\"https:\/\/seecolombia.travel\/blog\/#\/schema\/person\/image\/\",\"url\":\"https:\/\/secure.gravatar.com\/avatar\/68a3ba6dc377250ef6eb8cd56865210e?s=96&d=retro&r=g\",\"contentUrl\":\"https:\/\/secure.gravatar.com\/avatar\/68a3ba6dc377250ef6eb8cd56865210e?s=96&d=retro&r=g\",\"caption\":\"JL\"},\"description\":\"Ciudadano del mundo, nuestro Gerente de Marketing y comunicaciones se define como viajero, pap\u00e1, esposo y empresario. Es co-creador de Colombia Travel Blog junto a su esposa Marcela y creador de Fogg, la agencia de contenidos que produce el popular programa 3 Travel Bloggers. ----------- Our Marketing and Communications Manager, a self proclaimed citizen of the world, was born in Peru and raised in a number of different countries \u2013 including Angola, Thailand and Iceland \u2013 which instilled a deep love of travel and cultural diversity within him. With an extensive education in Marketing and Communications and after leaving a successful corporate career in the Telecom Industry, JL is now advocated to professionalize travel blogging in Latin America.\",\"sameAs\":[\"http:\/\/www.seecolombia.travel\"],\"url\":\"https:\/\/seecolombia.travel\/blog\/author\/jl\/\"}]}<\/script>\n<!-- \/ Yoast SEO Premium plugin. -->","yoast_head_json":{"title":"\u00bfQu\u00e9 es lo que m\u00e1s extra\u00f1as de Colombia? - Colombia Travel Blog by See Colombia Travel","robots":{"index":"index","follow":"follow","max-snippet":"max-snippet:-1","max-image-preview":"max-image-preview:large","max-video-preview":"max-video-preview:-1"},"canonical":"https:\/\/seecolombia.travel\/blog\/2013\/10\/que-es-lo-que-mas-extranas-de-colombia\/","og_locale":"en_US","og_type":"article","og_title":"\u00bfQu\u00e9 es lo que m\u00e1s extra\u00f1as de Colombia?","og_description":"Durante esta semana, se nos ocurri\u00f3 junto con nuestra amiga Toya Viudes de Colombia de Una \u00a0preguntarles mediante nuestras fan pages de Facebook a los colombianos que viven fuera de su pa\u00eds natal y a extranjeros que dejaron Colombia \u00a0que es lo que m\u00e1s echan de menos ahora que est\u00e1n lejos. Como extranjeros que amamos [&hellip;]","og_url":"https:\/\/seecolombia.travel\/blog\/2013\/10\/que-es-lo-que-mas-extranas-de-colombia\/","og_site_name":"Colombia Travel Blog by See Colombia Travel","article_published_time":"2013-10-11T11:00:09+00:00","article_modified_time":"2016-05-12T19:26:59+00:00","og_image":[{"width":900,"height":291,"url":"https:\/\/seecolombia.travel\/blog\/wp-content\/uploads\/2013\/10\/Extranhas.jpg","type":"image\/jpeg"}],"twitter_card":"summary","twitter_misc":{"Written by":"JL","Est. reading time":"1 minute"},"schema":{"@context":"https:\/\/schema.org","@graph":[{"@type":"WebSite","@id":"https:\/\/seecolombia.travel\/blog\/#website","url":"https:\/\/seecolombia.travel\/blog\/","name":"Colombia Travel Blog by See Colombia Travel","description":"Colombia Travel Blog: An international perspective on travelling in Colombia by world travellers.","potentialAction":[{"@type":"SearchAction","target":{"@type":"EntryPoint","urlTemplate":"https:\/\/seecolombia.travel\/blog\/?s={search_term_string}"},"query-input":"required name=search_term_string"}],"inLanguage":"en-US"},{"@type":"ImageObject","inLanguage":"en-US","@id":"https:\/\/seecolombia.travel\/blog\/2013\/10\/que-es-lo-que-mas-extranas-de-colombia\/#primaryimage","url":"https:\/\/seecolombia.travel\/blog\/wp-content\/uploads\/2013\/10\/Extranhas.jpg","contentUrl":"https:\/\/seecolombia.travel\/blog\/wp-content\/uploads\/2013\/10\/Extranhas.jpg","width":900,"height":291},{"@type":"WebPage","@id":"https:\/\/seecolombia.travel\/blog\/2013\/10\/que-es-lo-que-mas-extranas-de-colombia\/#webpage","url":"https:\/\/seecolombia.travel\/blog\/2013\/10\/que-es-lo-que-mas-extranas-de-colombia\/","name":"\u00bfQu\u00e9 es lo que m\u00e1s extra\u00f1as de Colombia? - Colombia Travel Blog by See Colombia Travel","isPartOf":{"@id":"https:\/\/seecolombia.travel\/blog\/#website"},"primaryImageOfPage":{"@id":"https:\/\/seecolombia.travel\/blog\/2013\/10\/que-es-lo-que-mas-extranas-de-colombia\/#primaryimage"},"datePublished":"2013-10-11T11:00:09+00:00","dateModified":"2016-05-12T19:26:59+00:00","author":{"@id":"https:\/\/seecolombia.travel\/blog\/#\/schema\/person\/d83df03ea54d1f0911d7098ebe26db49"},"breadcrumb":{"@id":"https:\/\/seecolombia.travel\/blog\/2013\/10\/que-es-lo-que-mas-extranas-de-colombia\/#breadcrumb"},"inLanguage":"en-US","potentialAction":[{"@type":"ReadAction","target":["https:\/\/seecolombia.travel\/blog\/2013\/10\/que-es-lo-que-mas-extranas-de-colombia\/"]}]},{"@type":"BreadcrumbList","@id":"https:\/\/seecolombia.travel\/blog\/2013\/10\/que-es-lo-que-mas-extranas-de-colombia\/#breadcrumb","itemListElement":[{"@type":"ListItem","position":1,"name":"Home","item":"https:\/\/seecolombia.travel\/blog\/"},{"@type":"ListItem","position":2,"name":"\u00bfQu\u00e9 es lo que m\u00e1s extra\u00f1as de Colombia?"}]},{"@type":"Person","@id":"https:\/\/seecolombia.travel\/blog\/#\/schema\/person\/d83df03ea54d1f0911d7098ebe26db49","name":"JL","image":{"@type":"ImageObject","inLanguage":"en-US","@id":"https:\/\/seecolombia.travel\/blog\/#\/schema\/person\/image\/","url":"https:\/\/secure.gravatar.com\/avatar\/68a3ba6dc377250ef6eb8cd56865210e?s=96&d=retro&r=g","contentUrl":"https:\/\/secure.gravatar.com\/avatar\/68a3ba6dc377250ef6eb8cd56865210e?s=96&d=retro&r=g","caption":"JL"},"description":"Ciudadano del mundo, nuestro Gerente de Marketing y comunicaciones se define como viajero, pap\u00e1, esposo y empresario. Es co-creador de Colombia Travel Blog junto a su esposa Marcela y creador de Fogg, la agencia de contenidos que produce el popular programa 3 Travel Bloggers. ----------- Our Marketing and Communications Manager, a self proclaimed citizen of the world, was born in Peru and raised in a number of different countries \u2013 including Angola, Thailand and Iceland \u2013 which instilled a deep love of travel and cultural diversity within him. With an extensive education in Marketing and Communications and after leaving a successful corporate career in the Telecom Industry, JL is now advocated to professionalize travel blogging in Latin America.","sameAs":["http:\/\/www.seecolombia.travel"],"url":"https:\/\/seecolombia.travel\/blog\/author\/jl\/"}]}},"amp_enabled":true,"_links":{"self":[{"href":"https:\/\/seecolombia.travel\/blog\/wp-json\/wp\/v2\/posts\/10873"}],"collection":[{"href":"https:\/\/seecolombia.travel\/blog\/wp-json\/wp\/v2\/posts"}],"about":[{"href":"https:\/\/seecolombia.travel\/blog\/wp-json\/wp\/v2\/types\/post"}],"author":[{"embeddable":true,"href":"https:\/\/seecolombia.travel\/blog\/wp-json\/wp\/v2\/users\/3"}],"replies":[{"embeddable":true,"href":"https:\/\/seecolombia.travel\/blog\/wp-json\/wp\/v2\/comments?post=10873"}],"version-history":[{"count":31,"href":"https:\/\/seecolombia.travel\/blog\/wp-json\/wp\/v2\/posts\/10873\/revisions"}],"predecessor-version":[{"id":22646,"href":"https:\/\/seecolombia.travel\/blog\/wp-json\/wp\/v2\/posts\/10873\/revisions\/22646"}],"wp:featuredmedia":[{"embeddable":true,"href":"https:\/\/seecolombia.travel\/blog\/wp-json\/wp\/v2\/media\/10896"}],"wp:attachment":[{"href":"https:\/\/seecolombia.travel\/blog\/wp-json\/wp\/v2\/media?parent=10873"}],"wp:term":[{"taxonomy":"category","embeddable":true,"href":"https:\/\/seecolombia.travel\/blog\/wp-json\/wp\/v2\/categories?post=10873"},{"taxonomy":"post_tag","embeddable":true,"href":"https:\/\/seecolombia.travel\/blog\/wp-json\/wp\/v2\/tags?post=10873"}],"curies":[{"name":"wp","href":"https:\/\/api.w.org\/{rel}","templated":true}]}}