{"id":10773,"date":"2013-09-15T19:38:50","date_gmt":"2013-09-16T00:38:50","guid":{"rendered":"http:\/\/seecolombia.travel\/blog\/?p=10773"},"modified":"2016-05-12T14:34:54","modified_gmt":"2016-05-12T19:34:54","slug":"cronicas-de-chile-el-hotel-hare-noi-en-isla-de-pascua-una-experiencia-unica-en-medio-del-pacifico","status":"publish","type":"post","link":"https:\/\/seecolombia.travel\/blog\/2013\/09\/cronicas-de-chile-el-hotel-hare-noi-en-isla-de-pascua-una-experiencia-unica-en-medio-del-pacifico\/","title":{"rendered":"Cr\u00f3nicas de Chile: El Hotel Hare Noi en Isla de Pascua, Una experiencia \u00fanica en medio del Pacifico."},"content":{"rendered":"<p>Isla de Pascua est\u00e1 <strong>en medio del Oc\u00e9ano Pacifico <\/strong>y tiene como vecino m\u00e1s cercano a las Islas Marquesas a 2200\u00a0 kil\u00f3metros de distancia. Debido a su localizaci\u00f3n y\u00a0 acotada extensi\u00f3n de <strong>166 kil\u00f3metros cuadrados<\/strong>, \u00a0hay muchos mapas en los que ni siquiera aparece. Todos los insumos de la isla son recibidos, adem\u00e1s, desde el Chile continental, <b>a <\/b><strong>5 horas de vuelo<\/strong>, ya que su producci\u00f3n agr\u00edcola y ganadera es pr\u00e1cticamente nula y sus actividades principales son \u00a0la pesca y el turismo.<\/p>\n<p>Una de mis interrogantes era\u00a0 entonces <b>cual ser\u00eda la <\/b><strong>oferta de hoteler\u00eda de categor\u00eda superior en la isla<\/strong>, aparte del conocido <b>Hotel Explora <\/b>que gan\u00f3 en 2011 la menci\u00f3n de T+L como <b>mejor hotel de Latinoam\u00e9rica<\/b>.<\/p>\n<p>Me imaginaba, como comprob\u00e9 recorriendo Hanga Roa , que habr\u00edan adem\u00e1s muchos hostales, pensiones y hoteles de nivel medio, pero mi curiosidad era si Rapa Nui podr\u00eda competir con las <strong>exigencias de clientes acostumbrados a un servicio de clase mundial<\/strong> y mantener el excelente nivel de alojamiento que hab\u00eda tenido hasta ahora en mis viajes por Chile.<\/p>\n<p>Mi intenci\u00f3n era alojarme en un hotel de pocas habitaciones, con fuerte presencia de la cultura local pero con todas las <strong>comodidades que uno esperar\u00eda en un destino en crecimiento<\/strong> como Rapa Nui.<\/p>\n<figure id=\"attachment_10779\" aria-describedby=\"caption-attachment-10779\" style=\"width: 800px\" class=\"wp-caption aligncenter\"><a href=\"http:\/\/seecolombia.travel\/blog\/2013\/09\/cronicas-de-chile-el-hotel-hare-noi-en-isla-de-pascua-una-experiencia-unica-en-medio-del-pacifico\/sony-dsc-48\/\" rel=\"attachment wp-att-10779\"><img loading=\"lazy\" class=\"size-full wp-image-10779\" src=\"http:\/\/seecolombia.travel\/blog\/wp-content\/uploads\/2013\/09\/Isla-de-Pascua-Hotel-Hare-Noi.jpg\" alt=\"Isla de Pascua Hotel Hare Noi\" width=\"800\" height=\"531\" srcset=\"https:\/\/seecolombia.travel\/blog\/wp-content\/uploads\/2013\/09\/Isla-de-Pascua-Hotel-Hare-Noi.jpg 800w, https:\/\/seecolombia.travel\/blog\/wp-content\/uploads\/2013\/09\/Isla-de-Pascua-Hotel-Hare-Noi-300x199.jpg 300w\" sizes=\"(max-width: 800px) 100vw, 800px\" \/><\/a><figcaption id=\"caption-attachment-10779\" class=\"wp-caption-text\">El amplio jardin del hotel Hare Noi en Isla de Pascua<\/figcaption><\/figure>\n<p>&nbsp;<\/p>\n<p><strong><i>Hare Noi<\/i><\/strong>, el nombre del hotel en el que me hosped\u00e9, \u00a0significa \u201cCasa Nuestra\u201d y todo en este lugar gira alrededor de ese concepto sin dejar por esto de ofrecer un <strong>servicio de primera<\/strong>.<\/p>\n<p>Lo m\u00e1s evidente al llegar al Hare Noi\u00a0 es <b>lo <\/b><strong>amplio de la propiedad<\/strong> que crece desde el llano sobre una colina de pendiente suave cubierta principalmente por sus \u00a0grandes \u00a0jardines y la huerta que lo rodea. El lobby est\u00e1 en la parte m\u00e1s baja en una caba\u00f1a y desde ah\u00ed se pueden coordinar excursiones, reservas para restaurantes y shows t\u00edpicos en Hanga Roa, la ciudad capital, a 15 minutos caminando.<\/p>\n<p>Sus \u00a0<strong>nueve habitaciones<\/strong>, cinco con vista al mar y cuatro con vista al jard\u00edn\u00a0 divididas en seis \u201c<i>hares\u201d <\/i>\u00a0(casas)\u00a0 en lo m\u00e1s alto del terreno,\u00a0 tienen como caracter\u00edstica original compartir amplias \u00e1reas comunes siguiendo la <strong>ancestral tradici\u00f3n Rapa Nui<\/strong>, y es en el comedor de esa \u00e1rea donde todas las ma\u00f1anas se entrega el desayuno en una canasta cuyo contenido se elige la noche anterior de una surtida lista de ingredientes locales e internacionales.<\/p>\n<figure id=\"attachment_10782\" aria-describedby=\"caption-attachment-10782\" style=\"width: 500px\" class=\"wp-caption alignright\"><a href=\"http:\/\/seecolombia.travel\/blog\/2013\/09\/cronicas-de-chile-el-hotel-hare-noi-en-isla-de-pascua-una-experiencia-unica-en-medio-del-pacifico\/hotel-hare-noi-habitaciones-isla-de-pascua\/\" rel=\"attachment wp-att-10782\"><img loading=\"lazy\" class=\"size-full wp-image-10782\" src=\"http:\/\/seecolombia.travel\/blog\/wp-content\/uploads\/2013\/09\/Hotel-Hare-Noi-Habitaciones-Isla-de-Pascua.jpg\" alt=\"Hotel Hare Noi Isla de Pascua Habitaciones\" width=\"500\" height=\"281\" srcset=\"https:\/\/seecolombia.travel\/blog\/wp-content\/uploads\/2013\/09\/Hotel-Hare-Noi-Habitaciones-Isla-de-Pascua.jpg 500w, https:\/\/seecolombia.travel\/blog\/wp-content\/uploads\/2013\/09\/Hotel-Hare-Noi-Habitaciones-Isla-de-Pascua-300x168.jpg 300w\" sizes=\"(max-width: 500px) 100vw, 500px\" \/><\/a><figcaption id=\"caption-attachment-10782\" class=\"wp-caption-text\">Mi habitacion en el hotel Hare Noi<\/figcaption><\/figure>\n<p>Mi habitaci\u00f3n tiene una <b>impresionante \u00a0<\/b><strong>vista al mar<\/strong> desde la cama super king size y es lo suficientemente amplia para abrir con comodidad mi equipaje e instalar una peque\u00f1a estaci\u00f3n de trabajo bloguera con acceso a una excelente se\u00f1al tanto de celulares como de internet. Las paredes de piedra y los vidrios parecen tener un sistema de aislamiento de sonido que asegura la quietud para apreciar el paisaje que <strong>se disfruta a\u00fan mejor desde la hamaca<\/strong> instalada en el balc\u00f3n.<\/p>\n<p>Menci\u00f3n aparte merecen los <strong>exquisitos amenities<\/strong>, producidos por la misma cadena y utilizando insumos naturales, las amplias duchas verticales\u00a0 y las <strong>sabanas de 300 hilos<\/strong> que en conjunto con los cubre lechos de plumas de ganso\u00a0 aseguran una noche de descanso incre\u00edble.<\/p>\n<p>El clima cuando regreso de las excursiones por las islas no est\u00e1 de mi lado \u00a0y por la lluvia no puedo probar la piscina ni el SPA al aire libre, pero la <strong>excelencia en el servicio<\/strong> queda en evidencia cuando la \u00faltima noche me pasan a buscar a la habitaci\u00f3n\u00a0 para sorprenderme anunciando que mi esposa, desde Bogot\u00e1 y en complicidad con el personal del Hare Noi , me ha <strong>organizado un masaje<\/strong> por el d\u00eda del padre. Todo esto en medio de una remota isla del Pacifico. \u00bfQui\u00e9n lo hubiera pensado?<\/p>\n<p>JL<\/p>\n","protected":false},"excerpt":{"rendered":"<p>Isla de Pascua est\u00e1 en medio del Oc\u00e9ano Pacifico y tiene como vecino m\u00e1s cercano a las Islas Marquesas a 2200\u00a0 kil\u00f3metros de distancia. Debido a su localizaci\u00f3n y\u00a0 acotada extensi\u00f3n de 166 kil\u00f3metros cuadrados, \u00a0hay muchos mapas en los que ni siquiera aparece. Todos los insumos de la isla son recibidos, adem\u00e1s, desde el [&hellip;]<\/p>\n","protected":false},"author":3,"featured_media":10776,"comment_status":"open","ping_status":"open","sticky":false,"template":"","format":"standard","meta":{"ngg_post_thumbnail":0},"categories":[1851,1860,1852,865,1924],"tags":[2955,1605,2952,2951],"yoast_head":"<!-- This site is optimized with the Yoast SEO Premium plugin v18.4 (Yoast SEO v18.9) - https:\/\/yoast.com\/wordpress\/plugins\/seo\/ -->\n<title>Cr\u00f3nicas de Chile: El Hotel Hare Noi en Isla de Pascua, Una experiencia \u00fanica en medio del Pacifico. - Colombia Travel Blog by See Colombia Travel<\/title>\n<meta name=\"robots\" content=\"index, follow, max-snippet:-1, max-image-preview:large, max-video-preview:-1\" \/>\n<link rel=\"canonical\" href=\"https:\/\/seecolombia.travel\/blog\/2013\/09\/cronicas-de-chile-el-hotel-hare-noi-en-isla-de-pascua-una-experiencia-unica-en-medio-del-pacifico\/\" \/>\n<meta property=\"og:locale\" content=\"en_US\" \/>\n<meta property=\"og:type\" content=\"article\" \/>\n<meta property=\"og:title\" content=\"Cr\u00f3nicas de Chile: El Hotel Hare Noi en Isla de Pascua, Una experiencia \u00fanica en medio del Pacifico.\" \/>\n<meta property=\"og:description\" content=\"Isla de Pascua est\u00e1 en medio del Oc\u00e9ano Pacifico y tiene como vecino m\u00e1s cercano a las Islas Marquesas a 2200\u00a0 kil\u00f3metros de distancia. Debido a su localizaci\u00f3n y\u00a0 acotada extensi\u00f3n de 166 kil\u00f3metros cuadrados, \u00a0hay muchos mapas en los que ni siquiera aparece. Todos los insumos de la isla son recibidos, adem\u00e1s, desde el [&hellip;]\" \/>\n<meta property=\"og:url\" content=\"https:\/\/seecolombia.travel\/blog\/2013\/09\/cronicas-de-chile-el-hotel-hare-noi-en-isla-de-pascua-una-experiencia-unica-en-medio-del-pacifico\/\" \/>\n<meta property=\"og:site_name\" content=\"Colombia Travel Blog by See Colombia Travel\" \/>\n<meta property=\"article:published_time\" content=\"2013-09-16T00:38:50+00:00\" \/>\n<meta property=\"article:modified_time\" content=\"2016-05-12T19:34:54+00:00\" \/>\n<meta property=\"og:image\" content=\"https:\/\/seecolombia.travel\/blog\/wp-content\/uploads\/2013\/09\/Hotel-Hare-Noi-Isla-de-Pascua.jpg\" \/>\n\t<meta property=\"og:image:width\" content=\"800\" \/>\n\t<meta property=\"og:image:height\" content=\"300\" \/>\n\t<meta property=\"og:image:type\" content=\"image\/jpeg\" \/>\n<meta name=\"twitter:card\" content=\"summary\" \/>\n<meta name=\"twitter:label1\" content=\"Written by\" \/>\n\t<meta name=\"twitter:data1\" content=\"JL\" \/>\n\t<meta name=\"twitter:label2\" content=\"Est. reading time\" \/>\n\t<meta name=\"twitter:data2\" content=\"3 minutes\" \/>\n<script type=\"application\/ld+json\" class=\"yoast-schema-graph\">{\"@context\":\"https:\/\/schema.org\",\"@graph\":[{\"@type\":\"WebSite\",\"@id\":\"https:\/\/seecolombia.travel\/blog\/#website\",\"url\":\"https:\/\/seecolombia.travel\/blog\/\",\"name\":\"Colombia Travel Blog by See Colombia Travel\",\"description\":\"Colombia Travel Blog: An international perspective on travelling in Colombia by world travellers.\",\"potentialAction\":[{\"@type\":\"SearchAction\",\"target\":{\"@type\":\"EntryPoint\",\"urlTemplate\":\"https:\/\/seecolombia.travel\/blog\/?s={search_term_string}\"},\"query-input\":\"required name=search_term_string\"}],\"inLanguage\":\"en-US\"},{\"@type\":\"ImageObject\",\"inLanguage\":\"en-US\",\"@id\":\"https:\/\/seecolombia.travel\/blog\/2013\/09\/cronicas-de-chile-el-hotel-hare-noi-en-isla-de-pascua-una-experiencia-unica-en-medio-del-pacifico\/#primaryimage\",\"url\":\"https:\/\/seecolombia.travel\/blog\/wp-content\/uploads\/2013\/09\/Hotel-Hare-Noi-Isla-de-Pascua.jpg\",\"contentUrl\":\"https:\/\/seecolombia.travel\/blog\/wp-content\/uploads\/2013\/09\/Hotel-Hare-Noi-Isla-de-Pascua.jpg\",\"width\":800,\"height\":300,\"caption\":\"Hotel Hare Noi en Isla de Pascua\"},{\"@type\":\"WebPage\",\"@id\":\"https:\/\/seecolombia.travel\/blog\/2013\/09\/cronicas-de-chile-el-hotel-hare-noi-en-isla-de-pascua-una-experiencia-unica-en-medio-del-pacifico\/#webpage\",\"url\":\"https:\/\/seecolombia.travel\/blog\/2013\/09\/cronicas-de-chile-el-hotel-hare-noi-en-isla-de-pascua-una-experiencia-unica-en-medio-del-pacifico\/\",\"name\":\"Cr\u00f3nicas de Chile: El Hotel Hare Noi en Isla de Pascua, Una experiencia \u00fanica en medio del Pacifico. - Colombia Travel Blog by See Colombia Travel\",\"isPartOf\":{\"@id\":\"https:\/\/seecolombia.travel\/blog\/#website\"},\"primaryImageOfPage\":{\"@id\":\"https:\/\/seecolombia.travel\/blog\/2013\/09\/cronicas-de-chile-el-hotel-hare-noi-en-isla-de-pascua-una-experiencia-unica-en-medio-del-pacifico\/#primaryimage\"},\"datePublished\":\"2013-09-16T00:38:50+00:00\",\"dateModified\":\"2016-05-12T19:34:54+00:00\",\"author\":{\"@id\":\"https:\/\/seecolombia.travel\/blog\/#\/schema\/person\/d83df03ea54d1f0911d7098ebe26db49\"},\"breadcrumb\":{\"@id\":\"https:\/\/seecolombia.travel\/blog\/2013\/09\/cronicas-de-chile-el-hotel-hare-noi-en-isla-de-pascua-una-experiencia-unica-en-medio-del-pacifico\/#breadcrumb\"},\"inLanguage\":\"en-US\",\"potentialAction\":[{\"@type\":\"ReadAction\",\"target\":[\"https:\/\/seecolombia.travel\/blog\/2013\/09\/cronicas-de-chile-el-hotel-hare-noi-en-isla-de-pascua-una-experiencia-unica-en-medio-del-pacifico\/\"]}]},{\"@type\":\"BreadcrumbList\",\"@id\":\"https:\/\/seecolombia.travel\/blog\/2013\/09\/cronicas-de-chile-el-hotel-hare-noi-en-isla-de-pascua-una-experiencia-unica-en-medio-del-pacifico\/#breadcrumb\",\"itemListElement\":[{\"@type\":\"ListItem\",\"position\":1,\"name\":\"Home\",\"item\":\"https:\/\/seecolombia.travel\/blog\/\"},{\"@type\":\"ListItem\",\"position\":2,\"name\":\"Cr\u00f3nicas de Chile: El Hotel Hare Noi en Isla de Pascua, Una experiencia \u00fanica en medio del Pacifico.\"}]},{\"@type\":\"Person\",\"@id\":\"https:\/\/seecolombia.travel\/blog\/#\/schema\/person\/d83df03ea54d1f0911d7098ebe26db49\",\"name\":\"JL\",\"image\":{\"@type\":\"ImageObject\",\"inLanguage\":\"en-US\",\"@id\":\"https:\/\/seecolombia.travel\/blog\/#\/schema\/person\/image\/\",\"url\":\"https:\/\/secure.gravatar.com\/avatar\/68a3ba6dc377250ef6eb8cd56865210e?s=96&d=retro&r=g\",\"contentUrl\":\"https:\/\/secure.gravatar.com\/avatar\/68a3ba6dc377250ef6eb8cd56865210e?s=96&d=retro&r=g\",\"caption\":\"JL\"},\"description\":\"Ciudadano del mundo, nuestro Gerente de Marketing y comunicaciones se define como viajero, pap\u00e1, esposo y empresario. Es co-creador de Colombia Travel Blog junto a su esposa Marcela y creador de Fogg, la agencia de contenidos que produce el popular programa 3 Travel Bloggers. ----------- Our Marketing and Communications Manager, a self proclaimed citizen of the world, was born in Peru and raised in a number of different countries \u2013 including Angola, Thailand and Iceland \u2013 which instilled a deep love of travel and cultural diversity within him. With an extensive education in Marketing and Communications and after leaving a successful corporate career in the Telecom Industry, JL is now advocated to professionalize travel blogging in Latin America.\",\"sameAs\":[\"http:\/\/www.seecolombia.travel\"],\"url\":\"https:\/\/seecolombia.travel\/blog\/author\/jl\/\"}]}<\/script>\n<!-- \/ Yoast SEO Premium plugin. -->","yoast_head_json":{"title":"Cr\u00f3nicas de Chile: El Hotel Hare Noi en Isla de Pascua, Una experiencia \u00fanica en medio del Pacifico. - Colombia Travel Blog by See Colombia Travel","robots":{"index":"index","follow":"follow","max-snippet":"max-snippet:-1","max-image-preview":"max-image-preview:large","max-video-preview":"max-video-preview:-1"},"canonical":"https:\/\/seecolombia.travel\/blog\/2013\/09\/cronicas-de-chile-el-hotel-hare-noi-en-isla-de-pascua-una-experiencia-unica-en-medio-del-pacifico\/","og_locale":"en_US","og_type":"article","og_title":"Cr\u00f3nicas de Chile: El Hotel Hare Noi en Isla de Pascua, Una experiencia \u00fanica en medio del Pacifico.","og_description":"Isla de Pascua est\u00e1 en medio del Oc\u00e9ano Pacifico y tiene como vecino m\u00e1s cercano a las Islas Marquesas a 2200\u00a0 kil\u00f3metros de distancia. Debido a su localizaci\u00f3n y\u00a0 acotada extensi\u00f3n de 166 kil\u00f3metros cuadrados, \u00a0hay muchos mapas en los que ni siquiera aparece. Todos los insumos de la isla son recibidos, adem\u00e1s, desde el [&hellip;]","og_url":"https:\/\/seecolombia.travel\/blog\/2013\/09\/cronicas-de-chile-el-hotel-hare-noi-en-isla-de-pascua-una-experiencia-unica-en-medio-del-pacifico\/","og_site_name":"Colombia Travel Blog by See Colombia Travel","article_published_time":"2013-09-16T00:38:50+00:00","article_modified_time":"2016-05-12T19:34:54+00:00","og_image":[{"width":800,"height":300,"url":"https:\/\/seecolombia.travel\/blog\/wp-content\/uploads\/2013\/09\/Hotel-Hare-Noi-Isla-de-Pascua.jpg","type":"image\/jpeg"}],"twitter_card":"summary","twitter_misc":{"Written by":"JL","Est. reading time":"3 minutes"},"schema":{"@context":"https:\/\/schema.org","@graph":[{"@type":"WebSite","@id":"https:\/\/seecolombia.travel\/blog\/#website","url":"https:\/\/seecolombia.travel\/blog\/","name":"Colombia Travel Blog by See Colombia Travel","description":"Colombia Travel Blog: An international perspective on travelling in Colombia by world travellers.","potentialAction":[{"@type":"SearchAction","target":{"@type":"EntryPoint","urlTemplate":"https:\/\/seecolombia.travel\/blog\/?s={search_term_string}"},"query-input":"required name=search_term_string"}],"inLanguage":"en-US"},{"@type":"ImageObject","inLanguage":"en-US","@id":"https:\/\/seecolombia.travel\/blog\/2013\/09\/cronicas-de-chile-el-hotel-hare-noi-en-isla-de-pascua-una-experiencia-unica-en-medio-del-pacifico\/#primaryimage","url":"https:\/\/seecolombia.travel\/blog\/wp-content\/uploads\/2013\/09\/Hotel-Hare-Noi-Isla-de-Pascua.jpg","contentUrl":"https:\/\/seecolombia.travel\/blog\/wp-content\/uploads\/2013\/09\/Hotel-Hare-Noi-Isla-de-Pascua.jpg","width":800,"height":300,"caption":"Hotel Hare Noi en Isla de Pascua"},{"@type":"WebPage","@id":"https:\/\/seecolombia.travel\/blog\/2013\/09\/cronicas-de-chile-el-hotel-hare-noi-en-isla-de-pascua-una-experiencia-unica-en-medio-del-pacifico\/#webpage","url":"https:\/\/seecolombia.travel\/blog\/2013\/09\/cronicas-de-chile-el-hotel-hare-noi-en-isla-de-pascua-una-experiencia-unica-en-medio-del-pacifico\/","name":"Cr\u00f3nicas de Chile: El Hotel Hare Noi en Isla de Pascua, Una experiencia \u00fanica en medio del Pacifico. - Colombia Travel Blog by See Colombia Travel","isPartOf":{"@id":"https:\/\/seecolombia.travel\/blog\/#website"},"primaryImageOfPage":{"@id":"https:\/\/seecolombia.travel\/blog\/2013\/09\/cronicas-de-chile-el-hotel-hare-noi-en-isla-de-pascua-una-experiencia-unica-en-medio-del-pacifico\/#primaryimage"},"datePublished":"2013-09-16T00:38:50+00:00","dateModified":"2016-05-12T19:34:54+00:00","author":{"@id":"https:\/\/seecolombia.travel\/blog\/#\/schema\/person\/d83df03ea54d1f0911d7098ebe26db49"},"breadcrumb":{"@id":"https:\/\/seecolombia.travel\/blog\/2013\/09\/cronicas-de-chile-el-hotel-hare-noi-en-isla-de-pascua-una-experiencia-unica-en-medio-del-pacifico\/#breadcrumb"},"inLanguage":"en-US","potentialAction":[{"@type":"ReadAction","target":["https:\/\/seecolombia.travel\/blog\/2013\/09\/cronicas-de-chile-el-hotel-hare-noi-en-isla-de-pascua-una-experiencia-unica-en-medio-del-pacifico\/"]}]},{"@type":"BreadcrumbList","@id":"https:\/\/seecolombia.travel\/blog\/2013\/09\/cronicas-de-chile-el-hotel-hare-noi-en-isla-de-pascua-una-experiencia-unica-en-medio-del-pacifico\/#breadcrumb","itemListElement":[{"@type":"ListItem","position":1,"name":"Home","item":"https:\/\/seecolombia.travel\/blog\/"},{"@type":"ListItem","position":2,"name":"Cr\u00f3nicas de Chile: El Hotel Hare Noi en Isla de Pascua, Una experiencia \u00fanica en medio del Pacifico."}]},{"@type":"Person","@id":"https:\/\/seecolombia.travel\/blog\/#\/schema\/person\/d83df03ea54d1f0911d7098ebe26db49","name":"JL","image":{"@type":"ImageObject","inLanguage":"en-US","@id":"https:\/\/seecolombia.travel\/blog\/#\/schema\/person\/image\/","url":"https:\/\/secure.gravatar.com\/avatar\/68a3ba6dc377250ef6eb8cd56865210e?s=96&d=retro&r=g","contentUrl":"https:\/\/secure.gravatar.com\/avatar\/68a3ba6dc377250ef6eb8cd56865210e?s=96&d=retro&r=g","caption":"JL"},"description":"Ciudadano del mundo, nuestro Gerente de Marketing y comunicaciones se define como viajero, pap\u00e1, esposo y empresario. Es co-creador de Colombia Travel Blog junto a su esposa Marcela y creador de Fogg, la agencia de contenidos que produce el popular programa 3 Travel Bloggers. ----------- Our Marketing and Communications Manager, a self proclaimed citizen of the world, was born in Peru and raised in a number of different countries \u2013 including Angola, Thailand and Iceland \u2013 which instilled a deep love of travel and cultural diversity within him. With an extensive education in Marketing and Communications and after leaving a successful corporate career in the Telecom Industry, JL is now advocated to professionalize travel blogging in Latin America.","sameAs":["http:\/\/www.seecolombia.travel"],"url":"https:\/\/seecolombia.travel\/blog\/author\/jl\/"}]}},"amp_enabled":true,"_links":{"self":[{"href":"https:\/\/seecolombia.travel\/blog\/wp-json\/wp\/v2\/posts\/10773"}],"collection":[{"href":"https:\/\/seecolombia.travel\/blog\/wp-json\/wp\/v2\/posts"}],"about":[{"href":"https:\/\/seecolombia.travel\/blog\/wp-json\/wp\/v2\/types\/post"}],"author":[{"embeddable":true,"href":"https:\/\/seecolombia.travel\/blog\/wp-json\/wp\/v2\/users\/3"}],"replies":[{"embeddable":true,"href":"https:\/\/seecolombia.travel\/blog\/wp-json\/wp\/v2\/comments?post=10773"}],"version-history":[{"count":14,"href":"https:\/\/seecolombia.travel\/blog\/wp-json\/wp\/v2\/posts\/10773\/revisions"}],"predecessor-version":[{"id":22660,"href":"https:\/\/seecolombia.travel\/blog\/wp-json\/wp\/v2\/posts\/10773\/revisions\/22660"}],"wp:featuredmedia":[{"embeddable":true,"href":"https:\/\/seecolombia.travel\/blog\/wp-json\/wp\/v2\/media\/10776"}],"wp:attachment":[{"href":"https:\/\/seecolombia.travel\/blog\/wp-json\/wp\/v2\/media?parent=10773"}],"wp:term":[{"taxonomy":"category","embeddable":true,"href":"https:\/\/seecolombia.travel\/blog\/wp-json\/wp\/v2\/categories?post=10773"},{"taxonomy":"post_tag","embeddable":true,"href":"https:\/\/seecolombia.travel\/blog\/wp-json\/wp\/v2\/tags?post=10773"}],"curies":[{"name":"wp","href":"https:\/\/api.w.org\/{rel}","templated":true}]}}