{"id":10726,"date":"2013-09-14T19:21:58","date_gmt":"2013-09-15T00:21:58","guid":{"rendered":"http:\/\/seecolombia.travel\/blog\/?p=10726"},"modified":"2016-05-12T14:35:39","modified_gmt":"2016-05-12T19:35:39","slug":"cronicas-de-chile-los-moais-y-el-misterio-de-sus-ojos","status":"publish","type":"post","link":"https:\/\/seecolombia.travel\/blog\/2013\/09\/cronicas-de-chile-los-moais-y-el-misterio-de-sus-ojos\/","title":{"rendered":"Cr\u00f3nicas de Chile: Los Moais y el secreto de sus ojos"},"content":{"rendered":"<h3><strong>La cantera sobre el volc\u00e1n <\/strong><\/h3>\n<p>Hay momentos que marcan <strong>un antes y un despu\u00e9s en la vida de un viajero<\/strong>, fotograf\u00edas mentales que ninguna c\u00e1mara puede representar fielmente. Puede ser el instante en que inesperadamente se le revela un <strong>paisaje sobrecogedor<\/strong>, \u00a0darse cuenta de que se est\u00e1 ah\u00ed \u201cde verdad\u201d al ir descubriendo por primera vez las calles de <strong>un destino largamente deseado <\/strong>o la repentina epifan\u00eda de que ha comenzado a adoptar costumbres que no eran suyas para <strong>sumergirse en otra cultura.<\/strong><\/p>\n<p>Mi gu\u00eda Mat\u00edas y la pareja de alemanes con la que hemos venido <strong>hasta este volc\u00e1n<\/strong> \u00a0se han adelantado unos metros y yo aprovecho el silencio para registrar este momento como uno de esos recuerdos que se van a quedar conmigo para siempre. \u00a0Como sus habitantes y su historia, <strong>el clima en Rapa Nui es tambi\u00e9n voluble<\/strong>, durante el trayecto el sol brillaba pero ahora cae una ligera llovizna y el viento ha empezado a pegar cada vez m\u00e1s fuerte, pero eso no evita que desde ac\u00e1 arriba disfrute de la vista de <strong>la inmensidad del Oc\u00e9ano Pacifico y la parte oriental de la isla.<\/strong> Y a unos cent\u00edmetros frente a m\u00ed, finalmente, iluminados por algunos rayos que se cuelan entre las nubes, esos tres gigantes de piedra \u00a0de orejas largas y narices en punta cuyos ojos nunca llegaron a ser tallados y que son<strong> el esp\u00edritu de Isla de Pascua: los moais.<\/strong><\/p>\n<figure id=\"attachment_10732\" aria-describedby=\"caption-attachment-10732\" style=\"width: 800px\" class=\"wp-caption aligncenter\"><a href=\"http:\/\/seecolombia.travel\/blog\/2013\/09\/cronicas-de-chile-los-moais-y-el-misterio-de-sus-ojos\/isla-de-pascua-moais\/\" rel=\"attachment wp-att-10732\"><img loading=\"lazy\" class=\"size-full wp-image-10732\" src=\"http:\/\/seecolombia.travel\/blog\/wp-content\/uploads\/2013\/10\/Isla-de-Pascua-Moais.jpg\" alt=\"Moais Isla de Pascua\" width=\"800\" height=\"450\" srcset=\"https:\/\/seecolombia.travel\/blog\/wp-content\/uploads\/2013\/10\/Isla-de-Pascua-Moais.jpg 800w, https:\/\/seecolombia.travel\/blog\/wp-content\/uploads\/2013\/10\/Isla-de-Pascua-Moais-300x168.jpg 300w\" sizes=\"(max-width: 800px) 100vw, 800px\" \/><\/a><figcaption id=\"caption-attachment-10732\" class=\"wp-caption-text\">Mi primer encuentro con los moais de Isla de Pascua<\/figcaption><\/figure>\n<p>&nbsp;<\/p>\n<p>Estoy sentado en la falda exterior de <strong>Rano Raraku<\/strong> , el cr\u00e1ter volc\u00e1nico en cuyas laderas se encuentra la impresionante <strong>mayor concentraci\u00f3n de moais<\/strong> de Rapa Nui &#8211; <strong>397 de los 887 contabilizados<\/strong> hasta la actualidad \u2013 y aunque todos est\u00e1n a\u00fan inconclusos es aqu\u00ed donde parad\u00f3jicamente se encuentran estos, <strong>los m\u00e1s \u201cfamosos\u201d\u00a0 y reconocibles en miles de fotos<\/strong>, aquellos que cuando yo era ni\u00f1o\u00a0 me hicieron despertar la curiosidad por esta isla.<\/p>\n<figure id=\"attachment_10736\" aria-describedby=\"caption-attachment-10736\" style=\"width: 400px\" class=\"wp-caption alignleft\"><a href=\"http:\/\/seecolombia.travel\/blog\/2013\/09\/cronicas-de-chile-los-moais-y-el-misterio-de-sus-ojos\/sony-dsc-45\/\" rel=\"attachment wp-att-10736\"><img loading=\"lazy\" class=\"size-full wp-image-10736\" src=\"http:\/\/seecolombia.travel\/blog\/wp-content\/uploads\/2013\/10\/Cantera-de-Moais-Isla-de-Pascua.jpg\" alt=\"Cantera de Moais - Isla de Pascua\" width=\"400\" height=\"265\" srcset=\"https:\/\/seecolombia.travel\/blog\/wp-content\/uploads\/2013\/10\/Cantera-de-Moais-Isla-de-Pascua.jpg 400w, https:\/\/seecolombia.travel\/blog\/wp-content\/uploads\/2013\/10\/Cantera-de-Moais-Isla-de-Pascua-300x198.jpg 300w\" sizes=\"(max-width: 400px) 100vw, 400px\" \/><\/a><figcaption id=\"caption-attachment-10736\" class=\"wp-caption-text\">Vista de la cantera del volc\u00e1n Rano Raraku<\/figcaption><\/figure>\n<p>Esta cantera en s\u00ed misma es uno de los <strong>misterios m\u00e1s enigm\u00e1ticos<\/strong> de los muchos que hay en Isla de Pascua. Es como si el tiempo se hubiera pausado: los cientos de estatuas de piedra est\u00e1n en distintas etapas de su construcci\u00f3n y transporte. Algunos como <strong>la m\u00e1s grande de 21 metros<\/strong> yace en el suelo partida en tres, otras est\u00e1n ancladas aun a las canteras. \u00bfFueron estos moais indignos de ser transportados? \u00bfSe tallaron con el prop\u00f3sito de quedar en las laderas? \u00bfSe agotaron los recursos para continuar con la obra? Hasta el momento solo existen teor\u00edas tanto sobre este lugar en particular como <b>sobre <\/b><strong>la forma en que fue transportado cada Moai hasta su Ahu<\/strong>, la plataforma ceremonial donde se les rend\u00eda culto a los ancestros y el que deb\u00eda ser el destino final \u00a0luego de su construcci\u00f3n.<\/p>\n<h3><strong>La Guerra de las Estatuas<\/strong><\/h3>\n<figure id=\"attachment_10738\" aria-describedby=\"caption-attachment-10738\" style=\"width: 800px\" class=\"wp-caption aligncenter\"><a href=\"http:\/\/seecolombia.travel\/blog\/2013\/09\/cronicas-de-chile-los-moais-y-el-misterio-de-sus-ojos\/moais-en-el-ahu-tongariki\/\" rel=\"attachment wp-att-10738\"><img loading=\"lazy\" class=\"size-full wp-image-10738\" src=\"http:\/\/seecolombia.travel\/blog\/wp-content\/uploads\/2013\/10\/Moais-en-el-ahu-Tongariki.jpg\" alt=\"Moais en el Ahu Tongariki\" width=\"800\" height=\"450\" srcset=\"https:\/\/seecolombia.travel\/blog\/wp-content\/uploads\/2013\/10\/Moais-en-el-ahu-Tongariki.jpg 800w, https:\/\/seecolombia.travel\/blog\/wp-content\/uploads\/2013\/10\/Moais-en-el-ahu-Tongariki-300x168.jpg 300w\" sizes=\"(max-width: 800px) 100vw, 800px\" \/><\/a><figcaption id=\"caption-attachment-10738\" class=\"wp-caption-text\">El Ahu Tongariki es el mas largo de Isla de Pascua y fue restaurado en los 90 con ayuda japonesa.<\/figcaption><\/figure>\n<p>&nbsp;<\/p>\n<p>Se cree que <strong>del tama\u00f1o del Moai depend\u00eda la cantidad de <em>Mana <\/em><\/strong>, un poder sobrenatural que recib\u00eda cada familia de sus antepasados, por lo tanto m\u00e1s altura significaba m\u00e1s poder. En el cercano <strong>Tongariki, un Ahu\u00a0 de 15 moais<\/strong>\u00a0 me entero que <strong>ninguna de estas plataformas est\u00e1 en su estado original<\/strong>, todas las estatuas fueron derribadas de sus Ahus durante el siglo XVII\u00a0 en la llamada <strong>guerra entre los orejas largas y los orejas cortas<\/strong> y reci\u00e9n se empezaron a restaurar en 1955.<\/p>\n<figure id=\"attachment_10741\" aria-describedby=\"caption-attachment-10741\" style=\"width: 300px\" class=\"wp-caption alignleft\"><a href=\"http:\/\/seecolombia.travel\/blog\/2013\/09\/cronicas-de-chile-los-moais-y-el-misterio-de-sus-ojos\/moais-y-pukao\/\" rel=\"attachment wp-att-10741\"><img loading=\"lazy\" class=\"size-full wp-image-10741\" src=\"http:\/\/seecolombia.travel\/blog\/wp-content\/uploads\/2013\/10\/Moais-y-Pukao.jpg\" alt=\"Moai con Pukao\" width=\"300\" height=\"357\" srcset=\"https:\/\/seecolombia.travel\/blog\/wp-content\/uploads\/2013\/10\/Moais-y-Pukao.jpg 300w, https:\/\/seecolombia.travel\/blog\/wp-content\/uploads\/2013\/10\/Moais-y-Pukao-252x300.jpg 252w\" sizes=\"(max-width: 300px) 100vw, 300px\" \/><\/a><figcaption id=\"caption-attachment-10741\" class=\"wp-caption-text\">El moai de la izquierda lleva un &#8220;pukao&#8221; de 10 tonrladas.<\/figcaption><\/figure>\n<p>Me imagino <strong>lo <i>encarniz<\/i>ado de esas batallas<\/strong> en un territorio tan peque\u00f1o, sobre todo considerando el enorme esfuerzo que hab\u00eda que hacer para que un <strong>Ahu<\/strong> quedase \u201c listo\u201d ya que adicional al esfuerzo de moverlo, el moai deb\u00eda tener puesto adem\u00e1s una especie de <strong>sombrero rojo llamado pukao<\/strong> , hecho de rocas de aproximadamente 10 toneladas y m\u00e1s importante a\u00fan: deb\u00edan colocarse en sus cavidades oculares<strong> placas de corales a modo de ojos<\/strong>, ya que\u00a0 sin este \u00faltimo detalle los Moais <strong>no\u00a0 pod\u00edan ser considerados divinos<\/strong>. Que una tribu enemiga destruyese un lugar tan sagrado para la familia no deb\u00eda causar ninguna gracia y si mucha sed de venganza.<\/p>\n<p>Esta fren\u00e9tica competencia por el poder\u00a0 trajo como consecuencia la primera tragedia ecol\u00f3gica del planeta conocida que se le puede atribuir a seres humanos: debido a la <strong>extinci\u00f3n de los \u00e1rboles en la isla <\/strong>al ser sobre-utilizados para transportar a los Moais. Esto se tradujo en la escasez de material para construir canoas \u00a0de pesca, vital para la subsistencia de los locales, sumergiendo a la poblaci\u00f3n en una <b>oscura \u00e9poca de canibalismo<\/b> en la que los pobladores de la isla se refugiaron en cuevas subterr\u00e1neas. \u00a0Por lo tanto a pesar de su omnipresencia, <b>los moais constituyen <\/b><strong>solo una parte de la agitada historia<\/strong> de Rapa Nui.<\/p>\n<h3><strong>La Isla de los Hombre-P\u00e1jaro<\/strong><\/h3>\n<figure id=\"attachment_10743\" aria-describedby=\"caption-attachment-10743\" style=\"width: 800px\" class=\"wp-caption aligncenter\"><a href=\"http:\/\/seecolombia.travel\/blog\/2013\/09\/cronicas-de-chile-los-moais-y-el-misterio-de-sus-ojos\/sony-dsc-46\/\" rel=\"attachment wp-att-10743\"><img loading=\"lazy\" class=\"size-full wp-image-10743\" src=\"http:\/\/seecolombia.travel\/blog\/wp-content\/uploads\/2013\/10\/Moto-Nui-Isla-de-Pascua.jpg\" alt=\"El Islote de los hombres pajaro - Moto Nui - \" width=\"800\" height=\"531\" srcset=\"https:\/\/seecolombia.travel\/blog\/wp-content\/uploads\/2013\/10\/Moto-Nui-Isla-de-Pascua.jpg 800w, https:\/\/seecolombia.travel\/blog\/wp-content\/uploads\/2013\/10\/Moto-Nui-Isla-de-Pascua-300x199.jpg 300w\" sizes=\"(max-width: 800px) 100vw, 800px\" \/><\/a><figcaption id=\"caption-attachment-10743\" class=\"wp-caption-text\">Impresionante vista del islote de Moto Nui desde Orongo<\/figcaption><\/figure>\n<p>&nbsp;<\/p>\n<p>Para conocer sobre lo que pas\u00f3 despu\u00e9s de la \u00e9poca en la que los moais dominaban el territorio, he venido ahora hasta la <strong>villa ceremonial de Orongo\u00a0<\/strong> al sureste de la isla. Estoy parado al borde de un acantilado de\u00a0 unos 300 metros\u00a0 en medio de petroglifos desde donde se ve claramente <b>el<\/b><strong> islote de Moto Nui <\/strong>ubicado <b>2 kilometros mar adentro<\/b> y donde los valientes aspirantes a hombre-pajaro deb\u00edan nadar para obtener el primer huevo de la estaci\u00f3n puesto por el <strong>Manu Tara<\/strong>, el ave sagrada, y obtener as\u00ed el t\u00edtulo de <strong>Tangata Manu<\/strong>, jefe de la isla durante un a\u00f1o.<\/p>\n<p>No es tan f\u00e1cil como suena. Dado lo peligroso del recorrido los jefes <strong>eleg\u00edan al m\u00e1s fuerte de sus representantes<\/strong> para descender el acantilado, nadar hasta el islote en medio de <b>un oc\u00e9ano infestado de tiburones<\/b> y esperar a veces <strong>semanas para encontrar el huevo<\/strong> mientras se combat\u00eda a muerte contra los contrincantes que estaban ah\u00ed con el mismo objetivo para finalmente transportarlo <strong>intacto de vuelta a Orongo<\/strong>\u00a0 en un pa\u00f1uelo sobre su cabeza.<\/p>\n<p>Aunque el culto a los hombre-pajaro <strong>fue prohibido por los misioneros cristianos a fines del siglo XIX<\/strong> es probablemente la etapa de los Rapa Nui mejor documentada y de la que m\u00e1s se sabe. Se cree que este nuevo sistema de liderazgo fue resultado del <strong>resurgimiento de diferentes tribus<\/strong> organizadas al culminar la nefasta etapa del canibalismo y que significaba el nacimiento de una nueva sociedad con nuevas tradiciones. Lamentablemente este proceso se interrumpe con la llegada de los colonizadores europeos.<\/p>\n<h3><strong>Entre la Iglesia y los Ahus<\/strong><\/h3>\n<figure id=\"attachment_10747\" aria-describedby=\"caption-attachment-10747\" style=\"width: 800px\" class=\"wp-caption aligncenter\"><a href=\"http:\/\/seecolombia.travel\/blog\/2013\/09\/cronicas-de-chile-los-moais-y-el-misterio-de-sus-ojos\/sony-dsc-47\/\" rel=\"attachment wp-att-10747\"><img loading=\"lazy\" class=\"size-full wp-image-10747\" src=\"http:\/\/seecolombia.travel\/blog\/wp-content\/uploads\/2013\/10\/Iglesia-de-Hanga-Roa-Isla-de-Pascua.jpg\" alt=\"Iglesia de Hanga Roa en Isla de Pascua\" width=\"800\" height=\"531\" srcset=\"https:\/\/seecolombia.travel\/blog\/wp-content\/uploads\/2013\/10\/Iglesia-de-Hanga-Roa-Isla-de-Pascua.jpg 800w, https:\/\/seecolombia.travel\/blog\/wp-content\/uploads\/2013\/10\/Iglesia-de-Hanga-Roa-Isla-de-Pascua-300x199.jpg 300w\" sizes=\"(max-width: 800px) 100vw, 800px\" \/><\/a><figcaption id=\"caption-attachment-10747\" class=\"wp-caption-text\">Imagen de San Francisco de Asis al estilo Rapa Nui en la iglsia de Hanga Roa.<\/figcaption><\/figure>\n<p>&nbsp;<\/p>\n<p>Al d\u00eda siguiente el clima no me acompa\u00f1a y la lluvia nos lleva a incursionar \u00a0en la capital Hanga Roa donde visito la iglesia principal que muestra de forma contundente <b>el<\/b> <strong>sincretismo religioso<\/strong> representado por <strong>tallados en madera t\u00edpicamente pascuenses que muestran iconos cat\u00f3licos<\/strong> como la virgen y el ni\u00f1o en un estilo inconfundible y \u00fanico.<\/p>\n<figure id=\"attachment_10750\" aria-describedby=\"caption-attachment-10750\" style=\"width: 400px\" class=\"wp-caption alignleft\"><a href=\"http:\/\/seecolombia.travel\/blog\/2013\/09\/cronicas-de-chile-los-moais-y-el-misterio-de-sus-ojos\/moais-en-ahu-akivi-isla-de-pascua\/\" rel=\"attachment wp-att-10750\"><img loading=\"lazy\" class=\"size-full wp-image-10750\" src=\"http:\/\/seecolombia.travel\/blog\/wp-content\/uploads\/2013\/10\/Moais-en-Ahu-Akivi-Isla-de-Pascua.jpg\" alt=\"Moais del Ahu Akivi - Isla de Pascua\" width=\"400\" height=\"225\" srcset=\"https:\/\/seecolombia.travel\/blog\/wp-content\/uploads\/2013\/10\/Moais-en-Ahu-Akivi-Isla-de-Pascua.jpg 400w, https:\/\/seecolombia.travel\/blog\/wp-content\/uploads\/2013\/10\/Moais-en-Ahu-Akivi-Isla-de-Pascua-300x168.jpg 300w\" sizes=\"(max-width: 400px) 100vw, 400px\" \/><\/a><figcaption id=\"caption-attachment-10750\" class=\"wp-caption-text\">Los 7 exploradores del Ahu Akivi<\/figcaption><\/figure>\n<p>Una vez amainada la peque\u00f1a tempestad \u00a0vamos una vez m\u00e1s<strong> en busca de los Ahus<\/strong> y nos encontramos con uno de tama\u00f1o impresionante, el <strong>Akivi<\/strong>, que representa <b>la leyenda de los <\/b><strong>7 exploradores<\/strong> que supuestamente se adelantaron al resto de su pueblo buscando un lugar para vivir. Se dice que es <b>el \u00fanico en el que <\/b><strong>sus moais miran al mar y no tierra adentro<\/strong>, pero Mat\u00edas nos explica que es el hecho de que este Ahu est\u00e9 <b>\u00a0en un <\/b><strong>territorio elevado del centro del territorio<\/strong> lo que causa esa impresi\u00f3n. En una isla, despu\u00e9s de todo, es imposible no mirar siempre hacia el mar.<\/p>\n<p>En la costa norte me dirijo a <strong>Anakena , una playa ampl\u00edsima de arena blanca <\/strong>a la que se dice <b>lleg\u00f3 el <\/b><strong>primer Arikiri o rey<\/strong>, el legendario <strong>Hotu Matua<\/strong>, resguardada muy de cerca por los <b>moais apostados en el Ahu Nau Nau<\/b>, y sobre los que se puede apreciar muy de cerca, en sus \u201cespaldas\u201d, una serie de petroglifos que representan peces t\u00edpicos y al <strong>tangata moto<\/strong>, el hombre lagarto.\u00a0 Lamentablemente la lluvia ha vuelto y tengo que dejar mi inmersi\u00f3n en el mar de Rapa Nui para la pr\u00f3xima visita.<\/p>\n<figure id=\"attachment_10752\" aria-describedby=\"caption-attachment-10752\" style=\"width: 800px\" class=\"wp-caption aligncenter\"><a href=\"http:\/\/seecolombia.travel\/blog\/2013\/09\/cronicas-de-chile-los-moais-y-el-misterio-de-sus-ojos\/playa-anakena-isla-de-pascua\/\" rel=\"attachment wp-att-10752\"><img loading=\"lazy\" class=\"size-full wp-image-10752\" src=\"http:\/\/seecolombia.travel\/blog\/wp-content\/uploads\/2013\/10\/Playa-Anakena-Isla-de-Pascua.jpg\" alt=\"Playa Anakena Isla de Pascua\" width=\"800\" height=\"186\" srcset=\"https:\/\/seecolombia.travel\/blog\/wp-content\/uploads\/2013\/10\/Playa-Anakena-Isla-de-Pascua.jpg 800w, https:\/\/seecolombia.travel\/blog\/wp-content\/uploads\/2013\/10\/Playa-Anakena-Isla-de-Pascua-300x69.jpg 300w\" sizes=\"(max-width: 800px) 100vw, 800px\" \/><\/a><figcaption id=\"caption-attachment-10752\" class=\"wp-caption-text\">Vista Panoramica de Anakena<\/figcaption><\/figure>\n<p><b>\u00a0<\/b><\/p>\n<h3><strong>El \u00fanico testigo\u00a0esta\u00a0en\u00a0el\u00a0Ahu Ko Te Riku<\/strong><\/h3>\n<p>Mi \u00faltima tarde en Isla de Pascua la paso en el <strong>complejo arqueol\u00f3gico de Tahai\u00a0<\/strong> caminando en los alrededores del <strong>Ahu Ko Te Riku<\/strong> , hogar del\u00a0 \u00fanico Moai al que <b>le han sido restaurado el pukao rojo y<\/b>\u00a0 <b>l<\/b><strong>os ojos de coral<\/strong> que le han devuelto despu\u00e9s de siglos el status de divino.<\/p>\n<figure id=\"attachment_10755\" aria-describedby=\"caption-attachment-10755\" style=\"width: 800px\" class=\"wp-caption aligncenter\"><a href=\"http:\/\/seecolombia.travel\/blog\/2013\/09\/cronicas-de-chile-los-moais-y-el-misterio-de-sus-ojos\/moai-con-ojos-ahu-ko-te-riku\/\" rel=\"attachment wp-att-10755\"><img loading=\"lazy\" class=\"size-full wp-image-10755\" src=\"http:\/\/seecolombia.travel\/blog\/wp-content\/uploads\/2013\/10\/Moai-con-ojos-Ahu-Ko-Te-Riku.jpg\" alt=\"Unico moai con ojos en Isla de Pascua\" width=\"800\" height=\"476\" srcset=\"https:\/\/seecolombia.travel\/blog\/wp-content\/uploads\/2013\/10\/Moai-con-ojos-Ahu-Ko-Te-Riku.jpg 800w, https:\/\/seecolombia.travel\/blog\/wp-content\/uploads\/2013\/10\/Moai-con-ojos-Ahu-Ko-Te-Riku-300x178.jpg 300w\" sizes=\"(max-width: 800px) 100vw, 800px\" \/><\/a><figcaption id=\"caption-attachment-10755\" class=\"wp-caption-text\">La mirada restaurada del moai del Ahu Ko Te Riku<\/figcaption><\/figure>\n<p>&nbsp;<\/p>\n<p>Teniendo como escenario esta tranquila\u00a0 puesta de sol no puedo dejar de \u00a0pensar en la <strong>resiliencia de la cultura Rapa Nui<\/strong> que habiendo pasado por <strong>periodos nefastos<\/strong> de epidemias, esclavitud, guerras interna, desastres ecol\u00f3gicos, exterminios \u00a0y desconexi\u00f3n con su historia ancestral <strong>a\u00fan vive orgullosa y fuerte \u00a0en esta isla<\/strong>, la m\u00e1s aislada del mundo. \u00bfSe revelaran completamente sus enigmas alguna vez? Quiz\u00e1s, pero mientras tanto \u00a0<strong>este moai de ojos rojos<\/strong>\u00a0es el \u00fanico testigo de los secretos que guarda <strong>Te pito Te henua<\/strong>, el ombligo del mundo.<\/p>\n<p>JL<\/p>\n","protected":false},"excerpt":{"rendered":"<p>La cantera sobre el volc\u00e1n Hay momentos que marcan un antes y un despu\u00e9s en la vida de un viajero, fotograf\u00edas mentales que ninguna c\u00e1mara puede representar fielmente. Puede ser el instante en que inesperadamente se le revela un paisaje sobrecogedor, \u00a0darse cuenta de que se est\u00e1 ah\u00ed \u201cde verdad\u201d al ir descubriendo por primera [&hellip;]<\/p>\n","protected":false},"author":3,"featured_media":10728,"comment_status":"open","ping_status":"open","sticky":false,"template":"","format":"standard","meta":{"ngg_post_thumbnail":0},"categories":[1851,1860,1852,865,1924],"tags":[2955,1605,2952,2951],"yoast_head":"<!-- This site is optimized with the Yoast SEO Premium plugin v18.4 (Yoast SEO v18.9) - https:\/\/yoast.com\/wordpress\/plugins\/seo\/ -->\n<title>Cr\u00f3nicas de Chile: Los Moais y el secreto de sus ojos - Colombia Travel Blog by See Colombia Travel<\/title>\n<meta name=\"robots\" content=\"index, follow, max-snippet:-1, max-image-preview:large, max-video-preview:-1\" \/>\n<link rel=\"canonical\" href=\"https:\/\/seecolombia.travel\/blog\/2013\/09\/cronicas-de-chile-los-moais-y-el-misterio-de-sus-ojos\/\" \/>\n<meta property=\"og:locale\" content=\"en_US\" \/>\n<meta property=\"og:type\" content=\"article\" \/>\n<meta property=\"og:title\" content=\"Cr\u00f3nicas de Chile: Los Moais y el secreto de sus ojos\" \/>\n<meta property=\"og:description\" content=\"La cantera sobre el volc\u00e1n Hay momentos que marcan un antes y un despu\u00e9s en la vida de un viajero, fotograf\u00edas mentales que ninguna c\u00e1mara puede representar fielmente. Puede ser el instante en que inesperadamente se le revela un paisaje sobrecogedor, \u00a0darse cuenta de que se est\u00e1 ah\u00ed \u201cde verdad\u201d al ir descubriendo por primera [&hellip;]\" \/>\n<meta property=\"og:url\" content=\"https:\/\/seecolombia.travel\/blog\/2013\/09\/cronicas-de-chile-los-moais-y-el-misterio-de-sus-ojos\/\" \/>\n<meta property=\"og:site_name\" content=\"Colombia Travel Blog by See Colombia Travel\" \/>\n<meta property=\"article:published_time\" content=\"2013-09-15T00:21:58+00:00\" \/>\n<meta property=\"article:modified_time\" content=\"2016-05-12T19:35:39+00:00\" \/>\n<meta property=\"og:image\" content=\"https:\/\/seecolombia.travel\/blog\/wp-content\/uploads\/2013\/10\/Moais-Isla-de-Pascua-Chile.jpg\" \/>\n\t<meta property=\"og:image:width\" content=\"800\" \/>\n\t<meta property=\"og:image:height\" content=\"319\" \/>\n\t<meta property=\"og:image:type\" content=\"image\/jpeg\" \/>\n<meta name=\"twitter:card\" content=\"summary\" \/>\n<meta name=\"twitter:label1\" content=\"Written by\" \/>\n\t<meta name=\"twitter:data1\" content=\"JL\" \/>\n\t<meta name=\"twitter:label2\" content=\"Est. reading time\" \/>\n\t<meta name=\"twitter:data2\" content=\"8 minutes\" \/>\n<script type=\"application\/ld+json\" class=\"yoast-schema-graph\">{\"@context\":\"https:\/\/schema.org\",\"@graph\":[{\"@type\":\"WebSite\",\"@id\":\"https:\/\/seecolombia.travel\/blog\/#website\",\"url\":\"https:\/\/seecolombia.travel\/blog\/\",\"name\":\"Colombia Travel Blog by See Colombia Travel\",\"description\":\"Colombia Travel Blog: An international perspective on travelling in Colombia by world travellers.\",\"potentialAction\":[{\"@type\":\"SearchAction\",\"target\":{\"@type\":\"EntryPoint\",\"urlTemplate\":\"https:\/\/seecolombia.travel\/blog\/?s={search_term_string}\"},\"query-input\":\"required name=search_term_string\"}],\"inLanguage\":\"en-US\"},{\"@type\":\"ImageObject\",\"inLanguage\":\"en-US\",\"@id\":\"https:\/\/seecolombia.travel\/blog\/2013\/09\/cronicas-de-chile-los-moais-y-el-misterio-de-sus-ojos\/#primaryimage\",\"url\":\"https:\/\/seecolombia.travel\/blog\/wp-content\/uploads\/2013\/10\/Moais-Isla-de-Pascua-Chile.jpg\",\"contentUrl\":\"https:\/\/seecolombia.travel\/blog\/wp-content\/uploads\/2013\/10\/Moais-Isla-de-Pascua-Chile.jpg\",\"width\":800,\"height\":319,\"caption\":\"Moais Isla de Pascua\"},{\"@type\":\"WebPage\",\"@id\":\"https:\/\/seecolombia.travel\/blog\/2013\/09\/cronicas-de-chile-los-moais-y-el-misterio-de-sus-ojos\/#webpage\",\"url\":\"https:\/\/seecolombia.travel\/blog\/2013\/09\/cronicas-de-chile-los-moais-y-el-misterio-de-sus-ojos\/\",\"name\":\"Cr\u00f3nicas de Chile: Los Moais y el secreto de sus ojos - Colombia Travel Blog by See Colombia Travel\",\"isPartOf\":{\"@id\":\"https:\/\/seecolombia.travel\/blog\/#website\"},\"primaryImageOfPage\":{\"@id\":\"https:\/\/seecolombia.travel\/blog\/2013\/09\/cronicas-de-chile-los-moais-y-el-misterio-de-sus-ojos\/#primaryimage\"},\"datePublished\":\"2013-09-15T00:21:58+00:00\",\"dateModified\":\"2016-05-12T19:35:39+00:00\",\"author\":{\"@id\":\"https:\/\/seecolombia.travel\/blog\/#\/schema\/person\/d83df03ea54d1f0911d7098ebe26db49\"},\"breadcrumb\":{\"@id\":\"https:\/\/seecolombia.travel\/blog\/2013\/09\/cronicas-de-chile-los-moais-y-el-misterio-de-sus-ojos\/#breadcrumb\"},\"inLanguage\":\"en-US\",\"potentialAction\":[{\"@type\":\"ReadAction\",\"target\":[\"https:\/\/seecolombia.travel\/blog\/2013\/09\/cronicas-de-chile-los-moais-y-el-misterio-de-sus-ojos\/\"]}]},{\"@type\":\"BreadcrumbList\",\"@id\":\"https:\/\/seecolombia.travel\/blog\/2013\/09\/cronicas-de-chile-los-moais-y-el-misterio-de-sus-ojos\/#breadcrumb\",\"itemListElement\":[{\"@type\":\"ListItem\",\"position\":1,\"name\":\"Home\",\"item\":\"https:\/\/seecolombia.travel\/blog\/\"},{\"@type\":\"ListItem\",\"position\":2,\"name\":\"Cr\u00f3nicas de Chile: Los Moais y el secreto de sus ojos\"}]},{\"@type\":\"Person\",\"@id\":\"https:\/\/seecolombia.travel\/blog\/#\/schema\/person\/d83df03ea54d1f0911d7098ebe26db49\",\"name\":\"JL\",\"image\":{\"@type\":\"ImageObject\",\"inLanguage\":\"en-US\",\"@id\":\"https:\/\/seecolombia.travel\/blog\/#\/schema\/person\/image\/\",\"url\":\"https:\/\/secure.gravatar.com\/avatar\/68a3ba6dc377250ef6eb8cd56865210e?s=96&d=retro&r=g\",\"contentUrl\":\"https:\/\/secure.gravatar.com\/avatar\/68a3ba6dc377250ef6eb8cd56865210e?s=96&d=retro&r=g\",\"caption\":\"JL\"},\"description\":\"Ciudadano del mundo, nuestro Gerente de Marketing y comunicaciones se define como viajero, pap\u00e1, esposo y empresario. Es co-creador de Colombia Travel Blog junto a su esposa Marcela y creador de Fogg, la agencia de contenidos que produce el popular programa 3 Travel Bloggers. ----------- Our Marketing and Communications Manager, a self proclaimed citizen of the world, was born in Peru and raised in a number of different countries \u2013 including Angola, Thailand and Iceland \u2013 which instilled a deep love of travel and cultural diversity within him. With an extensive education in Marketing and Communications and after leaving a successful corporate career in the Telecom Industry, JL is now advocated to professionalize travel blogging in Latin America.\",\"sameAs\":[\"http:\/\/www.seecolombia.travel\"],\"url\":\"https:\/\/seecolombia.travel\/blog\/author\/jl\/\"}]}<\/script>\n<!-- \/ Yoast SEO Premium plugin. -->","yoast_head_json":{"title":"Cr\u00f3nicas de Chile: Los Moais y el secreto de sus ojos - Colombia Travel Blog by See Colombia Travel","robots":{"index":"index","follow":"follow","max-snippet":"max-snippet:-1","max-image-preview":"max-image-preview:large","max-video-preview":"max-video-preview:-1"},"canonical":"https:\/\/seecolombia.travel\/blog\/2013\/09\/cronicas-de-chile-los-moais-y-el-misterio-de-sus-ojos\/","og_locale":"en_US","og_type":"article","og_title":"Cr\u00f3nicas de Chile: Los Moais y el secreto de sus ojos","og_description":"La cantera sobre el volc\u00e1n Hay momentos que marcan un antes y un despu\u00e9s en la vida de un viajero, fotograf\u00edas mentales que ninguna c\u00e1mara puede representar fielmente. Puede ser el instante en que inesperadamente se le revela un paisaje sobrecogedor, \u00a0darse cuenta de que se est\u00e1 ah\u00ed \u201cde verdad\u201d al ir descubriendo por primera [&hellip;]","og_url":"https:\/\/seecolombia.travel\/blog\/2013\/09\/cronicas-de-chile-los-moais-y-el-misterio-de-sus-ojos\/","og_site_name":"Colombia Travel Blog by See Colombia Travel","article_published_time":"2013-09-15T00:21:58+00:00","article_modified_time":"2016-05-12T19:35:39+00:00","og_image":[{"width":800,"height":319,"url":"https:\/\/seecolombia.travel\/blog\/wp-content\/uploads\/2013\/10\/Moais-Isla-de-Pascua-Chile.jpg","type":"image\/jpeg"}],"twitter_card":"summary","twitter_misc":{"Written by":"JL","Est. reading time":"8 minutes"},"schema":{"@context":"https:\/\/schema.org","@graph":[{"@type":"WebSite","@id":"https:\/\/seecolombia.travel\/blog\/#website","url":"https:\/\/seecolombia.travel\/blog\/","name":"Colombia Travel Blog by See Colombia Travel","description":"Colombia Travel Blog: An international perspective on travelling in Colombia by world travellers.","potentialAction":[{"@type":"SearchAction","target":{"@type":"EntryPoint","urlTemplate":"https:\/\/seecolombia.travel\/blog\/?s={search_term_string}"},"query-input":"required name=search_term_string"}],"inLanguage":"en-US"},{"@type":"ImageObject","inLanguage":"en-US","@id":"https:\/\/seecolombia.travel\/blog\/2013\/09\/cronicas-de-chile-los-moais-y-el-misterio-de-sus-ojos\/#primaryimage","url":"https:\/\/seecolombia.travel\/blog\/wp-content\/uploads\/2013\/10\/Moais-Isla-de-Pascua-Chile.jpg","contentUrl":"https:\/\/seecolombia.travel\/blog\/wp-content\/uploads\/2013\/10\/Moais-Isla-de-Pascua-Chile.jpg","width":800,"height":319,"caption":"Moais Isla de Pascua"},{"@type":"WebPage","@id":"https:\/\/seecolombia.travel\/blog\/2013\/09\/cronicas-de-chile-los-moais-y-el-misterio-de-sus-ojos\/#webpage","url":"https:\/\/seecolombia.travel\/blog\/2013\/09\/cronicas-de-chile-los-moais-y-el-misterio-de-sus-ojos\/","name":"Cr\u00f3nicas de Chile: Los Moais y el secreto de sus ojos - Colombia Travel Blog by See Colombia Travel","isPartOf":{"@id":"https:\/\/seecolombia.travel\/blog\/#website"},"primaryImageOfPage":{"@id":"https:\/\/seecolombia.travel\/blog\/2013\/09\/cronicas-de-chile-los-moais-y-el-misterio-de-sus-ojos\/#primaryimage"},"datePublished":"2013-09-15T00:21:58+00:00","dateModified":"2016-05-12T19:35:39+00:00","author":{"@id":"https:\/\/seecolombia.travel\/blog\/#\/schema\/person\/d83df03ea54d1f0911d7098ebe26db49"},"breadcrumb":{"@id":"https:\/\/seecolombia.travel\/blog\/2013\/09\/cronicas-de-chile-los-moais-y-el-misterio-de-sus-ojos\/#breadcrumb"},"inLanguage":"en-US","potentialAction":[{"@type":"ReadAction","target":["https:\/\/seecolombia.travel\/blog\/2013\/09\/cronicas-de-chile-los-moais-y-el-misterio-de-sus-ojos\/"]}]},{"@type":"BreadcrumbList","@id":"https:\/\/seecolombia.travel\/blog\/2013\/09\/cronicas-de-chile-los-moais-y-el-misterio-de-sus-ojos\/#breadcrumb","itemListElement":[{"@type":"ListItem","position":1,"name":"Home","item":"https:\/\/seecolombia.travel\/blog\/"},{"@type":"ListItem","position":2,"name":"Cr\u00f3nicas de Chile: Los Moais y el secreto de sus ojos"}]},{"@type":"Person","@id":"https:\/\/seecolombia.travel\/blog\/#\/schema\/person\/d83df03ea54d1f0911d7098ebe26db49","name":"JL","image":{"@type":"ImageObject","inLanguage":"en-US","@id":"https:\/\/seecolombia.travel\/blog\/#\/schema\/person\/image\/","url":"https:\/\/secure.gravatar.com\/avatar\/68a3ba6dc377250ef6eb8cd56865210e?s=96&d=retro&r=g","contentUrl":"https:\/\/secure.gravatar.com\/avatar\/68a3ba6dc377250ef6eb8cd56865210e?s=96&d=retro&r=g","caption":"JL"},"description":"Ciudadano del mundo, nuestro Gerente de Marketing y comunicaciones se define como viajero, pap\u00e1, esposo y empresario. Es co-creador de Colombia Travel Blog junto a su esposa Marcela y creador de Fogg, la agencia de contenidos que produce el popular programa 3 Travel Bloggers. ----------- Our Marketing and Communications Manager, a self proclaimed citizen of the world, was born in Peru and raised in a number of different countries \u2013 including Angola, Thailand and Iceland \u2013 which instilled a deep love of travel and cultural diversity within him. With an extensive education in Marketing and Communications and after leaving a successful corporate career in the Telecom Industry, JL is now advocated to professionalize travel blogging in Latin America.","sameAs":["http:\/\/www.seecolombia.travel"],"url":"https:\/\/seecolombia.travel\/blog\/author\/jl\/"}]}},"amp_enabled":true,"_links":{"self":[{"href":"https:\/\/seecolombia.travel\/blog\/wp-json\/wp\/v2\/posts\/10726"}],"collection":[{"href":"https:\/\/seecolombia.travel\/blog\/wp-json\/wp\/v2\/posts"}],"about":[{"href":"https:\/\/seecolombia.travel\/blog\/wp-json\/wp\/v2\/types\/post"}],"author":[{"embeddable":true,"href":"https:\/\/seecolombia.travel\/blog\/wp-json\/wp\/v2\/users\/3"}],"replies":[{"embeddable":true,"href":"https:\/\/seecolombia.travel\/blog\/wp-json\/wp\/v2\/comments?post=10726"}],"version-history":[{"count":38,"href":"https:\/\/seecolombia.travel\/blog\/wp-json\/wp\/v2\/posts\/10726\/revisions"}],"predecessor-version":[{"id":22662,"href":"https:\/\/seecolombia.travel\/blog\/wp-json\/wp\/v2\/posts\/10726\/revisions\/22662"}],"wp:featuredmedia":[{"embeddable":true,"href":"https:\/\/seecolombia.travel\/blog\/wp-json\/wp\/v2\/media\/10728"}],"wp:attachment":[{"href":"https:\/\/seecolombia.travel\/blog\/wp-json\/wp\/v2\/media?parent=10726"}],"wp:term":[{"taxonomy":"category","embeddable":true,"href":"https:\/\/seecolombia.travel\/blog\/wp-json\/wp\/v2\/categories?post=10726"},{"taxonomy":"post_tag","embeddable":true,"href":"https:\/\/seecolombia.travel\/blog\/wp-json\/wp\/v2\/tags?post=10726"}],"curies":[{"name":"wp","href":"https:\/\/api.w.org\/{rel}","templated":true}]}}