{"id":10683,"date":"2013-09-01T18:23:25","date_gmt":"2013-09-01T23:23:25","guid":{"rendered":"http:\/\/seecolombia.travel\/blog\/?p=10683"},"modified":"2016-05-12T14:46:03","modified_gmt":"2016-05-12T19:46:03","slug":"cronicas-de-chile-centro-cultural-gabriela-mistral-gam-un-simbolo-de-transformacion","status":"publish","type":"post","link":"https:\/\/seecolombia.travel\/blog\/2013\/09\/cronicas-de-chile-centro-cultural-gabriela-mistral-gam-un-simbolo-de-transformacion\/","title":{"rendered":"Cr\u00f3nicas de Chile: Centro Cultural Gabriela Mistral (GAM)  un s\u00edmbolo de transformaci\u00f3n"},"content":{"rendered":"<p>En el l\u00edmite del barrio Lastarria, sobre la avenida Alameda (oficialmente llamada Libertador Bernardo O\u2019Higgins) y en pleno coraz\u00f3n de Santiago,\u00a0<b>hab\u00eda un <\/b><strong>edificio bastante feo<\/strong>, una mole gris y triste. Esa construcci\u00f3n era <b>el edificio <\/b><strong>Diego Portales<\/strong>,\u00a0 cuando yo lo conoc\u00ed por primera vez era un centro de convenciones cuya \u00a0arquitectura gigantesca contrastaba con los alrededores llenos de \u00e1rboles y calles empedradas.<\/p>\n<p>Hoy me encuentro en ese mismo sitio y no puedo parar de decirle a mi gu\u00eda\u00a0 lo sorprendido que estoy por el cambio. Para empezar el acceso a lo que antes era un lobby cerrado y oscuro\u00a0 est\u00e1 ahora <strong>completamente abierto al p\u00fablico<\/strong>, en los parlantes se escucha m\u00fasica de <strong><i>Los Fabulosos Cadillacs<\/i><\/strong> y los carteles que nos rodean colgados del alt\u00edsimo techo anuncian <strong>al menos 5 actividades culturales paralelas<\/strong>, incluido un ciclo de danza con compa\u00f1\u00edas de Dinamarca, Noruega y Finlandia y la presentaci\u00f3n de una nueva obra de kabuki, el teatro japon\u00e9s, en versi\u00f3n contempor\u00e1nea.<\/p>\n<figure id=\"attachment_10688\" aria-describedby=\"caption-attachment-10688\" style=\"width: 700px\" class=\"wp-caption aligncenter\"><a href=\"http:\/\/seecolombia.travel\/blog\/2013\/09\/cronicas-de-chile-centro-cultural-gabriela-mistral-gam-un-simbolo-de-transformacion\/sony-dsc-42\/\" rel=\"attachment wp-att-10688\"><img loading=\"lazy\" class=\"size-full wp-image-10688\" src=\"http:\/\/seecolombia.travel\/blog\/wp-content\/uploads\/2013\/10\/GAM-Santiago-de-Chile.jpg\" alt=\"GAM - Centro Cultural Gabriela Mistral\" width=\"700\" height=\"465\" srcset=\"https:\/\/seecolombia.travel\/blog\/wp-content\/uploads\/2013\/10\/GAM-Santiago-de-Chile.jpg 700w, https:\/\/seecolombia.travel\/blog\/wp-content\/uploads\/2013\/10\/GAM-Santiago-de-Chile-300x199.jpg 300w\" sizes=\"(max-width: 700px) 100vw, 700px\" \/><\/a><figcaption id=\"caption-attachment-10688\" class=\"wp-caption-text\">Plaza central del Centro Cultural Gabriel Mistral ( GAM)<\/figcaption><\/figure>\n<p>&nbsp;<\/p>\n<p>Caf\u00e9s con men\u00fas escritos con tizas de colores, tiendas de vinos, gente pintando al aire libre, murales de colores vivos\u2026. el hoy re-nombrado (y renombrado) <strong>Centro Cultural Gabriela Mistral (GAM) <\/strong>no puede ser m\u00e1s distinto al antiguo Diego Portales.<\/p>\n<figure id=\"attachment_10690\" aria-describedby=\"caption-attachment-10690\" style=\"width: 316px\" class=\"wp-caption alignleft\"><a href=\"http:\/\/seecolombia.travel\/blog\/2013\/09\/cronicas-de-chile-centro-cultural-gabriela-mistral-gam-un-simbolo-de-transformacion\/sony-dsc-43\/\" rel=\"attachment wp-att-10690\"><img loading=\"lazy\" class=\"size-full wp-image-10690\" src=\"http:\/\/seecolombia.travel\/blog\/wp-content\/uploads\/2013\/10\/Biblioteca-GAM-Santiago-de-Chile.jpg\" alt=\"Biblioteca GAM Centro Cultural Gabriela Mistarl\" width=\"316\" height=\"476\" srcset=\"https:\/\/seecolombia.travel\/blog\/wp-content\/uploads\/2013\/10\/Biblioteca-GAM-Santiago-de-Chile.jpg 316w, https:\/\/seecolombia.travel\/blog\/wp-content\/uploads\/2013\/10\/Biblioteca-GAM-Santiago-de-Chile-199x300.jpg 199w\" sizes=\"(max-width: 316px) 100vw, 316px\" \/><\/a><figcaption id=\"caption-attachment-10690\" class=\"wp-caption-text\">Un corredor de la impresionante biblioteca del GAM<\/figcaption><\/figure>\n<p>Aunque no estaba en mi itinerario decido que no puedo irme sin conocer el GAM por dentro. Y no me equivoco. \u00a0El Centro tiene <strong>una sala de espect\u00e1culos para 2.500 personas<\/strong>, otra exclusiva para danza, un archivo de artes esc\u00e9nicas y una audioteca anexa a una biblioteca.<\/p>\n<p>Ac\u00e1 me tengo que detener un segundo.<\/p>\n<p>Los que me conocen saben que tengo dos debilidades cuando viajo a ciudades grandes: <strong>las librer\u00edas y las bibliotecas<\/strong>, y <b style=\"line-height: 1.6em;\">la del GAM entra en mis<\/b><strong> top 5 de Am\u00e9rica Latina<\/strong> sin duda alguna. A pesar de ser un mi\u00e9rcoles en la ma\u00f1ana las salas est\u00e1n repletas de gente de todas las edades que consultan libros, cat\u00e1logos, diarios y sus computadoras con la conexi\u00f3n gratuita a internet que brinda el centro.\u00a0 El \u00e1rea donde est\u00e1n dispuestos los libros, incluida una secci\u00f3n exclusiva para ni\u00f1os, merece una menci\u00f3n aparte\u00a0 y <strong>tanto por su tem\u00e1tica como por su dise\u00f1o<\/strong> uno pensar\u00eda que est\u00e1 en una librer\u00eda <strong><i style=\"line-height: 1.6em;\">Taschen<\/i><\/strong> de cualquier capital del primer mundo\u00a0 y no en una biblioteca p\u00fablica en el centro de Santiago de Chile.<\/p>\n<p>Pero la mayor revelaci\u00f3n viene cuando converso con Roberto Toro , mediador del Centro, que en una larga charla me cuenta como el GAM se llam\u00f3\u00a0 originalmente\u00a0 <strong>Centro Cultural Metropolitano Gabriela Mistral<\/strong> hasta que <b style=\"line-height: 1.6em;\">durante el <\/b><strong>golpe militar de 1973<\/strong> se convirti\u00f3 en un, para muchos, siniestro <b style=\"line-height: 1.6em;\">lugar de operaciones pol\u00edticas<\/b> y posteriormente en el cuartel general de la Junta Militar. Al regreso de la democracia en 1990 tom\u00f3 el nombre de Diego Portales hasta que <b style=\"line-height: 1.6em;\">un<\/b><strong> misterioso incendio en marzo del 2006<\/strong> destruy\u00f3 casi toda la estructura del edificio.<\/p>\n<figure id=\"attachment_10697\" aria-describedby=\"caption-attachment-10697\" style=\"width: 700px\" class=\"wp-caption aligncenter\"><a href=\"http:\/\/seecolombia.travel\/blog\/2013\/09\/cronicas-de-chile-centro-cultural-gabriela-mistral-gam-un-simbolo-de-transformacion\/centro-cultural-gam\/\" rel=\"attachment wp-att-10697\"><img loading=\"lazy\" class=\"size-full wp-image-10697\" src=\"http:\/\/seecolombia.travel\/blog\/wp-content\/uploads\/2013\/10\/Centro-Cultural-GAM.jpg\" alt=\"Centro Cultural GAM - Santiago de C\" width=\"700\" height=\"259\" srcset=\"https:\/\/seecolombia.travel\/blog\/wp-content\/uploads\/2013\/10\/Centro-Cultural-GAM.jpg 700w, https:\/\/seecolombia.travel\/blog\/wp-content\/uploads\/2013\/10\/Centro-Cultural-GAM-300x111.jpg 300w\" sizes=\"(max-width: 700px) 100vw, 700px\" \/><\/a><figcaption id=\"caption-attachment-10697\" class=\"wp-caption-text\">Conversando con Roberto Toro, mediador del GAM<\/figcaption><\/figure>\n<p>&nbsp;<\/p>\n<p>Ese accidente marc\u00f3 el <strong>renacimiento del espacio como un centro art\u00edstico y cultural <\/strong>de nivel mundial donde, por ejemplo, hay conciertos gratis todos los fines de semana y que constituye \u00a0un s\u00edmbolo de c\u00f3mo <strong>los chilenos son capaces de mirar hacia adelante<\/strong>\u00a0 a pesar de las diferencias del pasado.<\/p>\n<p>JL<\/p>\n<p>&nbsp;<\/p>\n","protected":false},"excerpt":{"rendered":"<p>En el l\u00edmite del barrio Lastarria, sobre la avenida Alameda (oficialmente llamada Libertador Bernardo O\u2019Higgins) y en pleno coraz\u00f3n de Santiago,\u00a0hab\u00eda un edificio bastante feo, una mole gris y triste. Esa construcci\u00f3n era el edificio Diego Portales,\u00a0 cuando yo lo conoc\u00ed por primera vez era un centro de convenciones cuya \u00a0arquitectura gigantesca contrastaba con los [&hellip;]<\/p>\n","protected":false},"author":3,"featured_media":10686,"comment_status":"open","ping_status":"open","sticky":false,"template":"","format":"standard","meta":{"ngg_post_thumbnail":0},"categories":[1851,1852,865,1861],"tags":[2955,1605,2952,2951],"yoast_head":"<!-- This site is optimized with the Yoast SEO Premium plugin v18.4 (Yoast SEO v18.9) - https:\/\/yoast.com\/wordpress\/plugins\/seo\/ -->\n<title>Cr\u00f3nicas de Chile: Centro Cultural Gabriela Mistral (GAM) un s\u00edmbolo de transformaci\u00f3n - Colombia Travel Blog by See Colombia Travel<\/title>\n<meta name=\"robots\" content=\"index, follow, max-snippet:-1, max-image-preview:large, max-video-preview:-1\" \/>\n<link rel=\"canonical\" href=\"https:\/\/seecolombia.travel\/blog\/2013\/09\/cronicas-de-chile-centro-cultural-gabriela-mistral-gam-un-simbolo-de-transformacion\/\" \/>\n<meta property=\"og:locale\" content=\"en_US\" \/>\n<meta property=\"og:type\" content=\"article\" \/>\n<meta property=\"og:title\" content=\"Cr\u00f3nicas de Chile: Centro Cultural Gabriela Mistral (GAM) un s\u00edmbolo de transformaci\u00f3n\" \/>\n<meta property=\"og:description\" content=\"En el l\u00edmite del barrio Lastarria, sobre la avenida Alameda (oficialmente llamada Libertador Bernardo O\u2019Higgins) y en pleno coraz\u00f3n de Santiago,\u00a0hab\u00eda un edificio bastante feo, una mole gris y triste. Esa construcci\u00f3n era el edificio Diego Portales,\u00a0 cuando yo lo conoc\u00ed por primera vez era un centro de convenciones cuya \u00a0arquitectura gigantesca contrastaba con los [&hellip;]\" \/>\n<meta property=\"og:url\" content=\"https:\/\/seecolombia.travel\/blog\/2013\/09\/cronicas-de-chile-centro-cultural-gabriela-mistral-gam-un-simbolo-de-transformacion\/\" \/>\n<meta property=\"og:site_name\" content=\"Colombia Travel Blog by See Colombia Travel\" \/>\n<meta property=\"article:published_time\" content=\"2013-09-01T23:23:25+00:00\" \/>\n<meta property=\"article:modified_time\" content=\"2016-05-12T19:46:03+00:00\" \/>\n<meta property=\"og:image\" content=\"https:\/\/seecolombia.travel\/blog\/wp-content\/uploads\/2013\/10\/Centro-Cultural-Gabriela-Mistral-GAM.jpg\" \/>\n\t<meta property=\"og:image:width\" content=\"800\" \/>\n\t<meta property=\"og:image:height\" content=\"399\" \/>\n\t<meta property=\"og:image:type\" content=\"image\/jpeg\" \/>\n<meta name=\"twitter:card\" content=\"summary\" \/>\n<meta name=\"twitter:label1\" content=\"Written by\" \/>\n\t<meta name=\"twitter:data1\" content=\"JL\" \/>\n\t<meta name=\"twitter:label2\" content=\"Est. reading time\" \/>\n\t<meta name=\"twitter:data2\" content=\"3 minutes\" \/>\n<script type=\"application\/ld+json\" class=\"yoast-schema-graph\">{\"@context\":\"https:\/\/schema.org\",\"@graph\":[{\"@type\":\"WebSite\",\"@id\":\"https:\/\/seecolombia.travel\/blog\/#website\",\"url\":\"https:\/\/seecolombia.travel\/blog\/\",\"name\":\"Colombia Travel Blog by See Colombia Travel\",\"description\":\"Colombia Travel Blog: An international perspective on travelling in Colombia by world travellers.\",\"potentialAction\":[{\"@type\":\"SearchAction\",\"target\":{\"@type\":\"EntryPoint\",\"urlTemplate\":\"https:\/\/seecolombia.travel\/blog\/?s={search_term_string}\"},\"query-input\":\"required name=search_term_string\"}],\"inLanguage\":\"en-US\"},{\"@type\":\"ImageObject\",\"inLanguage\":\"en-US\",\"@id\":\"https:\/\/seecolombia.travel\/blog\/2013\/09\/cronicas-de-chile-centro-cultural-gabriela-mistral-gam-un-simbolo-de-transformacion\/#primaryimage\",\"url\":\"https:\/\/seecolombia.travel\/blog\/wp-content\/uploads\/2013\/10\/Centro-Cultural-Gabriela-Mistral-GAM.jpg\",\"contentUrl\":\"https:\/\/seecolombia.travel\/blog\/wp-content\/uploads\/2013\/10\/Centro-Cultural-Gabriela-Mistral-GAM.jpg\",\"width\":800,\"height\":399,\"caption\":\"GAM - Santiago de Chile\"},{\"@type\":\"WebPage\",\"@id\":\"https:\/\/seecolombia.travel\/blog\/2013\/09\/cronicas-de-chile-centro-cultural-gabriela-mistral-gam-un-simbolo-de-transformacion\/#webpage\",\"url\":\"https:\/\/seecolombia.travel\/blog\/2013\/09\/cronicas-de-chile-centro-cultural-gabriela-mistral-gam-un-simbolo-de-transformacion\/\",\"name\":\"Cr\u00f3nicas de Chile: Centro Cultural Gabriela Mistral (GAM) un s\u00edmbolo de transformaci\u00f3n - Colombia Travel Blog by See Colombia Travel\",\"isPartOf\":{\"@id\":\"https:\/\/seecolombia.travel\/blog\/#website\"},\"primaryImageOfPage\":{\"@id\":\"https:\/\/seecolombia.travel\/blog\/2013\/09\/cronicas-de-chile-centro-cultural-gabriela-mistral-gam-un-simbolo-de-transformacion\/#primaryimage\"},\"datePublished\":\"2013-09-01T23:23:25+00:00\",\"dateModified\":\"2016-05-12T19:46:03+00:00\",\"author\":{\"@id\":\"https:\/\/seecolombia.travel\/blog\/#\/schema\/person\/d83df03ea54d1f0911d7098ebe26db49\"},\"breadcrumb\":{\"@id\":\"https:\/\/seecolombia.travel\/blog\/2013\/09\/cronicas-de-chile-centro-cultural-gabriela-mistral-gam-un-simbolo-de-transformacion\/#breadcrumb\"},\"inLanguage\":\"en-US\",\"potentialAction\":[{\"@type\":\"ReadAction\",\"target\":[\"https:\/\/seecolombia.travel\/blog\/2013\/09\/cronicas-de-chile-centro-cultural-gabriela-mistral-gam-un-simbolo-de-transformacion\/\"]}]},{\"@type\":\"BreadcrumbList\",\"@id\":\"https:\/\/seecolombia.travel\/blog\/2013\/09\/cronicas-de-chile-centro-cultural-gabriela-mistral-gam-un-simbolo-de-transformacion\/#breadcrumb\",\"itemListElement\":[{\"@type\":\"ListItem\",\"position\":1,\"name\":\"Home\",\"item\":\"https:\/\/seecolombia.travel\/blog\/\"},{\"@type\":\"ListItem\",\"position\":2,\"name\":\"Cr\u00f3nicas de Chile: Centro Cultural Gabriela Mistral (GAM) un s\u00edmbolo de transformaci\u00f3n\"}]},{\"@type\":\"Person\",\"@id\":\"https:\/\/seecolombia.travel\/blog\/#\/schema\/person\/d83df03ea54d1f0911d7098ebe26db49\",\"name\":\"JL\",\"image\":{\"@type\":\"ImageObject\",\"inLanguage\":\"en-US\",\"@id\":\"https:\/\/seecolombia.travel\/blog\/#\/schema\/person\/image\/\",\"url\":\"https:\/\/secure.gravatar.com\/avatar\/68a3ba6dc377250ef6eb8cd56865210e?s=96&d=retro&r=g\",\"contentUrl\":\"https:\/\/secure.gravatar.com\/avatar\/68a3ba6dc377250ef6eb8cd56865210e?s=96&d=retro&r=g\",\"caption\":\"JL\"},\"description\":\"Ciudadano del mundo, nuestro Gerente de Marketing y comunicaciones se define como viajero, pap\u00e1, esposo y empresario. Es co-creador de Colombia Travel Blog junto a su esposa Marcela y creador de Fogg, la agencia de contenidos que produce el popular programa 3 Travel Bloggers. ----------- Our Marketing and Communications Manager, a self proclaimed citizen of the world, was born in Peru and raised in a number of different countries \u2013 including Angola, Thailand and Iceland \u2013 which instilled a deep love of travel and cultural diversity within him. With an extensive education in Marketing and Communications and after leaving a successful corporate career in the Telecom Industry, JL is now advocated to professionalize travel blogging in Latin America.\",\"sameAs\":[\"http:\/\/www.seecolombia.travel\"],\"url\":\"https:\/\/seecolombia.travel\/blog\/author\/jl\/\"}]}<\/script>\n<!-- \/ Yoast SEO Premium plugin. -->","yoast_head_json":{"title":"Cr\u00f3nicas de Chile: Centro Cultural Gabriela Mistral (GAM) un s\u00edmbolo de transformaci\u00f3n - Colombia Travel Blog by See Colombia Travel","robots":{"index":"index","follow":"follow","max-snippet":"max-snippet:-1","max-image-preview":"max-image-preview:large","max-video-preview":"max-video-preview:-1"},"canonical":"https:\/\/seecolombia.travel\/blog\/2013\/09\/cronicas-de-chile-centro-cultural-gabriela-mistral-gam-un-simbolo-de-transformacion\/","og_locale":"en_US","og_type":"article","og_title":"Cr\u00f3nicas de Chile: Centro Cultural Gabriela Mistral (GAM) un s\u00edmbolo de transformaci\u00f3n","og_description":"En el l\u00edmite del barrio Lastarria, sobre la avenida Alameda (oficialmente llamada Libertador Bernardo O\u2019Higgins) y en pleno coraz\u00f3n de Santiago,\u00a0hab\u00eda un edificio bastante feo, una mole gris y triste. Esa construcci\u00f3n era el edificio Diego Portales,\u00a0 cuando yo lo conoc\u00ed por primera vez era un centro de convenciones cuya \u00a0arquitectura gigantesca contrastaba con los [&hellip;]","og_url":"https:\/\/seecolombia.travel\/blog\/2013\/09\/cronicas-de-chile-centro-cultural-gabriela-mistral-gam-un-simbolo-de-transformacion\/","og_site_name":"Colombia Travel Blog by See Colombia Travel","article_published_time":"2013-09-01T23:23:25+00:00","article_modified_time":"2016-05-12T19:46:03+00:00","og_image":[{"width":800,"height":399,"url":"https:\/\/seecolombia.travel\/blog\/wp-content\/uploads\/2013\/10\/Centro-Cultural-Gabriela-Mistral-GAM.jpg","type":"image\/jpeg"}],"twitter_card":"summary","twitter_misc":{"Written by":"JL","Est. reading time":"3 minutes"},"schema":{"@context":"https:\/\/schema.org","@graph":[{"@type":"WebSite","@id":"https:\/\/seecolombia.travel\/blog\/#website","url":"https:\/\/seecolombia.travel\/blog\/","name":"Colombia Travel Blog by See Colombia Travel","description":"Colombia Travel Blog: An international perspective on travelling in Colombia by world travellers.","potentialAction":[{"@type":"SearchAction","target":{"@type":"EntryPoint","urlTemplate":"https:\/\/seecolombia.travel\/blog\/?s={search_term_string}"},"query-input":"required name=search_term_string"}],"inLanguage":"en-US"},{"@type":"ImageObject","inLanguage":"en-US","@id":"https:\/\/seecolombia.travel\/blog\/2013\/09\/cronicas-de-chile-centro-cultural-gabriela-mistral-gam-un-simbolo-de-transformacion\/#primaryimage","url":"https:\/\/seecolombia.travel\/blog\/wp-content\/uploads\/2013\/10\/Centro-Cultural-Gabriela-Mistral-GAM.jpg","contentUrl":"https:\/\/seecolombia.travel\/blog\/wp-content\/uploads\/2013\/10\/Centro-Cultural-Gabriela-Mistral-GAM.jpg","width":800,"height":399,"caption":"GAM - Santiago de Chile"},{"@type":"WebPage","@id":"https:\/\/seecolombia.travel\/blog\/2013\/09\/cronicas-de-chile-centro-cultural-gabriela-mistral-gam-un-simbolo-de-transformacion\/#webpage","url":"https:\/\/seecolombia.travel\/blog\/2013\/09\/cronicas-de-chile-centro-cultural-gabriela-mistral-gam-un-simbolo-de-transformacion\/","name":"Cr\u00f3nicas de Chile: Centro Cultural Gabriela Mistral (GAM) un s\u00edmbolo de transformaci\u00f3n - Colombia Travel Blog by See Colombia Travel","isPartOf":{"@id":"https:\/\/seecolombia.travel\/blog\/#website"},"primaryImageOfPage":{"@id":"https:\/\/seecolombia.travel\/blog\/2013\/09\/cronicas-de-chile-centro-cultural-gabriela-mistral-gam-un-simbolo-de-transformacion\/#primaryimage"},"datePublished":"2013-09-01T23:23:25+00:00","dateModified":"2016-05-12T19:46:03+00:00","author":{"@id":"https:\/\/seecolombia.travel\/blog\/#\/schema\/person\/d83df03ea54d1f0911d7098ebe26db49"},"breadcrumb":{"@id":"https:\/\/seecolombia.travel\/blog\/2013\/09\/cronicas-de-chile-centro-cultural-gabriela-mistral-gam-un-simbolo-de-transformacion\/#breadcrumb"},"inLanguage":"en-US","potentialAction":[{"@type":"ReadAction","target":["https:\/\/seecolombia.travel\/blog\/2013\/09\/cronicas-de-chile-centro-cultural-gabriela-mistral-gam-un-simbolo-de-transformacion\/"]}]},{"@type":"BreadcrumbList","@id":"https:\/\/seecolombia.travel\/blog\/2013\/09\/cronicas-de-chile-centro-cultural-gabriela-mistral-gam-un-simbolo-de-transformacion\/#breadcrumb","itemListElement":[{"@type":"ListItem","position":1,"name":"Home","item":"https:\/\/seecolombia.travel\/blog\/"},{"@type":"ListItem","position":2,"name":"Cr\u00f3nicas de Chile: Centro Cultural Gabriela Mistral (GAM) un s\u00edmbolo de transformaci\u00f3n"}]},{"@type":"Person","@id":"https:\/\/seecolombia.travel\/blog\/#\/schema\/person\/d83df03ea54d1f0911d7098ebe26db49","name":"JL","image":{"@type":"ImageObject","inLanguage":"en-US","@id":"https:\/\/seecolombia.travel\/blog\/#\/schema\/person\/image\/","url":"https:\/\/secure.gravatar.com\/avatar\/68a3ba6dc377250ef6eb8cd56865210e?s=96&d=retro&r=g","contentUrl":"https:\/\/secure.gravatar.com\/avatar\/68a3ba6dc377250ef6eb8cd56865210e?s=96&d=retro&r=g","caption":"JL"},"description":"Ciudadano del mundo, nuestro Gerente de Marketing y comunicaciones se define como viajero, pap\u00e1, esposo y empresario. Es co-creador de Colombia Travel Blog junto a su esposa Marcela y creador de Fogg, la agencia de contenidos que produce el popular programa 3 Travel Bloggers. ----------- Our Marketing and Communications Manager, a self proclaimed citizen of the world, was born in Peru and raised in a number of different countries \u2013 including Angola, Thailand and Iceland \u2013 which instilled a deep love of travel and cultural diversity within him. With an extensive education in Marketing and Communications and after leaving a successful corporate career in the Telecom Industry, JL is now advocated to professionalize travel blogging in Latin America.","sameAs":["http:\/\/www.seecolombia.travel"],"url":"https:\/\/seecolombia.travel\/blog\/author\/jl\/"}]}},"amp_enabled":true,"_links":{"self":[{"href":"https:\/\/seecolombia.travel\/blog\/wp-json\/wp\/v2\/posts\/10683"}],"collection":[{"href":"https:\/\/seecolombia.travel\/blog\/wp-json\/wp\/v2\/posts"}],"about":[{"href":"https:\/\/seecolombia.travel\/blog\/wp-json\/wp\/v2\/types\/post"}],"author":[{"embeddable":true,"href":"https:\/\/seecolombia.travel\/blog\/wp-json\/wp\/v2\/users\/3"}],"replies":[{"embeddable":true,"href":"https:\/\/seecolombia.travel\/blog\/wp-json\/wp\/v2\/comments?post=10683"}],"version-history":[{"count":23,"href":"https:\/\/seecolombia.travel\/blog\/wp-json\/wp\/v2\/posts\/10683\/revisions"}],"predecessor-version":[{"id":22676,"href":"https:\/\/seecolombia.travel\/blog\/wp-json\/wp\/v2\/posts\/10683\/revisions\/22676"}],"wp:featuredmedia":[{"embeddable":true,"href":"https:\/\/seecolombia.travel\/blog\/wp-json\/wp\/v2\/media\/10686"}],"wp:attachment":[{"href":"https:\/\/seecolombia.travel\/blog\/wp-json\/wp\/v2\/media?parent=10683"}],"wp:term":[{"taxonomy":"category","embeddable":true,"href":"https:\/\/seecolombia.travel\/blog\/wp-json\/wp\/v2\/categories?post=10683"},{"taxonomy":"post_tag","embeddable":true,"href":"https:\/\/seecolombia.travel\/blog\/wp-json\/wp\/v2\/tags?post=10683"}],"curies":[{"name":"wp","href":"https:\/\/api.w.org\/{rel}","templated":true}]}}