{"id":10546,"date":"2013-10-02T09:51:06","date_gmt":"2013-10-02T14:51:06","guid":{"rendered":"http:\/\/seecolombia.travel\/blog\/?p=10546"},"modified":"2016-05-12T14:30:05","modified_gmt":"2016-05-12T19:30:05","slug":"el-adios-de-un-ingles-que-ama-colombia","status":"publish","type":"post","link":"https:\/\/seecolombia.travel\/blog\/2013\/10\/el-adios-de-un-ingles-que-ama-colombia\/","title":{"rendered":"El adi\u00f3s de un Ingl\u00e9s que ama Colombia"},"content":{"rendered":"<div>\n<p>\u00a0You can\u00a0find an english version of this post here:\u00a0<a href=\"http:\/\/seecolombia.travel\/blog\/2013\/10\/why-i-love-colombia-a-farewell-letter-by-paul\/\">http:\/\/seecolombia.travel\/blog\/2013\/10\/why-i-love-colombia-a-farewell-letter-by-paul\/<\/a><\/p>\n<p>Incluso con un aguacero cayendo sobre Bogot\u00e1, dejar Colombia no fue nada f\u00e1cil.\u00a0\u00a0El momento, ahora lo sab\u00eda, hab\u00eda llegado. \u00a0Ahora me empezaba a aferrar a los que ser\u00edan mis \u00faltimos recuerdos de Colombia. <strong style=\"line-height: 1.6em;\">Un episodio que no quer\u00eda que acabe.\u00a0<\/strong><\/p>\n<figure id=\"attachment_10360\" aria-describedby=\"caption-attachment-10360\" style=\"width: 560px\" class=\"wp-caption aligncenter\"><a href=\"http:\/\/seecolombia.travel\/blog\/2013\/10\/why-i-love-colombia-a-farewell-letter-by-paul\/img_2307\/\" rel=\"attachment wp-att-10360\"><img loading=\"lazy\" class=\" wp-image-10360 \" src=\"http:\/\/seecolombia.travel\/blog\/wp-content\/uploads\/2013\/09\/IMG_2307.jpg\" alt=\"See Colombia Travel Team Cartagena\" width=\"560\" height=\"351\" srcset=\"https:\/\/seecolombia.travel\/blog\/wp-content\/uploads\/2013\/09\/IMG_2307.jpg 800w, https:\/\/seecolombia.travel\/blog\/wp-content\/uploads\/2013\/09\/IMG_2307-300x188.jpg 300w\" sizes=\"(max-width: 560px) 100vw, 560px\" \/><\/a><figcaption id=\"caption-attachment-10360\" class=\"wp-caption-text\">Al principio&#8230;.<\/figcaption><\/figure>\n<p>&nbsp;<\/p>\n<p>He pasado tres a\u00f1os de mi vida viviendo en Bogot\u00e1, escribi\u00e9ndole al mundo sobre la belleza de mi pa\u00eds adoptivo \u2013 sobre los \u201cespectaculares\u201d paisajes y las \u201cimpresionantes\u201d fiestas (los superlativos que m\u00e1s he usado). Y, sin embargo, en todo ese tiempo, <strong>nunca encontr\u00e9 la forma perfecta de capturar la esencia de Colombia y en cambio ella si me captur\u00f3 a m\u00ed.<\/strong> Por supuesto, las arenas rojizas de La Guajira est\u00e1n selladas en mis recuerdos; indudablemente llevo conmigo \u00a0<strong>el calor y amabilidad de los colombianos;<\/strong> claro que disfrute incontables noches bebiendo aguardiente y P\u00f3ker en bares de salsa y, a pesar de los numerosos guayabos, <strong>siempre fui por m\u00e1s.<\/strong><\/p>\n<figure id=\"attachment_10355\" aria-describedby=\"caption-attachment-10355\" style=\"width: 334px\" class=\"wp-caption alignright\"><a href=\"http:\/\/seecolombia.travel\/blog\/2013\/10\/why-i-love-colombia-a-farewell-letter-by-paul\/296056_10150331824352547_603816367_n\/\" rel=\"attachment wp-att-10355\"><img loading=\"lazy\" class=\" wp-image-10355 \" src=\"http:\/\/seecolombia.travel\/blog\/wp-content\/uploads\/2013\/09\/296056_10150331824352547_603816367_n.jpg\" alt=\"Paul dance Cumbia\" width=\"334\" height=\"349\" srcset=\"https:\/\/seecolombia.travel\/blog\/wp-content\/uploads\/2013\/09\/296056_10150331824352547_603816367_n.jpg 477w, https:\/\/seecolombia.travel\/blog\/wp-content\/uploads\/2013\/09\/296056_10150331824352547_603816367_n-287x300.jpg 287w\" sizes=\"(max-width: 334px) 100vw, 334px\" \/><\/a><figcaption id=\"caption-attachment-10355\" class=\"wp-caption-text\">Paul intenta unos pasos de cumbia<\/figcaption><\/figure>\n<p>En mi intento por aclarar por que es Colombia tan m\u00e1gica para m\u00ed, podr\u00eda f\u00e1cilmente decir que \u201ces una combinaci\u00f3n de muchas cosas\u201d, y eso es verdad hasta cierto punto. \u00a0Pero no toda la verdad. Esas son cosas que tambi\u00e9n he encontrado en numerosos pa\u00edses del mundo \u2013 lugares que tambi\u00e9n se instalaron en mi coraz\u00f3n.<\/p>\n<p><strong>La verdad es que vivir en Colombia es un poquito m\u00e1s complicado que eso.<\/strong> No es un simple caso de enamorarse perdidamente de inmediato. A veces es frustrante. Muchas veces <strong>te pone a prueba<\/strong>. Los acuerdos no siempre se cumplen. La puntualidad es un concepto flexible, el transporte tumultuoso, y el ruido, a veces, insoportable. Hay momentos en que crees que ya llegaste al l\u00edmite.<strong> Listo, se acab\u00f3.<\/strong> Hora de empacar. De irse a casa. Condenado Transmilenio.<\/p>\n<p>Pero despu\u00e9s, pasa algo. Algo sencillo.<\/p>\n<figure id=\"attachment_10363\" aria-describedby=\"caption-attachment-10363\" style=\"width: 630px\" class=\"wp-caption aligncenter\"><a href=\"http:\/\/seecolombia.travel\/blog\/2013\/10\/why-i-love-colombia-a-farewell-letter-by-paul\/1294263_711929012155090_1510598818_o\/\" rel=\"attachment wp-att-10363\"><img loading=\"lazy\" class=\" wp-image-10363  \" src=\"http:\/\/seecolombia.travel\/blog\/wp-content\/uploads\/2013\/09\/1294263_711929012155090_1510598818_o.jpg\" alt=\"Friends and Beer\" width=\"630\" height=\"419\" srcset=\"https:\/\/seecolombia.travel\/blog\/wp-content\/uploads\/2013\/09\/1294263_711929012155090_1510598818_o.jpg 1500w, https:\/\/seecolombia.travel\/blog\/wp-content\/uploads\/2013\/09\/1294263_711929012155090_1510598818_o-300x199.jpg 300w, https:\/\/seecolombia.travel\/blog\/wp-content\/uploads\/2013\/09\/1294263_711929012155090_1510598818_o-1024x681.jpg 1024w\" sizes=\"(max-width: 630px) 100vw, 630px\" \/><\/a><figcaption id=\"caption-attachment-10363\" class=\"wp-caption-text\">Amigos y cervezas.<\/figcaption><\/figure>\n<p>&nbsp;<\/p>\n<p>Sentado aqu\u00ed en Berl\u00edn recuerdo\u00a0<strong>abrazos entre tragos de <a title=\"Colombian aguardiente\" href=\"http:\/\/seecolombia.travel\/blog\/2013\/02\/aguardiente-colombias-inexplicable-obsession\/\" target=\"_blank\">aguardiente<\/a><\/strong>, un vallenato a todo volumen; pienso en un viaje a tierra caliente y en esos espectaculares paisajes; recuerdo a la mujer de esa tienda, <strong>tan amable que me qued\u00e9 conversando horas con ella<\/strong>; cierro los ojos y veo a mi novia, bailando. Esas cosas pod\u00edan, sin duda alguna, sacarme de encima cualquier rastro de mal humor (muchas veces fue la alegr\u00eda del portero de mi edificio cada vez que yo pasaba por la puerta. \u201c!!Poooooooollllll!!\u201d, \u00a0me gritaba con una sonrisa). Esos momentos, a pesar de cualquier frustraci\u00f3n que hubiese experimentado antes, \u00a0me recordaban \u00a0eso \u2013 ese \u201ceso\u201d inexplicable \u2013 que me mantuvo feliz all\u00e1 en Bogot\u00e1.<\/p>\n<figure id=\"attachment_10356\" aria-describedby=\"caption-attachment-10356\" style=\"width: 252px\" class=\"wp-caption alignright\"><a href=\"http:\/\/seecolombia.travel\/blog\/2013\/10\/why-i-love-colombia-a-farewell-letter-by-paul\/297138_10150331831017547_1324482156_n\/\" rel=\"attachment wp-att-10356\"><img loading=\"lazy\" class=\" wp-image-10356 \" src=\"http:\/\/seecolombia.travel\/blog\/wp-content\/uploads\/2013\/09\/297138_10150331831017547_1324482156_n.jpg\" alt=\"Paul and his Colombian girlfriend\" width=\"252\" height=\"286\" srcset=\"https:\/\/seecolombia.travel\/blog\/wp-content\/uploads\/2013\/09\/297138_10150331831017547_1324482156_n.jpg 420w, https:\/\/seecolombia.travel\/blog\/wp-content\/uploads\/2013\/09\/297138_10150331831017547_1324482156_n-264x300.jpg 264w\" sizes=\"(max-width: 252px) 100vw, 252px\" \/><\/a><figcaption id=\"caption-attachment-10356\" class=\"wp-caption-text\">Paul y Valentina<\/figcaption><\/figure>\n<p>Colombia es un pa\u00eds que ha pasado por cosas terribles. Muchos episodios de su historia han sido marcados por corrupci\u00f3n, asesinatos, drogas y violencia. No hay necesidad de repetirles lo que ya miles han escrito y millones han le\u00eddo. Vean una pel\u00edcula de <a title=\"Hollywood vs Colombia\" href=\"http:\/\/seecolombia.travel\/blog\/category\/hollywood-vs-colombia\/\" target=\"_blank\">Hollywood<\/a> y van a ver el da\u00f1o que ha hecho esa imagen al imaginario popular sobre Colombia. Lo que a m\u00ed me importa, lo que a los extranjeros que hemos pisado alguna vez su suelo nos importa, es que<strong> Colombia se ha levantado \u2013 y continua levant\u00e1ndose \u2013 con una sonrisa en sus labios.<\/strong><\/p>\n<p>Conozco muy pocas nacionalidades con<strong> tanta \u00a0capacidad de perdonar, proseguir y mirar hacia el futuro<\/strong> con una alegr\u00eda y entusiasmo tan contagiantes. Y eso pasa en toda Colombia. En cada rinc\u00f3n que uno visite, sin importar el pasado, <strong>se viven el optimismo y esperanza<\/strong> de una manera tan tangible ante la cual hasta los m\u00e1s esc\u00e9pticos sucumbimos; un pa\u00eds tan profundo en su pasi\u00f3n que hasta a los m\u00e1s indiferentes nos coge diciendo &#8211; &#8211;\u00a0<em>uuush, que rico este tinto!<\/em><\/p>\n<p>Un pa\u00eds tan acogedor que, eventualmente, <strong>sientes siempre que eres parte de la familia de todos.\u00a0<\/strong><\/p>\n<figure id=\"attachment_10362\" aria-describedby=\"caption-attachment-10362\" style=\"width: 277px\" class=\"wp-caption alignleft\"><a href=\"http:\/\/seecolombia.travel\/blog\/2013\/10\/why-i-love-colombia-a-farewell-letter-by-paul\/481017_801022041093_195365343_n\/\" rel=\"attachment wp-att-10362\"><img loading=\"lazy\" class=\" wp-image-10362   \" src=\"http:\/\/seecolombia.travel\/blog\/wp-content\/uploads\/2013\/09\/481017_801022041093_195365343_n.jpg\" alt=\"Paul and his brother travel to the Amazon in Colombia\" width=\"277\" height=\"274\" srcset=\"https:\/\/seecolombia.travel\/blog\/wp-content\/uploads\/2013\/09\/481017_801022041093_195365343_n.jpg 960w, https:\/\/seecolombia.travel\/blog\/wp-content\/uploads\/2013\/09\/481017_801022041093_195365343_n-300x298.jpg 300w\" sizes=\"(max-width: 277px) 100vw, 277px\" \/><\/a><figcaption id=\"caption-attachment-10362\" class=\"wp-caption-text\">Paul y su hermano en el Amazonas Colombiano<\/figcaption><\/figure>\n<p>Hay much\u00edsimas cosas que voy a extra\u00f1ar de Colombia (Ya estoy tratando de convencer a mis nuevos empleadores de\u00a0<a href=\"http:\/\/www.trip.me\/\" target=\"_blank\">trip.me<\/a> de que me env\u00eden a un \u201cviaje de inspecci\u00f3n\u201d). Desde<strong> tomarme unas Poker en una tienda de Chapinero<\/strong> hasta <strong>tirarme bajo el sol de <a title=\"Tayrona\" href=\"http:\/\/seecolombia.travel\/blog\/category\/tayrona-national-park\/\" target=\"_blank\">Tayrona<\/a><\/strong>. Al equipo de <strong>See Colombia Travel<\/strong>, que durante los \u00faltimos 3 a\u00f1os fue como una familia para mi (gracias por eso , chicos). Voy a extra\u00f1ar los partidos de futbol de los viernes, voy a extra\u00f1ar <a title=\"Wok Colombia\" href=\"http:\/\/seecolombia.travel\/blog\/2011\/10\/top-5-colombian-chains-that-should-be-all-over-the-world\/\" target=\"_blank\">Wok<\/a>; los domingos en Usaqu\u00e9n; decir \u201c\u00bfC\u00f3mo est\u00e1s?\u201d de cinco formas distintas; los pedazos de carne con arroz y frijoles; las oportunidades; el tinto; \u00a0voy a extra\u00f1ar mis charlas con los taxistas; la salsa; el ajiaco; el trago en cajas; voy a extra\u00f1ar la alegr\u00eda y la esperanza; voy a extra\u00f1ar a la gente. As\u00ed que <strong>muchas gracias Colombia, esto ha sido incre\u00edble.<\/strong> Una experiencia que me cambi\u00f3 la vida. Y voy a regresar.<\/p>\n<p>Salimos de la disco a las 3 A.M. Mi novia se queja de que le duelen los pies de tanto bailar. Nos preguntamos a donde ir e inevitablemente acabamos en la casa de alguien, donde bebemos m\u00e1s ron, m\u00e1s cervezas, m\u00e1s aguardiente. \u00a0Y junto con el murmullo de nuestra conversaci\u00f3n, las notas de un reggaet\u00f3n acerc\u00e1ndose por la calle, \u00a0el ruido de un cart\u00f3n al doblarse y el paso cansado de un caballo, tengo la impresi\u00f3n de que todos son felices. O est\u00e1n intentando serlo.<\/p>\n<p><strong>Y as\u00ed es como recordare siempre a Colombia, mi hogar querido.<\/strong><\/p>\n<\/div>\n<div>\n<figure id=\"attachment_10367\" aria-describedby=\"caption-attachment-10367\" style=\"width: 672px\" class=\"wp-caption aligncenter\"><a href=\"http:\/\/seecolombia.travel\/blog\/2013\/10\/why-i-love-colombia-a-farewell-letter-by-paul\/218159_801021626923_1238322377_n\/\" rel=\"attachment wp-att-10367\"><img loading=\"lazy\" class=\" wp-image-10367 \" src=\"http:\/\/seecolombia.travel\/blog\/wp-content\/uploads\/2013\/09\/218159_801021626923_1238322377_n.jpg\" alt=\"Paul in La Guajira\" width=\"672\" height=\"448\" srcset=\"https:\/\/seecolombia.travel\/blog\/wp-content\/uploads\/2013\/09\/218159_801021626923_1238322377_n.jpg 960w, https:\/\/seecolombia.travel\/blog\/wp-content\/uploads\/2013\/09\/218159_801021626923_1238322377_n-300x200.jpg 300w\" sizes=\"(max-width: 672px) 100vw, 672px\" \/><\/a><figcaption id=\"caption-attachment-10367\" class=\"wp-caption-text\">Paulie en La Guajira<\/figcaption><\/figure>\n<\/div>\n<div><span style=\"color: #000000; font-family: Arial;\">\u00a0<\/span><\/div>\n<div><span style=\"color: #000000; font-family: Arial;\">\u00a0<\/span><\/div>\n<div><span style=\"color: #000000; font-family: Arial;\">\u00a0Paul<\/span><\/div>\n<div><span style=\"color: #000000; font-family: Arial;\">\u00a0<\/span><\/div>\n<div><\/div>\n","protected":false},"excerpt":{"rendered":"<p>\u00a0You can\u00a0find an english version of this post here:\u00a0http:\/\/seecolombia.travel\/blog\/2013\/10\/why-i-love-colombia-a-farewell-letter-by-paul\/ Incluso con un aguacero cayendo sobre Bogot\u00e1, dejar Colombia no fue nada f\u00e1cil.\u00a0\u00a0El momento, ahora lo sab\u00eda, hab\u00eda llegado. \u00a0Ahora me empezaba a aferrar a los que ser\u00edan mis \u00faltimos recuerdos de Colombia. Un episodio que no quer\u00eda que acabe.\u00a0 &nbsp; He pasado tres a\u00f1os de [&hellip;]<\/p>\n","protected":false},"author":3,"featured_media":10602,"comment_status":"open","ping_status":"open","sticky":false,"template":"","format":"standard","meta":{"ngg_post_thumbnail":0},"categories":[1860,4,865],"tags":[2973,1605,356],"yoast_head":"<!-- This site is optimized with the Yoast SEO Premium plugin v18.4 (Yoast SEO v18.9) - https:\/\/yoast.com\/wordpress\/plugins\/seo\/ -->\n<title>El adi\u00f3s de un Ingl\u00e9s que ama Colombia - Colombia Travel Blog by See Colombia Travel<\/title>\n<meta name=\"robots\" content=\"index, follow, max-snippet:-1, max-image-preview:large, max-video-preview:-1\" \/>\n<link rel=\"canonical\" href=\"https:\/\/seecolombia.travel\/blog\/2013\/10\/el-adios-de-un-ingles-que-ama-colombia\/\" \/>\n<meta property=\"og:locale\" content=\"en_US\" \/>\n<meta property=\"og:type\" content=\"article\" \/>\n<meta property=\"og:title\" content=\"El adi\u00f3s de un Ingl\u00e9s que ama Colombia\" \/>\n<meta property=\"og:description\" content=\"\u00a0You can\u00a0find an english version of this post here:\u00a0http:\/\/seecolombia.travel\/blog\/2013\/10\/why-i-love-colombia-a-farewell-letter-by-paul\/ Incluso con un aguacero cayendo sobre Bogot\u00e1, dejar Colombia no fue nada f\u00e1cil.\u00a0\u00a0El momento, ahora lo sab\u00eda, hab\u00eda llegado. \u00a0Ahora me empezaba a aferrar a los que ser\u00edan mis \u00faltimos recuerdos de Colombia. Un episodio que no quer\u00eda que acabe.\u00a0 &nbsp; He pasado tres a\u00f1os de [&hellip;]\" \/>\n<meta property=\"og:url\" content=\"https:\/\/seecolombia.travel\/blog\/2013\/10\/el-adios-de-un-ingles-que-ama-colombia\/\" \/>\n<meta property=\"og:site_name\" content=\"Colombia Travel Blog by See Colombia Travel\" \/>\n<meta property=\"article:published_time\" content=\"2013-10-02T14:51:06+00:00\" \/>\n<meta property=\"article:modified_time\" content=\"2016-05-12T19:30:05+00:00\" \/>\n<meta property=\"og:image\" content=\"https:\/\/seecolombia.travel\/blog\/wp-content\/uploads\/2013\/09\/Paul-va-a-regresar.jpg\" \/>\n\t<meta property=\"og:image:width\" content=\"1024\" \/>\n\t<meta property=\"og:image:height\" content=\"526\" \/>\n\t<meta property=\"og:image:type\" content=\"image\/jpeg\" \/>\n<meta name=\"twitter:card\" content=\"summary\" \/>\n<meta name=\"twitter:label1\" content=\"Written by\" \/>\n\t<meta name=\"twitter:data1\" content=\"JL\" \/>\n\t<meta name=\"twitter:label2\" content=\"Est. reading time\" \/>\n\t<meta name=\"twitter:data2\" content=\"5 minutes\" \/>\n<script type=\"application\/ld+json\" class=\"yoast-schema-graph\">{\"@context\":\"https:\/\/schema.org\",\"@graph\":[{\"@type\":\"WebSite\",\"@id\":\"https:\/\/seecolombia.travel\/blog\/#website\",\"url\":\"https:\/\/seecolombia.travel\/blog\/\",\"name\":\"Colombia Travel Blog by See Colombia Travel\",\"description\":\"Colombia Travel Blog: An international perspective on travelling in Colombia by world travellers.\",\"potentialAction\":[{\"@type\":\"SearchAction\",\"target\":{\"@type\":\"EntryPoint\",\"urlTemplate\":\"https:\/\/seecolombia.travel\/blog\/?s={search_term_string}\"},\"query-input\":\"required name=search_term_string\"}],\"inLanguage\":\"en-US\"},{\"@type\":\"ImageObject\",\"inLanguage\":\"en-US\",\"@id\":\"https:\/\/seecolombia.travel\/blog\/2013\/10\/el-adios-de-un-ingles-que-ama-colombia\/#primaryimage\",\"url\":\"https:\/\/seecolombia.travel\/blog\/wp-content\/uploads\/2013\/09\/Paul-va-a-regresar.jpg\",\"contentUrl\":\"https:\/\/seecolombia.travel\/blog\/wp-content\/uploads\/2013\/09\/Paul-va-a-regresar.jpg\",\"width\":1024,\"height\":526},{\"@type\":\"WebPage\",\"@id\":\"https:\/\/seecolombia.travel\/blog\/2013\/10\/el-adios-de-un-ingles-que-ama-colombia\/#webpage\",\"url\":\"https:\/\/seecolombia.travel\/blog\/2013\/10\/el-adios-de-un-ingles-que-ama-colombia\/\",\"name\":\"El adi\u00f3s de un Ingl\u00e9s que ama Colombia - Colombia Travel Blog by See Colombia Travel\",\"isPartOf\":{\"@id\":\"https:\/\/seecolombia.travel\/blog\/#website\"},\"primaryImageOfPage\":{\"@id\":\"https:\/\/seecolombia.travel\/blog\/2013\/10\/el-adios-de-un-ingles-que-ama-colombia\/#primaryimage\"},\"datePublished\":\"2013-10-02T14:51:06+00:00\",\"dateModified\":\"2016-05-12T19:30:05+00:00\",\"author\":{\"@id\":\"https:\/\/seecolombia.travel\/blog\/#\/schema\/person\/d83df03ea54d1f0911d7098ebe26db49\"},\"breadcrumb\":{\"@id\":\"https:\/\/seecolombia.travel\/blog\/2013\/10\/el-adios-de-un-ingles-que-ama-colombia\/#breadcrumb\"},\"inLanguage\":\"en-US\",\"potentialAction\":[{\"@type\":\"ReadAction\",\"target\":[\"https:\/\/seecolombia.travel\/blog\/2013\/10\/el-adios-de-un-ingles-que-ama-colombia\/\"]}]},{\"@type\":\"BreadcrumbList\",\"@id\":\"https:\/\/seecolombia.travel\/blog\/2013\/10\/el-adios-de-un-ingles-que-ama-colombia\/#breadcrumb\",\"itemListElement\":[{\"@type\":\"ListItem\",\"position\":1,\"name\":\"Home\",\"item\":\"https:\/\/seecolombia.travel\/blog\/\"},{\"@type\":\"ListItem\",\"position\":2,\"name\":\"El adi\u00f3s de un Ingl\u00e9s que ama Colombia\"}]},{\"@type\":\"Person\",\"@id\":\"https:\/\/seecolombia.travel\/blog\/#\/schema\/person\/d83df03ea54d1f0911d7098ebe26db49\",\"name\":\"JL\",\"image\":{\"@type\":\"ImageObject\",\"inLanguage\":\"en-US\",\"@id\":\"https:\/\/seecolombia.travel\/blog\/#\/schema\/person\/image\/\",\"url\":\"https:\/\/secure.gravatar.com\/avatar\/68a3ba6dc377250ef6eb8cd56865210e?s=96&d=retro&r=g\",\"contentUrl\":\"https:\/\/secure.gravatar.com\/avatar\/68a3ba6dc377250ef6eb8cd56865210e?s=96&d=retro&r=g\",\"caption\":\"JL\"},\"description\":\"Ciudadano del mundo, nuestro Gerente de Marketing y comunicaciones se define como viajero, pap\u00e1, esposo y empresario. Es co-creador de Colombia Travel Blog junto a su esposa Marcela y creador de Fogg, la agencia de contenidos que produce el popular programa 3 Travel Bloggers. ----------- Our Marketing and Communications Manager, a self proclaimed citizen of the world, was born in Peru and raised in a number of different countries \u2013 including Angola, Thailand and Iceland \u2013 which instilled a deep love of travel and cultural diversity within him. With an extensive education in Marketing and Communications and after leaving a successful corporate career in the Telecom Industry, JL is now advocated to professionalize travel blogging in Latin America.\",\"sameAs\":[\"http:\/\/www.seecolombia.travel\"],\"url\":\"https:\/\/seecolombia.travel\/blog\/author\/jl\/\"}]}<\/script>\n<!-- \/ Yoast SEO Premium plugin. -->","yoast_head_json":{"title":"El adi\u00f3s de un Ingl\u00e9s que ama Colombia - Colombia Travel Blog by See Colombia Travel","robots":{"index":"index","follow":"follow","max-snippet":"max-snippet:-1","max-image-preview":"max-image-preview:large","max-video-preview":"max-video-preview:-1"},"canonical":"https:\/\/seecolombia.travel\/blog\/2013\/10\/el-adios-de-un-ingles-que-ama-colombia\/","og_locale":"en_US","og_type":"article","og_title":"El adi\u00f3s de un Ingl\u00e9s que ama Colombia","og_description":"\u00a0You can\u00a0find an english version of this post here:\u00a0http:\/\/seecolombia.travel\/blog\/2013\/10\/why-i-love-colombia-a-farewell-letter-by-paul\/ Incluso con un aguacero cayendo sobre Bogot\u00e1, dejar Colombia no fue nada f\u00e1cil.\u00a0\u00a0El momento, ahora lo sab\u00eda, hab\u00eda llegado. \u00a0Ahora me empezaba a aferrar a los que ser\u00edan mis \u00faltimos recuerdos de Colombia. Un episodio que no quer\u00eda que acabe.\u00a0 &nbsp; He pasado tres a\u00f1os de [&hellip;]","og_url":"https:\/\/seecolombia.travel\/blog\/2013\/10\/el-adios-de-un-ingles-que-ama-colombia\/","og_site_name":"Colombia Travel Blog by See Colombia Travel","article_published_time":"2013-10-02T14:51:06+00:00","article_modified_time":"2016-05-12T19:30:05+00:00","og_image":[{"width":1024,"height":526,"url":"https:\/\/seecolombia.travel\/blog\/wp-content\/uploads\/2013\/09\/Paul-va-a-regresar.jpg","type":"image\/jpeg"}],"twitter_card":"summary","twitter_misc":{"Written by":"JL","Est. reading time":"5 minutes"},"schema":{"@context":"https:\/\/schema.org","@graph":[{"@type":"WebSite","@id":"https:\/\/seecolombia.travel\/blog\/#website","url":"https:\/\/seecolombia.travel\/blog\/","name":"Colombia Travel Blog by See Colombia Travel","description":"Colombia Travel Blog: An international perspective on travelling in Colombia by world travellers.","potentialAction":[{"@type":"SearchAction","target":{"@type":"EntryPoint","urlTemplate":"https:\/\/seecolombia.travel\/blog\/?s={search_term_string}"},"query-input":"required name=search_term_string"}],"inLanguage":"en-US"},{"@type":"ImageObject","inLanguage":"en-US","@id":"https:\/\/seecolombia.travel\/blog\/2013\/10\/el-adios-de-un-ingles-que-ama-colombia\/#primaryimage","url":"https:\/\/seecolombia.travel\/blog\/wp-content\/uploads\/2013\/09\/Paul-va-a-regresar.jpg","contentUrl":"https:\/\/seecolombia.travel\/blog\/wp-content\/uploads\/2013\/09\/Paul-va-a-regresar.jpg","width":1024,"height":526},{"@type":"WebPage","@id":"https:\/\/seecolombia.travel\/blog\/2013\/10\/el-adios-de-un-ingles-que-ama-colombia\/#webpage","url":"https:\/\/seecolombia.travel\/blog\/2013\/10\/el-adios-de-un-ingles-que-ama-colombia\/","name":"El adi\u00f3s de un Ingl\u00e9s que ama Colombia - Colombia Travel Blog by See Colombia Travel","isPartOf":{"@id":"https:\/\/seecolombia.travel\/blog\/#website"},"primaryImageOfPage":{"@id":"https:\/\/seecolombia.travel\/blog\/2013\/10\/el-adios-de-un-ingles-que-ama-colombia\/#primaryimage"},"datePublished":"2013-10-02T14:51:06+00:00","dateModified":"2016-05-12T19:30:05+00:00","author":{"@id":"https:\/\/seecolombia.travel\/blog\/#\/schema\/person\/d83df03ea54d1f0911d7098ebe26db49"},"breadcrumb":{"@id":"https:\/\/seecolombia.travel\/blog\/2013\/10\/el-adios-de-un-ingles-que-ama-colombia\/#breadcrumb"},"inLanguage":"en-US","potentialAction":[{"@type":"ReadAction","target":["https:\/\/seecolombia.travel\/blog\/2013\/10\/el-adios-de-un-ingles-que-ama-colombia\/"]}]},{"@type":"BreadcrumbList","@id":"https:\/\/seecolombia.travel\/blog\/2013\/10\/el-adios-de-un-ingles-que-ama-colombia\/#breadcrumb","itemListElement":[{"@type":"ListItem","position":1,"name":"Home","item":"https:\/\/seecolombia.travel\/blog\/"},{"@type":"ListItem","position":2,"name":"El adi\u00f3s de un Ingl\u00e9s que ama Colombia"}]},{"@type":"Person","@id":"https:\/\/seecolombia.travel\/blog\/#\/schema\/person\/d83df03ea54d1f0911d7098ebe26db49","name":"JL","image":{"@type":"ImageObject","inLanguage":"en-US","@id":"https:\/\/seecolombia.travel\/blog\/#\/schema\/person\/image\/","url":"https:\/\/secure.gravatar.com\/avatar\/68a3ba6dc377250ef6eb8cd56865210e?s=96&d=retro&r=g","contentUrl":"https:\/\/secure.gravatar.com\/avatar\/68a3ba6dc377250ef6eb8cd56865210e?s=96&d=retro&r=g","caption":"JL"},"description":"Ciudadano del mundo, nuestro Gerente de Marketing y comunicaciones se define como viajero, pap\u00e1, esposo y empresario. Es co-creador de Colombia Travel Blog junto a su esposa Marcela y creador de Fogg, la agencia de contenidos que produce el popular programa 3 Travel Bloggers. ----------- Our Marketing and Communications Manager, a self proclaimed citizen of the world, was born in Peru and raised in a number of different countries \u2013 including Angola, Thailand and Iceland \u2013 which instilled a deep love of travel and cultural diversity within him. With an extensive education in Marketing and Communications and after leaving a successful corporate career in the Telecom Industry, JL is now advocated to professionalize travel blogging in Latin America.","sameAs":["http:\/\/www.seecolombia.travel"],"url":"https:\/\/seecolombia.travel\/blog\/author\/jl\/"}]}},"amp_enabled":true,"_links":{"self":[{"href":"https:\/\/seecolombia.travel\/blog\/wp-json\/wp\/v2\/posts\/10546"}],"collection":[{"href":"https:\/\/seecolombia.travel\/blog\/wp-json\/wp\/v2\/posts"}],"about":[{"href":"https:\/\/seecolombia.travel\/blog\/wp-json\/wp\/v2\/types\/post"}],"author":[{"embeddable":true,"href":"https:\/\/seecolombia.travel\/blog\/wp-json\/wp\/v2\/users\/3"}],"replies":[{"embeddable":true,"href":"https:\/\/seecolombia.travel\/blog\/wp-json\/wp\/v2\/comments?post=10546"}],"version-history":[{"count":53,"href":"https:\/\/seecolombia.travel\/blog\/wp-json\/wp\/v2\/posts\/10546\/revisions"}],"predecessor-version":[{"id":22650,"href":"https:\/\/seecolombia.travel\/blog\/wp-json\/wp\/v2\/posts\/10546\/revisions\/22650"}],"wp:featuredmedia":[{"embeddable":true,"href":"https:\/\/seecolombia.travel\/blog\/wp-json\/wp\/v2\/media\/10602"}],"wp:attachment":[{"href":"https:\/\/seecolombia.travel\/blog\/wp-json\/wp\/v2\/media?parent=10546"}],"wp:term":[{"taxonomy":"category","embeddable":true,"href":"https:\/\/seecolombia.travel\/blog\/wp-json\/wp\/v2\/categories?post=10546"},{"taxonomy":"post_tag","embeddable":true,"href":"https:\/\/seecolombia.travel\/blog\/wp-json\/wp\/v2\/tags?post=10546"}],"curies":[{"name":"wp","href":"https:\/\/api.w.org\/{rel}","templated":true}]}}