{"id":10525,"date":"2013-08-28T12:16:25","date_gmt":"2013-08-28T17:16:25","guid":{"rendered":"http:\/\/seecolombia.travel\/blog\/?p=10525"},"modified":"2016-05-12T14:59:02","modified_gmt":"2016-05-12T19:59:02","slug":"cronicas-de-chile-mi-reecuentro","status":"publish","type":"post","link":"https:\/\/seecolombia.travel\/blog\/2013\/08\/cronicas-de-chile-mi-reecuentro\/","title":{"rendered":"Cronicas de Chile: Mi Reecuentro"},"content":{"rendered":"<p>Viv\u00ed en Chile durante casi 6 a\u00f1os, <strong>una de las pausas m\u00e1s largas en un solo pa\u00eds<\/strong> de toda mi vida de viajero.\u00a0 Fue ah\u00ed donde \u00a0empec\u00e9 y termin\u00e9 la carrera que me acerc\u00f3 a los mundos \u00a0de la comunicaci\u00f3n y el turismo, tuve mi primer empleo \u201coficial\u201d, \u00a0recorr\u00ed el pa\u00eds mochila al hombro \u2013 la \u00fanica forma en que viajaba en esa \u00e9poca &#8211;\u00a0 con la tranquilidad de saber que hab\u00eda tiempo de hacerlo sin apuro porque estaba en mi casa (temporal, pero mi casa)\u00a0 y pas\u00e9 la mayor\u00eda de mis 20s, lo que algunos definen como la mejor \u00e9poca de una vida.<\/p>\n<p>Durante los 12 a\u00f1os siguientes en los que me fui \u201cpara siempre\u201d de Chile, segu\u00ed viajando por el mundo, aprendiendo de todas esas nuevas experiencias y casi sin darme cuenta, profesionaliz\u00e1ndome en esto: <strong>viajar para contarlo. \u00a0<\/strong><\/p>\n<p>En todo ese tiempo <strong>hab\u00eda vuelto a Santiago de forma espor\u00e1dica<\/strong> un par de veces en visitas muy cortas que m\u00e1s se parec\u00edan a pasar por la ventana de la casa de un viejo amigo y pensar \u201ctengo que parar a saludarlo un d\u00eda de estos\u201d\u00a0 que al reencuentro que uno sabe que esa amistad merece pero que siempre deja para un despu\u00e9s que pocas veces llega.<\/p>\n<p>En junio de este a\u00f1o, gracias a la\u00a0invitaci\u00f3n\u00a0de<strong><a title=\"Lan Colombia \" href=\"http:\/\/www.lan.com\/es_co\/sitio_personas\/promociones\/tiquetes-a-colombia\/desde-bogota\/\" target=\"_blank\"> Lan Colombia<\/a> y <a title=\"Turismo Chile\" href=\"http:\/\/chiletourism.travel\/\" target=\"_blank\">Turismo Chile<\/a><\/strong>, ese encuentro finalmente lleg\u00f3 y pude ver de forma distinta al que alguna vez fue mi pa\u00eds adoptivo, en esta ocasi\u00f3n con otros ojos: los de la experiencia y los del viajero <strong>que no deja que la rutina adormezca su capacidad de sorprenderse.<\/strong><\/p>\n<p>Los posts de esta serie son las cr\u00f3nicas de viaje de ese Chile vanguardista <strong>que no dej\u00f3 de sorprenderme durante 10 d\u00edas.\u00a0<\/strong><\/p>\n<p>JL<\/p>\n","protected":false},"excerpt":{"rendered":"<p>Viv\u00ed en Chile durante casi 6 a\u00f1os, una de las pausas m\u00e1s largas en un solo pa\u00eds de toda mi vida de viajero.\u00a0 Fue ah\u00ed donde \u00a0empec\u00e9 y termin\u00e9 la carrera que me acerc\u00f3 a los mundos \u00a0de la comunicaci\u00f3n y el turismo, tuve mi primer empleo \u201coficial\u201d, \u00a0recorr\u00ed el pa\u00eds mochila al hombro \u2013 [&hellip;]<\/p>\n","protected":false},"author":3,"featured_media":10529,"comment_status":"open","ping_status":"open","sticky":false,"template":"","format":"standard","meta":{"ngg_post_thumbnail":0},"categories":[1851,1860,1852,865,1861,1863],"tags":[2955,1605,2952,2951],"yoast_head":"<!-- This site is optimized with the Yoast SEO Premium plugin v18.4 (Yoast SEO v18.9) - https:\/\/yoast.com\/wordpress\/plugins\/seo\/ -->\n<title>Cronicas de Chile: Mi Reecuentro - Colombia Travel Blog by See Colombia Travel<\/title>\n<meta name=\"robots\" content=\"index, follow, max-snippet:-1, max-image-preview:large, max-video-preview:-1\" \/>\n<link rel=\"canonical\" href=\"https:\/\/seecolombia.travel\/blog\/2013\/08\/cronicas-de-chile-mi-reecuentro\/\" \/>\n<meta property=\"og:locale\" content=\"en_US\" \/>\n<meta property=\"og:type\" content=\"article\" \/>\n<meta property=\"og:title\" content=\"Cronicas de Chile: Mi Reecuentro\" \/>\n<meta property=\"og:description\" content=\"Viv\u00ed en Chile durante casi 6 a\u00f1os, una de las pausas m\u00e1s largas en un solo pa\u00eds de toda mi vida de viajero.\u00a0 Fue ah\u00ed donde \u00a0empec\u00e9 y termin\u00e9 la carrera que me acerc\u00f3 a los mundos \u00a0de la comunicaci\u00f3n y el turismo, tuve mi primer empleo \u201coficial\u201d, \u00a0recorr\u00ed el pa\u00eds mochila al hombro \u2013 [&hellip;]\" \/>\n<meta property=\"og:url\" content=\"https:\/\/seecolombia.travel\/blog\/2013\/08\/cronicas-de-chile-mi-reecuentro\/\" \/>\n<meta property=\"og:site_name\" content=\"Colombia Travel Blog by See Colombia Travel\" \/>\n<meta property=\"article:published_time\" content=\"2013-08-28T17:16:25+00:00\" \/>\n<meta property=\"article:modified_time\" content=\"2016-05-12T19:59:02+00:00\" \/>\n<meta property=\"og:image\" content=\"https:\/\/seecolombia.travel\/blog\/wp-content\/uploads\/2013\/09\/Reencuentro-con-Chile.jpg\" \/>\n\t<meta property=\"og:image:width\" content=\"1000\" \/>\n\t<meta property=\"og:image:height\" content=\"314\" \/>\n\t<meta property=\"og:image:type\" content=\"image\/jpeg\" \/>\n<meta name=\"twitter:card\" content=\"summary\" \/>\n<meta name=\"twitter:label1\" content=\"Written by\" \/>\n\t<meta name=\"twitter:data1\" content=\"JL\" \/>\n\t<meta name=\"twitter:label2\" content=\"Est. reading time\" \/>\n\t<meta name=\"twitter:data2\" content=\"2 minutes\" \/>\n<script type=\"application\/ld+json\" class=\"yoast-schema-graph\">{\"@context\":\"https:\/\/schema.org\",\"@graph\":[{\"@type\":\"WebSite\",\"@id\":\"https:\/\/seecolombia.travel\/blog\/#website\",\"url\":\"https:\/\/seecolombia.travel\/blog\/\",\"name\":\"Colombia Travel Blog by See Colombia Travel\",\"description\":\"Colombia Travel Blog: An international perspective on travelling in Colombia by world travellers.\",\"potentialAction\":[{\"@type\":\"SearchAction\",\"target\":{\"@type\":\"EntryPoint\",\"urlTemplate\":\"https:\/\/seecolombia.travel\/blog\/?s={search_term_string}\"},\"query-input\":\"required name=search_term_string\"}],\"inLanguage\":\"en-US\"},{\"@type\":\"ImageObject\",\"inLanguage\":\"en-US\",\"@id\":\"https:\/\/seecolombia.travel\/blog\/2013\/08\/cronicas-de-chile-mi-reecuentro\/#primaryimage\",\"url\":\"https:\/\/seecolombia.travel\/blog\/wp-content\/uploads\/2013\/09\/Reencuentro-con-Chile.jpg\",\"contentUrl\":\"https:\/\/seecolombia.travel\/blog\/wp-content\/uploads\/2013\/09\/Reencuentro-con-Chile.jpg\",\"width\":1000,\"height\":314,\"caption\":\"Blog de Viajes Chile\"},{\"@type\":\"WebPage\",\"@id\":\"https:\/\/seecolombia.travel\/blog\/2013\/08\/cronicas-de-chile-mi-reecuentro\/#webpage\",\"url\":\"https:\/\/seecolombia.travel\/blog\/2013\/08\/cronicas-de-chile-mi-reecuentro\/\",\"name\":\"Cronicas de Chile: Mi Reecuentro - Colombia Travel Blog by See Colombia Travel\",\"isPartOf\":{\"@id\":\"https:\/\/seecolombia.travel\/blog\/#website\"},\"primaryImageOfPage\":{\"@id\":\"https:\/\/seecolombia.travel\/blog\/2013\/08\/cronicas-de-chile-mi-reecuentro\/#primaryimage\"},\"datePublished\":\"2013-08-28T17:16:25+00:00\",\"dateModified\":\"2016-05-12T19:59:02+00:00\",\"author\":{\"@id\":\"https:\/\/seecolombia.travel\/blog\/#\/schema\/person\/d83df03ea54d1f0911d7098ebe26db49\"},\"breadcrumb\":{\"@id\":\"https:\/\/seecolombia.travel\/blog\/2013\/08\/cronicas-de-chile-mi-reecuentro\/#breadcrumb\"},\"inLanguage\":\"en-US\",\"potentialAction\":[{\"@type\":\"ReadAction\",\"target\":[\"https:\/\/seecolombia.travel\/blog\/2013\/08\/cronicas-de-chile-mi-reecuentro\/\"]}]},{\"@type\":\"BreadcrumbList\",\"@id\":\"https:\/\/seecolombia.travel\/blog\/2013\/08\/cronicas-de-chile-mi-reecuentro\/#breadcrumb\",\"itemListElement\":[{\"@type\":\"ListItem\",\"position\":1,\"name\":\"Home\",\"item\":\"https:\/\/seecolombia.travel\/blog\/\"},{\"@type\":\"ListItem\",\"position\":2,\"name\":\"Cronicas de Chile: Mi Reecuentro\"}]},{\"@type\":\"Person\",\"@id\":\"https:\/\/seecolombia.travel\/blog\/#\/schema\/person\/d83df03ea54d1f0911d7098ebe26db49\",\"name\":\"JL\",\"image\":{\"@type\":\"ImageObject\",\"inLanguage\":\"en-US\",\"@id\":\"https:\/\/seecolombia.travel\/blog\/#\/schema\/person\/image\/\",\"url\":\"https:\/\/secure.gravatar.com\/avatar\/68a3ba6dc377250ef6eb8cd56865210e?s=96&d=retro&r=g\",\"contentUrl\":\"https:\/\/secure.gravatar.com\/avatar\/68a3ba6dc377250ef6eb8cd56865210e?s=96&d=retro&r=g\",\"caption\":\"JL\"},\"description\":\"Ciudadano del mundo, nuestro Gerente de Marketing y comunicaciones se define como viajero, pap\u00e1, esposo y empresario. Es co-creador de Colombia Travel Blog junto a su esposa Marcela y creador de Fogg, la agencia de contenidos que produce el popular programa 3 Travel Bloggers. ----------- Our Marketing and Communications Manager, a self proclaimed citizen of the world, was born in Peru and raised in a number of different countries \u2013 including Angola, Thailand and Iceland \u2013 which instilled a deep love of travel and cultural diversity within him. With an extensive education in Marketing and Communications and after leaving a successful corporate career in the Telecom Industry, JL is now advocated to professionalize travel blogging in Latin America.\",\"sameAs\":[\"http:\/\/www.seecolombia.travel\"],\"url\":\"https:\/\/seecolombia.travel\/blog\/author\/jl\/\"}]}<\/script>\n<!-- \/ Yoast SEO Premium plugin. -->","yoast_head_json":{"title":"Cronicas de Chile: Mi Reecuentro - Colombia Travel Blog by See Colombia Travel","robots":{"index":"index","follow":"follow","max-snippet":"max-snippet:-1","max-image-preview":"max-image-preview:large","max-video-preview":"max-video-preview:-1"},"canonical":"https:\/\/seecolombia.travel\/blog\/2013\/08\/cronicas-de-chile-mi-reecuentro\/","og_locale":"en_US","og_type":"article","og_title":"Cronicas de Chile: Mi Reecuentro","og_description":"Viv\u00ed en Chile durante casi 6 a\u00f1os, una de las pausas m\u00e1s largas en un solo pa\u00eds de toda mi vida de viajero.\u00a0 Fue ah\u00ed donde \u00a0empec\u00e9 y termin\u00e9 la carrera que me acerc\u00f3 a los mundos \u00a0de la comunicaci\u00f3n y el turismo, tuve mi primer empleo \u201coficial\u201d, \u00a0recorr\u00ed el pa\u00eds mochila al hombro \u2013 [&hellip;]","og_url":"https:\/\/seecolombia.travel\/blog\/2013\/08\/cronicas-de-chile-mi-reecuentro\/","og_site_name":"Colombia Travel Blog by See Colombia Travel","article_published_time":"2013-08-28T17:16:25+00:00","article_modified_time":"2016-05-12T19:59:02+00:00","og_image":[{"width":1000,"height":314,"url":"https:\/\/seecolombia.travel\/blog\/wp-content\/uploads\/2013\/09\/Reencuentro-con-Chile.jpg","type":"image\/jpeg"}],"twitter_card":"summary","twitter_misc":{"Written by":"JL","Est. reading time":"2 minutes"},"schema":{"@context":"https:\/\/schema.org","@graph":[{"@type":"WebSite","@id":"https:\/\/seecolombia.travel\/blog\/#website","url":"https:\/\/seecolombia.travel\/blog\/","name":"Colombia Travel Blog by See Colombia Travel","description":"Colombia Travel Blog: An international perspective on travelling in Colombia by world travellers.","potentialAction":[{"@type":"SearchAction","target":{"@type":"EntryPoint","urlTemplate":"https:\/\/seecolombia.travel\/blog\/?s={search_term_string}"},"query-input":"required name=search_term_string"}],"inLanguage":"en-US"},{"@type":"ImageObject","inLanguage":"en-US","@id":"https:\/\/seecolombia.travel\/blog\/2013\/08\/cronicas-de-chile-mi-reecuentro\/#primaryimage","url":"https:\/\/seecolombia.travel\/blog\/wp-content\/uploads\/2013\/09\/Reencuentro-con-Chile.jpg","contentUrl":"https:\/\/seecolombia.travel\/blog\/wp-content\/uploads\/2013\/09\/Reencuentro-con-Chile.jpg","width":1000,"height":314,"caption":"Blog de Viajes Chile"},{"@type":"WebPage","@id":"https:\/\/seecolombia.travel\/blog\/2013\/08\/cronicas-de-chile-mi-reecuentro\/#webpage","url":"https:\/\/seecolombia.travel\/blog\/2013\/08\/cronicas-de-chile-mi-reecuentro\/","name":"Cronicas de Chile: Mi Reecuentro - Colombia Travel Blog by See Colombia Travel","isPartOf":{"@id":"https:\/\/seecolombia.travel\/blog\/#website"},"primaryImageOfPage":{"@id":"https:\/\/seecolombia.travel\/blog\/2013\/08\/cronicas-de-chile-mi-reecuentro\/#primaryimage"},"datePublished":"2013-08-28T17:16:25+00:00","dateModified":"2016-05-12T19:59:02+00:00","author":{"@id":"https:\/\/seecolombia.travel\/blog\/#\/schema\/person\/d83df03ea54d1f0911d7098ebe26db49"},"breadcrumb":{"@id":"https:\/\/seecolombia.travel\/blog\/2013\/08\/cronicas-de-chile-mi-reecuentro\/#breadcrumb"},"inLanguage":"en-US","potentialAction":[{"@type":"ReadAction","target":["https:\/\/seecolombia.travel\/blog\/2013\/08\/cronicas-de-chile-mi-reecuentro\/"]}]},{"@type":"BreadcrumbList","@id":"https:\/\/seecolombia.travel\/blog\/2013\/08\/cronicas-de-chile-mi-reecuentro\/#breadcrumb","itemListElement":[{"@type":"ListItem","position":1,"name":"Home","item":"https:\/\/seecolombia.travel\/blog\/"},{"@type":"ListItem","position":2,"name":"Cronicas de Chile: Mi Reecuentro"}]},{"@type":"Person","@id":"https:\/\/seecolombia.travel\/blog\/#\/schema\/person\/d83df03ea54d1f0911d7098ebe26db49","name":"JL","image":{"@type":"ImageObject","inLanguage":"en-US","@id":"https:\/\/seecolombia.travel\/blog\/#\/schema\/person\/image\/","url":"https:\/\/secure.gravatar.com\/avatar\/68a3ba6dc377250ef6eb8cd56865210e?s=96&d=retro&r=g","contentUrl":"https:\/\/secure.gravatar.com\/avatar\/68a3ba6dc377250ef6eb8cd56865210e?s=96&d=retro&r=g","caption":"JL"},"description":"Ciudadano del mundo, nuestro Gerente de Marketing y comunicaciones se define como viajero, pap\u00e1, esposo y empresario. Es co-creador de Colombia Travel Blog junto a su esposa Marcela y creador de Fogg, la agencia de contenidos que produce el popular programa 3 Travel Bloggers. ----------- Our Marketing and Communications Manager, a self proclaimed citizen of the world, was born in Peru and raised in a number of different countries \u2013 including Angola, Thailand and Iceland \u2013 which instilled a deep love of travel and cultural diversity within him. With an extensive education in Marketing and Communications and after leaving a successful corporate career in the Telecom Industry, JL is now advocated to professionalize travel blogging in Latin America.","sameAs":["http:\/\/www.seecolombia.travel"],"url":"https:\/\/seecolombia.travel\/blog\/author\/jl\/"}]}},"amp_enabled":true,"_links":{"self":[{"href":"https:\/\/seecolombia.travel\/blog\/wp-json\/wp\/v2\/posts\/10525"}],"collection":[{"href":"https:\/\/seecolombia.travel\/blog\/wp-json\/wp\/v2\/posts"}],"about":[{"href":"https:\/\/seecolombia.travel\/blog\/wp-json\/wp\/v2\/types\/post"}],"author":[{"embeddable":true,"href":"https:\/\/seecolombia.travel\/blog\/wp-json\/wp\/v2\/users\/3"}],"replies":[{"embeddable":true,"href":"https:\/\/seecolombia.travel\/blog\/wp-json\/wp\/v2\/comments?post=10525"}],"version-history":[{"count":7,"href":"https:\/\/seecolombia.travel\/blog\/wp-json\/wp\/v2\/posts\/10525\/revisions"}],"predecessor-version":[{"id":10533,"href":"https:\/\/seecolombia.travel\/blog\/wp-json\/wp\/v2\/posts\/10525\/revisions\/10533"}],"wp:featuredmedia":[{"embeddable":true,"href":"https:\/\/seecolombia.travel\/blog\/wp-json\/wp\/v2\/media\/10529"}],"wp:attachment":[{"href":"https:\/\/seecolombia.travel\/blog\/wp-json\/wp\/v2\/media?parent=10525"}],"wp:term":[{"taxonomy":"category","embeddable":true,"href":"https:\/\/seecolombia.travel\/blog\/wp-json\/wp\/v2\/categories?post=10525"},{"taxonomy":"post_tag","embeddable":true,"href":"https:\/\/seecolombia.travel\/blog\/wp-json\/wp\/v2\/tags?post=10525"}],"curies":[{"name":"wp","href":"https:\/\/api.w.org\/{rel}","templated":true}]}}