{"id":10130,"date":"2013-09-09T00:00:16","date_gmt":"2013-09-09T05:00:16","guid":{"rendered":"http:\/\/seecolombia.travel\/blog\/?p=10130"},"modified":"2016-05-12T14:37:58","modified_gmt":"2016-05-12T19:37:58","slug":"cronicas-de-chile-el-plano-de-valparaiso-fantasmas-librerias-y-palacios-escondidos","status":"publish","type":"post","link":"https:\/\/seecolombia.travel\/blog\/2013\/09\/cronicas-de-chile-el-plano-de-valparaiso-fantasmas-librerias-y-palacios-escondidos\/","title":{"rendered":"Cronicas de Chile: El plano de Valparaiso. Fantasmas, librerias y palacios escondidos"},"content":{"rendered":"<p>Se le llama as\u00ed por razones obvias. Se podr\u00eda decir que es <strong>Valpara\u00edso menos sus cerros<\/strong>, la parte de la ciudad que es efectivamente plana y donde se encuentran reunidos la mayor\u00eda de comercios, caminos que lo conectan con su \u201chermana menor\u201d Vi\u00f1a del Mar, monumentos y edificios oficiales a orillas mar. Pero eso ser\u00eda simplificarlo demasiado, <b>porque <\/b><strong>si los cerros son el alma de la ciudad, <i>El Plano <\/i>es su coraz\u00f3n.<\/strong><\/p>\n<p><strong>El Plan<\/strong>, como le dicen los aut\u00e9nticos porte\u00f1os, nos ha recibido con una ma\u00f1ana brillante \u00a0en la que<strong> la brisa marina y los gritos de las gaviotas<\/strong> nos hacen mucho m\u00e1s evidente que ac\u00e1 abajo s\u00ed estamos en pleno puerto. <strong>Sus calles no me son extra\u00f1as<\/strong>, en mi \u00e9poca de estudiante m\u00e1s de una vez, entre t\u00edpicos <i>navegados<\/i> y <i>chorrillanas<\/i><strong>*<\/strong> \u00a0vi \u00a0salir el sol desde el <strong>bar La\u00a0 Playa<\/strong> y pas\u00e9 tardes enteras curioseando los enormes y polvorientos estantes de la<strong> Librer\u00eda Ivens.<\/strong><\/p>\n<figure id=\"attachment_10146\" aria-describedby=\"caption-attachment-10146\" style=\"width: 450px\" class=\"wp-caption alignleft\"><a href=\"http:\/\/seecolombia.travel\/blog\/2013\/09\/cronicas-de-chile-el-plano-de-valparaiso-fantasmas-librerias-y-palacios-escondidos\/valparaiso-chile-bar-laplaya-blog-de-viajes\/\" rel=\"attachment wp-att-10146\"><img loading=\"lazy\" class=\"size-full wp-image-10146\" src=\"http:\/\/seecolombia.travel\/blog\/wp-content\/uploads\/2013\/09\/Valparaiso-Chile-Bar-LaPlaya-Blog-de-Viajes.jpg\" alt=\"Bar La Playa Valparaiso\" width=\"450\" height=\"320\" srcset=\"https:\/\/seecolombia.travel\/blog\/wp-content\/uploads\/2013\/09\/Valparaiso-Chile-Bar-LaPlaya-Blog-de-Viajes.jpg 450w, https:\/\/seecolombia.travel\/blog\/wp-content\/uploads\/2013\/09\/Valparaiso-Chile-Bar-LaPlaya-Blog-de-Viajes-300x213.jpg 300w\" sizes=\"(max-width: 450px) 100vw, 450px\" \/><\/a><figcaption id=\"caption-attachment-10146\" class=\"wp-caption-text\">El Bar La Playa en la actualidad<\/figcaption><\/figure>\n<p>Es en esos dos lugares -emblemas para m\u00ed- donde quiero empezar el recorrido de hoy para comprobar que ambos <strong>despu\u00e9s de 100 a\u00f1os de fundados<\/strong> siguen ah\u00ed. Pero mi \u00e9xito es parcial. Al <b>Bar La Playa<\/b> s\u00ed lo encuentro como siempre y desde siempre, en la <b>calle Serrano 567<\/b>. \u00a0Sigue ah\u00ed mismo con su larga barra estilo ingl\u00e9s y sus <strong>enormes espejos que sol\u00edan pertenecer al \u00a0legendario prost\u00edbulo Los Siete Espejos<\/strong>; tampoco ha cambiado \u2013 s\u00ed aumentado-\u00a0 la colecci\u00f3n de cachivaches varios \u00a0que conforman la decoraci\u00f3n mezcla de vintage y kitch \u00a0del bar, ni sus <strong>alt\u00edsimas puertas de madera, vidrios empavonados y bronce. \u00a0<\/strong><\/p>\n<p>El Bar La Playa\u00a0naci\u00f3 en 1908 y\u00a0junto con \u00a0el Bar Ingl\u00e9s\u00a0 y \u00a0el Cinzano, inaugurados en 1916 y 1896 respectivamente, \u00a0es uno de los m\u00e1s tradicionales y recomendados lugares para visitar en Valpo. Frecuentado por gente de todas las edades y nacionalidades, se precia adem\u00e1s de ser <strong style=\"line-height: 1.6em;\">el \u00fanico bar de Valpara\u00edso con una fantasma propia<\/strong>, que aparece capturada en esta foto que tom\u00f3 un artista local hace unos a\u00f1os.<\/p>\n<figure id=\"attachment_10137\" aria-describedby=\"caption-attachment-10137\" style=\"width: 800px\" class=\"wp-caption aligncenter\"><a href=\"http:\/\/seecolombia.travel\/blog\/2013\/09\/cronicas-de-chile-el-plano-de-valparaiso-fantasmas-librerias-y-palacios-escondidos\/fantasma-bar-la-playa-valparaiso\/\" rel=\"attachment wp-att-10137\"><img loading=\"lazy\" class=\"size-full wp-image-10137\" src=\"http:\/\/seecolombia.travel\/blog\/wp-content\/uploads\/2013\/09\/Fantasma-Bar-la-Playa-Valparaiso.jpg\" alt=\"Fantasma bar la playa valparaiso\" width=\"800\" height=\"435\" srcset=\"https:\/\/seecolombia.travel\/blog\/wp-content\/uploads\/2013\/09\/Fantasma-Bar-la-Playa-Valparaiso.jpg 800w, https:\/\/seecolombia.travel\/blog\/wp-content\/uploads\/2013\/09\/Fantasma-Bar-la-Playa-Valparaiso-300x163.jpg 300w\" sizes=\"(max-width: 800px) 100vw, 800px\" \/><\/a><figcaption id=\"caption-attachment-10137\" class=\"wp-caption-text\">Ven algo raro? En esta foto tomada en 2001 todo parece normal en el bar La Playa&#8230; pero miren con detenimiento las botellas de la parte inferior derecha&#8230;<\/figcaption><\/figure>\n<p>&nbsp;<\/p>\n<p>Aunque la tentaci\u00f3n es grande no hay tiempo para quedarme a tomar algo &#8211; y es muy temprano, la verdad- \u00a0as\u00ed que \u00a0me despido y parto por mi segundo objetivo.<\/p>\n<p>&nbsp;<\/p>\n<figure id=\"attachment_10174\" aria-describedby=\"caption-attachment-10174\" style=\"width: 1000px\" class=\"wp-caption aligncenter\"><a href=\"http:\/\/seecolombia.travel\/blog\/2013\/09\/cronicas-de-chile-el-plano-de-valparaiso-fantasmas-librerias-y-palacios-escondidos\/libreria-ivens-valparaiso\/\" rel=\"attachment wp-att-10174\"><img loading=\"lazy\" class=\"size-full wp-image-10174\" src=\"http:\/\/seecolombia.travel\/blog\/wp-content\/uploads\/2013\/09\/Libreria-Ivens-Valparaiso.jpg\" alt=\"Libreria Ivens Valparaiso\" width=\"1000\" height=\"563\" srcset=\"https:\/\/seecolombia.travel\/blog\/wp-content\/uploads\/2013\/09\/Libreria-Ivens-Valparaiso.jpg 1000w, https:\/\/seecolombia.travel\/blog\/wp-content\/uploads\/2013\/09\/Libreria-Ivens-Valparaiso-300x168.jpg 300w\" sizes=\"(max-width: 1000px) 100vw, 1000px\" \/><\/a><figcaption id=\"caption-attachment-10174\" class=\"wp-caption-text\">El clasico local de la Libreria Ivens de Valparaiso, ahora en alquiler.<\/figcaption><\/figure>\n<p>&nbsp;<\/p>\n<p>Con la <b>Librer\u00eda Ivens<\/b> no me va tan bien, al llegar a la puerta de su cl\u00e1sico local de <b>la Plaza An\u00edbal Pinto<\/b> \u00a0me encuentro con un letrero rojo que nos dice que el espacio, que est\u00e1 vac\u00edo, se alquila. Nadie me sabe dar raz\u00f3n de que es lo que pas\u00f3 con la <b>tradicional librer\u00eda de <\/b><strong>m\u00e1s de 110 a\u00f1os de historia<\/strong> en la que recuerdo haber visto ediciones rar\u00edsimas de mapas, planos, gu\u00edas tur\u00edsticas y libros sobre Valpara\u00edso y Chile.<\/p>\n<figure id=\"attachment_10178\" aria-describedby=\"caption-attachment-10178\" style=\"width: 300px\" class=\"wp-caption alignleft\"><a href=\"http:\/\/seecolombia.travel\/blog\/2013\/09\/cronicas-de-chile-el-plano-de-valparaiso-fantasmas-librerias-y-palacios-escondidos\/sony-dsc-41\/\" rel=\"attachment wp-att-10178\"><img loading=\"lazy\" class=\"size-medium wp-image-10178\" src=\"http:\/\/seecolombia.travel\/blog\/wp-content\/uploads\/2013\/09\/Nueva-libreria-Ivens-Valparaiso-300x300.jpg\" alt=\"Nueva libreria Ivens en Valparaiso\" width=\"300\" height=\"300\" srcset=\"https:\/\/seecolombia.travel\/blog\/wp-content\/uploads\/2013\/09\/Nueva-libreria-Ivens-Valparaiso-300x300.jpg 300w, https:\/\/seecolombia.travel\/blog\/wp-content\/uploads\/2013\/09\/Nueva-libreria-Ivens-Valparaiso-150x150.jpg 150w, https:\/\/seecolombia.travel\/blog\/wp-content\/uploads\/2013\/09\/Nueva-libreria-Ivens-Valparaiso.jpg 800w\" sizes=\"(max-width: 300px) 100vw, 300px\" \/><\/a><figcaption id=\"caption-attachment-10178\" class=\"wp-caption-text\">Como desde su fundaci\u00f3n , la librer\u00eda Ivens se precia en su nuevo local de tener lo ultimo en material de Alemania para la gran colonia de este pais en Valpo y alrededores.<\/figcaption><\/figure>\n<p>Caminando decepcionado por la cercana<strong> calle Almirante Montt<\/strong>, me llama la atenci\u00f3n un peque\u00f1o local de venta de libros en el <strong>n\u00famero 33<\/strong> en el que se nota mucha actividad. \u00a0Mi sorpresa es grande al enterarme que estoy presenciando el <b>renacimiento de la Librer\u00eda Ivens. <\/b> Su due\u00f1o, V\u00edctor Hugo Bustamante, me cuenta que tuvo que abandonar el <strong>cl\u00e1sico edificio porte\u00f1o de amplias mamparas y fachada de calamina de zinc<\/strong> \u00a0que alberg\u00f3 durante d\u00e9cadas a su librer\u00eda, porque los nuevos due\u00f1os le triplicaron el precio del alquiler.<\/p>\n<p>Su trasteo es reciente, <strong>llevan 3 d\u00edas acondicionando el local<\/strong>, mucho m\u00e1s peque\u00f1o que el original pero con ambiciosos planes de continuar la tradici\u00f3n y<strong> acondicionar un centro de reuni\u00f3n cultural en el segundo piso.<\/strong>\u00a0 \u201cLos costos del mal llamado progreso\u201d, me dice V\u00edctor Hugo, \u201cahora gente que no es del puerto est\u00e1 desalojando departamentos de familias que han vivido ah\u00ed por generaciones para construir lofts\u201d. Pero \u00e9l est\u00e1 tranquilo y nos dice que la librer\u00eda ha sufrido varios cambios de casa en su largo siglo de existencia. As\u00ed <strong>V\u00edctor Hugo y su esposa belga<\/strong> est\u00e1n listos para escribir <strong>una nueva etapa<\/strong> en la historia de la Librer\u00eda Ivens y de la cultura en Valpara\u00edso.<\/p>\n<figure id=\"attachment_10180\" aria-describedby=\"caption-attachment-10180\" style=\"width: 369px\" class=\"wp-caption alignright\"><a href=\"http:\/\/seecolombia.travel\/blog\/2013\/09\/cronicas-de-chile-el-plano-de-valparaiso-fantasmas-librerias-y-palacios-escondidos\/valparaiso-reloj-turri-blog-de-viajes\/\" rel=\"attachment wp-att-10180\"><img loading=\"lazy\" class=\" wp-image-10180 \" src=\"http:\/\/seecolombia.travel\/blog\/wp-content\/uploads\/2013\/09\/Valparaiso-reloj-Turri-Blog-de-viajes-615x1024.jpg\" alt=\"Reloj Turri en Valparaiso\" width=\"369\" height=\"614\" srcset=\"https:\/\/seecolombia.travel\/blog\/wp-content\/uploads\/2013\/09\/Valparaiso-reloj-Turri-Blog-de-viajes-615x1024.jpg 615w, https:\/\/seecolombia.travel\/blog\/wp-content\/uploads\/2013\/09\/Valparaiso-reloj-Turri-Blog-de-viajes-180x300.jpg 180w, https:\/\/seecolombia.travel\/blog\/wp-content\/uploads\/2013\/09\/Valparaiso-reloj-Turri-Blog-de-viajes.jpg 895w\" sizes=\"(max-width: 369px) 100vw, 369px\" \/><\/a><figcaption id=\"caption-attachment-10180\" class=\"wp-caption-text\">El iconico reloj Turri en el centro de Valparaiso<\/figcaption><\/figure>\n<p>Ya satisfechas mis dos visitas nost\u00e1lgicas, seguimos con nuestro recorrido y V\u00edctor, mi gu\u00eda, me sorprende con datos de la \u00e9poca de oro en la que Valpara\u00edso era el puerto principal de Am\u00e9rica Latina, como por ejemplo que fue esta ciudad la\u00a0<strong>primera en la regi\u00f3n en contar con iluminaci\u00f3n el\u00e9ctrica<\/strong>, tener una bolsa de comercio propia y fundar un diario -El Mercurio de Valpara\u00edso en 1827-, de hecho\u00a0<strong>el m\u00e1s antiguo de habla hispana.<\/strong><\/p>\n<p>Nuestra caminata nos ha tra\u00eddo de vuelta a la <strong>calle Serrano<\/strong>, al pie del Cerro Cordillera,\u00a0 en la que\u00a0 descubro que <b>La Playa<\/b> \u00a0no es el \u00fanico vecino destacado sino que \u00e9ste es de hecho uno de los sectores m\u00e1s interesantes del plano. Durante el auge de la ciudad, esta calle se convirti\u00f3 en una de las v\u00edas comerciales m\u00e1s destacadas y <strong>muchas familias de alcurnia construyeron edificios con locales en el primer piso y habitaciones en el segundo. <\/strong><\/p>\n<p>A unos metros del bar y oculto detr\u00e1s de unas puertas de madera talladas con las iniciales \u201cG.R\u201d se encuentra el <strong>Palacio Serrano o Casa Rivera<\/strong>, seg\u00fan a quien le pregunte uno.<\/p>\n<p>Parece abandonado as\u00ed que le\u00a0 damos un vistazo por dentro para encontrarnos con unas<strong> magn\u00edficas escalinatas de \u00f3nix verde y hermosos pasamanos que nos llevan al segundo piso<\/strong>, un descanso de m\u00e1rmol\u00a0 y madera tallada \u00a0techado con vitrales que nos transporta de inmediato a otra \u00e9poca. <b>Este <\/b><strong>palacio veneciano<\/strong><b>, <\/b>actualmente ocupado por peque\u00f1as oficinas y particulares,<b> \u00a0<\/b><strong>merece una visita <\/strong>y por cierto una restauraci\u00f3n para convertirlo en un atractivo destacado del puerto.<\/p>\n<figure id=\"attachment_10185\" aria-describedby=\"caption-attachment-10185\" style=\"width: 1000px\" class=\"wp-caption aligncenter\"><a href=\"http:\/\/seecolombia.travel\/blog\/2013\/09\/cronicas-de-chile-el-plano-de-valparaiso-fantasmas-librerias-y-palacios-escondidos\/palacio-serrano-o-casa-rivera-valparaiso\/\" rel=\"attachment wp-att-10185\"><img loading=\"lazy\" class=\"size-full wp-image-10185\" src=\"http:\/\/seecolombia.travel\/blog\/wp-content\/uploads\/2013\/09\/Palacio-Serrano-o-Casa-Rivera-Valparaiso.jpg\" alt=\"Casa Rivera o Palacio Serrano en Valparaiso\" width=\"1000\" height=\"563\" srcset=\"https:\/\/seecolombia.travel\/blog\/wp-content\/uploads\/2013\/09\/Palacio-Serrano-o-Casa-Rivera-Valparaiso.jpg 1000w, https:\/\/seecolombia.travel\/blog\/wp-content\/uploads\/2013\/09\/Palacio-Serrano-o-Casa-Rivera-Valparaiso-300x168.jpg 300w\" sizes=\"(max-width: 1000px) 100vw, 1000px\" \/><\/a><figcaption id=\"caption-attachment-10185\" class=\"wp-caption-text\">Puertas y pasamanos de madera esculpida en Interior de la Casa Rivera ( o Palacio Serrano)<\/figcaption><\/figure>\n<p>&nbsp;<\/p>\n<figure id=\"attachment_10188\" aria-describedby=\"caption-attachment-10188\" style=\"width: 338px\" class=\"wp-caption alignright\"><a href=\"http:\/\/seecolombia.travel\/blog\/2013\/09\/cronicas-de-chile-el-plano-de-valparaiso-fantasmas-librerias-y-palacios-escondidos\/escaleras-de-valparaiso-blog-de-viajes\/\" rel=\"attachment wp-att-10188\"><img loading=\"lazy\" class=\" wp-image-10188 \" src=\"http:\/\/seecolombia.travel\/blog\/wp-content\/uploads\/2013\/09\/Escaleras-de-Valparaiso-Blog-de-Viajes.jpg\" alt=\"Escaleras de Valparaiso - Chile\" width=\"338\" height=\"600\" \/><\/a><figcaption id=\"caption-attachment-10188\" class=\"wp-caption-text\">Las empinadisimas escaleras de la muerte de Calle Serrano<\/figcaption><\/figure>\n<p>Unos pasos al otro lado del and\u00e9n, se encuentra\u00a0 un terreno descampado cubierto de pasto\u00a0que me entero es <b style=\"line-height: 1.6em;\">un sitio de duelo<\/b>, conmemorando \u00a0la tragedia en que una explosi\u00f3n de gas y posterior incendio <strong style=\"line-height: 1.6em;\">destruy\u00f3 cinco edificios<\/strong><b style=\"line-height: 1.6em;\"> emblem\u00e1ticos de esta calle <\/b>en 2007<b style=\"line-height: 1.6em;\">. <\/b> Pero todav\u00eda hay m\u00e1s sorpresas en esta ruta cargada de historia.<\/p>\n<p>Casi al lado \u00a0del ascensor Cordillera me encuentro con <strong>las escaleras de la muerte,<\/strong> una enorme y empinada fila de <strong>gradas casi verticales <\/strong>que solo los m\u00e1s osados utilizan para subir de vuelta al mundo de los cerros.<\/p>\n<p>La calle Serrano termina en la Plaza Echaurren o <strong style=\"line-height: 1.6em;\">Plaza de los Mentirosos<\/strong>, primera plaza de la ciudad y donde los marinos jubilados se re\u00fanen a contar historias.<\/p>\n<p>Pero he comprobado hoy que no \u00a0son ellos los \u00fanicos y que en esta ciudad m\u00e1gica <strong>cada rinc\u00f3n nos entrega una historia &#8230; <\/strong>si nos damos el tiempo de parar para escucharla.<\/p>\n<p>&nbsp;<\/p>\n<p>JL<\/p>\n<p>&nbsp;<\/p>\n<p>&nbsp;<\/p>\n<p><strong>*<\/strong><em>Navegado<\/em>: Vino tinto caliente con cascara de naranja y otras especias.<\/p>\n<p><em style=\"line-height: 1.6em;\">Chorillana<\/em>: Plato t\u00edpico de Valpara\u00edso que consiste en papas a la francesa con huevo frito, cebolla frita y a veces tambi\u00e9n salchicha<\/p>\n<p><em><strong>Este es uno de 13 posts escritos sobre Chile gracias a la invitaci\u00f3n de <a style=\"font-weight: bold;\" title=\"Turismo Chile\" href=\"http:\/\/chiletourism.travel\/\" target=\"_blank\">Turismo Chile<\/a> y \u00a0Lan Colombia de pronta\u00a0aparici\u00f3n\u00a0en su pagina.<\/strong><\/em><\/p>\n","protected":false},"excerpt":{"rendered":"<p>Se le llama as\u00ed por razones obvias. Se podr\u00eda decir que es Valpara\u00edso menos sus cerros, la parte de la ciudad que es efectivamente plana y donde se encuentran reunidos la mayor\u00eda de comercios, caminos que lo conectan con su \u201chermana menor\u201d Vi\u00f1a del Mar, monumentos y edificios oficiales a orillas mar. Pero eso ser\u00eda [&hellip;]<\/p>\n","protected":false},"author":3,"featured_media":10141,"comment_status":"open","ping_status":"open","sticky":false,"template":"","format":"standard","meta":{"ngg_post_thumbnail":0},"categories":[1851,1860,1852,865,1872,1863],"tags":[2973,1605,2952,2951],"yoast_head":"<!-- This site is optimized with the Yoast SEO Premium plugin v18.4 (Yoast SEO v18.9) - https:\/\/yoast.com\/wordpress\/plugins\/seo\/ -->\n<title>Cronicas de Chile: El plano de Valparaiso. Fantasmas, librerias y palacios escondidos - Colombia Travel Blog by See Colombia Travel<\/title>\n<meta name=\"robots\" content=\"index, follow, max-snippet:-1, max-image-preview:large, max-video-preview:-1\" \/>\n<link rel=\"canonical\" href=\"https:\/\/seecolombia.travel\/blog\/2013\/09\/cronicas-de-chile-el-plano-de-valparaiso-fantasmas-librerias-y-palacios-escondidos\/\" \/>\n<meta property=\"og:locale\" content=\"en_US\" \/>\n<meta property=\"og:type\" content=\"article\" \/>\n<meta property=\"og:title\" content=\"Cronicas de Chile: El plano de Valparaiso. Fantasmas, librerias y palacios escondidos\" \/>\n<meta property=\"og:description\" content=\"Se le llama as\u00ed por razones obvias. Se podr\u00eda decir que es Valpara\u00edso menos sus cerros, la parte de la ciudad que es efectivamente plana y donde se encuentran reunidos la mayor\u00eda de comercios, caminos que lo conectan con su \u201chermana menor\u201d Vi\u00f1a del Mar, monumentos y edificios oficiales a orillas mar. Pero eso ser\u00eda [&hellip;]\" \/>\n<meta property=\"og:url\" content=\"https:\/\/seecolombia.travel\/blog\/2013\/09\/cronicas-de-chile-el-plano-de-valparaiso-fantasmas-librerias-y-palacios-escondidos\/\" \/>\n<meta property=\"og:site_name\" content=\"Colombia Travel Blog by See Colombia Travel\" \/>\n<meta property=\"article:published_time\" content=\"2013-09-09T05:00:16+00:00\" \/>\n<meta property=\"article:modified_time\" content=\"2016-05-12T19:37:58+00:00\" \/>\n<meta property=\"og:image\" content=\"https:\/\/seecolombia.travel\/blog\/wp-content\/uploads\/2013\/09\/Valparaiso-el-plano-Chile1.jpg\" \/>\n\t<meta property=\"og:image:width\" content=\"1000\" \/>\n\t<meta property=\"og:image:height\" content=\"413\" \/>\n\t<meta property=\"og:image:type\" content=\"image\/jpeg\" \/>\n<meta name=\"twitter:card\" content=\"summary\" \/>\n<meta name=\"twitter:label1\" content=\"Written by\" \/>\n\t<meta name=\"twitter:data1\" content=\"JL\" \/>\n\t<meta name=\"twitter:label2\" content=\"Est. reading time\" \/>\n\t<meta name=\"twitter:data2\" content=\"7 minutes\" \/>\n<script type=\"application\/ld+json\" class=\"yoast-schema-graph\">{\"@context\":\"https:\/\/schema.org\",\"@graph\":[{\"@type\":\"WebSite\",\"@id\":\"https:\/\/seecolombia.travel\/blog\/#website\",\"url\":\"https:\/\/seecolombia.travel\/blog\/\",\"name\":\"Colombia Travel Blog by See Colombia Travel\",\"description\":\"Colombia Travel Blog: An international perspective on travelling in Colombia by world travellers.\",\"potentialAction\":[{\"@type\":\"SearchAction\",\"target\":{\"@type\":\"EntryPoint\",\"urlTemplate\":\"https:\/\/seecolombia.travel\/blog\/?s={search_term_string}\"},\"query-input\":\"required name=search_term_string\"}],\"inLanguage\":\"en-US\"},{\"@type\":\"ImageObject\",\"inLanguage\":\"en-US\",\"@id\":\"https:\/\/seecolombia.travel\/blog\/2013\/09\/cronicas-de-chile-el-plano-de-valparaiso-fantasmas-librerias-y-palacios-escondidos\/#primaryimage\",\"url\":\"https:\/\/seecolombia.travel\/blog\/wp-content\/uploads\/2013\/09\/Valparaiso-el-plano-Chile1.jpg\",\"contentUrl\":\"https:\/\/seecolombia.travel\/blog\/wp-content\/uploads\/2013\/09\/Valparaiso-el-plano-Chile1.jpg\",\"width\":1000,\"height\":413,\"caption\":\"El plano en Valparaiso Chile\"},{\"@type\":\"WebPage\",\"@id\":\"https:\/\/seecolombia.travel\/blog\/2013\/09\/cronicas-de-chile-el-plano-de-valparaiso-fantasmas-librerias-y-palacios-escondidos\/#webpage\",\"url\":\"https:\/\/seecolombia.travel\/blog\/2013\/09\/cronicas-de-chile-el-plano-de-valparaiso-fantasmas-librerias-y-palacios-escondidos\/\",\"name\":\"Cronicas de Chile: El plano de Valparaiso. Fantasmas, librerias y palacios escondidos - Colombia Travel Blog by See Colombia Travel\",\"isPartOf\":{\"@id\":\"https:\/\/seecolombia.travel\/blog\/#website\"},\"primaryImageOfPage\":{\"@id\":\"https:\/\/seecolombia.travel\/blog\/2013\/09\/cronicas-de-chile-el-plano-de-valparaiso-fantasmas-librerias-y-palacios-escondidos\/#primaryimage\"},\"datePublished\":\"2013-09-09T05:00:16+00:00\",\"dateModified\":\"2016-05-12T19:37:58+00:00\",\"author\":{\"@id\":\"https:\/\/seecolombia.travel\/blog\/#\/schema\/person\/d83df03ea54d1f0911d7098ebe26db49\"},\"breadcrumb\":{\"@id\":\"https:\/\/seecolombia.travel\/blog\/2013\/09\/cronicas-de-chile-el-plano-de-valparaiso-fantasmas-librerias-y-palacios-escondidos\/#breadcrumb\"},\"inLanguage\":\"en-US\",\"potentialAction\":[{\"@type\":\"ReadAction\",\"target\":[\"https:\/\/seecolombia.travel\/blog\/2013\/09\/cronicas-de-chile-el-plano-de-valparaiso-fantasmas-librerias-y-palacios-escondidos\/\"]}]},{\"@type\":\"BreadcrumbList\",\"@id\":\"https:\/\/seecolombia.travel\/blog\/2013\/09\/cronicas-de-chile-el-plano-de-valparaiso-fantasmas-librerias-y-palacios-escondidos\/#breadcrumb\",\"itemListElement\":[{\"@type\":\"ListItem\",\"position\":1,\"name\":\"Home\",\"item\":\"https:\/\/seecolombia.travel\/blog\/\"},{\"@type\":\"ListItem\",\"position\":2,\"name\":\"Cronicas de Chile: El plano de Valparaiso. Fantasmas, librerias y palacios escondidos\"}]},{\"@type\":\"Person\",\"@id\":\"https:\/\/seecolombia.travel\/blog\/#\/schema\/person\/d83df03ea54d1f0911d7098ebe26db49\",\"name\":\"JL\",\"image\":{\"@type\":\"ImageObject\",\"inLanguage\":\"en-US\",\"@id\":\"https:\/\/seecolombia.travel\/blog\/#\/schema\/person\/image\/\",\"url\":\"https:\/\/secure.gravatar.com\/avatar\/68a3ba6dc377250ef6eb8cd56865210e?s=96&d=retro&r=g\",\"contentUrl\":\"https:\/\/secure.gravatar.com\/avatar\/68a3ba6dc377250ef6eb8cd56865210e?s=96&d=retro&r=g\",\"caption\":\"JL\"},\"description\":\"Ciudadano del mundo, nuestro Gerente de Marketing y comunicaciones se define como viajero, pap\u00e1, esposo y empresario. Es co-creador de Colombia Travel Blog junto a su esposa Marcela y creador de Fogg, la agencia de contenidos que produce el popular programa 3 Travel Bloggers. ----------- Our Marketing and Communications Manager, a self proclaimed citizen of the world, was born in Peru and raised in a number of different countries \u2013 including Angola, Thailand and Iceland \u2013 which instilled a deep love of travel and cultural diversity within him. With an extensive education in Marketing and Communications and after leaving a successful corporate career in the Telecom Industry, JL is now advocated to professionalize travel blogging in Latin America.\",\"sameAs\":[\"http:\/\/www.seecolombia.travel\"],\"url\":\"https:\/\/seecolombia.travel\/blog\/author\/jl\/\"}]}<\/script>\n<!-- \/ Yoast SEO Premium plugin. -->","yoast_head_json":{"title":"Cronicas de Chile: El plano de Valparaiso. Fantasmas, librerias y palacios escondidos - Colombia Travel Blog by See Colombia Travel","robots":{"index":"index","follow":"follow","max-snippet":"max-snippet:-1","max-image-preview":"max-image-preview:large","max-video-preview":"max-video-preview:-1"},"canonical":"https:\/\/seecolombia.travel\/blog\/2013\/09\/cronicas-de-chile-el-plano-de-valparaiso-fantasmas-librerias-y-palacios-escondidos\/","og_locale":"en_US","og_type":"article","og_title":"Cronicas de Chile: El plano de Valparaiso. Fantasmas, librerias y palacios escondidos","og_description":"Se le llama as\u00ed por razones obvias. Se podr\u00eda decir que es Valpara\u00edso menos sus cerros, la parte de la ciudad que es efectivamente plana y donde se encuentran reunidos la mayor\u00eda de comercios, caminos que lo conectan con su \u201chermana menor\u201d Vi\u00f1a del Mar, monumentos y edificios oficiales a orillas mar. Pero eso ser\u00eda [&hellip;]","og_url":"https:\/\/seecolombia.travel\/blog\/2013\/09\/cronicas-de-chile-el-plano-de-valparaiso-fantasmas-librerias-y-palacios-escondidos\/","og_site_name":"Colombia Travel Blog by See Colombia Travel","article_published_time":"2013-09-09T05:00:16+00:00","article_modified_time":"2016-05-12T19:37:58+00:00","og_image":[{"width":1000,"height":413,"url":"https:\/\/seecolombia.travel\/blog\/wp-content\/uploads\/2013\/09\/Valparaiso-el-plano-Chile1.jpg","type":"image\/jpeg"}],"twitter_card":"summary","twitter_misc":{"Written by":"JL","Est. reading time":"7 minutes"},"schema":{"@context":"https:\/\/schema.org","@graph":[{"@type":"WebSite","@id":"https:\/\/seecolombia.travel\/blog\/#website","url":"https:\/\/seecolombia.travel\/blog\/","name":"Colombia Travel Blog by See Colombia Travel","description":"Colombia Travel Blog: An international perspective on travelling in Colombia by world travellers.","potentialAction":[{"@type":"SearchAction","target":{"@type":"EntryPoint","urlTemplate":"https:\/\/seecolombia.travel\/blog\/?s={search_term_string}"},"query-input":"required name=search_term_string"}],"inLanguage":"en-US"},{"@type":"ImageObject","inLanguage":"en-US","@id":"https:\/\/seecolombia.travel\/blog\/2013\/09\/cronicas-de-chile-el-plano-de-valparaiso-fantasmas-librerias-y-palacios-escondidos\/#primaryimage","url":"https:\/\/seecolombia.travel\/blog\/wp-content\/uploads\/2013\/09\/Valparaiso-el-plano-Chile1.jpg","contentUrl":"https:\/\/seecolombia.travel\/blog\/wp-content\/uploads\/2013\/09\/Valparaiso-el-plano-Chile1.jpg","width":1000,"height":413,"caption":"El plano en Valparaiso Chile"},{"@type":"WebPage","@id":"https:\/\/seecolombia.travel\/blog\/2013\/09\/cronicas-de-chile-el-plano-de-valparaiso-fantasmas-librerias-y-palacios-escondidos\/#webpage","url":"https:\/\/seecolombia.travel\/blog\/2013\/09\/cronicas-de-chile-el-plano-de-valparaiso-fantasmas-librerias-y-palacios-escondidos\/","name":"Cronicas de Chile: El plano de Valparaiso. Fantasmas, librerias y palacios escondidos - Colombia Travel Blog by See Colombia Travel","isPartOf":{"@id":"https:\/\/seecolombia.travel\/blog\/#website"},"primaryImageOfPage":{"@id":"https:\/\/seecolombia.travel\/blog\/2013\/09\/cronicas-de-chile-el-plano-de-valparaiso-fantasmas-librerias-y-palacios-escondidos\/#primaryimage"},"datePublished":"2013-09-09T05:00:16+00:00","dateModified":"2016-05-12T19:37:58+00:00","author":{"@id":"https:\/\/seecolombia.travel\/blog\/#\/schema\/person\/d83df03ea54d1f0911d7098ebe26db49"},"breadcrumb":{"@id":"https:\/\/seecolombia.travel\/blog\/2013\/09\/cronicas-de-chile-el-plano-de-valparaiso-fantasmas-librerias-y-palacios-escondidos\/#breadcrumb"},"inLanguage":"en-US","potentialAction":[{"@type":"ReadAction","target":["https:\/\/seecolombia.travel\/blog\/2013\/09\/cronicas-de-chile-el-plano-de-valparaiso-fantasmas-librerias-y-palacios-escondidos\/"]}]},{"@type":"BreadcrumbList","@id":"https:\/\/seecolombia.travel\/blog\/2013\/09\/cronicas-de-chile-el-plano-de-valparaiso-fantasmas-librerias-y-palacios-escondidos\/#breadcrumb","itemListElement":[{"@type":"ListItem","position":1,"name":"Home","item":"https:\/\/seecolombia.travel\/blog\/"},{"@type":"ListItem","position":2,"name":"Cronicas de Chile: El plano de Valparaiso. Fantasmas, librerias y palacios escondidos"}]},{"@type":"Person","@id":"https:\/\/seecolombia.travel\/blog\/#\/schema\/person\/d83df03ea54d1f0911d7098ebe26db49","name":"JL","image":{"@type":"ImageObject","inLanguage":"en-US","@id":"https:\/\/seecolombia.travel\/blog\/#\/schema\/person\/image\/","url":"https:\/\/secure.gravatar.com\/avatar\/68a3ba6dc377250ef6eb8cd56865210e?s=96&d=retro&r=g","contentUrl":"https:\/\/secure.gravatar.com\/avatar\/68a3ba6dc377250ef6eb8cd56865210e?s=96&d=retro&r=g","caption":"JL"},"description":"Ciudadano del mundo, nuestro Gerente de Marketing y comunicaciones se define como viajero, pap\u00e1, esposo y empresario. Es co-creador de Colombia Travel Blog junto a su esposa Marcela y creador de Fogg, la agencia de contenidos que produce el popular programa 3 Travel Bloggers. ----------- Our Marketing and Communications Manager, a self proclaimed citizen of the world, was born in Peru and raised in a number of different countries \u2013 including Angola, Thailand and Iceland \u2013 which instilled a deep love of travel and cultural diversity within him. With an extensive education in Marketing and Communications and after leaving a successful corporate career in the Telecom Industry, JL is now advocated to professionalize travel blogging in Latin America.","sameAs":["http:\/\/www.seecolombia.travel"],"url":"https:\/\/seecolombia.travel\/blog\/author\/jl\/"}]}},"amp_enabled":true,"_links":{"self":[{"href":"https:\/\/seecolombia.travel\/blog\/wp-json\/wp\/v2\/posts\/10130"}],"collection":[{"href":"https:\/\/seecolombia.travel\/blog\/wp-json\/wp\/v2\/posts"}],"about":[{"href":"https:\/\/seecolombia.travel\/blog\/wp-json\/wp\/v2\/types\/post"}],"author":[{"embeddable":true,"href":"https:\/\/seecolombia.travel\/blog\/wp-json\/wp\/v2\/users\/3"}],"replies":[{"embeddable":true,"href":"https:\/\/seecolombia.travel\/blog\/wp-json\/wp\/v2\/comments?post=10130"}],"version-history":[{"count":49,"href":"https:\/\/seecolombia.travel\/blog\/wp-json\/wp\/v2\/posts\/10130\/revisions"}],"predecessor-version":[{"id":22669,"href":"https:\/\/seecolombia.travel\/blog\/wp-json\/wp\/v2\/posts\/10130\/revisions\/22669"}],"wp:featuredmedia":[{"embeddable":true,"href":"https:\/\/seecolombia.travel\/blog\/wp-json\/wp\/v2\/media\/10141"}],"wp:attachment":[{"href":"https:\/\/seecolombia.travel\/blog\/wp-json\/wp\/v2\/media?parent=10130"}],"wp:term":[{"taxonomy":"category","embeddable":true,"href":"https:\/\/seecolombia.travel\/blog\/wp-json\/wp\/v2\/categories?post=10130"},{"taxonomy":"post_tag","embeddable":true,"href":"https:\/\/seecolombia.travel\/blog\/wp-json\/wp\/v2\/tags?post=10130"}],"curies":[{"name":"wp","href":"https:\/\/api.w.org\/{rel}","templated":true}]}}