{"id":10106,"date":"2013-09-04T12:34:45","date_gmt":"2013-09-04T17:34:45","guid":{"rendered":"http:\/\/seecolombia.travel\/blog\/?p=10106"},"modified":"2016-05-12T14:38:49","modified_gmt":"2016-05-12T19:38:49","slug":"cronicas-de-chile-neruda-lukas-y-dos-museos-imperdibles-en-valparaiso","status":"publish","type":"post","link":"https:\/\/seecolombia.travel\/blog\/2013\/09\/cronicas-de-chile-neruda-lukas-y-dos-museos-imperdibles-en-valparaiso\/","title":{"rendered":"Cronicas de Chile: Neruda, Lukas y dos museos imperdibles en Valparaiso"},"content":{"rendered":"<p>Uno fue un <strong>poeta chileno reconocido mundialmente <\/strong>y el otro, un <strong>inmigrante italiano e ilustrador de fama nacional<\/strong>. Uno sedujo con sus palabras y el otro inmortaliz\u00f3 momentos con sus dibujos. Ambos fueron amantes de Valpara\u00edso cont\u00e1ndonos las historias del puerto de la mejor manera que sab\u00edan, a trav\u00e9s del arte.<\/p>\n<p>Si tuviera que elegir <b>solamente <\/b><strong>dos museos que visitar para empezar a entender el esp\u00edritu de la ciudad elegir\u00eda sin duda la casa de Neftal\u00ed Reyes y el museo fundaci\u00f3n de Renzo Pecchenino<\/strong>, m\u00e1s conocidos como <strong>Pablo Neruda y Lukas <\/strong>respectivamente. Ambos, cada uno desde lo suyo, fueron personajes fascinantes que nos prestan por un rato sus ojos \u2013 y sus espectaculares casas &#8211; para vivir desde su piel la vida cotidiana porte\u00f1a.<\/p>\n<h3><b>Casa Museo La Sebastiana<\/b><\/h3>\n<figure id=\"attachment_10113\" aria-describedby=\"caption-attachment-10113\" style=\"width: 1000px\" class=\"wp-caption aligncenter\"><a href=\"http:\/\/seecolombia.travel\/blog\/2013\/09\/cronicas-de-chile-neruda-lukas-y-dos-museos-imperdibles-en-valparaiso\/casa-de-pablo-nerida-valparaiso-la-sebastiana\/\" rel=\"attachment wp-att-10113\"><img loading=\"lazy\" class=\"size-full wp-image-10113\" src=\"http:\/\/seecolombia.travel\/blog\/wp-content\/uploads\/2013\/09\/Casa-de-Pablo-Nerida-Valparaiso-La-Sebastiana.jpg\" alt=\"Colecciones Pablo Neruda en Valparaiso La Sebastiana\" width=\"1000\" height=\"563\" srcset=\"https:\/\/seecolombia.travel\/blog\/wp-content\/uploads\/2013\/09\/Casa-de-Pablo-Nerida-Valparaiso-La-Sebastiana.jpg 1000w, https:\/\/seecolombia.travel\/blog\/wp-content\/uploads\/2013\/09\/Casa-de-Pablo-Nerida-Valparaiso-La-Sebastiana-300x168.jpg 300w\" sizes=\"(max-width: 1000px) 100vw, 1000px\" \/><\/a><figcaption id=\"caption-attachment-10113\" class=\"wp-caption-text\">Botellas de colores, una entre las muchas colecciones de Pablo Neruda en La Sebasriana<\/figcaption><\/figure>\n<p>&nbsp;<\/p>\n<p><i>\u201cEl Oc\u00e9ano Pacifico se sal\u00eda del mapa. No hab\u00eda donde ponerlo. Era tan grande, desordenado y<\/i><i> azul que no cab\u00eda en ninguna parte. Por eso lo dejaron frente a mi ventana.\u201d <\/i><\/p>\n<p>As\u00ed nos describe Neruda la vista desde <strong><i>La Sebastiana<\/i><\/strong>, la casa porte\u00f1a que compr\u00f3 en 1961 despu\u00e9s de una larga b\u00fasqueda para\u00a0 poder descansar del traj\u00edn de Santiago y que fue bautizada as\u00ed en honor a Sebasti\u00e1n Collados, arquitecto de la casa y un \u201cpoeta de la construcci\u00f3n\u201d, seg\u00fan el mismo Pablo.<\/p>\n<figure id=\"attachment_10121\" aria-describedby=\"caption-attachment-10121\" style=\"width: 392px\" class=\"wp-caption alignleft\"><a href=\"http:\/\/seecolombia.travel\/blog\/2013\/09\/cronicas-de-chile-neruda-lukas-y-dos-museos-imperdibles-en-valparaiso\/la-sebastiana-casa-de-neruda-en-valparaiso\/\" rel=\"attachment wp-att-10121\"><img loading=\"lazy\" class=\" wp-image-10121    \" src=\"http:\/\/seecolombia.travel\/blog\/wp-content\/uploads\/2013\/09\/La-Sebastiana-Casa-de-Neruda-en-Valparaiso-576x1024.jpg\" alt=\"Casa de Neruda Valparaiso La Sebastiana \" width=\"392\" height=\"697\" srcset=\"https:\/\/seecolombia.travel\/blog\/wp-content\/uploads\/2013\/09\/La-Sebastiana-Casa-de-Neruda-en-Valparaiso-576x1024.jpg 576w, https:\/\/seecolombia.travel\/blog\/wp-content\/uploads\/2013\/09\/La-Sebastiana-Casa-de-Neruda-en-Valparaiso-168x300.jpg 168w, https:\/\/seecolombia.travel\/blog\/wp-content\/uploads\/2013\/09\/La-Sebastiana-Casa-de-Neruda-en-Valparaiso.jpg 800w\" sizes=\"(max-width: 392px) 100vw, 392px\" \/><\/a><figcaption id=\"caption-attachment-10121\" class=\"wp-caption-text\">Fachada de La Sebastiana<\/figcaption><\/figure>\n<p>El famoso due\u00f1o de casa,\u00a0 como es sabido, fue <b>un<\/b><strong> coleccionista compulsivo<\/strong> que alguna vez dijo que <i>\u201cun coleccionista discreto no prospera\u201d<\/i> y que cuando quer\u00eda alguna pieza en particular no cesaba \u00a0hasta conseguirla. Su presencia se siente en los cinco niveles de la casa no solo por los much\u00edsimos objetos que acumul\u00f3 y acomod\u00f3 exquisitamente en la propiedad (botellas de vidrio, vajillas de porcelana inglesa, muebles orientales), \u00a0sino\u00a0 tambi\u00e9n por <b>la originalidad que exuda su arquitectura<\/b>.<\/p>\n<p>Como en sus otras dos casas en Santiago e Isla Negra, cada ambiente fue pensado y decorado con una intenci\u00f3n espec\u00edfica que lo diferencia del resto, <strong>espacios singulares e irrepetibles tal como lo fue el gran Neruda.<\/strong><\/p>\n<p>Bastar\u00eda hablar solamente de<strong> los ba\u00f1os<\/strong>: en la \u00e9poca en que se construy\u00f3 la casa solo hab\u00edan disponibles baldosas de color blanco, celeste y verde. Al idear su ba\u00f1o personal, inconforme con tener uno como el de cualquiera, <b>combin\u00f3 los<\/b><strong> tres colores\u00a0 de baldosas <\/strong>creando un mosaico excepcional y \u00fanico que cubre las paredes por completo. El otro ba\u00f1o destacable es el de <b>su bar<\/b>, un ba\u00f1o que \u00e9l denominaba <strong>\u201csolo para valientes\u201d<\/strong> puesto que la puerta est\u00e1 m\u00e1s llena de agujeros que de madera cortando as\u00ed cualquier pretensi\u00f3n de intimidad.<\/p>\n<figure id=\"attachment_10123\" aria-describedby=\"caption-attachment-10123\" style=\"width: 1000px\" class=\"wp-caption aligncenter\"><a href=\"http:\/\/seecolombia.travel\/blog\/2013\/09\/cronicas-de-chile-neruda-lukas-y-dos-museos-imperdibles-en-valparaiso\/vista-desde-la-sebastiana-casa-de-neruda-en-valparaiso\/\" rel=\"attachment wp-att-10123\"><img loading=\"lazy\" class=\"size-full wp-image-10123\" src=\"http:\/\/seecolombia.travel\/blog\/wp-content\/uploads\/2013\/09\/Vista-desde-La-Sebastiana-casa-de-Neruda-en-Valparaiso.jpg\" alt=\"Vista casa de Neruda La Sebastiana Valparaiso\" width=\"1000\" height=\"266\" srcset=\"https:\/\/seecolombia.travel\/blog\/wp-content\/uploads\/2013\/09\/Vista-desde-La-Sebastiana-casa-de-Neruda-en-Valparaiso.jpg 1000w, https:\/\/seecolombia.travel\/blog\/wp-content\/uploads\/2013\/09\/Vista-desde-La-Sebastiana-casa-de-Neruda-en-Valparaiso-300x79.jpg 300w\" sizes=\"(max-width: 1000px) 100vw, 1000px\" \/><\/a><figcaption id=\"caption-attachment-10123\" class=\"wp-caption-text\">Vista desde el estudio de Neruda hacia la bah\u00eda.<\/figcaption><\/figure>\n<p>&nbsp;<\/p>\n<p>El piso m\u00e1s alto de la casa, donde se encuentra lo que fue su estudio, tiene\u00a0 adem\u00e1s de una peque\u00f1a pero valiosa colecci\u00f3n de libros y revistas, una envidiable <b>vista panor\u00e1mica desde donde <\/b><strong>se alcanza a ver toda la bah\u00eda y los cerros que forman Valpara\u00edso<\/strong>, ciudad que estuvo siempre cerca del coraz\u00f3n del poeta y desde la que vio su \u00faltimo fin de a\u00f1o antes de morir.<\/p>\n<p>Es una<strong> visita imprescindible<\/strong> que nos acerca al lado m\u00e1s l\u00fadico del poeta y a su vida entre los porte\u00f1os. Lamentablemente la Fundaci\u00f3n Pablo Neruda, que administra la casa desde hace un tiempo\u00a0 no permite que se tomen fotos \u201chacia adentro\u201d \u00a0y ha reemplazado la visita guiada por una audio gu\u00eda que despersonaliza un poco la experiencia. Me pregunto qu\u00e9 pensar\u00eda Don Pablo de eso\u2026.<\/p>\n<p><strong><i>La Sebastiana se encuentra en la Calle Ferrari #692 &#8211; Cerro Bellavista.<\/i><\/strong><\/p>\n<p><b>\u00a0<\/b><\/p>\n<h3><b>Museo \u201c Mirador de Lukas\u201d<\/b><\/h3>\n<figure id=\"attachment_10116\" aria-describedby=\"caption-attachment-10116\" style=\"width: 1000px\" class=\"wp-caption aligncenter\"><a href=\"http:\/\/seecolombia.travel\/blog\/2013\/09\/cronicas-de-chile-neruda-lukas-y-dos-museos-imperdibles-en-valparaiso\/sony-dsc-38\/\" rel=\"attachment wp-att-10116\"><img loading=\"lazy\" class=\"size-full wp-image-10116\" src=\"http:\/\/seecolombia.travel\/blog\/wp-content\/uploads\/2013\/09\/Museos-Valparaiso-Chile-Blog-de-Viajes.jpg\" alt=\"Museo Lukas Valparaiso Chile\" width=\"1000\" height=\"664\" srcset=\"https:\/\/seecolombia.travel\/blog\/wp-content\/uploads\/2013\/09\/Museos-Valparaiso-Chile-Blog-de-Viajes.jpg 1000w, https:\/\/seecolombia.travel\/blog\/wp-content\/uploads\/2013\/09\/Museos-Valparaiso-Chile-Blog-de-Viajes-300x199.jpg 300w\" sizes=\"(max-width: 1000px) 100vw, 1000px\" \/><\/a><figcaption id=\"caption-attachment-10116\" class=\"wp-caption-text\">En la escalera principal de la preciosa casa que alberga al Museo &#8220;Lukas&#8221;<\/figcaption><\/figure>\n<h3><\/h3>\n<p><i>\u201cAqu\u00ed deber\u00edan dar sus ex\u00e1menes todos los arquitectos de Chile\u201d<\/i> \u00a0dijo una vez Lukas sobre Valpara\u00edso.<\/p>\n<p>Nadie m\u00e1s autorizado que \u00e9l para declarar algo as\u00ed, porque\u00a0 aunque nunca acab\u00f3 sus estudios de arquitectura,<strong> supo plasmar mejor que nadie<\/strong> con pincel y tinta\u00a0 los <strong>paisajes, costumbres e\u00a0 identidad de Valpara\u00edso y sus habitantes.<\/strong> En su mirada no se encuentra s\u00f3lo el ojo del humorista y el inmigrante, sino tambi\u00e9n del urbanista.<\/p>\n<p><strong>Renzo Pecchenino \u201cLukas\u201d<\/strong> llego de Italia a Valpara\u00edso cuando ten\u00eda un poco m\u00e1s de un a\u00f1o.\u00a0 Su primera ilustraci\u00f3n fue publicada en 1958 en el diario La Uni\u00f3n y desde entonces fue reconocido como un ilustrador de una<strong> sensibilidad especial<\/strong> para retratar con sus famosos \u201capuntes\u201d la cotidianidad\u00a0 de la vida en su ciudad adoptiva y la vecina Vi\u00f1a del Mar.<\/p>\n<p>Con un prestigio ya ganado, Lukas lleg\u00f3 a colaborar en varios diarios en Chile, Estados Unidos y Brasil.<\/p>\n<figure id=\"attachment_10118\" aria-describedby=\"caption-attachment-10118\" style=\"width: 1000px\" class=\"wp-caption aligncenter\"><a href=\"http:\/\/seecolombia.travel\/blog\/2013\/09\/cronicas-de-chile-neruda-lukas-y-dos-museos-imperdibles-en-valparaiso\/museo-lukas-valparaiso-chile\/\" rel=\"attachment wp-att-10118\"><img loading=\"lazy\" class=\"size-full wp-image-10118\" src=\"http:\/\/seecolombia.travel\/blog\/wp-content\/uploads\/2013\/09\/Museo-Lukas-Valparaiso-Chile.jpg\" alt=\"Museo Valparaiso Likas\" width=\"1000\" height=\"563\" srcset=\"https:\/\/seecolombia.travel\/blog\/wp-content\/uploads\/2013\/09\/Museo-Lukas-Valparaiso-Chile.jpg 1000w, https:\/\/seecolombia.travel\/blog\/wp-content\/uploads\/2013\/09\/Museo-Lukas-Valparaiso-Chile-300x168.jpg 300w\" sizes=\"(max-width: 1000px) 100vw, 1000px\" \/><\/a><figcaption id=\"caption-attachment-10118\" class=\"wp-caption-text\">Mas de 100 obras originales de Lukas pueden ser apreciadas en su casa museo.<\/figcaption><\/figure>\n<p>&nbsp;<\/p>\n<p>Despu\u00e9s de su muerte en 1989 se adquiere y restaura una antigua casa en <b>el<\/b><strong> Paseo Gervasoni del Cerro Concepci\u00f3n<\/strong> para convertirla en la \u201cCasa Mirador Lukas\u201d\u00a0 donde se exhiben cerca\u00a0 de 100 de sus dibujos originales.\u00a0 Aunque yo solo hab\u00eda escuchado hablar de \u00e9l,\u00a0 qued\u00e9 impresionado por la claridad y simpleza con que sus dibujos <strong>nos dejan ver m\u00e1s all\u00e1 del mero paisaje<\/strong> para sumergirnos de su mano en las calles, casas, tiendas y vida com\u00fan de Valpara\u00edso.<\/p>\n<p>La sala principal de esta hermosa casa recibe<strong> a trav\u00e9s de los ventanales que dan al puerto una luz<\/strong> que de alguna forma pareciera complementar\u00a0 la exhibici\u00f3n y transportarnos a las \u00e9pocas retratadas en esos cuadros de la pared, como si desde la replica de su oficina, al final del pasillo, y dispuesta\u00a0<strong>tal como la manten\u00eda cuando viv\u00eda<\/strong>, Lukas siguiera retratando a su querido puerto.<\/p>\n<p><em><strong>El Museo Renzo Pecchenino, Lukas\u00a0&#8211; Paseo Gervasoni 448 &#8211; Cerro Concepci\u00f3n<\/strong><\/em><\/p>\n<p>JL<\/p>\n","protected":false},"excerpt":{"rendered":"<p>Uno fue un poeta chileno reconocido mundialmente y el otro, un inmigrante italiano e ilustrador de fama nacional. Uno sedujo con sus palabras y el otro inmortaliz\u00f3 momentos con sus dibujos. Ambos fueron amantes de Valpara\u00edso cont\u00e1ndonos las historias del puerto de la mejor manera que sab\u00edan, a trav\u00e9s del arte. Si tuviera que elegir [&hellip;]<\/p>\n","protected":false},"author":3,"featured_media":10111,"comment_status":"open","ping_status":"open","sticky":false,"template":"","format":"standard","meta":{"ngg_post_thumbnail":0},"categories":[1851,1860,1852,865,1863],"tags":[2955,1605,2952,2951],"yoast_head":"<!-- This site is optimized with the Yoast SEO Premium plugin v18.4 (Yoast SEO v18.9) - https:\/\/yoast.com\/wordpress\/plugins\/seo\/ -->\n<title>Cronicas de Chile: Neruda, Lukas y dos museos imperdibles en Valparaiso - Colombia Travel Blog by See Colombia Travel<\/title>\n<meta name=\"robots\" content=\"index, follow, max-snippet:-1, max-image-preview:large, max-video-preview:-1\" \/>\n<link rel=\"canonical\" href=\"https:\/\/seecolombia.travel\/blog\/2013\/09\/cronicas-de-chile-neruda-lukas-y-dos-museos-imperdibles-en-valparaiso\/\" \/>\n<meta property=\"og:locale\" content=\"en_US\" \/>\n<meta property=\"og:type\" content=\"article\" \/>\n<meta property=\"og:title\" content=\"Cronicas de Chile: Neruda, Lukas y dos museos imperdibles en Valparaiso\" \/>\n<meta property=\"og:description\" content=\"Uno fue un poeta chileno reconocido mundialmente y el otro, un inmigrante italiano e ilustrador de fama nacional. Uno sedujo con sus palabras y el otro inmortaliz\u00f3 momentos con sus dibujos. Ambos fueron amantes de Valpara\u00edso cont\u00e1ndonos las historias del puerto de la mejor manera que sab\u00edan, a trav\u00e9s del arte. Si tuviera que elegir [&hellip;]\" \/>\n<meta property=\"og:url\" content=\"https:\/\/seecolombia.travel\/blog\/2013\/09\/cronicas-de-chile-neruda-lukas-y-dos-museos-imperdibles-en-valparaiso\/\" \/>\n<meta property=\"og:site_name\" content=\"Colombia Travel Blog by See Colombia Travel\" \/>\n<meta property=\"article:published_time\" content=\"2013-09-04T17:34:45+00:00\" \/>\n<meta property=\"article:modified_time\" content=\"2016-05-12T19:38:49+00:00\" \/>\n<meta property=\"og:image\" content=\"https:\/\/seecolombia.travel\/blog\/wp-content\/uploads\/2013\/09\/Casa-de-Neruda-en-Valparaiso-Blog-de-Viajes.jpg\" \/>\n\t<meta property=\"og:image:width\" content=\"1000\" \/>\n\t<meta property=\"og:image:height\" content=\"435\" \/>\n\t<meta property=\"og:image:type\" content=\"image\/jpeg\" \/>\n<meta name=\"twitter:card\" content=\"summary\" \/>\n<meta name=\"twitter:label1\" content=\"Written by\" \/>\n\t<meta name=\"twitter:data1\" content=\"JL\" \/>\n\t<meta name=\"twitter:label2\" content=\"Est. reading time\" \/>\n\t<meta name=\"twitter:data2\" content=\"5 minutes\" \/>\n<script type=\"application\/ld+json\" class=\"yoast-schema-graph\">{\"@context\":\"https:\/\/schema.org\",\"@graph\":[{\"@type\":\"WebSite\",\"@id\":\"https:\/\/seecolombia.travel\/blog\/#website\",\"url\":\"https:\/\/seecolombia.travel\/blog\/\",\"name\":\"Colombia Travel Blog by See Colombia Travel\",\"description\":\"Colombia Travel Blog: An international perspective on travelling in Colombia by world travellers.\",\"potentialAction\":[{\"@type\":\"SearchAction\",\"target\":{\"@type\":\"EntryPoint\",\"urlTemplate\":\"https:\/\/seecolombia.travel\/blog\/?s={search_term_string}\"},\"query-input\":\"required name=search_term_string\"}],\"inLanguage\":\"en-US\"},{\"@type\":\"ImageObject\",\"inLanguage\":\"en-US\",\"@id\":\"https:\/\/seecolombia.travel\/blog\/2013\/09\/cronicas-de-chile-neruda-lukas-y-dos-museos-imperdibles-en-valparaiso\/#primaryimage\",\"url\":\"https:\/\/seecolombia.travel\/blog\/wp-content\/uploads\/2013\/09\/Casa-de-Neruda-en-Valparaiso-Blog-de-Viajes.jpg\",\"contentUrl\":\"https:\/\/seecolombia.travel\/blog\/wp-content\/uploads\/2013\/09\/Casa-de-Neruda-en-Valparaiso-Blog-de-Viajes.jpg\",\"width\":1000,\"height\":435,\"caption\":\"Casa de Neruda Valparaiso La Sebastiana\"},{\"@type\":\"WebPage\",\"@id\":\"https:\/\/seecolombia.travel\/blog\/2013\/09\/cronicas-de-chile-neruda-lukas-y-dos-museos-imperdibles-en-valparaiso\/#webpage\",\"url\":\"https:\/\/seecolombia.travel\/blog\/2013\/09\/cronicas-de-chile-neruda-lukas-y-dos-museos-imperdibles-en-valparaiso\/\",\"name\":\"Cronicas de Chile: Neruda, Lukas y dos museos imperdibles en Valparaiso - Colombia Travel Blog by See Colombia Travel\",\"isPartOf\":{\"@id\":\"https:\/\/seecolombia.travel\/blog\/#website\"},\"primaryImageOfPage\":{\"@id\":\"https:\/\/seecolombia.travel\/blog\/2013\/09\/cronicas-de-chile-neruda-lukas-y-dos-museos-imperdibles-en-valparaiso\/#primaryimage\"},\"datePublished\":\"2013-09-04T17:34:45+00:00\",\"dateModified\":\"2016-05-12T19:38:49+00:00\",\"author\":{\"@id\":\"https:\/\/seecolombia.travel\/blog\/#\/schema\/person\/d83df03ea54d1f0911d7098ebe26db49\"},\"breadcrumb\":{\"@id\":\"https:\/\/seecolombia.travel\/blog\/2013\/09\/cronicas-de-chile-neruda-lukas-y-dos-museos-imperdibles-en-valparaiso\/#breadcrumb\"},\"inLanguage\":\"en-US\",\"potentialAction\":[{\"@type\":\"ReadAction\",\"target\":[\"https:\/\/seecolombia.travel\/blog\/2013\/09\/cronicas-de-chile-neruda-lukas-y-dos-museos-imperdibles-en-valparaiso\/\"]}]},{\"@type\":\"BreadcrumbList\",\"@id\":\"https:\/\/seecolombia.travel\/blog\/2013\/09\/cronicas-de-chile-neruda-lukas-y-dos-museos-imperdibles-en-valparaiso\/#breadcrumb\",\"itemListElement\":[{\"@type\":\"ListItem\",\"position\":1,\"name\":\"Home\",\"item\":\"https:\/\/seecolombia.travel\/blog\/\"},{\"@type\":\"ListItem\",\"position\":2,\"name\":\"Cronicas de Chile: Neruda, Lukas y dos museos imperdibles en Valparaiso\"}]},{\"@type\":\"Person\",\"@id\":\"https:\/\/seecolombia.travel\/blog\/#\/schema\/person\/d83df03ea54d1f0911d7098ebe26db49\",\"name\":\"JL\",\"image\":{\"@type\":\"ImageObject\",\"inLanguage\":\"en-US\",\"@id\":\"https:\/\/seecolombia.travel\/blog\/#\/schema\/person\/image\/\",\"url\":\"https:\/\/secure.gravatar.com\/avatar\/68a3ba6dc377250ef6eb8cd56865210e?s=96&d=retro&r=g\",\"contentUrl\":\"https:\/\/secure.gravatar.com\/avatar\/68a3ba6dc377250ef6eb8cd56865210e?s=96&d=retro&r=g\",\"caption\":\"JL\"},\"description\":\"Ciudadano del mundo, nuestro Gerente de Marketing y comunicaciones se define como viajero, pap\u00e1, esposo y empresario. Es co-creador de Colombia Travel Blog junto a su esposa Marcela y creador de Fogg, la agencia de contenidos que produce el popular programa 3 Travel Bloggers. ----------- Our Marketing and Communications Manager, a self proclaimed citizen of the world, was born in Peru and raised in a number of different countries \u2013 including Angola, Thailand and Iceland \u2013 which instilled a deep love of travel and cultural diversity within him. With an extensive education in Marketing and Communications and after leaving a successful corporate career in the Telecom Industry, JL is now advocated to professionalize travel blogging in Latin America.\",\"sameAs\":[\"http:\/\/www.seecolombia.travel\"],\"url\":\"https:\/\/seecolombia.travel\/blog\/author\/jl\/\"}]}<\/script>\n<!-- \/ Yoast SEO Premium plugin. -->","yoast_head_json":{"title":"Cronicas de Chile: Neruda, Lukas y dos museos imperdibles en Valparaiso - Colombia Travel Blog by See Colombia Travel","robots":{"index":"index","follow":"follow","max-snippet":"max-snippet:-1","max-image-preview":"max-image-preview:large","max-video-preview":"max-video-preview:-1"},"canonical":"https:\/\/seecolombia.travel\/blog\/2013\/09\/cronicas-de-chile-neruda-lukas-y-dos-museos-imperdibles-en-valparaiso\/","og_locale":"en_US","og_type":"article","og_title":"Cronicas de Chile: Neruda, Lukas y dos museos imperdibles en Valparaiso","og_description":"Uno fue un poeta chileno reconocido mundialmente y el otro, un inmigrante italiano e ilustrador de fama nacional. Uno sedujo con sus palabras y el otro inmortaliz\u00f3 momentos con sus dibujos. Ambos fueron amantes de Valpara\u00edso cont\u00e1ndonos las historias del puerto de la mejor manera que sab\u00edan, a trav\u00e9s del arte. Si tuviera que elegir [&hellip;]","og_url":"https:\/\/seecolombia.travel\/blog\/2013\/09\/cronicas-de-chile-neruda-lukas-y-dos-museos-imperdibles-en-valparaiso\/","og_site_name":"Colombia Travel Blog by See Colombia Travel","article_published_time":"2013-09-04T17:34:45+00:00","article_modified_time":"2016-05-12T19:38:49+00:00","og_image":[{"width":1000,"height":435,"url":"https:\/\/seecolombia.travel\/blog\/wp-content\/uploads\/2013\/09\/Casa-de-Neruda-en-Valparaiso-Blog-de-Viajes.jpg","type":"image\/jpeg"}],"twitter_card":"summary","twitter_misc":{"Written by":"JL","Est. reading time":"5 minutes"},"schema":{"@context":"https:\/\/schema.org","@graph":[{"@type":"WebSite","@id":"https:\/\/seecolombia.travel\/blog\/#website","url":"https:\/\/seecolombia.travel\/blog\/","name":"Colombia Travel Blog by See Colombia Travel","description":"Colombia Travel Blog: An international perspective on travelling in Colombia by world travellers.","potentialAction":[{"@type":"SearchAction","target":{"@type":"EntryPoint","urlTemplate":"https:\/\/seecolombia.travel\/blog\/?s={search_term_string}"},"query-input":"required name=search_term_string"}],"inLanguage":"en-US"},{"@type":"ImageObject","inLanguage":"en-US","@id":"https:\/\/seecolombia.travel\/blog\/2013\/09\/cronicas-de-chile-neruda-lukas-y-dos-museos-imperdibles-en-valparaiso\/#primaryimage","url":"https:\/\/seecolombia.travel\/blog\/wp-content\/uploads\/2013\/09\/Casa-de-Neruda-en-Valparaiso-Blog-de-Viajes.jpg","contentUrl":"https:\/\/seecolombia.travel\/blog\/wp-content\/uploads\/2013\/09\/Casa-de-Neruda-en-Valparaiso-Blog-de-Viajes.jpg","width":1000,"height":435,"caption":"Casa de Neruda Valparaiso La Sebastiana"},{"@type":"WebPage","@id":"https:\/\/seecolombia.travel\/blog\/2013\/09\/cronicas-de-chile-neruda-lukas-y-dos-museos-imperdibles-en-valparaiso\/#webpage","url":"https:\/\/seecolombia.travel\/blog\/2013\/09\/cronicas-de-chile-neruda-lukas-y-dos-museos-imperdibles-en-valparaiso\/","name":"Cronicas de Chile: Neruda, Lukas y dos museos imperdibles en Valparaiso - Colombia Travel Blog by See Colombia Travel","isPartOf":{"@id":"https:\/\/seecolombia.travel\/blog\/#website"},"primaryImageOfPage":{"@id":"https:\/\/seecolombia.travel\/blog\/2013\/09\/cronicas-de-chile-neruda-lukas-y-dos-museos-imperdibles-en-valparaiso\/#primaryimage"},"datePublished":"2013-09-04T17:34:45+00:00","dateModified":"2016-05-12T19:38:49+00:00","author":{"@id":"https:\/\/seecolombia.travel\/blog\/#\/schema\/person\/d83df03ea54d1f0911d7098ebe26db49"},"breadcrumb":{"@id":"https:\/\/seecolombia.travel\/blog\/2013\/09\/cronicas-de-chile-neruda-lukas-y-dos-museos-imperdibles-en-valparaiso\/#breadcrumb"},"inLanguage":"en-US","potentialAction":[{"@type":"ReadAction","target":["https:\/\/seecolombia.travel\/blog\/2013\/09\/cronicas-de-chile-neruda-lukas-y-dos-museos-imperdibles-en-valparaiso\/"]}]},{"@type":"BreadcrumbList","@id":"https:\/\/seecolombia.travel\/blog\/2013\/09\/cronicas-de-chile-neruda-lukas-y-dos-museos-imperdibles-en-valparaiso\/#breadcrumb","itemListElement":[{"@type":"ListItem","position":1,"name":"Home","item":"https:\/\/seecolombia.travel\/blog\/"},{"@type":"ListItem","position":2,"name":"Cronicas de Chile: Neruda, Lukas y dos museos imperdibles en Valparaiso"}]},{"@type":"Person","@id":"https:\/\/seecolombia.travel\/blog\/#\/schema\/person\/d83df03ea54d1f0911d7098ebe26db49","name":"JL","image":{"@type":"ImageObject","inLanguage":"en-US","@id":"https:\/\/seecolombia.travel\/blog\/#\/schema\/person\/image\/","url":"https:\/\/secure.gravatar.com\/avatar\/68a3ba6dc377250ef6eb8cd56865210e?s=96&d=retro&r=g","contentUrl":"https:\/\/secure.gravatar.com\/avatar\/68a3ba6dc377250ef6eb8cd56865210e?s=96&d=retro&r=g","caption":"JL"},"description":"Ciudadano del mundo, nuestro Gerente de Marketing y comunicaciones se define como viajero, pap\u00e1, esposo y empresario. Es co-creador de Colombia Travel Blog junto a su esposa Marcela y creador de Fogg, la agencia de contenidos que produce el popular programa 3 Travel Bloggers. ----------- Our Marketing and Communications Manager, a self proclaimed citizen of the world, was born in Peru and raised in a number of different countries \u2013 including Angola, Thailand and Iceland \u2013 which instilled a deep love of travel and cultural diversity within him. With an extensive education in Marketing and Communications and after leaving a successful corporate career in the Telecom Industry, JL is now advocated to professionalize travel blogging in Latin America.","sameAs":["http:\/\/www.seecolombia.travel"],"url":"https:\/\/seecolombia.travel\/blog\/author\/jl\/"}]}},"amp_enabled":true,"_links":{"self":[{"href":"https:\/\/seecolombia.travel\/blog\/wp-json\/wp\/v2\/posts\/10106"}],"collection":[{"href":"https:\/\/seecolombia.travel\/blog\/wp-json\/wp\/v2\/posts"}],"about":[{"href":"https:\/\/seecolombia.travel\/blog\/wp-json\/wp\/v2\/types\/post"}],"author":[{"embeddable":true,"href":"https:\/\/seecolombia.travel\/blog\/wp-json\/wp\/v2\/users\/3"}],"replies":[{"embeddable":true,"href":"https:\/\/seecolombia.travel\/blog\/wp-json\/wp\/v2\/comments?post=10106"}],"version-history":[{"count":23,"href":"https:\/\/seecolombia.travel\/blog\/wp-json\/wp\/v2\/posts\/10106\/revisions"}],"predecessor-version":[{"id":22672,"href":"https:\/\/seecolombia.travel\/blog\/wp-json\/wp\/v2\/posts\/10106\/revisions\/22672"}],"wp:featuredmedia":[{"embeddable":true,"href":"https:\/\/seecolombia.travel\/blog\/wp-json\/wp\/v2\/media\/10111"}],"wp:attachment":[{"href":"https:\/\/seecolombia.travel\/blog\/wp-json\/wp\/v2\/media?parent=10106"}],"wp:term":[{"taxonomy":"category","embeddable":true,"href":"https:\/\/seecolombia.travel\/blog\/wp-json\/wp\/v2\/categories?post=10106"},{"taxonomy":"post_tag","embeddable":true,"href":"https:\/\/seecolombia.travel\/blog\/wp-json\/wp\/v2\/tags?post=10106"}],"curies":[{"name":"wp","href":"https:\/\/api.w.org\/{rel}","templated":true}]}}