{"id":10034,"date":"2013-08-29T19:24:48","date_gmt":"2013-08-30T00:24:48","guid":{"rendered":"http:\/\/seecolombia.travel\/blog\/?p=10034"},"modified":"2016-05-12T14:58:33","modified_gmt":"2016-05-12T19:58:33","slug":"cronicas-de-chile-santiago-clasico-y-vanguardista","status":"publish","type":"post","link":"https:\/\/seecolombia.travel\/blog\/2013\/08\/cronicas-de-chile-santiago-clasico-y-vanguardista\/","title":{"rendered":"Cronicas de Chile: Santiago, Cl\u00e1sico y Vanguardista"},"content":{"rendered":"<p>Los siete grados con los que me recibe Santiago en esta ma\u00f1ana de invierno me transportan de inmediato a la \u00e9poca en que viv\u00eda ac\u00e1 cuando era estudiante y ven\u00eda al aeropuerto \u00a0de madrugada \u00a0a tomar vuelos de \u00faltimo minuto en oferta. \u00a0Pero aunque somos los mismos,<strong> Santiago de Chile y yo hemos cambiado<\/strong>, hemos crecido\u00a0 y de alguna manera nos hemos sofisticado.<\/p>\n<figure id=\"attachment_10052\" aria-describedby=\"caption-attachment-10052\" style=\"width: 353px\" class=\"wp-caption alignleft\"><a href=\"http:\/\/seecolombia.travel\/blog\/2013\/08\/cronicas-de-chile-santiago-clasico-y-vanguardista\/edificio-mas-alto-de-sudamerica-chile\/\" rel=\"attachment wp-att-10052\"><img loading=\"lazy\" class=\" wp-image-10052 \" src=\"http:\/\/seecolombia.travel\/blog\/wp-content\/uploads\/2013\/09\/Edificio-mas-alto-de-sudamerica-Chile.jpg\" alt=\"Edificio mas alto de sudamerica\" width=\"353\" height=\"696\" srcset=\"https:\/\/seecolombia.travel\/blog\/wp-content\/uploads\/2013\/09\/Edificio-mas-alto-de-sudamerica-Chile.jpg 589w, https:\/\/seecolombia.travel\/blog\/wp-content\/uploads\/2013\/09\/Edificio-mas-alto-de-sudamerica-Chile-152x300.jpg 152w, https:\/\/seecolombia.travel\/blog\/wp-content\/uploads\/2013\/09\/Edificio-mas-alto-de-sudamerica-Chile-519x1024.jpg 519w\" sizes=\"(max-width: 353px) 100vw, 353px\" \/><\/a><figcaption id=\"caption-attachment-10052\" class=\"wp-caption-text\">Costanera Center, el edificio mas alto de Sudam\u00e9rica en Santiago de Chile<\/figcaption><\/figure>\n<p>De camino al hotel mi gu\u00eda V\u00edctor me pone al corriente sobre las cosas que durante los siguientes d\u00edas yo mismo voy a comprobar. \u00a0La capital de Chile <strong>no solamente no ha parado de progresar en infraestructura<\/strong> \u00a0incorporando una l\u00ednea m\u00e1s a su moderno metro -elegido como el mejor de Am\u00e9rica \u00a0y que cuenta con algunas estaciones que son verdaderas obras de arte- construyendo<strong> el rascacielos m\u00e1s alto de Sudam\u00e9rica<\/strong> en el barrio de Providencia, renovando a niveles del primer mundo su parque automotor o reorganizando el transporte p\u00fablico mediante el<strong> Transantiago<\/strong>, el controvertido<strong> s\u00edmil de nuestro bogotano Transmilenio<\/strong>, sino que poco a poco se nota como los santiaguinos \u00a0van tomando \u00a0posesi\u00f3n de su ciudad y haci\u00e9ndola suya. En el corto trayecto hacia mi hotel, el estupendo <i>Su Merced<\/i> <strong>ubicado en el barrio Lastarria <\/strong>justo frente al tradicional Parque Forestal,\u00a0 probablemente \u00a0veo <strong>m\u00e1s librer\u00edas, galer\u00edas de arte, \u00a0restaurantes \u00e9tnicos y gente moviliz\u00e1ndose en bicicleta <\/strong>de las que vi en mis seis a\u00f1os viviendo aqu\u00ed.<\/p>\n<p>Luego de instalarme en mi habitaci\u00f3n y dejar algunas cosas listas para documentar el viaje &#8211; recuerden siempre que es necesario<strong> llevar adaptadores de enchufes al viajar a Chile<\/strong>&#8211; nos dirigimos hacia el oriente a la exclusiva comuna \u00a0(barrio) de Vitacura,\u00a0 una de las m\u00e1s progresistas \u2013 y acaudaladas &#8211; del pa\u00eds. Es ah\u00ed donde se construy\u00f3 entre 2007 y 2011 el monumental <strong>Parque Bicentenario,<\/strong> un complejo de <strong>30 hect\u00e1reas<\/strong> con alrededor de 4000 \u00e1rboles, una laguna artificial, restaurantes y \u00e1reas de juego para ni\u00f1os y que es en la pr\u00e1ctica\u00a0 uno de los m\u00e1s grandes y muy necesarios pulmones de la ciudad. El parque recibe a unos<strong> 24.000 visitantes al mes <\/strong>que disfrutan \u00a0al aire libre de las actividades culturales, deportivas y recreativas que se generan en este espacio.<\/p>\n<figure id=\"attachment_10055\" aria-describedby=\"caption-attachment-10055\" style=\"width: 1000px\" class=\"wp-caption aligncenter\"><a href=\"http:\/\/seecolombia.travel\/blog\/2013\/08\/cronicas-de-chile-santiago-clasico-y-vanguardista\/santiago-de-chile-parque-bicentenario-vitacura\/\" rel=\"attachment wp-att-10055\"><img loading=\"lazy\" class=\"size-full wp-image-10055\" src=\"http:\/\/seecolombia.travel\/blog\/wp-content\/uploads\/2013\/09\/Santiago-de-Chile-Parque-Bicentenario-Vitacura.jpg\" alt=\"Parque Bicentenario Vitacura - Santigo de Chile\" width=\"1000\" height=\"563\" srcset=\"https:\/\/seecolombia.travel\/blog\/wp-content\/uploads\/2013\/09\/Santiago-de-Chile-Parque-Bicentenario-Vitacura.jpg 1000w, https:\/\/seecolombia.travel\/blog\/wp-content\/uploads\/2013\/09\/Santiago-de-Chile-Parque-Bicentenario-Vitacura-300x168.jpg 300w\" sizes=\"(max-width: 1000px) 100vw, 1000px\" \/><\/a><figcaption id=\"caption-attachment-10055\" class=\"wp-caption-text\">Vista del Parque Bicentenario en Vitacura, Santiago de Chile<\/figcaption><\/figure>\n<p>&nbsp;<\/p>\n<p>No lejos de ah\u00ed tengo mi primer y delicioso encuentro con la nueva cocina chilena en el restaurant <strong>Casa Mar<\/strong> del chef Tomas Olivera, uno de los pioneros en <strong>sofisticar la comida t\u00edpica casera <\/strong>de su pa\u00eds para convertirla en una verdadera experiencia gourmet.<\/p>\n<p>El resto de la tarde m\u00ed reencuentro es con el <strong>Santiago m\u00e1s cl\u00e1sico<\/strong>, el del centro de la ciudad y sus alrededores.<\/p>\n<p>Empezamos el recorrido en la <strong>Plaza la Ciudadan\u00eda<\/strong> frente al Palacio de la Moneda, la casa de gobierno. Remodelada en 2006 , la plaza es la pieza central del <strong>Centro Cultural Palacio de la Moneda <\/strong>un gran complejo subterr\u00e1neo \u00a0que cuenta adem\u00e1s con\u00a0 dos espejos de agua, dos l\u00edneas de fuentes y en el \u00f3valo central, el m\u00e1stil que porta la <i>Bandera Bicentenario<\/i>, <strong>una bandera chilena de 27 x 18 metros<\/strong>.\u00a0 \u201cEl tama\u00f1o de una cancha de tenis\u201d me comenta V\u00edctor orgulloso.\u00a0 Este cambio en el\u00a0 paisaje urbano de Santiago de Chile es particularmente importante porque simboliza la larga transici\u00f3n que ha tenido que pasar el pa\u00eds\u00a0 en su historia moderna. La Moneda, antes un <strong>edificio cargado de connotaciones autoritarias,<\/strong> es ahora un <strong>espacio cultural abierto a toda la ciudadan\u00eda<\/strong>. Incluso las marcas de balas producto del golpe de estado de 1973, que hasta hace unos a\u00f1os a\u00fan se pod\u00edan ver en las fachadas de los edificios que rodean la plaza, han sido paulatinamente borradas.<\/p>\n<figure id=\"attachment_10058\" aria-describedby=\"caption-attachment-10058\" style=\"width: 1000px\" class=\"wp-caption aligncenter\"><a href=\"http:\/\/seecolombia.travel\/blog\/2013\/08\/cronicas-de-chile-santiago-clasico-y-vanguardista\/sony-dsc-33\/\" rel=\"attachment wp-att-10058\"><img loading=\"lazy\" class=\"size-full wp-image-10058\" src=\"http:\/\/seecolombia.travel\/blog\/wp-content\/uploads\/2013\/09\/Santiago-de-Chile-Plaza-de-la-Ciudadania.jpg\" alt=\"Plaza de la ciudadan\u00eda Santiago de Chile\" width=\"1000\" height=\"664\" srcset=\"https:\/\/seecolombia.travel\/blog\/wp-content\/uploads\/2013\/09\/Santiago-de-Chile-Plaza-de-la-Ciudadania.jpg 1000w, https:\/\/seecolombia.travel\/blog\/wp-content\/uploads\/2013\/09\/Santiago-de-Chile-Plaza-de-la-Ciudadania-300x199.jpg 300w\" sizes=\"(max-width: 1000px) 100vw, 1000px\" \/><\/a><figcaption id=\"caption-attachment-10058\" class=\"wp-caption-text\">La enorme bandera Chilena que flamea al centro de la Plaza de la Ciudadan\u00eda<\/figcaption><\/figure>\n<p>&nbsp;<\/p>\n<p>El mismo aire de cambios se respira en la cercana <strong>Plaza de Armas<\/strong> donde <strong>inmigrantes<\/strong> peruanos, ecuatorianos, colombianos y hasta africanos han establecido sus negocios y sitios de reuni\u00f3n creando un ambiente multicultural que desde hace alg\u00fan tiempo va influyendo y mezcl\u00e1ndose\u00a0 en la sociedad santiaguina que empieza as\u00ed poco a poco a convertirse en <strong>una ciudad verdaderamente cosmopolita<\/strong><b>. <\/b><\/p>\n<p>Mi primer d\u00eda en Santiago ya est\u00e1 terminando y antes de que caiga el sol decidimos contemplar la ciudad desde <b>el <\/b><strong>cerro San Crist\u00f3bal<\/strong>, el icono natural de Santiago. Subimos hasta la cima, al pie de la virgen de 14 metros que fue transportada hasta ah\u00ed a lomo de mula en 1908- y desde donde disfrutamos el atardecer mirando<strong> toda la ciudad rodeada por la imponente Cordillera <\/strong>de los Andes.<\/p>\n<figure id=\"attachment_10062\" aria-describedby=\"caption-attachment-10062\" style=\"width: 250px\" class=\"wp-caption alignleft\"><a href=\"http:\/\/seecolombia.travel\/blog\/2013\/08\/cronicas-de-chile-santiago-clasico-y-vanguardista\/bar-liguria-santiago-de-chile\/\" rel=\"attachment wp-att-10062\"><img loading=\"lazy\" class=\"size-full wp-image-10062\" src=\"http:\/\/seecolombia.travel\/blog\/wp-content\/uploads\/2013\/09\/Bar-Liguria-Santiago-de-Chile.jpg\" alt=\"Bar Liguria , Santiago de Chile\" width=\"250\" height=\"228\" \/><\/a><figcaption id=\"caption-attachment-10062\" class=\"wp-caption-text\">Comedor principal del Bar Liguria en Providencia.<\/figcaption><\/figure>\n<p>&nbsp;<\/p>\n<p>Pido acabar el d\u00eda yendo al <b>Liguria <\/b>de la Avenida Manuel Montt, un<strong> bar infaltable en el circuito santiaguino<\/strong> y en mi vida de universitario. Antes un bar de sillas de pl\u00e1stico, no me sorprende ver c\u00f3mo ha crecido no solo en tama\u00f1o sino <b>en la <\/b><strong>variedad y\u00a0 sofisticaci\u00f3n de su carta<\/strong>, eso sin mencionar que esta noche un tr\u00edo de viejos acordeoneros nos interpretan tango en vivo. Mientras me como una t\u00edpica \u2013 y deliciosa- <strong>paila de congrio al ajillo<\/strong> me alegro de comprobar que aunque Santiago y yo hayamos cambiado tanto, nos seguimos llevando tan bien como siempre.<\/p>\n<p>&nbsp;<\/p>\n<p>JL<\/p>\n","protected":false},"excerpt":{"rendered":"<p>Los siete grados con los que me recibe Santiago en esta ma\u00f1ana de invierno me transportan de inmediato a la \u00e9poca en que viv\u00eda ac\u00e1 cuando era estudiante y ven\u00eda al aeropuerto \u00a0de madrugada \u00a0a tomar vuelos de \u00faltimo minuto en oferta. \u00a0Pero aunque somos los mismos, Santiago de Chile y yo hemos cambiado, hemos [&hellip;]<\/p>\n","protected":false},"author":3,"featured_media":10050,"comment_status":"open","ping_status":"open","sticky":false,"template":"","format":"standard","meta":{"ngg_post_thumbnail":0},"categories":[1851,1860,1852,865,1861],"tags":[2955,1605,2952,2951],"yoast_head":"<!-- This site is optimized with the Yoast SEO Premium plugin v18.4 (Yoast SEO v18.9) - https:\/\/yoast.com\/wordpress\/plugins\/seo\/ -->\n<title>Cronicas de Chile: Santiago, Cl\u00e1sico y Vanguardista - Colombia Travel Blog by See Colombia Travel<\/title>\n<meta name=\"robots\" content=\"index, follow, max-snippet:-1, max-image-preview:large, max-video-preview:-1\" \/>\n<link rel=\"canonical\" href=\"https:\/\/seecolombia.travel\/blog\/2013\/08\/cronicas-de-chile-santiago-clasico-y-vanguardista\/\" \/>\n<meta property=\"og:locale\" content=\"en_US\" \/>\n<meta property=\"og:type\" content=\"article\" \/>\n<meta property=\"og:title\" content=\"Cronicas de Chile: Santiago, Cl\u00e1sico y Vanguardista\" \/>\n<meta property=\"og:description\" content=\"Los siete grados con los que me recibe Santiago en esta ma\u00f1ana de invierno me transportan de inmediato a la \u00e9poca en que viv\u00eda ac\u00e1 cuando era estudiante y ven\u00eda al aeropuerto \u00a0de madrugada \u00a0a tomar vuelos de \u00faltimo minuto en oferta. \u00a0Pero aunque somos los mismos, Santiago de Chile y yo hemos cambiado, hemos [&hellip;]\" \/>\n<meta property=\"og:url\" content=\"https:\/\/seecolombia.travel\/blog\/2013\/08\/cronicas-de-chile-santiago-clasico-y-vanguardista\/\" \/>\n<meta property=\"og:site_name\" content=\"Colombia Travel Blog by See Colombia Travel\" \/>\n<meta property=\"article:published_time\" content=\"2013-08-30T00:24:48+00:00\" \/>\n<meta property=\"article:modified_time\" content=\"2016-05-12T19:58:33+00:00\" \/>\n<meta property=\"og:image\" content=\"https:\/\/seecolombia.travel\/blog\/wp-content\/uploads\/2013\/09\/Santiago-de-Chile-Blog-de-Viajes.jpg\" \/>\n\t<meta property=\"og:image:width\" content=\"1000\" \/>\n\t<meta property=\"og:image:height\" content=\"604\" \/>\n\t<meta property=\"og:image:type\" content=\"image\/jpeg\" \/>\n<meta name=\"twitter:card\" content=\"summary\" \/>\n<meta name=\"twitter:label1\" content=\"Written by\" \/>\n\t<meta name=\"twitter:data1\" content=\"JL\" \/>\n\t<meta name=\"twitter:label2\" content=\"Est. reading time\" \/>\n\t<meta name=\"twitter:data2\" content=\"5 minutes\" \/>\n<script type=\"application\/ld+json\" class=\"yoast-schema-graph\">{\"@context\":\"https:\/\/schema.org\",\"@graph\":[{\"@type\":\"WebSite\",\"@id\":\"https:\/\/seecolombia.travel\/blog\/#website\",\"url\":\"https:\/\/seecolombia.travel\/blog\/\",\"name\":\"Colombia Travel Blog by See Colombia Travel\",\"description\":\"Colombia Travel Blog: An international perspective on travelling in Colombia by world travellers.\",\"potentialAction\":[{\"@type\":\"SearchAction\",\"target\":{\"@type\":\"EntryPoint\",\"urlTemplate\":\"https:\/\/seecolombia.travel\/blog\/?s={search_term_string}\"},\"query-input\":\"required name=search_term_string\"}],\"inLanguage\":\"en-US\"},{\"@type\":\"ImageObject\",\"inLanguage\":\"en-US\",\"@id\":\"https:\/\/seecolombia.travel\/blog\/2013\/08\/cronicas-de-chile-santiago-clasico-y-vanguardista\/#primaryimage\",\"url\":\"https:\/\/seecolombia.travel\/blog\/wp-content\/uploads\/2013\/09\/Santiago-de-Chile-Blog-de-Viajes.jpg\",\"contentUrl\":\"https:\/\/seecolombia.travel\/blog\/wp-content\/uploads\/2013\/09\/Santiago-de-Chile-Blog-de-Viajes.jpg\",\"width\":1000,\"height\":604,\"caption\":\"Blog de Viajes Santiago de Chile\"},{\"@type\":\"WebPage\",\"@id\":\"https:\/\/seecolombia.travel\/blog\/2013\/08\/cronicas-de-chile-santiago-clasico-y-vanguardista\/#webpage\",\"url\":\"https:\/\/seecolombia.travel\/blog\/2013\/08\/cronicas-de-chile-santiago-clasico-y-vanguardista\/\",\"name\":\"Cronicas de Chile: Santiago, Cl\u00e1sico y Vanguardista - Colombia Travel Blog by See Colombia Travel\",\"isPartOf\":{\"@id\":\"https:\/\/seecolombia.travel\/blog\/#website\"},\"primaryImageOfPage\":{\"@id\":\"https:\/\/seecolombia.travel\/blog\/2013\/08\/cronicas-de-chile-santiago-clasico-y-vanguardista\/#primaryimage\"},\"datePublished\":\"2013-08-30T00:24:48+00:00\",\"dateModified\":\"2016-05-12T19:58:33+00:00\",\"author\":{\"@id\":\"https:\/\/seecolombia.travel\/blog\/#\/schema\/person\/d83df03ea54d1f0911d7098ebe26db49\"},\"breadcrumb\":{\"@id\":\"https:\/\/seecolombia.travel\/blog\/2013\/08\/cronicas-de-chile-santiago-clasico-y-vanguardista\/#breadcrumb\"},\"inLanguage\":\"en-US\",\"potentialAction\":[{\"@type\":\"ReadAction\",\"target\":[\"https:\/\/seecolombia.travel\/blog\/2013\/08\/cronicas-de-chile-santiago-clasico-y-vanguardista\/\"]}]},{\"@type\":\"BreadcrumbList\",\"@id\":\"https:\/\/seecolombia.travel\/blog\/2013\/08\/cronicas-de-chile-santiago-clasico-y-vanguardista\/#breadcrumb\",\"itemListElement\":[{\"@type\":\"ListItem\",\"position\":1,\"name\":\"Home\",\"item\":\"https:\/\/seecolombia.travel\/blog\/\"},{\"@type\":\"ListItem\",\"position\":2,\"name\":\"Cronicas de Chile: Santiago, Cl\u00e1sico y Vanguardista\"}]},{\"@type\":\"Person\",\"@id\":\"https:\/\/seecolombia.travel\/blog\/#\/schema\/person\/d83df03ea54d1f0911d7098ebe26db49\",\"name\":\"JL\",\"image\":{\"@type\":\"ImageObject\",\"inLanguage\":\"en-US\",\"@id\":\"https:\/\/seecolombia.travel\/blog\/#\/schema\/person\/image\/\",\"url\":\"https:\/\/secure.gravatar.com\/avatar\/68a3ba6dc377250ef6eb8cd56865210e?s=96&d=retro&r=g\",\"contentUrl\":\"https:\/\/secure.gravatar.com\/avatar\/68a3ba6dc377250ef6eb8cd56865210e?s=96&d=retro&r=g\",\"caption\":\"JL\"},\"description\":\"Ciudadano del mundo, nuestro Gerente de Marketing y comunicaciones se define como viajero, pap\u00e1, esposo y empresario. Es co-creador de Colombia Travel Blog junto a su esposa Marcela y creador de Fogg, la agencia de contenidos que produce el popular programa 3 Travel Bloggers. ----------- Our Marketing and Communications Manager, a self proclaimed citizen of the world, was born in Peru and raised in a number of different countries \u2013 including Angola, Thailand and Iceland \u2013 which instilled a deep love of travel and cultural diversity within him. With an extensive education in Marketing and Communications and after leaving a successful corporate career in the Telecom Industry, JL is now advocated to professionalize travel blogging in Latin America.\",\"sameAs\":[\"http:\/\/www.seecolombia.travel\"],\"url\":\"https:\/\/seecolombia.travel\/blog\/author\/jl\/\"}]}<\/script>\n<!-- \/ Yoast SEO Premium plugin. -->","yoast_head_json":{"title":"Cronicas de Chile: Santiago, Cl\u00e1sico y Vanguardista - Colombia Travel Blog by See Colombia Travel","robots":{"index":"index","follow":"follow","max-snippet":"max-snippet:-1","max-image-preview":"max-image-preview:large","max-video-preview":"max-video-preview:-1"},"canonical":"https:\/\/seecolombia.travel\/blog\/2013\/08\/cronicas-de-chile-santiago-clasico-y-vanguardista\/","og_locale":"en_US","og_type":"article","og_title":"Cronicas de Chile: Santiago, Cl\u00e1sico y Vanguardista","og_description":"Los siete grados con los que me recibe Santiago en esta ma\u00f1ana de invierno me transportan de inmediato a la \u00e9poca en que viv\u00eda ac\u00e1 cuando era estudiante y ven\u00eda al aeropuerto \u00a0de madrugada \u00a0a tomar vuelos de \u00faltimo minuto en oferta. \u00a0Pero aunque somos los mismos, Santiago de Chile y yo hemos cambiado, hemos [&hellip;]","og_url":"https:\/\/seecolombia.travel\/blog\/2013\/08\/cronicas-de-chile-santiago-clasico-y-vanguardista\/","og_site_name":"Colombia Travel Blog by See Colombia Travel","article_published_time":"2013-08-30T00:24:48+00:00","article_modified_time":"2016-05-12T19:58:33+00:00","og_image":[{"width":1000,"height":604,"url":"https:\/\/seecolombia.travel\/blog\/wp-content\/uploads\/2013\/09\/Santiago-de-Chile-Blog-de-Viajes.jpg","type":"image\/jpeg"}],"twitter_card":"summary","twitter_misc":{"Written by":"JL","Est. reading time":"5 minutes"},"schema":{"@context":"https:\/\/schema.org","@graph":[{"@type":"WebSite","@id":"https:\/\/seecolombia.travel\/blog\/#website","url":"https:\/\/seecolombia.travel\/blog\/","name":"Colombia Travel Blog by See Colombia Travel","description":"Colombia Travel Blog: An international perspective on travelling in Colombia by world travellers.","potentialAction":[{"@type":"SearchAction","target":{"@type":"EntryPoint","urlTemplate":"https:\/\/seecolombia.travel\/blog\/?s={search_term_string}"},"query-input":"required name=search_term_string"}],"inLanguage":"en-US"},{"@type":"ImageObject","inLanguage":"en-US","@id":"https:\/\/seecolombia.travel\/blog\/2013\/08\/cronicas-de-chile-santiago-clasico-y-vanguardista\/#primaryimage","url":"https:\/\/seecolombia.travel\/blog\/wp-content\/uploads\/2013\/09\/Santiago-de-Chile-Blog-de-Viajes.jpg","contentUrl":"https:\/\/seecolombia.travel\/blog\/wp-content\/uploads\/2013\/09\/Santiago-de-Chile-Blog-de-Viajes.jpg","width":1000,"height":604,"caption":"Blog de Viajes Santiago de Chile"},{"@type":"WebPage","@id":"https:\/\/seecolombia.travel\/blog\/2013\/08\/cronicas-de-chile-santiago-clasico-y-vanguardista\/#webpage","url":"https:\/\/seecolombia.travel\/blog\/2013\/08\/cronicas-de-chile-santiago-clasico-y-vanguardista\/","name":"Cronicas de Chile: Santiago, Cl\u00e1sico y Vanguardista - Colombia Travel Blog by See Colombia Travel","isPartOf":{"@id":"https:\/\/seecolombia.travel\/blog\/#website"},"primaryImageOfPage":{"@id":"https:\/\/seecolombia.travel\/blog\/2013\/08\/cronicas-de-chile-santiago-clasico-y-vanguardista\/#primaryimage"},"datePublished":"2013-08-30T00:24:48+00:00","dateModified":"2016-05-12T19:58:33+00:00","author":{"@id":"https:\/\/seecolombia.travel\/blog\/#\/schema\/person\/d83df03ea54d1f0911d7098ebe26db49"},"breadcrumb":{"@id":"https:\/\/seecolombia.travel\/blog\/2013\/08\/cronicas-de-chile-santiago-clasico-y-vanguardista\/#breadcrumb"},"inLanguage":"en-US","potentialAction":[{"@type":"ReadAction","target":["https:\/\/seecolombia.travel\/blog\/2013\/08\/cronicas-de-chile-santiago-clasico-y-vanguardista\/"]}]},{"@type":"BreadcrumbList","@id":"https:\/\/seecolombia.travel\/blog\/2013\/08\/cronicas-de-chile-santiago-clasico-y-vanguardista\/#breadcrumb","itemListElement":[{"@type":"ListItem","position":1,"name":"Home","item":"https:\/\/seecolombia.travel\/blog\/"},{"@type":"ListItem","position":2,"name":"Cronicas de Chile: Santiago, Cl\u00e1sico y Vanguardista"}]},{"@type":"Person","@id":"https:\/\/seecolombia.travel\/blog\/#\/schema\/person\/d83df03ea54d1f0911d7098ebe26db49","name":"JL","image":{"@type":"ImageObject","inLanguage":"en-US","@id":"https:\/\/seecolombia.travel\/blog\/#\/schema\/person\/image\/","url":"https:\/\/secure.gravatar.com\/avatar\/68a3ba6dc377250ef6eb8cd56865210e?s=96&d=retro&r=g","contentUrl":"https:\/\/secure.gravatar.com\/avatar\/68a3ba6dc377250ef6eb8cd56865210e?s=96&d=retro&r=g","caption":"JL"},"description":"Ciudadano del mundo, nuestro Gerente de Marketing y comunicaciones se define como viajero, pap\u00e1, esposo y empresario. Es co-creador de Colombia Travel Blog junto a su esposa Marcela y creador de Fogg, la agencia de contenidos que produce el popular programa 3 Travel Bloggers. ----------- Our Marketing and Communications Manager, a self proclaimed citizen of the world, was born in Peru and raised in a number of different countries \u2013 including Angola, Thailand and Iceland \u2013 which instilled a deep love of travel and cultural diversity within him. With an extensive education in Marketing and Communications and after leaving a successful corporate career in the Telecom Industry, JL is now advocated to professionalize travel blogging in Latin America.","sameAs":["http:\/\/www.seecolombia.travel"],"url":"https:\/\/seecolombia.travel\/blog\/author\/jl\/"}]}},"amp_enabled":true,"_links":{"self":[{"href":"https:\/\/seecolombia.travel\/blog\/wp-json\/wp\/v2\/posts\/10034"}],"collection":[{"href":"https:\/\/seecolombia.travel\/blog\/wp-json\/wp\/v2\/posts"}],"about":[{"href":"https:\/\/seecolombia.travel\/blog\/wp-json\/wp\/v2\/types\/post"}],"author":[{"embeddable":true,"href":"https:\/\/seecolombia.travel\/blog\/wp-json\/wp\/v2\/users\/3"}],"replies":[{"embeddable":true,"href":"https:\/\/seecolombia.travel\/blog\/wp-json\/wp\/v2\/comments?post=10034"}],"version-history":[{"count":25,"href":"https:\/\/seecolombia.travel\/blog\/wp-json\/wp\/v2\/posts\/10034\/revisions"}],"predecessor-version":[{"id":22680,"href":"https:\/\/seecolombia.travel\/blog\/wp-json\/wp\/v2\/posts\/10034\/revisions\/22680"}],"wp:featuredmedia":[{"embeddable":true,"href":"https:\/\/seecolombia.travel\/blog\/wp-json\/wp\/v2\/media\/10050"}],"wp:attachment":[{"href":"https:\/\/seecolombia.travel\/blog\/wp-json\/wp\/v2\/media?parent=10034"}],"wp:term":[{"taxonomy":"category","embeddable":true,"href":"https:\/\/seecolombia.travel\/blog\/wp-json\/wp\/v2\/categories?post=10034"},{"taxonomy":"post_tag","embeddable":true,"href":"https:\/\/seecolombia.travel\/blog\/wp-json\/wp\/v2\/tags?post=10034"}],"curies":[{"name":"wp","href":"https:\/\/api.w.org\/{rel}","templated":true}]}}